{"id":45931,"date":"2024-12-10T14:41:33","date_gmt":"2024-12-10T13:41:33","guid":{"rendered":"https:\/\/www.snowtrex.de\/magazin\/?p=45931"},"modified":"2026-01-13T11:38:22","modified_gmt":"2026-01-13T10:38:22","slug":"slavne-hory-alpy","status":"publish","type":"post","link":"https:\/\/www.snowtrex.cz\/magazin\/top-10\/slavne-hory-alpy\/","title":{"rendered":"15 zn\u00e1m\u00fdch hor v Alp\u00e1ch"},"content":{"rendered":"<p><strong>Ka\u017ed\u00fd, kdo se v zim\u011b vyd\u00e1v\u00e1 do Alp, aby na ly\u017e\u00edch nebo snowboardu sj\u00ed\u017ed\u011bl oblouky na sn\u011bhu, chce samoz\u0159ejm\u011b jezdit na perfektn\u011b upraven\u00fdch sjezdovk\u00e1ch v prvot\u0159\u00eddn\u00edch ly\u017ea\u0159sk\u00fdch st\u0159edisc\u00edch. A pokud pak v\u00fdhled ze sjezdovek m\u00ed\u0159\u00ed a\u017e k \u00fachvatn\u00fdm vrcholk\u016fm, srdce zimn\u00edho sportovce zaples\u00e1. Kde se v\u0161ak nach\u00e1zej\u00ed nejvy\u0161\u0161\u00ed a nejzn\u00e1m\u011bj\u0161\u00ed hory v Alp\u00e1ch? <a href=\"https:\/\/www.snowtrex.cz\/\" target=\"_blank\" rel=\"noopener\">SnowTrex<\/a> vysv\u011btluje a ukazuje, kde si ly\u017ea\u0159i mohou nejl\u00e9pe vychutnat pohled na Matterhorn, Mont Blanc a spol.<\/strong><\/p>\n<div class=\"tt-post-image-wrapper tt-post-image-wrapper-full\">\n            <div class=\"tt-image-copyright-container\">\n                <a href=\"https:\/\/www.snowtrex.cz\/magazin\/files\/2024\/04\/RS27130_shutterstock_2103170435-hsc.jpg\" target=\"_blank\" rel=\"noopener\"><img loading=\"lazy\" decoding=\"async\" data-wrapped=\"true\" class=\"wp-image-52756 size-Artikelbild_gro\u00df\" title=\"Pravd\u011bpodobn\u011b nejzn\u00e1m\u011bj\u0161\u00ed horou \u0160v\u00fdcarska je Matterhorn (4 478 m). Milovn\u00edci zimn\u00edch sport\u016f a dal\u0161\u00ed n\u00e1v\u0161t\u011bvn\u00edci maj\u00ed na tento pozoruhodn\u00fd vrchol dokonal\u00fd v\u00fdhled z hory Gornergrat\" src=\"https:\/\/www.snowtrex.cz\/magazin\/files\/2024\/04\/RS27130_shutterstock_2103170435-hsc-729x486.jpg\" alt=\"Pravd\u011bpodobn\u011b nejzn\u00e1m\u011bj\u0161\u00ed horou \u0160v\u00fdcarska je Matterhorn (4 478 m). Milovn\u00edci zimn\u00edch sport\u016f a dal\u0161\u00ed n\u00e1v\u0161t\u011bvn\u00edci maj\u00ed na tento pozoruhodn\u00fd vrchol dokonal\u00fd v\u00fdhled z hory Gornergrat\" width=\"729\" height=\"486\" srcset=\"https:\/\/www.snowtrex.cz\/magazin\/files\/2024\/04\/RS27130_shutterstock_2103170435-hsc-729x486.jpg 729w, https:\/\/www.snowtrex.cz\/magazin\/files\/2024\/04\/RS27130_shutterstock_2103170435-hsc-468x312.jpg 468w, https:\/\/www.snowtrex.cz\/magazin\/files\/2024\/04\/RS27130_shutterstock_2103170435-hsc-300x200.jpg 300w, https:\/\/www.snowtrex.cz\/magazin\/files\/2024\/04\/RS27130_shutterstock_2103170435-hsc-999x666.jpg 999w, https:\/\/www.snowtrex.cz\/magazin\/files\/2024\/04\/RS27130_shutterstock_2103170435-hsc-645x430.jpg 645w, https:\/\/www.snowtrex.cz\/magazin\/files\/2024\/04\/RS27130_shutterstock_2103170435-hsc-552x368.jpg 552w, https:\/\/www.snowtrex.cz\/magazin\/files\/2024\/04\/RS27130_shutterstock_2103170435-hsc-405x270.jpg 405w, https:\/\/www.snowtrex.cz\/magazin\/files\/2024\/04\/RS27130_shutterstock_2103170435-hsc-336x224.jpg 336w, https:\/\/www.snowtrex.cz\/magazin\/files\/2024\/04\/RS27130_shutterstock_2103170435-hsc-276x184.jpg 276w, https:\/\/www.snowtrex.cz\/magazin\/files\/2024\/04\/RS27130_shutterstock_2103170435-hsc-234x156.jpg 234w, https:\/\/www.snowtrex.cz\/magazin\/files\/2024\/04\/RS27130_shutterstock_2103170435-hsc-192x128.jpg 192w, https:\/\/www.snowtrex.cz\/magazin\/files\/2024\/04\/RS27130_shutterstock_2103170435-hsc-120x80.jpg 120w, https:\/\/www.snowtrex.cz\/magazin\/files\/2024\/04\/RS27130_shutterstock_2103170435-hsc-774x516.jpg 774w, https:\/\/www.snowtrex.cz\/magazin\/files\/2024\/04\/RS27130_shutterstock_2103170435-hsc-1x1.jpg 1w\" sizes=\"(min-width: 1009px) 729px, (min-width: 819px) 594px, (min-width: 569px) 729px, (min-width: 449px) 468px, 348px\" \/><\/a><div class=\"tt-image-copyright\" data-image-id=\"52756\">\u00a9 YueStock\/shutterstock.de<\/div>\n            <\/div>\n            <div class=\"tt-post-caption\">Pravd\u011bpodobn\u011b nejzn\u00e1m\u011bj\u0161\u00ed horou \u0160v\u00fdcarska je Matterhorn (4 478 m n. m.). Milovn\u00edci zimn\u00edch sport\u016f a dal\u0161\u00ed n\u00e1v\u0161t\u011bvn\u00edci maj\u00ed na tento pozoruhodn\u00fd vrchol dokonal\u00fd v\u00fdhled z hory Gornergrat.<\/div>\n         <\/div > \n<p><div class=\"tt-table-of-content\">\n                <span class=\"tt-icon-circle-up tt-table-of-content-button\"><\/span><\/p>\n<div class=\"tt-table-of-content-caption\">\n                    Obsah\n                <\/div>\n<div class=\"tt-table-of-content-body\">\n                    <a href=\"#nejzn\u00e1m\u011bj\u0161\u00ed-hory-alp-v-kostce\"><span class=\"layer-0\">Nejzn\u00e1m\u011bj\u0161\u00ed hory Alp v kostce<\/span><\/a><a href=\"#mont-blanc-francie-(4-810-m-n-m)\"><span class=\"layer-0\">Mont Blanc, Francie (4 810 m n. m.)<\/span><\/a><a href=\"#dufourspitze-\u0160v\u00fdcarsko-(4-634-m-n-m)\"><span class=\"layer-0\">Dufourspitze, \u0160v\u00fdcarsko (4 634 m n. m.)<\/span><\/a><a href=\"#matterhorn-\u0160v\u00fdcarsko-(4-478-m-n-m)\"><span class=\"layer-0\">Matterhorn, \u0160v\u00fdcarsko (4 478 m n. m.)<\/span><\/a><a href=\"#eiger-m\u00f6nch-a-jungfrau-\u0160v\u00fdcarsko-(a\u017e-4-158-m-n-m)\"><span class=\"layer-0\">Eiger, M\u00f6nch a Jungfrau, \u0160v\u00fdcarsko (a\u017e 4 158 m n. m.)<\/span><\/a><a href=\"#ortler-it\u00e1lie-(3-905-m-n-m)\"><span class=\"layer-0\">Ortler, It\u00e1lie (3 905 m n. m.)<\/span><\/a><a href=\"#grossglockner-rakousko-(3-798-m-n-m)\"><span class=\"layer-0\">Grossglockner, Rakousko (3 798 m n. m.)<\/span><\/a><a href=\"#wildspitze-rakousko-(3-768-m-n-m)\"><span class=\"layer-0\">Wildspitze, Rakousko (3 768 m n. m.)<\/span><\/a><a href=\"#gro\u00dfvenediger-rakousko-(3-657-m-n-m)\"><span class=\"layer-0\">Gro\u00dfvenediger, Rakousko (3 657 m n. m.)<\/span><\/a><a href=\"#dolomity-it\u00e1lie-(a\u017e-3343-m-n-m)\"><span class=\"layer-0\">Dolomity, It\u00e1lie (a\u017e 3343 m n. m.)<\/span><\/a><a href=\"#kitzsteinhorn-rakousko-(3-203-m-n-m)\"><span class=\"layer-0\">Kitzsteinhorn, Rakousko (3 203 m n. m.)<\/span><\/a><a href=\"#masiv-sella-it\u00e1lie-(a\u017e-3-125-m-n-m)\"><span class=\"layer-0\">Masiv Sella, It\u00e1lie (a\u017e 3 125 m n. m.)<\/span><\/a><a href=\"#dachstein-rakousko-(2-995-m-n-m)\"><span class=\"layer-0\">Dachstein, Rakousko (2 995 m n. m.)<\/span><\/a><a href=\"#zugspitze-n\u011bmecko-(2-962-m-n-m)\"><span class=\"layer-0\">Zugspitze, N\u011bmecko (2 962 m n. m.)<\/span><\/a><a href=\"#hochk\u00f6nig-rakousko-(2-941-m-n-m)\"><span class=\"layer-0\">Hochk\u00f6nig, Rakousko (2 941 m n. m.)<\/span><\/a><a href=\"#watzmann-n\u011bmecko-(2-713-m-n-m)\"><span class=\"layer-0\">Watzmann, N\u011bmecko (2 713 m n. m.)<\/span><\/a><a href=\"#\u010casto-kladen\u00e9-ot\u00e1zky-o-slavn\u00fdch-hor\u00e1ch-v-alp\u00e1ch\"><span class=\"layer-0\">\u010casto kladen\u00e9 ot\u00e1zky o slavn\u00fdch hor\u00e1ch v Alp\u00e1ch<\/span><\/a>\n                 <\/div>\n<\/p><\/div>\n<hr>\n<h2 id=\"nejzn\u00e1m\u011bj\u0161\u00ed-hory-alp-v-kostce\">Nejzn\u00e1m\u011bj\u0161\u00ed hory Alp v kostce<\/h2>\n\n<table id=\"tablepress-31\" class=\"tablepress tablepress-id-31\">\n<thead>\n<tr class=\"row-1\">\n\t<th class=\"column-1\"><strong>Mountain<\/strong><\/th><th class=\"column-2\"><strong>V\u00fd\u0161ka<\/strong><\/th><th class=\"column-3\"><strong>Zem\u011b<\/strong><\/th>\n<\/tr>\n<\/thead>\n<tbody class=\"row-striping row-hover\">\n<tr class=\"row-2\">\n\t<td class=\"column-1\">Mont Blanc<\/td><td class=\"column-2\">4.810 m<\/td><td class=\"column-3\"><a href=\"https:\/\/www.snowtrex.cz\/francie\/lyzovani.html\" target=\"_blank\" rel=\"noopener noreferrer\">Francie<\/a><\/td>\n<\/tr>\n<tr class=\"row-3\">\n\t<td class=\"column-1\">Dufourspitze<\/td><td class=\"column-2\">4.634 m<\/td><td class=\"column-3\"><a href=\"https:\/\/www.snowtrex.cz\/svycarsko\/lyzovani.html\" target=\"_blank\" rel=\"noopener noreferrer\">\u0160v\u00fdcarsko<\/a><\/td>\n<\/tr>\n<tr class=\"row-4\">\n\t<td class=\"column-1\">Matterhorn<\/td><td class=\"column-2\">4.478 m<\/td><td class=\"column-3\"><a href=\"https:\/\/www.snowtrex.cz\/svycarsko\/lyzovani.html\" target=\"_blank\" rel=\"noopener noreferrer\">\u0160v\u00fdcarsko<\/a><\/td>\n<\/tr>\n<tr class=\"row-5\">\n\t<td class=\"column-1\">Eiger, M\u00f6nch &amp; Jungfrau<\/td><td class=\"column-2\">4.158 m<\/td><td class=\"column-3\"><a href=\"https:\/\/www.snowtrex.cz\/svycarsko\/lyzovani.html\" target=\"_blank\" rel=\"noopener noreferrer\">\u0160v\u00fdcarsko<\/a><\/td>\n<\/tr>\n<tr class=\"row-6\">\n\t<td class=\"column-1\">Ortler<\/td><td class=\"column-2\">3.905 m<\/td><td class=\"column-3\"><a href=\"https:\/\/www.snowtrex.cz\/italie\/lyzovani.html\" target=\"_blank\" rel=\"noopener noreferrer\">It\u00e1lie<\/a><\/td>\n<\/tr>\n<tr class=\"row-7\">\n\t<td class=\"column-1\">Gro\u00dfglockner<\/td><td class=\"column-2\">3.798 m<\/td><td class=\"column-3\"><a href=\"https:\/\/www.snowtrex.cz\/rakousko\/lyzovani.html\" target=\"_blank\" rel=\"noopener noreferrer\">Rakousko<\/a><\/td>\n<\/tr>\n<tr class=\"row-8\">\n\t<td class=\"column-1\">Wildspitze<\/td><td class=\"column-2\">3.768 m<\/td><td class=\"column-3\"><a href=\"https:\/\/www.snowtrex.cz\/rakousko\/lyzovani.html\" target=\"_blank\" rel=\"noopener noreferrer\">Rakousko<\/a><\/td>\n<\/tr>\n<tr class=\"row-9\">\n\t<td class=\"column-1\">Gro\u00dfvenediger<\/td><td class=\"column-2\">3.657 m<\/td><td class=\"column-3\"><a href=\"https:\/\/www.snowtrex.cz\/rakousko\/lyzovani.html\" target=\"_blank\" rel=\"noopener noreferrer\">Rakousko<\/a><\/td>\n<\/tr>\n<tr class=\"row-10\">\n\t<td class=\"column-1\">Dolomiten<\/td><td class=\"column-2\">3.343 m<\/td><td class=\"column-3\"><a href=\"https:\/\/www.snowtrex.cz\/italie\/lyzovani.html\" target=\"_blank\" rel=\"noopener noreferrer\">It\u00e1lie<\/a><\/td>\n<\/tr>\n<tr class=\"row-11\">\n\t<td class=\"column-1\">Kitzsteinhorn<\/td><td class=\"column-2\">3.203 m<\/td><td class=\"column-3\"><a href=\"https:\/\/www.snowtrex.cz\/rakousko\/lyzovani.html\" target=\"_blank\" rel=\"noopener noreferrer\">Rakousko<\/a><\/td>\n<\/tr>\n<tr class=\"row-12\">\n\t<td class=\"column-1\">Sella Massiv<\/td><td class=\"column-2\">3.125 m<\/td><td class=\"column-3\"><a href=\"https:\/\/www.snowtrex.cz\/italie\/lyzovani.html\" target=\"_blank\" rel=\"noopener noreferrer\">It\u00e1lie<\/a><\/td>\n<\/tr>\n<tr class=\"row-13\">\n\t<td class=\"column-1\">Dachstein<\/td><td class=\"column-2\">2.995 m<\/td><td class=\"column-3\"><a href=\"https:\/\/www.snowtrex.cz\/rakousko\/lyzovani.html\" target=\"_blank\" rel=\"noopener noreferrer\">Rakousko<\/a><\/td>\n<\/tr>\n<tr class=\"row-14\">\n\t<td class=\"column-1\">Zugspitze<\/td><td class=\"column-2\">2.962 m<\/td><td class=\"column-3\"><a href=\"https:\/\/www.snowtrex.cz\/nemecko\/lyzovani.html\" target=\"_blank\" rel=\"noopener noreferrer\">N\u011bmecko<\/a><\/td>\n<\/tr>\n<tr class=\"row-15\">\n\t<td class=\"column-1\">Hochk\u00f6nig<\/td><td class=\"column-2\">2.941 m<\/td><td class=\"column-3\"><a href=\"https:\/\/www.snowtrex.cz\/rakousko\/lyzovani.html\" target=\"_blank\" rel=\"noopener noreferrer\">Rakousko<\/a><\/td>\n<\/tr>\n<tr class=\"row-16\">\n\t<td class=\"column-1\">Watzmann<\/td><td class=\"column-2\">2.713 m<\/td><td class=\"column-3\"><a href=\"https:\/\/www.snowtrex.cz\/nemecko\/lyzovani.html\" target=\"_blank\" rel=\"noopener noreferrer\">N\u011bmecko<\/a><\/td>\n<\/tr>\n<\/tbody>\n<\/table>\n<!-- #tablepress-31 from cache -->\n<h2 id=\"mont-blanc-francie-(4-810-m-n-m)\">Mont Blanc, Francie (4 810 m n. m.)<\/h2>\n<p>Mezi nejvy\u0161\u0161\u00edmi horami Alp samoz\u0159ejm\u011b nesm\u00ed chyb\u011bt nejvy\u0161\u0161\u00ed vrchol Evropy. Majest\u00e1tn\u00ed Mont Blanc m\u011b\u0159\u00ed 4 810 m. Samotn\u00e1 hora le\u017e\u00ed ve stejnojmenn\u00e9 skupin\u011b Mont Blanc na hranici mezi Franci\u00ed a It\u00e1li\u00ed. Sv\u00fdm impozantn\u00edm vzhledem tvo\u0159\u00ed tak\u00e9 jedine\u010dnou kulisu <a href=\"https:\/\/www.snowtrex.cz\/francie\/mont_blanc\/lyzovani.html\" target=\"_blank\" rel=\"noopener\">ly\u017ea\u0159sk\u00e9 oblasti Chamonix-Mont Blanc<\/a>. V ly\u017ea\u0159sk\u00fdch oblastech kolem francouzsk\u00e9ho kolosu, kter\u00fd je zn\u00e1m\u00fd tak\u00e9 jako &#8222;st\u0159echa Alp&#8220;, najdou milovn\u00edci zimn\u00edch sport\u016f celkem 870 km sjezdovek a p\u0159ibli\u017en\u011b 260 vlek\u016f. Samotn\u00fd sv\u011btozn\u00e1m\u00fd Mont Blanc nen\u00ed p\u0159\u00edstupn\u00fd na ly\u017e\u00edch ani snowboardech. To je jeden z d\u016fvod\u016f, pro\u010d byla v roce 2017 zah\u00e1jena iniciativa zapsat tento horsk\u00fd masiv na seznam sv\u011btov\u00e9ho d\u011bdictv\u00ed UNESCO, a to pr\u00e1v\u011b pro jeho nedot\u010denou p\u0159\u00edrodu.<\/p>\n<div class=\"tt-post-image-wrapper tt-post-image-wrapper-full\">\n            <div class=\"tt-image-copyright-container\">\n                <a href=\"https:\/\/www.snowtrex.cz\/magazin\/files\/2024\/04\/RS5156_shutterstock_441985024-scr.jpg\" target=\"_blank\" rel=\"noopener\"><img loading=\"lazy\" decoding=\"async\" data-wrapped=\"true\" class=\"wp-image-52757 size-Artikelbild_gro\u00df\" title=\"Mont Blanc je se sv\u00fdmi 4 810 metry nejvy\u0161\u0161\u00ed horou Alp\" src=\"https:\/\/www.snowtrex.cz\/magazin\/files\/2024\/04\/RS5156_shutterstock_441985024-scr-729x486.jpg\" alt=\"Mont Blanc je se sv\u00fdmi 4 810 metry nejvy\u0161\u0161\u00ed horou Alp\" width=\"729\" height=\"486\" srcset=\"https:\/\/www.snowtrex.cz\/magazin\/files\/2024\/04\/RS5156_shutterstock_441985024-scr-729x486.jpg 729w, https:\/\/www.snowtrex.cz\/magazin\/files\/2024\/04\/RS5156_shutterstock_441985024-scr-290x193.jpg 290w, https:\/\/www.snowtrex.cz\/magazin\/files\/2024\/04\/RS5156_shutterstock_441985024-scr-728x485.jpg 728w, https:\/\/www.snowtrex.cz\/magazin\/files\/2024\/04\/RS5156_shutterstock_441985024-scr-768x512.jpg 768w, https:\/\/www.snowtrex.cz\/magazin\/files\/2024\/04\/RS5156_shutterstock_441985024-scr-468x312.jpg 468w, https:\/\/www.snowtrex.cz\/magazin\/files\/2024\/04\/RS5156_shutterstock_441985024-scr-300x200.jpg 300w, https:\/\/www.snowtrex.cz\/magazin\/files\/2024\/04\/RS5156_shutterstock_441985024-scr-999x666.jpg 999w, https:\/\/www.snowtrex.cz\/magazin\/files\/2024\/04\/RS5156_shutterstock_441985024-scr-645x430.jpg 645w, https:\/\/www.snowtrex.cz\/magazin\/files\/2024\/04\/RS5156_shutterstock_441985024-scr-552x368.jpg 552w, https:\/\/www.snowtrex.cz\/magazin\/files\/2024\/04\/RS5156_shutterstock_441985024-scr-405x270.jpg 405w, https:\/\/www.snowtrex.cz\/magazin\/files\/2024\/04\/RS5156_shutterstock_441985024-scr-336x224.jpg 336w, https:\/\/www.snowtrex.cz\/magazin\/files\/2024\/04\/RS5156_shutterstock_441985024-scr-276x184.jpg 276w, https:\/\/www.snowtrex.cz\/magazin\/files\/2024\/04\/RS5156_shutterstock_441985024-scr-234x156.jpg 234w, https:\/\/www.snowtrex.cz\/magazin\/files\/2024\/04\/RS5156_shutterstock_441985024-scr-192x128.jpg 192w, https:\/\/www.snowtrex.cz\/magazin\/files\/2024\/04\/RS5156_shutterstock_441985024-scr-120x80.jpg 120w, https:\/\/www.snowtrex.cz\/magazin\/files\/2024\/04\/RS5156_shutterstock_441985024-scr-774x516.jpg 774w, https:\/\/www.snowtrex.cz\/magazin\/files\/2024\/04\/RS5156_shutterstock_441985024-scr-2x1.jpg 2w, https:\/\/www.snowtrex.cz\/magazin\/files\/2024\/04\/RS5156_shutterstock_441985024-scr.jpg 1440w\" sizes=\"(min-width: 1009px) 729px, (min-width: 819px) 594px, (min-width: 569px) 729px, (min-width: 449px) 468px, 348px\" \/><\/a><div class=\"tt-image-copyright\" data-image-id=\"52757\">\u00a9 Elisa Locci\/shutterstock.de<\/div>\n            <\/div>\n            <div class=\"tt-post-caption\">Mont Blanc je se sv\u00fdmi 4 810 metry nejvy\u0161\u0161\u00ed horou Alp.<\/div>\n         <\/div > \n<h2 id=\"dufourspitze-\u0160v\u00fdcarsko-(4-634-m-n-m)\">Dufourspitze, \u0160v\u00fdcarsko (4 634 m n. m.)<\/h2>\n<p>Nejvy\u0161\u0161\u00ed horou <a href=\"https:\/\/www.snowtrex.cz\/svycarsko\/lyzovani.html\" target=\"_blank\" rel=\"noopener\">\u0160v\u00fdcarska<\/a> nen\u00ed Matterhorn, jak se mnoz\u00ed domn\u00edvaj\u00ed, ale Dufourspitze. To v\u0161ak nen\u00ed nezpochybniteln\u00e9. Jeden z nejvy\u0161\u0161\u00edch alpsk\u00fdch vrchol\u016f se sice se sv\u00fdmi 4 634 m ty\u010d\u00ed nad v\u0161emi \u010dty\u0159tis\u00edcovkami v zemi, ale z\u00e1rove\u0148 se nach\u00e1z\u00ed asi 160 metr\u016f od italsk\u00fdch hranic vzdu\u0161nou \u010darou, a proto z v\u011bt\u0161\u00ed \u010d\u00e1sti nen\u00ed ve \u0160v\u00fdcarsku. Je v\u0161ak nesporn\u00e9, \u017ee Dufourspitze je po Mont Blancu druhou nejvy\u0161\u0161\u00ed horou Alp. Je sou\u010d\u00e1st\u00ed masivu Monte Rosa ve Valaisk\u00fdch Alp\u00e1ch. Mimochodem, impozantn\u00ed skaln\u00ed \u00fatvar je pojmenov\u00e1n po \u0161v\u00fdcarsk\u00e9m gener\u00e1lovi a kartografovi Guillaumovi-Henri Dufourovi, kter\u00fd v polovin\u011b 19. stolet\u00ed vydal prvn\u00ed p\u0159esnou mapu \u0160v\u00fdcarska.<\/p>\n<p>Na samotn\u00fdch \u00fabo\u010d\u00edch Dufourspitze nen\u00ed mo\u017en\u00e9 ly\u017eovat na upraven\u00fdch sjezdovk\u00e1ch. M\u00edsto toho je hora r\u00e1jem pro skialpinisty, kte\u0159\u00ed se opakovan\u011b vyd\u00e1vaj\u00ed z legend\u00e1rn\u00ed chaty Monte Rosa ve v\u00fd\u0161ce 2 883 m n. m. na jeden z nejzn\u00e1m\u011bj\u0161\u00edch vrchol\u016f Alp. Tam na n\u011b \u010dek\u00e1 \u00fachvatn\u00fd v\u00fdhled do italsk\u00fdch \u00fadol\u00ed a na \u010detn\u00e9 \u010dty\u0159tis\u00edcov\u00e9 vrcholy Valaisk\u00fdch Alp.<\/p>\n<h2 id=\"matterhorn-\u0160v\u00fdcarsko-(4-478-m-n-m)\">Matterhorn, \u0160v\u00fdcarsko (4 478 m n. m.)<\/h2>\n<p>Matterhorn &#8211; jeden ze symbol\u016f \u0160v\u00fdcarska, ne-li p\u0159\u00edmo jeho symbol &#8211; je bezpochyby jednou z nejzn\u00e1m\u011bj\u0161\u00edch hor v Alp\u00e1ch a se sv\u00fdmi 4 478 m tak\u00e9 jedn\u00edm z nejvy\u0161\u0161\u00edch vrchol\u016f \u0160v\u00fdcarsk\u00e9 konfederace. Mohutn\u00e1 sk\u00e1la s n\u00e1padn\u00fdm vrcholem se nach\u00e1z\u00ed ve Valaisk\u00fdch Alp\u00e1ch mezi Breuil-Cervinia a Zermattem. Zvl\u00e1\u0161tnost\u00ed Matterhornu, na kter\u00fd nelze vystoupit na ly\u017e\u00edch ani na snowboardu, je, \u017ee v\u00fdchodn\u00ed, severn\u00ed a z\u00e1padn\u00ed st\u011bna le\u017e\u00ed na \u0161v\u00fdcarsk\u00e9m \u00fazem\u00ed a ji\u017en\u00ed st\u011bna na \u00fazem\u00ed It\u00e1lie. <a href=\"https:\/\/www.snowtrex.cz\/svycarsko\/zermatt\/lyzarske-stredisko.html\" target=\"_blank\" rel=\"noopener\">Ly\u017ea\u0159sk\u00e1 oblast Zermatt<\/a> se nach\u00e1z\u00ed na dohled od slavn\u00e9 hory, kterou maj\u00ed milovn\u00edci zimn\u00edch sport\u016f na v\u011bt\u0161in\u011b z 200 kilometr\u016f sjezdovek st\u00e1le na o\u010d\u00edch.<\/p>\n<p>\u0160v\u00fdcar Dani Arnold vytvo\u0159il sv\u011btov\u00fd rekord p\u0159i v\u00fdstupu na severn\u00ed st\u011bnu Matterhornu:<\/p>\n<figure class=\"wp-block-embed-youtube wp-block-embed is-type-video is-provider-youtube wp-embed-aspect-16-9 wp-has-aspect-ratio\"><div class=\"lyte-wrapper\" title=\"World&amp;#039;s Fastest Person to Climb the Matterhorn | Dani Arnold\" style=\"width:853px;max-width:100%;margin:5px auto;\"><div class=\"lyMe\" id=\"WYL_VA0QopkQYjY\" itemprop=\"video\" itemscope itemtype=\"https:\/\/schema.org\/VideoObject\"><div><meta itemprop=\"thumbnailUrl\" content=\"https:\/\/i.ytimg.com\/vi\/VA0QopkQYjY\/hqdefault.jpg\" \/><meta itemprop=\"embedURL\" content=\"https:\/\/www.youtube.com\/embed\/VA0QopkQYjY\" \/><meta itemprop=\"duration\" content=\"PT2M14S\" \/><meta itemprop=\"uploadDate\" content=\"2016-01-15T20:23:12Z\" \/><\/div><div id=\"lyte_VA0QopkQYjY\" data-src=\"https:\/\/i.ytimg.com\/vi\/VA0QopkQYjY\/hqdefault.jpg\" class=\"pL\"><div class=\"tC\"><div class=\"tT\" itemprop=\"name\">World&#039;s Fastest Person to Climb the Matterhorn | Dani Arnold<\/div><\/div><div class=\"play\"><\/div><div class=\"ctrl\"><div class=\"Lctrl\"><\/div><div class=\"Rctrl\"><\/div><\/div><\/div><noscript><a href=\"http:\/\/youtu.be\/VA0QopkQYjY\" rel=\"nofollow\"><img loading=\"lazy\" decoding=\"async\" src=\"http:\/\/i.ytimg.com\/vi\/VA0QopkQYjY\/0.jpg\" alt=\"World&amp;#039;s Fastest Person to Climb the Matterhorn | Dani Arnold\" width=\"853\" height=\"460\" \/><br \/>Watch this video on YouTube<\/a><\/noscript><meta itemprop=\"description\" content=\"Dani Arnold set a new time world record climbing Matterhorn in Switzerland. \u25ba Find more adventure videos in this playlist: https:\/\/www.youtube.com\/playlist?list=PLnuf8iyXggLGGq30mFQxsCS1ujxFsMYdK \u25ba Discover the full story behind &quot;&quot;The Dawn Wall&quot;&quot;: https:\/\/www.redbull.com\/int-en\/collections\/the-dawn-wall Straddling the border between Switzerland and Italy, The Matterhorn it&#039;s one of the three great north faces of the Alps, its jagged edges tracing to a sharp point in the sky. While laypeople may only know it from the packaging of Toblerone chocolate bars, the Matterhorn has an illustrious history, particularly the stunning north face. Another milestone has now been entered into its timeline, as Swiss mountaineer Dani Arnold has set a blazingly fast new record on the route, reaching the summit in only 1 hour 46 minutes, shaving a full 10 minutes off Ueli Steck&#039;s record, set in 2009. See highlights of the climb in the video above. It&#039;s considered to be one of the riskiest climbs in the Alps. In fact, the Matterhorn is one of the deadliest peaks in Europe, with over 500 alpinists believed to have died on the mountain. Big ups to Dani for pushing the limits of what he loves to do, and pull off one helluva climb. #redbull #DaniArnold #Matterhorn - Experience the world of Red Bull like you have never seen it before. With the best action sports clips on the web and original series, prepare for your &quot;stoke factor&quot; to be at an all time high. Subscribe to Red Bull on Youtube: http:\/\/win.gs\/SubToRedBull Get the FREE Red Bull TV apps for all your devices: https:\/\/go.onelink.me\/351027264\/35a30660 Red Bull on Facebook: http:\/\/win.gs\/redbullfb Red Bull on Instagram: http:\/\/win.gs\/RedBullInstagram Red Bull on Twitter: http:\/\/win.gs\/redbulltwitter\"><\/div><\/div><div class=\"lL\" style=\"max-width:100%;width:853px;margin:5px auto;\"><br\/><span class=\"lyte_disclaimer\">Upozor\u0148ujeme tak\u00e9, \u017ee pou\u017e\u00edv\u00e1n\u00edm na\u0161ich slu\u017eeb a integrac\u00ed slu\u017eeb YouTube API plat\u00ed <a href=\"https:\/\/www.youtube.com\/t\/terms\">Smluvn\u00ed podm\u00ednky YouTube<\/a> a <a href=\"https:\/\/developers.google.com\/youtube\/terms\/api-services-terms-of-service-emea-de\">Smluvn\u00ed podm\u00ednky YouTube API<\/a> a va\u0161e pou\u017e\u00edv\u00e1n\u00ed na\u0161ich webov\u00fdch str\u00e1nek se pova\u017euje za souhlas s t\u011bmito podm\u00ednkami.<\/span><\/div><figcaption><\/figcaption><\/figure>\n<h2 id=\"eiger-m\u00f6nch-a-jungfrau-\u0160v\u00fdcarsko-(a\u017e-4-158-m-n-m)\">Eiger, M\u00f6nch a Jungfrau, \u0160v\u00fdcarsko (a\u017e 4 158 m n. m.)<\/h2>\n<p>V Bernsk\u00fdch Alp\u00e1ch nelze p\u0159ehl\u00e9dnout slavn\u00fd &#8222;triumvir\u00e1t&#8220; Jungfrau (4 158 m n. m.), M\u00f6nch (4 107 m n.m.) a Eiger (3 970 m n.m.) se sv\u011btozn\u00e1mou severn\u00ed st\u011bnou. Tato trojice vrchol\u016f le\u017e\u00ed na hranici \u0161v\u00fdcarsk\u00fdch kanton\u016f Bern a Valais. Jungfrau je se sv\u00fdmi 4 158 metry nejvy\u0161\u0161\u00ed horou triumvir\u00e1tu a sou\u010d\u00e1st\u00ed oblasti Jungfrau-Aletsch o rozloze 820 km\u00b2 ve \u0160v\u00fdcarsk\u00fdch Alp\u00e1ch, kter\u00e1 byla zaps\u00e1na na seznam sv\u011btov\u00e9ho d\u011bdictv\u00ed UNESCO. Na dohled od vrchol\u016f Eiger, M\u00f6nch a Jungfrau si zde p\u0159ijdou na sv\u00e9 tak\u00e9 ly\u017ea\u0159i a snowboardist\u00e9. V\u017edy\u0165 <a href=\"https:\/\/www.snowtrex.cz\/svycarsko\/jungfrau-region\/lyzarsky-region.html\" target=\"_blank\" rel=\"noopener\">region Jungfrau<\/a> se m\u016f\u017ee pochlubit p\u0159ibli\u017en\u011b 200 kilometry sjezdovek v nadmo\u0159sk\u00e9 v\u00fd\u0161ce od 796 m do 2 970 m.<\/p>\n<div class=\"tt-post-image-wrapper tt-post-image-wrapper-full\">\n            <div class=\"tt-image-copyright-container\">\n                <a href=\"https:\/\/www.snowtrex.cz\/magazin\/files\/2024\/04\/RS5360_shutterstock_586658714-scr.jpg\" target=\"_blank\" rel=\"noopener\"><img loading=\"lazy\" decoding=\"async\" data-wrapped=\"true\" class=\"wp-image-52758 size-Artikelbild_gro\u00df\" title=\"Sv\u011btozn\u00e1m\u00e1 severn\u00ed st\u011bna Eigeru (vlevo, 3 970 m) a M\u00f6nch (4 107 m) tvo\u0159\u00ed dv\u011b t\u0159etiny slavn\u00e9ho horsk\u00e9ho triumvir\u00e1tu. Trojici dopl\u0148uje Jungfrau (4 158 m), na kterou se v pop\u0159ed\u00ed m\u016f\u017eete dostat i vlakem\" src=\"https:\/\/www.snowtrex.cz\/magazin\/files\/2024\/04\/RS5360_shutterstock_586658714-scr-729x486.jpg\" alt=\"Sv\u011btozn\u00e1m\u00e1 severn\u00ed st\u011bna Eigeru (vlevo, 3 970 m) a M\u00f6nch (4 107 m) tvo\u0159\u00ed dv\u011b t\u0159etiny slavn\u00e9ho horsk\u00e9ho triumvir\u00e1tu. Trojici dopl\u0148uje Jungfrau (4 158 m), na kterou se v pop\u0159ed\u00ed m\u016f\u017eete dostat i vlakem\" width=\"729\" height=\"486\" srcset=\"https:\/\/www.snowtrex.cz\/magazin\/files\/2024\/04\/RS5360_shutterstock_586658714-scr-729x486.jpg 729w, https:\/\/www.snowtrex.cz\/magazin\/files\/2024\/04\/RS5360_shutterstock_586658714-scr-290x193.jpg 290w, https:\/\/www.snowtrex.cz\/magazin\/files\/2024\/04\/RS5360_shutterstock_586658714-scr-728x485.jpg 728w, https:\/\/www.snowtrex.cz\/magazin\/files\/2024\/04\/RS5360_shutterstock_586658714-scr-768x512.jpg 768w, https:\/\/www.snowtrex.cz\/magazin\/files\/2024\/04\/RS5360_shutterstock_586658714-scr-468x312.jpg 468w, https:\/\/www.snowtrex.cz\/magazin\/files\/2024\/04\/RS5360_shutterstock_586658714-scr-300x200.jpg 300w, https:\/\/www.snowtrex.cz\/magazin\/files\/2024\/04\/RS5360_shutterstock_586658714-scr-999x666.jpg 999w, https:\/\/www.snowtrex.cz\/magazin\/files\/2024\/04\/RS5360_shutterstock_586658714-scr-645x430.jpg 645w, https:\/\/www.snowtrex.cz\/magazin\/files\/2024\/04\/RS5360_shutterstock_586658714-scr-552x368.jpg 552w, https:\/\/www.snowtrex.cz\/magazin\/files\/2024\/04\/RS5360_shutterstock_586658714-scr-405x270.jpg 405w, https:\/\/www.snowtrex.cz\/magazin\/files\/2024\/04\/RS5360_shutterstock_586658714-scr-336x224.jpg 336w, https:\/\/www.snowtrex.cz\/magazin\/files\/2024\/04\/RS5360_shutterstock_586658714-scr-276x184.jpg 276w, https:\/\/www.snowtrex.cz\/magazin\/files\/2024\/04\/RS5360_shutterstock_586658714-scr-234x156.jpg 234w, https:\/\/www.snowtrex.cz\/magazin\/files\/2024\/04\/RS5360_shutterstock_586658714-scr-192x128.jpg 192w, https:\/\/www.snowtrex.cz\/magazin\/files\/2024\/04\/RS5360_shutterstock_586658714-scr-120x80.jpg 120w, https:\/\/www.snowtrex.cz\/magazin\/files\/2024\/04\/RS5360_shutterstock_586658714-scr-774x516.jpg 774w, https:\/\/www.snowtrex.cz\/magazin\/files\/2024\/04\/RS5360_shutterstock_586658714-scr-2x1.jpg 2w, https:\/\/www.snowtrex.cz\/magazin\/files\/2024\/04\/RS5360_shutterstock_586658714-scr.jpg 1440w\" sizes=\"(min-width: 1009px) 729px, (min-width: 819px) 594px, (min-width: 569px) 729px, (min-width: 449px) 468px, 348px\" \/><\/a><div class=\"tt-image-copyright\" data-image-id=\"52758\">\u00a9 gevision\/shutterstock.de<\/div>\n            <\/div>\n            <div class=\"tt-post-caption\">Sv\u011btozn\u00e1m\u00e1 severn\u00ed st\u011bna Eigeru (vlevo, 3 970 m n. m.) a M\u00f6nch (4 107 m n. m.) tvo\u0159\u00ed dv\u011b t\u0159etiny slavn\u00e9ho horsk\u00e9ho triumvir\u00e1tu. Trojici dopl\u0148uje Jungfrau (4 158 m n. m.), na kterou se v pop\u0159ed\u00ed m\u016f\u017eete dostat i vlakem.<\/div>\n         <\/div > \n<h2 id=\"ortler-it\u00e1lie-(3-905-m-n-m)\">Ortler, It\u00e1lie (3 905 m n. m.)<\/h2>\n<p>Nejvy\u0161\u0161\u00ed horou Ji\u017en\u00edho Tyrolska je 3 905 m vysok\u00fd Ortler. Siln\u011b zaledn\u011bn\u00e1 hora se nach\u00e1z\u00ed na z\u00e1pad\u011b Ji\u017en\u00edho Tyrolska a je hlavn\u00edm vrcholem stejnojmenn\u00e9 skupiny Ortler. Italsk\u00e9ho obra obklopuj\u00ed \u010detn\u00e9 legendy a m\u00fdty. V \u010dasto pochmurn\u00fdch p\u0159\u00edb\u011bz\u00edch v\u0161ak Ortler nen\u00ed popisov\u00e1n pouze jako v\u00fdletn\u00ed c\u00edl pro poutn\u00edky. Hora nen\u00ed p\u0159\u00edstupn\u00e1 ly\u017ea\u0159\u016fm a snowboardist\u016fm, ale je velmi obl\u00edben\u00e1 u ambici\u00f3zn\u00edch horolezc\u016f. Prvn\u00ed v\u00fdstup na vrchol uskute\u010dnil rakousk\u00fd arciv\u00e9voda Johann ji\u017e v roce 1804. Milovn\u00edci ly\u017eov\u00e1n\u00ed si p\u0159ijdou na sv\u00e9 tak\u00e9 v nedalek\u00e9m <a href=\"https:\/\/www.snowtrex.cz\/italie\/sulden_am_ortler_solda\/lyzarske-stredisko.html\" target=\"_blank\" rel=\"noopener\">ly\u017ea\u0159sk\u00e9m are\u00e1lu Sulden am Ortler<\/a>. Krom\u011b obl\u00edben\u00e9ho snowparku je zde k dispozici celkem 44 kilometr\u016f sjezdovek, z nich\u017e se v\u017edy vyplat\u00ed pokochat v\u00fdhledem na pravd\u011bpodobn\u011b nejzn\u00e1m\u011bj\u0161\u00ed italskou horu.<\/p>\n<div class=\"tt-post-image-wrapper tt-post-image-wrapper-full\">\n            <div class=\"tt-image-copyright-container\">\n                <a href=\"https:\/\/www.snowtrex.cz\/magazin\/files\/2024\/03\/RS5041_shutterstock_362396741-scr.jpg\" target=\"_blank\" rel=\"noopener\"><img loading=\"lazy\" decoding=\"async\" data-wrapped=\"true\" class=\"wp-image-52323 size-Artikelbild_gro\u00df\" title=\"Ly\u017ea\u0159sk\u00fd are\u00e1l Sulden se py\u0161n\u00ed celkem 44 kilometry sjezdovek. Odtud maj\u00ed ly\u017ea\u0159i t\u00e9m\u011b\u0159 v\u017edy na dohled 3 905 metr\u016f vysok\u00fd Ortler\" src=\"https:\/\/www.snowtrex.cz\/magazin\/files\/2024\/03\/RS5041_shutterstock_362396741-scr-729x486.jpg\" alt=\"Ly\u017ea\u0159sk\u00fd are\u00e1l Sulden se py\u0161n\u00ed celkem 44 kilometry sjezdovek. Odtud maj\u00ed ly\u017ea\u0159i t\u00e9m\u011b\u0159 v\u017edy na dohled 3 905 metr\u016f vysok\u00fd Ortler\" width=\"729\" height=\"486\" srcset=\"https:\/\/www.snowtrex.cz\/magazin\/files\/2024\/03\/RS5041_shutterstock_362396741-scr-729x486.jpg 729w, https:\/\/www.snowtrex.cz\/magazin\/files\/2024\/03\/RS5041_shutterstock_362396741-scr-468x312.jpg 468w, https:\/\/www.snowtrex.cz\/magazin\/files\/2024\/03\/RS5041_shutterstock_362396741-scr-300x200.jpg 300w, https:\/\/www.snowtrex.cz\/magazin\/files\/2024\/03\/RS5041_shutterstock_362396741-scr-645x430.jpg 645w, https:\/\/www.snowtrex.cz\/magazin\/files\/2024\/03\/RS5041_shutterstock_362396741-scr-552x368.jpg 552w, https:\/\/www.snowtrex.cz\/magazin\/files\/2024\/03\/RS5041_shutterstock_362396741-scr-405x270.jpg 405w, https:\/\/www.snowtrex.cz\/magazin\/files\/2024\/03\/RS5041_shutterstock_362396741-scr-336x224.jpg 336w, https:\/\/www.snowtrex.cz\/magazin\/files\/2024\/03\/RS5041_shutterstock_362396741-scr-276x184.jpg 276w, https:\/\/www.snowtrex.cz\/magazin\/files\/2024\/03\/RS5041_shutterstock_362396741-scr-234x156.jpg 234w, https:\/\/www.snowtrex.cz\/magazin\/files\/2024\/03\/RS5041_shutterstock_362396741-scr-192x128.jpg 192w, https:\/\/www.snowtrex.cz\/magazin\/files\/2024\/03\/RS5041_shutterstock_362396741-scr-120x80.jpg 120w, https:\/\/www.snowtrex.cz\/magazin\/files\/2024\/03\/RS5041_shutterstock_362396741-scr-774x516.jpg 774w, https:\/\/www.snowtrex.cz\/magazin\/files\/2024\/03\/RS5041_shutterstock_362396741-scr-2x1.jpg 2w\" sizes=\"(min-width: 1009px) 729px, (min-width: 819px) 594px, (min-width: 569px) 729px, (min-width: 449px) 468px, 348px\" \/><\/a><div class=\"tt-image-copyright\" data-image-id=\"52323\">\u00a9 GoShiva\/shutterstock.de<\/div>\n            <\/div>\n            <div class=\"tt-post-caption\">Ly\u017ea\u0159sk\u00fd are\u00e1l Sulden se py\u0161n\u00ed celkem 44 kilometry sjezdovek. Odtud maj\u00ed ly\u017ea\u0159i t\u00e9m\u011b\u0159 v\u017edy na dohled 3 905 metr\u016f vysok\u00fd Ortler.<\/div>\n         <\/div > \n<h2 id=\"grossglockner-rakousko-(3-798-m-n-m)\">Grossglockner, Rakousko (3 798 m n. m.)<\/h2>\n<p>Legend\u00e1rn\u00ed Gro\u00dfglockner se nach\u00e1z\u00ed v rakousk\u00fdch Vysok\u00fdch Taur\u00e1ch a se sv\u00fdmi 3 798 metry je nejvy\u0161\u0161\u00ed horou zem\u011b. Vrchol a cel\u00e1 oblast n\u00e1rodn\u00edho parku, kter\u00e1 je pova\u017eov\u00e1na za kol\u00e9bku alpinismu, jsou dnes zn\u00e1m\u00e9 tak\u00e9 d\u00edky vynikaj\u00edc\u00edm podm\u00ednk\u00e1m pro zimn\u00ed sporty. Samotn\u00fd Gro\u00dfglockner nen\u00ed p\u0159\u00edstupn\u00fd na ly\u017e\u00edch ani snowboardech. Milovn\u00edci sn\u011bhu na ly\u017ea\u0159sk\u00e9 dovolen\u00e9 v Rakousku v\u0161ak maj\u00ed mo\u017enost prozkoumat rozmanitou <a href=\"https:\/\/www.snowtrex.cz\/rakousko\/heiligenblut\/lyzarske-stredisko.html\" target=\"_blank\" rel=\"noopener\">ly\u017ea\u0159skou oblast Grossglockner-Heiligenblut<\/a> s 55 kilometry sjezdovek a 13 vleky a\u017e do v\u00fd\u0161ky 2 989 metr\u016f. V\u00fdhled na rakousk\u00e9ho obra d\u011bl\u00e1 ze zdej\u0161\u00edho ly\u017eov\u00e1n\u00ed v\u00fdjime\u010dn\u00fd z\u00e1\u017eitek.<\/p>\n<div class=\"tt-post-image-wrapper tt-post-image-wrapper-full\">\n            <div class=\"tt-image-copyright-container\">\n                <a href=\"https:\/\/www.snowtrex.cz\/magazin\/files\/2022\/02\/RS5145_shutterstock_430485286-scr.jpg\" target=\"_blank\" rel=\"noopener\"><img loading=\"lazy\" decoding=\"async\" data-wrapped=\"true\" class=\"wp-image-52734 size-Artikelbild_gro\u00df\" title=\"Grossglockner le\u017e\u00ed uprost\u0159ed Vysok\u00fdch Taur a se sv\u00fdmi 3 798 m je nejvy\u0161\u0161\u00ed horou Rakouska\" src=\"https:\/\/www.snowtrex.cz\/magazin\/files\/2022\/02\/RS5145_shutterstock_430485286-scr-729x486.jpg\" alt=\"Grossglockner le\u017e\u00ed uprost\u0159ed Vysok\u00fdch Taur a se sv\u00fdmi 3 798 m je nejvy\u0161\u0161\u00ed horou Rakouska\" width=\"729\" height=\"486\" srcset=\"https:\/\/www.snowtrex.cz\/magazin\/files\/2022\/02\/RS5145_shutterstock_430485286-scr-729x486.jpg 729w, https:\/\/www.snowtrex.cz\/magazin\/files\/2022\/02\/RS5145_shutterstock_430485286-scr-290x193.jpg 290w, https:\/\/www.snowtrex.cz\/magazin\/files\/2022\/02\/RS5145_shutterstock_430485286-scr-728x485.jpg 728w, https:\/\/www.snowtrex.cz\/magazin\/files\/2022\/02\/RS5145_shutterstock_430485286-scr-768x512.jpg 768w, https:\/\/www.snowtrex.cz\/magazin\/files\/2022\/02\/RS5145_shutterstock_430485286-scr-468x312.jpg 468w, https:\/\/www.snowtrex.cz\/magazin\/files\/2022\/02\/RS5145_shutterstock_430485286-scr-300x200.jpg 300w, https:\/\/www.snowtrex.cz\/magazin\/files\/2022\/02\/RS5145_shutterstock_430485286-scr-999x666.jpg 999w, https:\/\/www.snowtrex.cz\/magazin\/files\/2022\/02\/RS5145_shutterstock_430485286-scr-645x430.jpg 645w, https:\/\/www.snowtrex.cz\/magazin\/files\/2022\/02\/RS5145_shutterstock_430485286-scr-552x368.jpg 552w, https:\/\/www.snowtrex.cz\/magazin\/files\/2022\/02\/RS5145_shutterstock_430485286-scr-405x270.jpg 405w, https:\/\/www.snowtrex.cz\/magazin\/files\/2022\/02\/RS5145_shutterstock_430485286-scr-336x224.jpg 336w, https:\/\/www.snowtrex.cz\/magazin\/files\/2022\/02\/RS5145_shutterstock_430485286-scr-276x184.jpg 276w, https:\/\/www.snowtrex.cz\/magazin\/files\/2022\/02\/RS5145_shutterstock_430485286-scr-234x156.jpg 234w, https:\/\/www.snowtrex.cz\/magazin\/files\/2022\/02\/RS5145_shutterstock_430485286-scr-192x128.jpg 192w, https:\/\/www.snowtrex.cz\/magazin\/files\/2022\/02\/RS5145_shutterstock_430485286-scr-120x80.jpg 120w, https:\/\/www.snowtrex.cz\/magazin\/files\/2022\/02\/RS5145_shutterstock_430485286-scr-774x516.jpg 774w, https:\/\/www.snowtrex.cz\/magazin\/files\/2022\/02\/RS5145_shutterstock_430485286-scr-2x1.jpg 2w, https:\/\/www.snowtrex.cz\/magazin\/files\/2022\/02\/RS5145_shutterstock_430485286-scr.jpg 1440w\" sizes=\"(min-width: 1009px) 729px, (min-width: 819px) 594px, (min-width: 569px) 729px, (min-width: 449px) 468px, 348px\" \/><\/a><div class=\"tt-image-copyright\" data-image-id=\"52734\">\u00a9 Ulrich Willmunder\/shutterstock.de<\/div>\n            <\/div>\n            <div class=\"tt-post-caption\">Grossglockner le\u017e\u00ed uprost\u0159ed Vysok\u00fdch Taur a se sv\u00fdmi 3 798 m je nejvy\u0161\u0161\u00ed horou Rakouska.<\/div>\n         <\/div > \n<h2 id=\"wildspitze-rakousko-(3-768-m-n-m)\">Wildspitze, Rakousko (3 768 m n. m.)<\/h2>\n<p>Wildspitze je se sv\u00fdmi 3 768 metry druhou nejvy\u0161\u0161\u00ed horou Rakouska. Z\u00e1padn\u00ed a severn\u00ed \u00fabo\u010d\u00ed t\u0159\u00edtis\u00edcovky tvo\u0159\u00ed \u010delo \u00fadol\u00ed <a href=\"https:\/\/www.snowtrex.cz\/rakousko\/pitztal\/lyzovani.html\" target=\"_blank\" rel=\"noopener\">Pitztal<\/a>, zat\u00edmco ji\u017en\u00ed a v\u00fdchodn\u00ed strana kon\u010d\u00ed v \u00fadol\u00ed Venter Tal. Od roku 1933 zdob\u00ed nejvy\u0161\u0161\u00ed bod Wildspitze tradi\u010dn\u00ed vrcholov\u00fd k\u0159\u00ed\u017e, kter\u00fd byl nakonec v roce 2000 nahrazen nov\u00fdm. Pro horolezce je Wildspitze celoro\u010dn\u011b obl\u00edbenou horolezeckou oblast\u00ed, zat\u00edmco milovn\u00edci zimn\u00edch sport\u016f na ly\u017e\u00edch a snowboardech se mohou vydat do <a href=\"https:\/\/www.snowtrex.cz\/rakousko\/vent\/lyzarske-stredisko.html\" target=\"_blank\" rel=\"noopener\">ly\u017ea\u0159sk\u00e9ho are\u00e1lu Vent<\/a> a vychutnat si odtud v\u00fdhled na horu. Na sjezdovk\u00e1ch v\u0161ak plat\u00ed heslo &#8222;mal\u00fd, ale mocn\u00fd&#8220;, proto\u017ee ly\u017ea\u0159sk\u00fd are\u00e1l zaujme 5 modr\u00fdmi a 10 \u010derven\u00fdmi kilometry sjezdovek a d\u00edky sv\u00e9 nadmo\u0159sk\u00e9 v\u00fd\u0161ce mezi 1 900 a 2 646 m nab\u00edz\u00ed tak\u00e9 vysokou spolehlivost sn\u011bhu. D\u00edky tomu je tento ly\u017ea\u0159sk\u00fd are\u00e1l vhodn\u00fd zejm\u00e9na pro rodiny, proto\u017ee si v n\u011bm najdou cestu i d\u011bti, kter\u00e9 zvl\u00e1dnou ly\u017eov\u00e1n\u00ed.<\/p>\n<div class=\"tt-post-image-wrapper tt-post-image-wrapper-full\">\n            <div class=\"tt-image-copyright-container\">\n                <a href=\"https:\/\/www.snowtrex.cz\/magazin\/files\/2024\/04\/RS4501_shutterstock_185606597-scr.jpg\" target=\"_blank\" rel=\"noopener\"><img loading=\"lazy\" decoding=\"async\" data-wrapped=\"true\" class=\"wp-image-52759 size-Artikelbild_gro\u00df\" title=\"&quot;Kav\u00e1rna 3440&quot; na ledovci Pitztal je nejv\u00fd\u0161e polo\u017eenou kav\u00e1rnou v Rakousku. N\u00e1v\u0161t\u011bvn\u00edci odtud maj\u00ed \u00fachvatn\u00fd v\u00fdhled na Wildspitze (3 770 m) a okoln\u00ed hory\" src=\"https:\/\/www.snowtrex.cz\/magazin\/files\/2024\/04\/RS4501_shutterstock_185606597-scr-729x486.jpg\" alt=\"&quot;Kav\u00e1rna 3440&quot; na ledovci Pitztal je nejv\u00fd\u0161e polo\u017eenou kav\u00e1rnou v Rakousku. N\u00e1v\u0161t\u011bvn\u00edci odtud maj\u00ed \u00fachvatn\u00fd v\u00fdhled na Wildspitze (3 770 m) a okoln\u00ed hory\" width=\"729\" height=\"486\" srcset=\"https:\/\/www.snowtrex.cz\/magazin\/files\/2024\/04\/RS4501_shutterstock_185606597-scr-729x486.jpg 729w, https:\/\/www.snowtrex.cz\/magazin\/files\/2024\/04\/RS4501_shutterstock_185606597-scr-290x193.jpg 290w, https:\/\/www.snowtrex.cz\/magazin\/files\/2024\/04\/RS4501_shutterstock_185606597-scr-728x485.jpg 728w, https:\/\/www.snowtrex.cz\/magazin\/files\/2024\/04\/RS4501_shutterstock_185606597-scr-768x512.jpg 768w, https:\/\/www.snowtrex.cz\/magazin\/files\/2024\/04\/RS4501_shutterstock_185606597-scr-468x312.jpg 468w, https:\/\/www.snowtrex.cz\/magazin\/files\/2024\/04\/RS4501_shutterstock_185606597-scr-300x200.jpg 300w, https:\/\/www.snowtrex.cz\/magazin\/files\/2024\/04\/RS4501_shutterstock_185606597-scr-999x666.jpg 999w, https:\/\/www.snowtrex.cz\/magazin\/files\/2024\/04\/RS4501_shutterstock_185606597-scr-645x430.jpg 645w, https:\/\/www.snowtrex.cz\/magazin\/files\/2024\/04\/RS4501_shutterstock_185606597-scr-552x368.jpg 552w, https:\/\/www.snowtrex.cz\/magazin\/files\/2024\/04\/RS4501_shutterstock_185606597-scr-405x270.jpg 405w, https:\/\/www.snowtrex.cz\/magazin\/files\/2024\/04\/RS4501_shutterstock_185606597-scr-336x224.jpg 336w, https:\/\/www.snowtrex.cz\/magazin\/files\/2024\/04\/RS4501_shutterstock_185606597-scr-276x184.jpg 276w, https:\/\/www.snowtrex.cz\/magazin\/files\/2024\/04\/RS4501_shutterstock_185606597-scr-234x156.jpg 234w, https:\/\/www.snowtrex.cz\/magazin\/files\/2024\/04\/RS4501_shutterstock_185606597-scr-192x128.jpg 192w, https:\/\/www.snowtrex.cz\/magazin\/files\/2024\/04\/RS4501_shutterstock_185606597-scr-120x80.jpg 120w, https:\/\/www.snowtrex.cz\/magazin\/files\/2024\/04\/RS4501_shutterstock_185606597-scr-774x516.jpg 774w, https:\/\/www.snowtrex.cz\/magazin\/files\/2024\/04\/RS4501_shutterstock_185606597-scr-2x1.jpg 2w, https:\/\/www.snowtrex.cz\/magazin\/files\/2024\/04\/RS4501_shutterstock_185606597-scr.jpg 1440w\" sizes=\"(min-width: 1009px) 729px, (min-width: 819px) 594px, (min-width: 569px) 729px, (min-width: 449px) 468px, 348px\" \/><\/a><div class=\"tt-image-copyright\" data-image-id=\"52759\">\u00a9 Pawel Kazmierczak\/shutterstock.de<\/div>\n            <\/div>\n            <div class=\"tt-post-caption\">&#8222;Kav\u00e1rna 3440&#8220; na ledovci Pitztal je nejv\u00fd\u0161e polo\u017eenou kav\u00e1rnou v Rakousku. N\u00e1v\u0161t\u011bvn\u00edci odtud maj\u00ed \u00fachvatn\u00fd v\u00fdhled na Wildspitze (3 770 m n. m.) a okoln\u00ed hory.<\/div>\n         <\/div > \n<h2 id=\"gro\u00dfvenediger-rakousko-(3-657-m-n-m)\">Gro\u00dfvenediger, Rakousko (3 657 m n. m.)<\/h2>\n<p>Gro\u00dfvenediger je se sv\u00fdmi 3657 metry nejvy\u0161\u0161\u00ed horou skupiny Venediger v rakousk\u00e9 spolkov\u00e9 zemi Salcbursko. Vrcholov\u00e1 oblast je siln\u011b zaledn\u011bn\u00e1 a proslavila se sv\u00fdm p\u016fsobiv\u00fdm vzhledem se \u010dty\u0159mi n\u00e1padn\u00fdmi h\u0159ebeny. &#8222;Star\u00fd majest\u00e1t sv\u011bta&#8220;, jak se ho\u0159e \u0159\u00edk\u00e1 od jej\u00edho prvn\u00edho v\u00fdstupu v roce 1841, v posledn\u00edch letech st\u00e1le ztr\u00e1c\u00ed na v\u00fd\u0161ce v d\u016fsledku postupn\u00e9ho t\u00e1n\u00ed ledovc\u016f. V 80. letech 20. stolet\u00ed dosahoval vrchol v\u00fd\u0161ky 3 674 metr\u016f. Milovn\u00edci zimn\u00edch sport\u016f by na Gro\u00dfvenedigeru marn\u011b hledali upraven\u00e9 sjezdovky, p\u0159esto\u017ee horolezec G\u00fcnther Freiherr von Saar v roce 1902 vytvo\u0159il miln\u00edk, kdy\u017e vrcholu dos\u00e1hl na ly\u017e\u00edch. Dnes je v\u0161ak ly\u017eov\u00e1n\u00ed na salcbursk\u00e9m ledovci vyhrazeno absolutn\u00ed elit\u011b freeridov\u00e9 sc\u00e9ny. Fantastickou &#8222;alternativou&#8220; pro ly\u017ea\u0159e a snowboardisty je <a href=\"https:\/\/www.snowtrex.cz\/rakousko\/neukirchen_am_grossvenediger\/lyzarske-stredisko.html\" target=\"_blank\" rel=\"noopener\">Wildkogel Arena<\/a>, kde na n\u011b \u010dek\u00e1 celkem 75 kilometr\u016f sjezdovek a v\u0161udyp\u0159\u00edtomn\u00e9 panorama Hohe Tauern a fantastick\u00fd v\u00fdhled na tis\u00edcilet\u00fd majest\u00e1t.<\/p>\n<h2 id=\"dolomity-it\u00e1lie-(a\u017e-3343-m-n-m)\">Dolomity, It\u00e1lie (a\u017e 3343 m n. m.)<\/h2>\n<p>Severoitalsk\u00e9 poho\u0159\u00ed je bezpochyby jednou z nejobl\u00edben\u011bj\u0161\u00edch, nejzn\u00e1m\u011bj\u0161\u00edch a p\u0159edev\u0161\u00edm nejkr\u00e1sn\u011bj\u0161\u00edch horsk\u00fdch oblast\u00ed v Alp\u00e1ch, ne-li na sv\u011bt\u011b! Dolomity jsou sou\u010d\u00e1st\u00ed Ji\u017en\u00edch Alp, kde se impozantn\u00ed skaln\u00ed \u00fatvary rozkl\u00e1daj\u00ed v regionech Veneto a Trentino-Alto Adige. Celkem se v Dolomitech nach\u00e1z\u00ed v\u00edce ne\u017e 60 t\u0159\u00edtis\u00edcov\u00fdch vrchol\u016f, p\u0159i\u010dem\u017e Marmolada v Punta Penia je se sv\u00fdmi 3343 metry nejvy\u0161\u0161\u00ed horskou skupinou v regionu, a proto se j\u00ed tak\u00e9 \u0159\u00edk\u00e1 &#8222;kr\u00e1lovna Dolomit&#8220;. A proto\u017ee \u0161ed\u00fd v\u00e1penec d\u00edky sv\u00e9 sv\u011btl\u00e9 barv\u011b p\u0159ipom\u00edn\u00e1 mnoh\u00fdm m\u00edstn\u00edm obyvatel\u016fm mramor, dal tak\u00e9 impozantn\u00ed &#8222;Marmolad\u011b&#8220; jm\u00e9no.<\/p>\n<p>Krom\u011b milovn\u00edk\u016f p\u0159\u00edrody si na sv\u00e9 p\u0159ijdou i milovn\u00edci zimn\u00edch sport\u016f, kte\u0159\u00ed se mohou vydat do Dolomit zapsan\u00fdch na seznamu sv\u011btov\u00e9ho d\u011bdictv\u00ed UNESCO. Ly\u017ea\u0159i a snowboardist\u00e9 zde najdou opravdov\u00fd r\u00e1j, proto\u017ee cel\u00e1 <a href=\"https:\/\/www.snowtrex.cz\/italie\/hochpustertal\/alta_pusteria\/lyzarska_oblast.html\" target=\"_blank\" rel=\"noopener\">ly\u017ea\u0159sk\u00e1 oblast Dolomiti Superski<\/a> nab\u00edz\u00ed neuv\u011b\u0159iteln\u00fdch 1 200 kilometr\u016f sjezdovek se zaru\u010den\u00fdm sn\u011bhem v nadmo\u0159sk\u00e9 v\u00fd\u0161ce od 1 500 do 3 200 metr\u016f, 450 vlek\u016f, 400 ly\u017ea\u0159sk\u00fdch chat na okraji sjezdovek, 24 snowpark\u016f a v neposledn\u00ed \u0159ad\u011b prvot\u0159\u00eddn\u00ed panorama s jedine\u010dn\u00fdmi vrcholy, jako jsou T\u0159i vrcholy (2 999 m n. m.).<\/p>\n<div class=\"tt-post-image-wrapper tt-post-image-wrapper-full\">\n            <div class=\"tt-image-copyright-container\">\n                <a href=\"https:\/\/www.snowtrex.cz\/magazin\/files\/2024\/04\/RS26563_shutterstock_2031267689-scr.jpg\" target=\"_blank\" rel=\"noopener\"><img loading=\"lazy\" decoding=\"async\" data-wrapped=\"true\" class=\"wp-image-52760 size-Artikelbild_gro\u00df\" title=\"T\u0159i vrcholy dosahuj\u00ed v\u00fd\u0161ky 2 999 m a jsou t\u0159emi z nejv\u00fdrazn\u011bj\u0161\u00edch vrchol\u016f v Dolomitech, kter\u00e9 jsou zaps\u00e1ny na seznamu sv\u011btov\u00e9ho d\u011bdictv\u00ed UNESCO\" src=\"https:\/\/www.snowtrex.cz\/magazin\/files\/2024\/04\/RS26563_shutterstock_2031267689-scr-729x486.jpg\" alt=\"T\u0159i vrcholy dosahuj\u00ed v\u00fd\u0161ky 2 999 m a jsou t\u0159emi z nejv\u00fdrazn\u011bj\u0161\u00edch vrchol\u016f v Dolomitech, kter\u00e9 jsou zaps\u00e1ny na seznamu sv\u011btov\u00e9ho d\u011bdictv\u00ed UNESCO\" width=\"729\" height=\"486\" srcset=\"https:\/\/www.snowtrex.cz\/magazin\/files\/2024\/04\/RS26563_shutterstock_2031267689-scr-729x486.jpg 729w, https:\/\/www.snowtrex.cz\/magazin\/files\/2024\/04\/RS26563_shutterstock_2031267689-scr-290x194.jpg 290w, https:\/\/www.snowtrex.cz\/magazin\/files\/2024\/04\/RS26563_shutterstock_2031267689-scr-728x486.jpg 728w, https:\/\/www.snowtrex.cz\/magazin\/files\/2024\/04\/RS26563_shutterstock_2031267689-scr-768x513.jpg 768w, https:\/\/www.snowtrex.cz\/magazin\/files\/2024\/04\/RS26563_shutterstock_2031267689-scr-468x312.jpg 468w, https:\/\/www.snowtrex.cz\/magazin\/files\/2024\/04\/RS26563_shutterstock_2031267689-scr-727x486.jpg 727w, https:\/\/www.snowtrex.cz\/magazin\/files\/2024\/04\/RS26563_shutterstock_2031267689-scr-300x200.jpg 300w, https:\/\/www.snowtrex.cz\/magazin\/files\/2024\/04\/RS26563_shutterstock_2031267689-scr-999x666.jpg 999w, https:\/\/www.snowtrex.cz\/magazin\/files\/2024\/04\/RS26563_shutterstock_2031267689-scr-645x430.jpg 645w, https:\/\/www.snowtrex.cz\/magazin\/files\/2024\/04\/RS26563_shutterstock_2031267689-scr-552x368.jpg 552w, https:\/\/www.snowtrex.cz\/magazin\/files\/2024\/04\/RS26563_shutterstock_2031267689-scr-405x270.jpg 405w, https:\/\/www.snowtrex.cz\/magazin\/files\/2024\/04\/RS26563_shutterstock_2031267689-scr-336x224.jpg 336w, https:\/\/www.snowtrex.cz\/magazin\/files\/2024\/04\/RS26563_shutterstock_2031267689-scr-276x184.jpg 276w, https:\/\/www.snowtrex.cz\/magazin\/files\/2024\/04\/RS26563_shutterstock_2031267689-scr-234x156.jpg 234w, https:\/\/www.snowtrex.cz\/magazin\/files\/2024\/04\/RS26563_shutterstock_2031267689-scr-192x128.jpg 192w, https:\/\/www.snowtrex.cz\/magazin\/files\/2024\/04\/RS26563_shutterstock_2031267689-scr-120x80.jpg 120w, https:\/\/www.snowtrex.cz\/magazin\/files\/2024\/04\/RS26563_shutterstock_2031267689-scr-774x516.jpg 774w, https:\/\/www.snowtrex.cz\/magazin\/files\/2024\/04\/RS26563_shutterstock_2031267689-scr-1x1.jpg 1w, https:\/\/www.snowtrex.cz\/magazin\/files\/2024\/04\/RS26563_shutterstock_2031267689-scr.jpg 1440w\" sizes=\"(min-width: 1009px) 729px, (min-width: 819px) 594px, (min-width: 569px) 729px, (min-width: 449px) 468px, 348px\" \/><\/a><div class=\"tt-image-copyright\" data-image-id=\"52760\">\u00a9 Stefano Politi Markovina\/Shutterstock<\/div>\n            <\/div>\n            <div class=\"tt-post-caption\">T\u0159i vrcholy dosahuj\u00ed v\u00fd\u0161ky 2 999 m a jsou t\u0159emi z nejv\u00fdrazn\u011bj\u0161\u00edch vrchol\u016f v Dolomitech, kter\u00e9 jsou zaps\u00e1ny na seznamu sv\u011btov\u00e9ho d\u011bdictv\u00ed UNESCO.<\/div>\n         <\/div > \n<h2 id=\"kitzsteinhorn-rakousko-(3-203-m-n-m)\">Kitzsteinhorn, Rakousko (3 203 m n. m.)<\/h2>\n<p>Kitzsteinhorn s ledovcem le\u017e\u00ed na dohled od Kaprunu v Salcbursku. Necel\u00fdch 200 metr\u016f pod vrcholem vysok\u00fdm 3 203 m se nach\u00e1z\u00ed horsk\u00e1 stanice lanovky Gipfelbahn, kter\u00e1 je sou\u010d\u00e1st\u00ed <a href=\"https:\/\/www.snowtrex.cz\/rakousko\/kaprun\/lyzarske-stredisko.html\" target=\"_blank\" rel=\"noopener\">ly\u017ea\u0159sk\u00e9 oblasti Kitzsteinhorn\/Maiskogel-Kaprun<\/a>. V ly\u017ea\u0159sk\u00e9 oblasti je z\u00e1bava na sjezdovk\u00e1ch zaru\u010dena na celkem 138 kilometrech sjezdovek, kter\u00e9 obsluhuje 47 vlek\u016f! T\u0159i d\u00edl\u010d\u00ed ly\u017ea\u0159sk\u00e9 oblasti na ledovci Kitzsteinhorn, Maiskogel a Schmittenh\u00f6he nab\u00edzej\u00ed v\u0161e, co si milovn\u00edk zimn\u00edch sport\u016f m\u016f\u017ee p\u0159\u00e1t. Za\u010d\u00e1te\u010dn\u00edci mohou tr\u00e9novat sv\u00e9 prvn\u00ed oblouky na \u0161irok\u00fdch, rovn\u00fdch svaz\u00edch, zat\u00edmco pokro\u010dil\u00ed a ambici\u00f3zn\u00ed carve\u0159i se sj\u00ed\u017ed\u011bj\u00ed do \u00fadol\u00ed na \u010derven\u00fdch a \u010dern\u00fdch sjezdovk\u00e1ch. V\u0161echny t\u0159i sjezdovky maj\u00ed tak\u00e9 vlastn\u00ed funpark s r\u016fzn\u00fdmi p\u0159ek\u00e1\u017ekami, jako jsou raily, tuby a boxy, a tak\u00e9 kickery r\u016fzn\u00fdch velikost\u00ed.<\/p>\n<h2 id=\"masiv-sella-it\u00e1lie-(a\u017e-3-125-m-n-m)\">Masiv Sella, It\u00e1lie (a\u017e 3 125 m n. m.)<\/h2>\n<p>Masiv Sella je n\u00e1horn\u00ed plo\u0161ina v italsk\u00fdch Dolomitech, kterou mnoz\u00ed milovn\u00edci zimn\u00edch sport\u016f znaj\u00ed p\u0159edev\u0161\u00edm jako ly\u017ea\u0159sk\u00e9 st\u0159edisko. Horsk\u00fd \u00fatvar le\u017e\u00ed \u010d\u00e1ste\u010dn\u011b v <a href=\"https:\/\/www.snowtrex.cz\/svet-zajezdu\/jizni-tyrolsko.html\" target=\"_blank\" rel=\"noopener\">Ji\u017en\u00edm Tyrolsku<\/a>, Trentinu a Ben\u00e1tsku, p\u0159i\u010dem\u017e nejvy\u0161\u0161\u00edm vrcholem Selly je Piz Bo\u00e8 (3 125 m n. m.). Ly\u017ea\u0159i a snowboardist\u00e9 se na n\u011bj v\u0161ak dostanou jen z\u0159\u00eddka, proto\u017ee region je zn\u00e1m\u00fd p\u0159edev\u0161\u00edm d\u00edky &#8222;nejkr\u00e1sn\u011bj\u0161\u00ed okru\u017en\u00ed t\u00fa\u0159e v It\u00e1lii&#8220;, <a href=\"https:\/\/www.snowtrex.cz\/svet-zajezdu\/sellaronda.html\" target=\"_blank\" rel=\"noopener\">Sellarond\u011b<\/a>. Na tomto pravd\u011bpodobn\u011b nejzn\u00e1m\u011bj\u0161\u00edm ly\u017ea\u0159sk\u00e9m okruhu na sv\u011bt\u011b je nutn\u00e1 fyzick\u00e1 kondice, proto\u017ee milovn\u00edci zimn\u00edch sport\u016f pot\u0159ebuj\u00ed na zdol\u00e1n\u00ed 40 kilometr\u016f sjezdovek nejm\u00e9n\u011b \u0161est hodin, a to i p\u0159i svi\u017en\u00e9m tempu. Na ly\u017ea\u0159sk\u00e9m okruhu, kter\u00fd lze absolvovat ve sm\u011bru nebo proti sm\u011bru hodinov\u00fdch ru\u010di\u010dek, p\u0159ekon\u00e1vaj\u00ed milovn\u00edci zimn\u00edch sport\u016f \u010dty\u0159i \u00fadol\u00ed ve t\u0159ech provinci\u00edch, a proto\u017ee v\u0161echny sjezdovky jsou modr\u00e9 nebo \u010derven\u00e9, je Sellaronda vhodn\u00e1 nejen pro profesion\u00e1ly.<\/p>\n<div class=\"tt-post-image-wrapper tt-post-image-wrapper-full\">\n            <div class=\"tt-image-copyright-container\">\n                <a href=\"https:\/\/www.snowtrex.cz\/magazin\/files\/2024\/04\/RS5193_shutterstock_473965489-scr.jpg\" target=\"_blank\" rel=\"noopener\"><img loading=\"lazy\" decoding=\"async\" data-wrapped=\"true\" class=\"wp-image-52761 size-Artikelbild_gro\u00df\" title=\"Masiv Sella je vysok\u00fd a\u017e 3125 metr\u016f a nach\u00e1z\u00ed se na n\u011bm nejlegend\u00e1rn\u011bj\u0161\u00ed ly\u017ea\u0159sk\u00fd okruh na sv\u011bt\u011b: 40 km dlouh\u00e1 &quot;Sellaronda&quot;\" src=\"https:\/\/www.snowtrex.cz\/magazin\/files\/2024\/04\/RS5193_shutterstock_473965489-scr-729x486.jpg\" alt=\"Masiv Sella je vysok\u00fd a\u017e 3125 metr\u016f a nach\u00e1z\u00ed se na n\u011bm nejlegend\u00e1rn\u011bj\u0161\u00ed ly\u017ea\u0159sk\u00fd okruh na sv\u011bt\u011b: 40 km dlouh\u00e1 &quot;Sellaronda&quot;\" width=\"729\" height=\"486\" srcset=\"https:\/\/www.snowtrex.cz\/magazin\/files\/2024\/04\/RS5193_shutterstock_473965489-scr-729x486.jpg 729w, https:\/\/www.snowtrex.cz\/magazin\/files\/2024\/04\/RS5193_shutterstock_473965489-scr-290x193.jpg 290w, https:\/\/www.snowtrex.cz\/magazin\/files\/2024\/04\/RS5193_shutterstock_473965489-scr-728x485.jpg 728w, https:\/\/www.snowtrex.cz\/magazin\/files\/2024\/04\/RS5193_shutterstock_473965489-scr-768x512.jpg 768w, https:\/\/www.snowtrex.cz\/magazin\/files\/2024\/04\/RS5193_shutterstock_473965489-scr-468x312.jpg 468w, https:\/\/www.snowtrex.cz\/magazin\/files\/2024\/04\/RS5193_shutterstock_473965489-scr-300x200.jpg 300w, https:\/\/www.snowtrex.cz\/magazin\/files\/2024\/04\/RS5193_shutterstock_473965489-scr-999x666.jpg 999w, https:\/\/www.snowtrex.cz\/magazin\/files\/2024\/04\/RS5193_shutterstock_473965489-scr-645x430.jpg 645w, https:\/\/www.snowtrex.cz\/magazin\/files\/2024\/04\/RS5193_shutterstock_473965489-scr-552x368.jpg 552w, https:\/\/www.snowtrex.cz\/magazin\/files\/2024\/04\/RS5193_shutterstock_473965489-scr-405x270.jpg 405w, https:\/\/www.snowtrex.cz\/magazin\/files\/2024\/04\/RS5193_shutterstock_473965489-scr-336x224.jpg 336w, https:\/\/www.snowtrex.cz\/magazin\/files\/2024\/04\/RS5193_shutterstock_473965489-scr-276x184.jpg 276w, https:\/\/www.snowtrex.cz\/magazin\/files\/2024\/04\/RS5193_shutterstock_473965489-scr-234x156.jpg 234w, https:\/\/www.snowtrex.cz\/magazin\/files\/2024\/04\/RS5193_shutterstock_473965489-scr-192x128.jpg 192w, https:\/\/www.snowtrex.cz\/magazin\/files\/2024\/04\/RS5193_shutterstock_473965489-scr-120x80.jpg 120w, https:\/\/www.snowtrex.cz\/magazin\/files\/2024\/04\/RS5193_shutterstock_473965489-scr-774x516.jpg 774w, https:\/\/www.snowtrex.cz\/magazin\/files\/2024\/04\/RS5193_shutterstock_473965489-scr-2x1.jpg 2w, https:\/\/www.snowtrex.cz\/magazin\/files\/2024\/04\/RS5193_shutterstock_473965489-scr.jpg 1440w\" sizes=\"(min-width: 1009px) 729px, (min-width: 819px) 594px, (min-width: 569px) 729px, (min-width: 449px) 468px, 348px\" \/><\/a><div class=\"tt-image-copyright\" data-image-id=\"52761\">\u00a9 Bucchi Francesco\/shutterstock.de<\/div>\n            <\/div>\n            <div class=\"tt-post-caption\">Masiv Sella je vysok\u00fd a\u017e 3125 metr\u016f a nach\u00e1z\u00ed se na n\u011bm nejlegend\u00e1rn\u011bj\u0161\u00ed ly\u017ea\u0159sk\u00fd okruh na sv\u011bt\u011b: 40 km dlouh\u00e1 &#8222;Sellaronda&#8220;.<\/div>\n         <\/div > \n<h2 id=\"dachstein-rakousko-(2-995-m-n-m)\">Dachstein, Rakousko (2 995 m n. m.)<\/h2>\n<p>Jak u\u017e n\u00e1zev napov\u00edd\u00e1, Dachstein je nejvy\u0161\u0161\u00ed horou masivu Dachstein. D\u00edky sv\u00e9mu tzv. dvojit\u00e9mu vrcholu je hora zn\u00e1m\u00e1 i daleko za hranicemi alpsk\u00e9 republiky. Vy\u0161\u0161\u00ed z obou vrchol\u016f nese rovn\u011b\u017e jm\u00e9no Dachstein a le\u017e\u00ed v nadmo\u0159sk\u00e9 v\u00fd\u0161ce 2 995 metr\u016f. Jen 400 metr\u016f severn\u011bji se nach\u00e1z\u00ed Doln\u00ed Dachstein s v\u00fd\u0161kou 2 934 metr\u016f. Sjezdovky v okol\u00ed Ramsau a Schladmingu jsou sou\u010d\u00e1st\u00ed rozs\u00e1hl\u00e9 <a href=\"https:\/\/www.snowtrex.cz\/rakousko\/schladming\/region_dachstein\/lyzarska_oblast.html\" target=\"_blank\" rel=\"noopener\">ly\u017ea\u0159sk\u00e9 oblasti Ski amad\u00e9<\/a>. \u010cek\u00e1 zde na v\u00e1s celkem 760 kilometr\u016f sjezdovek, z toho 30 kilometr\u016f na ledovci Dachstein a v jeho okol\u00ed. Mimo sjezdovky se mohou freeride\u0159i vy\u0159\u00e1dit na 43 kilometrech ly\u017ea\u0159sk\u00fdch tras.<\/p>\n<div class=\"tt-post-image-wrapper tt-post-image-wrapper-full\">\n            <div class=\"tt-image-copyright-container\">\n                <a href=\"https:\/\/www.snowtrex.cz\/magazin\/files\/2024\/04\/RS16561_shutterstock_1082145095-bearbeitet-scr.jpg\" target=\"_blank\" rel=\"noopener\"><img loading=\"lazy\" decoding=\"async\" data-wrapped=\"true\" class=\"wp-image-52762 size-Artikelbild_gro\u00df\" title=\"Na \u00fapat\u00ed Dachsteinu (2 995 m) se nach\u00e1z\u00ed ledovcov\u00e1 ly\u017ea\u0159sk\u00e1 oblast, kter\u00e1 je mezi milovn\u00edky zimn\u00edch sport\u016f st\u00e1le mimo\u0159\u00e1dn\u011b obl\u00edben\u00e1\" src=\"https:\/\/www.snowtrex.cz\/magazin\/files\/2024\/04\/RS16561_shutterstock_1082145095-bearbeitet-scr-729x486.jpg\" alt=\"Na \u00fapat\u00ed Dachsteinu (2 995 m) se nach\u00e1z\u00ed ledovcov\u00e1 ly\u017ea\u0159sk\u00e1 oblast, kter\u00e1 je mezi milovn\u00edky zimn\u00edch sport\u016f st\u00e1le mimo\u0159\u00e1dn\u011b obl\u00edben\u00e1\" width=\"729\" height=\"486\" srcset=\"https:\/\/www.snowtrex.cz\/magazin\/files\/2024\/04\/RS16561_shutterstock_1082145095-bearbeitet-scr-729x486.jpg 729w, https:\/\/www.snowtrex.cz\/magazin\/files\/2024\/04\/RS16561_shutterstock_1082145095-bearbeitet-scr-290x193.jpg 290w, https:\/\/www.snowtrex.cz\/magazin\/files\/2024\/04\/RS16561_shutterstock_1082145095-bearbeitet-scr-728x485.jpg 728w, https:\/\/www.snowtrex.cz\/magazin\/files\/2024\/04\/RS16561_shutterstock_1082145095-bearbeitet-scr-768x512.jpg 768w, https:\/\/www.snowtrex.cz\/magazin\/files\/2024\/04\/RS16561_shutterstock_1082145095-bearbeitet-scr-468x312.jpg 468w, https:\/\/www.snowtrex.cz\/magazin\/files\/2024\/04\/RS16561_shutterstock_1082145095-bearbeitet-scr-300x200.jpg 300w, https:\/\/www.snowtrex.cz\/magazin\/files\/2024\/04\/RS16561_shutterstock_1082145095-bearbeitet-scr-999x666.jpg 999w, https:\/\/www.snowtrex.cz\/magazin\/files\/2024\/04\/RS16561_shutterstock_1082145095-bearbeitet-scr-645x430.jpg 645w, https:\/\/www.snowtrex.cz\/magazin\/files\/2024\/04\/RS16561_shutterstock_1082145095-bearbeitet-scr-552x368.jpg 552w, https:\/\/www.snowtrex.cz\/magazin\/files\/2024\/04\/RS16561_shutterstock_1082145095-bearbeitet-scr-405x270.jpg 405w, https:\/\/www.snowtrex.cz\/magazin\/files\/2024\/04\/RS16561_shutterstock_1082145095-bearbeitet-scr-336x224.jpg 336w, https:\/\/www.snowtrex.cz\/magazin\/files\/2024\/04\/RS16561_shutterstock_1082145095-bearbeitet-scr-276x184.jpg 276w, https:\/\/www.snowtrex.cz\/magazin\/files\/2024\/04\/RS16561_shutterstock_1082145095-bearbeitet-scr-234x156.jpg 234w, https:\/\/www.snowtrex.cz\/magazin\/files\/2024\/04\/RS16561_shutterstock_1082145095-bearbeitet-scr-192x128.jpg 192w, https:\/\/www.snowtrex.cz\/magazin\/files\/2024\/04\/RS16561_shutterstock_1082145095-bearbeitet-scr-120x80.jpg 120w, https:\/\/www.snowtrex.cz\/magazin\/files\/2024\/04\/RS16561_shutterstock_1082145095-bearbeitet-scr-774x516.jpg 774w, https:\/\/www.snowtrex.cz\/magazin\/files\/2024\/04\/RS16561_shutterstock_1082145095-bearbeitet-scr-2x1.jpg 2w, https:\/\/www.snowtrex.cz\/magazin\/files\/2024\/04\/RS16561_shutterstock_1082145095-bearbeitet-scr.jpg 1440w\" sizes=\"(min-width: 1009px) 729px, (min-width: 819px) 594px, (min-width: 569px) 729px, (min-width: 449px) 468px, 348px\" \/><\/a><div class=\"tt-image-copyright\" data-image-id=\"52762\">\u00a9 Luboslav Tiles\/shutterstock.de<\/div>\n            <\/div>\n            <div class=\"tt-post-caption\">Na \u00fapat\u00ed Dachsteinu (2 995 m n. m.) se nach\u00e1z\u00ed ledovcov\u00e1 ly\u017ea\u0159sk\u00e1 oblast, kter\u00e1 je mezi milovn\u00edky zimn\u00edch sport\u016f st\u00e1le mimo\u0159\u00e1dn\u011b obl\u00edben\u00e1.<\/div>\n         <\/div > \n<h2 id=\"zugspitze-n\u011bmecko-(2-962-m-n-m)\">Zugspitze, N\u011bmecko (2 962 m n. m.)<\/h2>\n<p><a href=\"https:\/\/www.snowtrex.cz\/nemecko\/lyzovani.html\" target=\"_blank\" rel=\"noopener\">N\u011bmecko<\/a> nemus\u00ed b\u00fdt nutn\u011b zem\u00ed, kter\u00e1 je jako prvn\u00ed spojov\u00e1na se snovou zimn\u00ed krajinou a velkolep\u00fdmi panoramaty alpsk\u00fdch hor. A p\u0159esto by jeden z n\u011bmeck\u00fdch vrchol\u016f nem\u011bl chyb\u011bt na seznamu nejzn\u00e1m\u011bj\u0161\u00edch alpsk\u00fdch hor: Zugspitze. Nejvy\u0161\u0161\u00ed hora N\u011bmecka se nach\u00e1z\u00ed v poho\u0159\u00ed Wetterstein nedaleko <a href=\"https:\/\/www.snowtrex.cz\/nemecko\/garmisch-partenkirchen\/lyzovani.html\" target=\"_blank\" rel=\"noopener\">Garmisch-Partenkirchenu<\/a> a dosahuje v\u00fd\u0161ky 2 962 metr\u016f. Obl\u00edben\u00e9 <a href=\"https:\/\/www.snowtrex.cz\/nemecko\/garmisch-partenkirchen\/lyzarske-stredisko.html\" target=\"_blank\" rel=\"noopener\">ly\u017ea\u0159sk\u00e9 st\u0159edisko Garmisch-Classic, Zugspitze<\/a>, l\u00e1k\u00e1 v zim\u011b p\u0159edev\u0161\u00edm ly\u017ea\u0159e a snowboardisty na 60 kilometr\u016f perfektn\u011b upraven\u00fdch sjezdovek v\u010detn\u011b legend\u00e1rn\u00edho sjezdu Kandah\u00e1r. Na horu v\u00e1s vyveze lanovka Zugspitze, kter\u00e1 byla v roce 2017 zrekonstruov\u00e1na a skrze okna od podlahy ke stropu nab\u00edz\u00ed \u00fachvatn\u00fd v\u00fdhled na bavorsk\u00e9 Alpy. Horsk\u00e1 stanice se nach\u00e1z\u00ed v nadmo\u0159sk\u00e9 v\u00fd\u0161ce 2 943 metr\u016f, pouh\u00fdch 20 metr\u016f pod vrcholem nejvy\u0161\u0161\u00ed n\u011bmeck\u00e9 hory a jedn\u00e9 z nejfotogeni\u010dt\u011bj\u0161\u00edch hor v Alp\u00e1ch.<\/p>\n<figure class=\"wp-block-embed-youtube wp-block-embed is-type-video is-provider-youtube wp-embed-aspect-16-9 wp-has-aspect-ratio\"><div class=\"lyte-wrapper\" title=\"Skifahren auf der Zugspitze\" style=\"width:853px;max-width:100%;margin:5px auto;\"><div class=\"lyMe\" id=\"WYL_4Ex1fXALYQw\" itemprop=\"video\" itemscope itemtype=\"https:\/\/schema.org\/VideoObject\"><div><meta itemprop=\"thumbnailUrl\" content=\"https:\/\/i.ytimg.com\/vi\/4Ex1fXALYQw\/hqdefault.jpg\" \/><meta itemprop=\"embedURL\" content=\"https:\/\/www.youtube.com\/embed\/4Ex1fXALYQw\" \/><meta itemprop=\"duration\" content=\"PT1M6S\" \/><meta itemprop=\"uploadDate\" content=\"2019-11-14T14:25:20Z\" \/><\/div><div id=\"lyte_4Ex1fXALYQw\" data-src=\"https:\/\/i.ytimg.com\/vi\/4Ex1fXALYQw\/hqdefault.jpg\" class=\"pL\"><div class=\"tC\"><div class=\"tT\" itemprop=\"name\">Skifahren auf der Zugspitze<\/div><\/div><div class=\"play\"><\/div><div class=\"ctrl\"><div class=\"Lctrl\"><\/div><div class=\"Rctrl\"><\/div><\/div><\/div><noscript><a href=\"http:\/\/youtu.be\/4Ex1fXALYQw\" rel=\"nofollow\"><img loading=\"lazy\" decoding=\"async\" src=\"http:\/\/i.ytimg.com\/vi\/4Ex1fXALYQw\/0.jpg\" alt=\"Skifahren auf der Zugspitze\" width=\"853\" height=\"460\" \/><br \/>Watch this video on YouTube<\/a><\/noscript><meta itemprop=\"description\" content=\"170 Tage Wintersaison auf knapp 3000 Metern mit Blick auf 400 Gipfel in vier L\u00e4ndern.\"><\/div><\/div><div class=\"lL\" style=\"max-width:100%;width:853px;margin:5px auto;\"><br\/><span class=\"lyte_disclaimer\">Upozor\u0148ujeme tak\u00e9, \u017ee pou\u017e\u00edv\u00e1n\u00edm na\u0161ich slu\u017eeb a integrac\u00ed slu\u017eeb YouTube API plat\u00ed <a href=\"https:\/\/www.youtube.com\/t\/terms\">Smluvn\u00ed podm\u00ednky YouTube<\/a> a <a href=\"https:\/\/developers.google.com\/youtube\/terms\/api-services-terms-of-service-emea-de\">Smluvn\u00ed podm\u00ednky YouTube API<\/a> a va\u0161e pou\u017e\u00edv\u00e1n\u00ed na\u0161ich webov\u00fdch str\u00e1nek se pova\u017euje za souhlas s t\u011bmito podm\u00ednkami.<\/span><\/div><figcaption><\/figcaption><\/figure>\n<h2 id=\"hochk\u00f6nig-rakousko-(2-941-m-n-m)\">Hochk\u00f6nig, Rakousko (2 941 m n. m.)<\/h2>\n<p>Jako jedna z nejmajest\u00e1tn\u011bj\u0161\u00edch a nejimpozantn\u011bj\u0161\u00edch hor Rakouska nese Hochk\u00f6nig sv\u00e9 jm\u00e9no pr\u00e1vem. A\u010dkoli je vrchol vysok\u00fd &#8222;jen&#8220; 2 941 m, vyzna\u010duje se v Berchtesgadensk\u00fdch Alp\u00e1ch zvl\u00e1\u0161tnost\u00ed. Hochk\u00f6nig se toti\u017e ty\u010d\u00ed nad v\u0161emi vrcholy v okruhu 35 kilometr\u016f. I proto je oblast s n\u00e1padn\u00fdm horsk\u00fdm masivem tak obl\u00edben\u00e1 mezi milovn\u00edky alpsk\u00fdch zimn\u00edch sport\u016f. Jen <a href=\"https:\/\/www.snowtrex.cz\/rakousko\/muhlbach_am_hochkonig\/lyzarske-stredisko.html\" target=\"_blank\" rel=\"noopener\">ly\u017ea\u0159sk\u00e1 oblast Hochk\u00f6nig<\/a> se m\u016f\u017ee pochlubit 120 kilometry sjezdovek a 36 vleky. D\u00edky \u0161irok\u00e9 nab\u00eddce rovinat\u00fdch a \u0161irok\u00fdch sjezdovek je vhodn\u00e1 zejm\u00e9na pro rodiny a za\u010d\u00e1te\u010dn\u00edky.<\/p>\n<div class=\"tt-post-image-wrapper tt-post-image-wrapper-full\">\n            <div class=\"tt-image-copyright-container\">\n                <a href=\"https:\/\/www.snowtrex.cz\/magazin\/files\/2024\/04\/RS27208_A21_4665-scr.jpg\" target=\"_blank\" rel=\"noopener\"><img loading=\"lazy\" decoding=\"async\" data-wrapped=\"true\" class=\"wp-image-52763 size-Artikelbild_gro\u00df\" title=\"Oblast kolem Hochk\u00f6nigu (2 941 m) v Berchtesgadensk\u00fdch Alp\u00e1ch pat\u0159\u00ed k nejobl\u00edben\u011bj\u0161\u00edm ly\u017ea\u0159sk\u00fdm oblastem v Rakousku. Samotn\u00fd vrchol se ty\u010d\u00ed nad v\u0161emi horami v okruhu necel\u00fdch 35 kilometr\u016f\" src=\"https:\/\/www.snowtrex.cz\/magazin\/files\/2024\/04\/RS27208_A21_4665-scr-729x486.jpg\" alt=\"Oblast kolem Hochk\u00f6nigu (2 941 m) v Berchtesgadensk\u00fdch Alp\u00e1ch pat\u0159\u00ed k nejobl\u00edben\u011bj\u0161\u00edm ly\u017ea\u0159sk\u00fdm oblastem v Rakousku. Samotn\u00fd vrchol se ty\u010d\u00ed nad v\u0161emi horami v okruhu necel\u00fdch 35 kilometr\u016f\" width=\"729\" height=\"486\" srcset=\"https:\/\/www.snowtrex.cz\/magazin\/files\/2024\/04\/RS27208_A21_4665-scr-729x486.jpg 729w, https:\/\/www.snowtrex.cz\/magazin\/files\/2024\/04\/RS27208_A21_4665-scr-290x193.jpg 290w, https:\/\/www.snowtrex.cz\/magazin\/files\/2024\/04\/RS27208_A21_4665-scr-728x485.jpg 728w, https:\/\/www.snowtrex.cz\/magazin\/files\/2024\/04\/RS27208_A21_4665-scr-768x512.jpg 768w, https:\/\/www.snowtrex.cz\/magazin\/files\/2024\/04\/RS27208_A21_4665-scr-468x312.jpg 468w, https:\/\/www.snowtrex.cz\/magazin\/files\/2024\/04\/RS27208_A21_4665-scr-300x200.jpg 300w, https:\/\/www.snowtrex.cz\/magazin\/files\/2024\/04\/RS27208_A21_4665-scr-999x666.jpg 999w, https:\/\/www.snowtrex.cz\/magazin\/files\/2024\/04\/RS27208_A21_4665-scr-645x430.jpg 645w, https:\/\/www.snowtrex.cz\/magazin\/files\/2024\/04\/RS27208_A21_4665-scr-552x368.jpg 552w, https:\/\/www.snowtrex.cz\/magazin\/files\/2024\/04\/RS27208_A21_4665-scr-405x270.jpg 405w, https:\/\/www.snowtrex.cz\/magazin\/files\/2024\/04\/RS27208_A21_4665-scr-336x224.jpg 336w, https:\/\/www.snowtrex.cz\/magazin\/files\/2024\/04\/RS27208_A21_4665-scr-276x184.jpg 276w, https:\/\/www.snowtrex.cz\/magazin\/files\/2024\/04\/RS27208_A21_4665-scr-234x156.jpg 234w, https:\/\/www.snowtrex.cz\/magazin\/files\/2024\/04\/RS27208_A21_4665-scr-192x128.jpg 192w, https:\/\/www.snowtrex.cz\/magazin\/files\/2024\/04\/RS27208_A21_4665-scr-120x80.jpg 120w, https:\/\/www.snowtrex.cz\/magazin\/files\/2024\/04\/RS27208_A21_4665-scr-774x516.jpg 774w, https:\/\/www.snowtrex.cz\/magazin\/files\/2024\/04\/RS27208_A21_4665-scr-2x1.jpg 2w, https:\/\/www.snowtrex.cz\/magazin\/files\/2024\/04\/RS27208_A21_4665-scr.jpg 1440w\" sizes=\"(min-width: 1009px) 729px, (min-width: 819px) 594px, (min-width: 569px) 729px, (min-width: 449px) 468px, 348px\" \/><\/a><div class=\"tt-image-copyright\" data-image-id=\"52763\">\u00a9 Hochk\u00f6nig Tourismus GmbH<\/div>\n            <\/div>\n            <div class=\"tt-post-caption\">Oblast kolem Hochk\u00f6nigu (2 941 m n. m.) v Berchtesgadensk\u00fdch Alp\u00e1ch pat\u0159\u00ed k nejobl\u00edben\u011bj\u0161\u00edm ly\u017ea\u0159sk\u00fdm oblastem v Rakousku. Samotn\u00fd vrchol se ty\u010d\u00ed nad v\u0161emi horami v okruhu necel\u00fdch 35 kilometr\u016f.<\/div>\n         <\/div > \n<h2 id=\"watzmann-n\u011bmecko-(2-713-m-n-m)\">Watzmann, N\u011bmecko (2 713 m n. m.)<\/h2>\n<p>Na jihu N\u011bmecka, p\u0159esn\u011bji v Bavorsku, le\u017e\u00ed impozantn\u00ed Watzmann s v\u00fd\u0161kou 2 713 metr\u016f. Hora v\u0161ak nen\u00ed proslul\u00e1 svou v\u00fd\u0161kou, n\u00fdbr\u017e mimo\u0159\u00e1dn\u00fdm a majest\u00e1tn\u00edm tvarem. Watzmann, kter\u00e9mu se tak\u00e9 \u0159\u00edk\u00e1 &#8222;osudov\u00e1 hora regionu Berchtesgaden&#8220;, z\u00edskal v minulosti v anket\u00e1ch odborn\u00fdch \u010dasopis\u016f titul nejkr\u00e1sn\u011bj\u0161\u00ed hory sv\u011bta a porazil i sv\u011btozn\u00e1m\u00e9 vrcholy, jako je Matterhorn nebo Eiger. Jen v\u00fdchodn\u00ed st\u011bna Watzmannu se t\u00e1hne do v\u00fd\u0161ky p\u0159es 1 800 metr\u016f, co\u017e z n\u00ed \u010din\u00ed nejdel\u0161\u00ed skaln\u00ed st\u011bnu ve V\u00fdchodn\u00edch Alp\u00e1ch. V zim\u011b maj\u00ed ly\u017ea\u0159i a snowboardist\u00e9 v <a href=\"https:\/\/www.snowtrex.cz\/nemecko\/berchtesgaden\/lyzarske-stredisko.html\" target=\"_blank\" rel=\"noopener\">ly\u017ea\u0159sk\u00e9 oblasti Berchtesgaden<\/a> k dispozici celkem 44 kilometr\u016f sjezdovek v nejkr\u00e1sn\u011bj\u0161\u00ed alpsk\u00e9 krajin\u011b.<\/p>\n<div class=\"tt-post-image-wrapper tt-post-image-wrapper-full\">\n            <div class=\"tt-image-copyright-container\">\n                <a href=\"https:\/\/www.snowtrex.cz\/magazin\/files\/2024\/04\/RS4999_shutterstock_339439214-scr.jpg\" target=\"_blank\" rel=\"noopener\"><img loading=\"lazy\" decoding=\"async\" data-wrapped=\"true\" class=\"wp-image-52764 size-Artikelbild_gro\u00df\" title=\"Watzmann (2 713 m n. m.) je jednou z nejv\u00fdrazn\u011bj\u0161\u00edch hor v N\u011bmecku, a proto tak\u00e9 jednou z nejzn\u00e1m\u011bj\u0161\u00edch v Alp\u00e1ch\" src=\"https:\/\/www.snowtrex.cz\/magazin\/files\/2024\/04\/RS4999_shutterstock_339439214-scr-729x486.jpg\" alt=\"Watzmann (2 713 m n. m.) je jednou z nejv\u00fdrazn\u011bj\u0161\u00edch hor v N\u011bmecku, a proto tak\u00e9 jednou z nejzn\u00e1m\u011bj\u0161\u00edch v Alp\u00e1ch\" width=\"729\" height=\"486\" srcset=\"https:\/\/www.snowtrex.cz\/magazin\/files\/2024\/04\/RS4999_shutterstock_339439214-scr-729x486.jpg 729w, https:\/\/www.snowtrex.cz\/magazin\/files\/2024\/04\/RS4999_shutterstock_339439214-scr-468x312.jpg 468w, https:\/\/www.snowtrex.cz\/magazin\/files\/2024\/04\/RS4999_shutterstock_339439214-scr-300x200.jpg 300w, https:\/\/www.snowtrex.cz\/magazin\/files\/2024\/04\/RS4999_shutterstock_339439214-scr-999x666.jpg 999w, https:\/\/www.snowtrex.cz\/magazin\/files\/2024\/04\/RS4999_shutterstock_339439214-scr-645x430.jpg 645w, https:\/\/www.snowtrex.cz\/magazin\/files\/2024\/04\/RS4999_shutterstock_339439214-scr-552x368.jpg 552w, https:\/\/www.snowtrex.cz\/magazin\/files\/2024\/04\/RS4999_shutterstock_339439214-scr-405x270.jpg 405w, https:\/\/www.snowtrex.cz\/magazin\/files\/2024\/04\/RS4999_shutterstock_339439214-scr-336x224.jpg 336w, https:\/\/www.snowtrex.cz\/magazin\/files\/2024\/04\/RS4999_shutterstock_339439214-scr-276x184.jpg 276w, https:\/\/www.snowtrex.cz\/magazin\/files\/2024\/04\/RS4999_shutterstock_339439214-scr-234x156.jpg 234w, https:\/\/www.snowtrex.cz\/magazin\/files\/2024\/04\/RS4999_shutterstock_339439214-scr-192x128.jpg 192w, https:\/\/www.snowtrex.cz\/magazin\/files\/2024\/04\/RS4999_shutterstock_339439214-scr-120x80.jpg 120w, https:\/\/www.snowtrex.cz\/magazin\/files\/2024\/04\/RS4999_shutterstock_339439214-scr-774x516.jpg 774w, https:\/\/www.snowtrex.cz\/magazin\/files\/2024\/04\/RS4999_shutterstock_339439214-scr-2x1.jpg 2w\" sizes=\"(min-width: 1009px) 729px, (min-width: 819px) 594px, (min-width: 569px) 729px, (min-width: 449px) 468px, 348px\" \/><\/a><div class=\"tt-image-copyright\" data-image-id=\"52764\">\u00a9 canadastock\/shutterstock.de<\/div>\n            <\/div>\n            <div class=\"tt-post-caption\">Watzmann (2 713 m n. m.) je jednou z nejv\u00fdrazn\u011bj\u0161\u00edch hor v N\u011bmecku, a proto tak\u00e9 jednou z nejzn\u00e1m\u011bj\u0161\u00edch v Alp\u00e1ch.<\/div>\n         <\/div > \n<h2 id=\"\u010casto-kladen\u00e9-ot\u00e1zky-o-slavn\u00fdch-hor\u00e1ch-v-alp\u00e1ch\">\u010casto kladen\u00e9 ot\u00e1zky o slavn\u00fdch hor\u00e1ch v Alp\u00e1ch<\/h2>\n<h3>\u010c\u00edm je Mont Blanc v\u00fdjime\u010dn\u00fd pro zimn\u00ed sporty?<\/h3>\n<p>Mont Blanc, nejvy\u0161\u0161\u00ed hora Evropy s v\u00fd\u0161kou 4 810 metr\u016f, tvo\u0159\u00ed p\u016fsobivou kulisu ly\u017ea\u0159sk\u00e9 oblasti Chamonix-Mont Blanc. Zat\u00edmco samotn\u00e1 hora nen\u00ed sj\u00edzdn\u00e1, region nab\u00edz\u00ed p\u0159ibli\u017en\u011b 870 kilometr\u016f sjezdovek a 260 vlek\u016f, co\u017e z n\u011bj \u010din\u00ed vysn\u011bnou destinaci pro ly\u017ea\u0159e a snowboardisty.<\/p>\n<h3>Je Dufourspitze ve \u0160v\u00fdcarsku vhodn\u00e1 pro ly\u017ea\u0159sk\u00e9 z\u00e1jezdy?<\/h3>\n<p>Ano, Dufourspitze je se sv\u00fdmi 4 634 metry druhou nejvy\u0161\u0161\u00ed horou Alp a je ide\u00e1ln\u00edm c\u00edlem pro ly\u017ea\u0159sk\u00e9 turisty. Ly\u017eov\u00e1n\u00ed na upraven\u00fdch sjezdovk\u00e1ch zde sice nen\u00ed mo\u017en\u00e9, ale legend\u00e1rn\u00ed chata Monte Rosa (2 883 m n. m.) je ide\u00e1ln\u00ed jednou z n\u011bkolika unik\u00e1tn\u00edch ly\u017ea\u0159sk\u00fdch tras, kter\u00e1 milovn\u00edk\u016fm zimn\u00edch sport\u016f nab\u00edz\u00ed jedny z nejlep\u0161\u00edch alpsk\u00fdch v\u00fdhled\u016f na italsk\u00e1 \u00fadol\u00ed a okoln\u00ed \u010dty\u0159tis\u00edcov\u00e9 vrcholy.<\/p>\n<h3>Co \u010dek\u00e1 na milovn\u00edky zimn\u00edch sport\u016f v ly\u017ea\u0159sk\u00e9 oblasti Matterhorn?<\/h3>\n<p>Ly\u017ea\u0159sk\u00e1 oblast Zermatt nedaleko ikonick\u00e9ho Matterhornu (4 478 m n. m.) nab\u00edz\u00ed milovn\u00edk\u016fm zimn\u00edch sport\u016f v\u00edce ne\u017e 200 kilometr\u016f sjezdovek. A\u010dkoli se na samotn\u00e9 ho\u0159e ned\u00e1 ly\u017eovat, jej\u00ed jedine\u010dn\u00e1 silueta je viditeln\u00e1 t\u00e9m\u011b\u0159 z ka\u017ed\u00e9ho m\u00edsta v ly\u017ea\u0159sk\u00e9 oblasti a poskytuje nezapomenuteln\u00fd z\u00e1\u017eitek.<\/p>\n<h3>Jak\u00e9 jsou hlavn\u00ed atrakce regionu Jungfrau ve \u0160v\u00fdcarsku pro ly\u017ea\u0159e a snowboardisty?<\/h3>\n<p>Oblast Jungfrau ve \u0160v\u00fdcarsku je zn\u00e1m\u00e1 sv\u00fdmi t\u0159emi impozantn\u00edmi vrcholy: Eiger (4 158 m n. m.), M\u00f6nch (4 107 m n. m.) a Jungfrau (4 158 m n. m.). Ly\u017ea\u0159i a snowboardist\u00e9 se zde mohou vy\u0159\u00e1dit na zhruba 200 kilometrech sjezdovek ve v\u00fd\u0161ce od 796 do 2 970 m. Region s p\u016fsobiv\u00fdm ledovcov\u00fdm sv\u011btem je tak\u00e9 sou\u010d\u00e1st\u00ed sv\u011btov\u00e9ho d\u011bdictv\u00ed UNESCO a v\u017edy nab\u00edz\u00ed n\u00e1dhern\u00e9 v\u00fdhledy na v\u011b\u010dn\u00fd led.<\/p>\n<h3>Co nab\u00edz\u00ed ly\u017ea\u0159sk\u00e1 oblast Dolomiti Superski v italsk\u00fdch Dolomitech?<\/h3>\n<p>Dolomiti Superski je jednou z nejv\u011bt\u0161\u00edch ly\u017ea\u0159sk\u00fdch oblast\u00ed na sv\u011bt\u011b a zahrnuje 1 200 kilometr\u016f sjezdovek v nadmo\u0159sk\u00e9 v\u00fd\u0161ce od 1 500 do 3 200 metr\u016f. Ly\u017ea\u0159i a snowboardist\u00e9 zde najdou 450 vlek\u016f, t\u00e9m\u011b\u0159 400 ly\u017ea\u0159sk\u00fdch chat, 24 snowpark\u016f a \u00fachvatn\u00e9 panorama. Zvl\u00e1\u0161t\u011b zn\u00e1m\u00fdm vrcholem regionu, kter\u00fd byl v roce 2009 zaps\u00e1n na seznam sv\u011btov\u00e9ho d\u011bdictv\u00ed UNESCO, jsou T\u0159i vrcholy (2 999 m n. m.), kter\u00e9 sv\u00fdmi n\u00e1padn\u00fdmi skalnat\u00fdmi \u0161t\u00edty pom\u00e1haj\u00ed charakterizovat panorama Dolomit.<\/p>\n","protected":false},"excerpt":{"rendered":"<p>Ka\u017ed\u00fd, kdo se v zim\u011b vyd\u00e1v\u00e1 do Alp, aby na ly\u017e\u00edch nebo snowboardu vyj\u00ed\u017ed\u011bl oblouky na sn\u011bhu, chce samoz\u0159ejm\u011b jezdit na perfektn\u011b upraven\u00fdch sjezdovk\u00e1ch v prvot\u0159\u00eddn\u00edch ly\u017ea\u0159sk\u00fdch st\u0159edisc\u00edch. A pokud se pak v\u00fdhled ze sjezdovek m\u016f\u017ee zatoulat a\u017e k \u00fachvatn\u00fdm vrcholk\u016fm, srdce zimn\u00edho sportovce zaples\u00e1. Kde se v\u0161ak nach\u00e1zej\u00ed nejvy\u0161\u0161\u00ed a nejzn\u00e1m\u011bj\u0161\u00ed hory v Alp\u00e1ch? SnowTrex vysv\u011btluje a ukazuje, kde si ly\u017ea\u0159i mohou nejl\u00e9pe vychutnat pohled na Matterhorn, Mont Blanc a spol.<\/p>\n","protected":false},"author":178,"featured_media":52756,"comment_status":"closed","ping_status":"closed","sticky":false,"template":"","format":"standard","meta":{"footnotes":""},"categories":[11],"tags":[415,346,77,372,359,228,134,400,160,136,229,475,91,370,20,230,470,96,471,374,378,231,379,382,360,27,472,232,361,413,98,233,347,234,473,433,350,59,364,34,435,202,438,474,353,409,355,397,469,401,236,440,366,111,476,104,151,40,41,42,334],"class_list":["post-45931","post","type-post","status-publish","format-standard","has-post-thumbnail","hentry","category-top-10","tag-alta-badia","tag-bavorske-alpy","tag-berchtesgaden","tag-berchtesgadener_land","tag-berner-oberland","tag-canazei","tag-cervinia","tag-cervinia-matterhorn","tag-chamonix","tag-corvara","tag-dienten","tag-dobbiaco-toblach","tag-dollach","tag-francie","tag-garmisch-partenkirchen","tag-grindelwald","tag-grossglockner","tag-heiligenblut","tag-hochkonig","tag-holiday_region_3_zinnen_dolomites","tag-innichen_san_candido","tag-interlaken","tag-italie","tag-jizni-tyrolsko","tag-jungfrau-region","tag-kaprun","tag-korutany","tag-maria_alm","tag-matterhorn","tag-mont_blanc","tag-mortschach","tag-muhlbach_am_hochkonig","tag-nemecko","tag-neukirchen_am_grossvenediger","tag-ortles","tag-otztal","tag-rakousko","tag-ramsau_am_dachstein","tag-salcbursko","tag-schladming","tag-schladming-dachstein","tag-sexten","tag-styrsko","tag-sulden_am_ortler_solda","tag-svycarsko","tag-trentino","tag-tyrolsko","tag-val-daosta","tag-val_di_fassa","tag-val_gardena","tag-vent","tag-vysoke-savojsko","tag-wallis","tag-wengen","tag-wildkogel-arena","tag-winklern","tag-wolkenstein","tag-zell_am_see","tag-zell_am_see-kaprun","tag-zermatt","tag-zugspitze"],"yoast_head":"<!-- This site is optimized with the Yoast SEO Premium plugin v27.3 (Yoast SEO v27.3) - https:\/\/yoast.com\/product\/yoast-seo-premium-wordpress\/ -->\n<title>15 nejzn\u00e1m\u011bj\u0161\u00edch hor v Alp\u00e1ch<\/title>\n<meta name=\"description\" content=\"Kter\u00e9 jsou nejzn\u00e1m\u011bj\u0161\u00ed hory v Alp\u00e1ch a \u010d\u00edm jsou tak v\u00fdjime\u010dn\u00e9? Odpov\u011bdi na ot\u00e1zky t\u00fdkaj\u00edc\u00ed se nejv\u00fdznamn\u011bj\u0161\u00edch vrchol\u016f nab\u00edz\u00ed SnowTrex.\" \/>\n<meta name=\"robots\" content=\"index, follow, max-snippet:-1, max-image-preview:large, max-video-preview:-1\" \/>\n<link rel=\"canonical\" href=\"https:\/\/www.snowtrex.cz\/magazin\/top-10\/slavne-hory-alpy\/\" \/>\n<meta property=\"og:locale\" content=\"cs_CZ\" \/>\n<meta property=\"og:type\" content=\"article\" \/>\n<meta property=\"og:title\" content=\"15 zn\u00e1m\u00fdch hor v Alp\u00e1ch\" \/>\n<meta property=\"og:description\" content=\"Ka\u017ed\u00fd, kdo se v zim\u011b vyd\u00e1v\u00e1 do Alp, aby na ly\u017e\u00edch nebo snowboardu vyj\u00ed\u017ed\u011bl oblouky na sn\u011bhu, chce samoz\u0159ejm\u011b jezdit na perfektn\u011b upraven\u00fdch sjezdovk\u00e1ch v prvot\u0159\u00eddn\u00edch ly\u017ea\u0159sk\u00fdch st\u0159edisc\u00edch. A pokud se pak v\u00fdhled ze sjezdovek m\u016f\u017ee zatoulat a\u017e k \u00fachvatn\u00fdm vrcholk\u016fm, srdce zimn\u00edho sportovce zaples\u00e1. Kde se v\u0161ak nach\u00e1zej\u00ed nejvy\u0161\u0161\u00ed a nejzn\u00e1m\u011bj\u0161\u00ed hory v Alp\u00e1ch? SnowTrex vysv\u011btluje a ukazuje, kde si ly\u017ea\u0159i mohou nejl\u00e9pe vychutnat pohled na Matterhorn, Mont Blanc a spol.\" \/>\n<meta property=\"og:url\" content=\"https:\/\/www.snowtrex.cz\/magazin\/top-10\/slavne-hory-alpy\/\" \/>\n<meta property=\"og:site_name\" content=\"SnowTrex Ski-Magaz\u00edn\" \/>\n<meta property=\"article:publisher\" content=\"https:\/\/www.facebook.com\/snowtrex\" \/>\n<meta property=\"article:author\" content=\"https:\/\/www.facebook.com\/snowtrex\/\" \/>\n<meta property=\"article:published_time\" content=\"2024-12-10T13:41:33+00:00\" \/>\n<meta property=\"article:modified_time\" content=\"2026-01-13T10:38:22+00:00\" \/>\n<meta name=\"author\" content=\"SnowTrex\" \/>\n<meta name=\"twitter:card\" content=\"summary_large_image\" \/>\n<meta name=\"twitter:image\" content=\"https:\/\/www.snowtrex.cz\/magazin\/files\/2024\/04\/RS27130_shutterstock_2103170435-hsc.jpg\" \/>\n<meta name=\"twitter:label1\" content=\"Napsal(a)\" \/>\n\t<meta name=\"twitter:data1\" content=\"SnowTrex\" \/>\n\t<meta name=\"twitter:label2\" content=\"Odhadovan\u00e1 doba \u010dten\u00ed\" \/>\n\t<meta name=\"twitter:data2\" content=\"17 minut\" \/>\n<script type=\"application\/ld+json\" class=\"yoast-schema-graph\">{\"@context\":\"https:\\\/\\\/schema.org\",\"@graph\":[{\"@type\":\"Article\",\"@id\":\"http:\\\/\\\/wp-magazin.snowtrex.cz\\\/top-10\\\/slavne-hory-alpy\\\/#article\",\"isPartOf\":{\"@id\":\"http:\\\/\\\/wp-magazin.snowtrex.cz\\\/top-10\\\/slavne-hory-alpy\\\/\"},\"author\":{\"name\":\"SnowTrex\",\"@id\":\"http:\\\/\\\/wp-magazin.snowtrex.cz\\\/#\\\/schema\\\/person\\\/ad1887a4d155ef6b5b8b4fc8990d92dd\"},\"headline\":\"15 zn\u00e1m\u00fdch hor v Alp\u00e1ch\",\"datePublished\":\"2024-12-10T13:41:33+00:00\",\"dateModified\":\"2026-01-13T10:38:22+00:00\",\"mainEntityOfPage\":{\"@id\":\"http:\\\/\\\/wp-magazin.snowtrex.cz\\\/top-10\\\/slavne-hory-alpy\\\/\"},\"wordCount\":3342,\"publisher\":{\"@id\":\"http:\\\/\\\/wp-magazin.snowtrex.cz\\\/#organization\"},\"image\":{\"@id\":\"http:\\\/\\\/wp-magazin.snowtrex.cz\\\/top-10\\\/slavne-hory-alpy\\\/#primaryimage\"},\"thumbnailUrl\":\"http:\\\/\\\/wp-magazin.snowtrex.cz\\\/files\\\/2024\\\/04\\\/RS27130_shutterstock_2103170435-hsc.jpg\",\"keywords\":[\"Alta Badia\",\"Bavorsk\u00e9 Alpy\",\"Berchtesgaden\",\"Berchtesgadener Land\",\"Berner Oberland\",\"Canazei\",\"Cervinia\",\"Cervinia (Matterhorn)\",\"Chamonix\",\"Corvara\",\"Dienten\",\"Dobbiaco\\\/Toblach\",\"D\u00f6llach\",\"Francie\",\"Garmisch-Partenkirchen\",\"Grindelwald\",\"Gro\u00dfglockner\",\"Heiligenblut\",\"Hochk\u00f6nig\",\"Holiday region 3 Zinnen Dolomites\",\"Innichen (San Candido)\",\"Interlaken\",\"It\u00e1lie\",\"Ji\u017en\u00ed Tyrolsko\",\"Jungfrau-Region\",\"Kaprun\",\"Korutany\",\"Maria Alm\",\"Matterhorn\",\"Mont Blanc\",\"M\u00f6rtschach\",\"M\u00fchlbach am Hochk\u00f6nig\",\"N\u011bmecko\",\"Neukirchen am Gro\u00dfvenediger\",\"Ortles\",\"\u00d6tztal\",\"Rakousko\",\"Ramsau am Dachstein\",\"Salcbursko\",\"Schladming\",\"Schladming Dachstein\",\"Sexten\",\"\u0160t\u00fdrsko\",\"Sulden am Ortler (Solda)\",\"\u0160v\u00fdcarsko\",\"Trentino\",\"Tyrolsko\",\"Val d'Aosta\",\"Val di Fassa\",\"Val Gardena\",\"Vent\",\"Vysok\u00e9 Savojsko\",\"Wallis\",\"Wengen\",\"Wildkogel-Arena\",\"Winklern\",\"Wolkenstein\",\"Zell am See\",\"Zell am See-Kaprun\",\"Zermatt\",\"Zugspitze\"],\"articleSection\":[\"Top 10\"],\"inLanguage\":\"cs\"},{\"@type\":\"WebPage\",\"@id\":\"http:\\\/\\\/wp-magazin.snowtrex.cz\\\/top-10\\\/slavne-hory-alpy\\\/\",\"url\":\"http:\\\/\\\/wp-magazin.snowtrex.cz\\\/top-10\\\/slavne-hory-alpy\\\/\",\"name\":\"15 nejzn\u00e1m\u011bj\u0161\u00edch hor v Alp\u00e1ch\",\"primaryImageOfPage\":{\"@id\":\"http:\\\/\\\/wp-magazin.snowtrex.cz\\\/top-10\\\/slavne-hory-alpy\\\/#primaryimage\"},\"image\":{\"@id\":\"http:\\\/\\\/wp-magazin.snowtrex.cz\\\/top-10\\\/slavne-hory-alpy\\\/#primaryimage\"},\"thumbnailUrl\":\"http:\\\/\\\/wp-magazin.snowtrex.cz\\\/files\\\/2024\\\/04\\\/RS27130_shutterstock_2103170435-hsc.jpg\",\"datePublished\":\"2024-12-10T13:41:33+00:00\",\"dateModified\":\"2026-01-13T10:38:22+00:00\",\"description\":\"Kter\u00e9 jsou nejzn\u00e1m\u011bj\u0161\u00ed hory v Alp\u00e1ch a \u010d\u00edm jsou tak v\u00fdjime\u010dn\u00e9? Odpov\u011bdi na ot\u00e1zky t\u00fdkaj\u00edc\u00ed se nejv\u00fdznamn\u011bj\u0161\u00edch vrchol\u016f nab\u00edz\u00ed SnowTrex.\",\"inLanguage\":\"cs\"},{\"@type\":\"ImageObject\",\"inLanguage\":\"cs\",\"@id\":\"http:\\\/\\\/wp-magazin.snowtrex.cz\\\/top-10\\\/slavne-hory-alpy\\\/#primaryimage\",\"url\":\"http:\\\/\\\/wp-magazin.snowtrex.cz\\\/files\\\/2024\\\/04\\\/RS27130_shutterstock_2103170435-hsc.jpg\",\"contentUrl\":\"http:\\\/\\\/wp-magazin.snowtrex.cz\\\/files\\\/2024\\\/04\\\/RS27130_shutterstock_2103170435-hsc.jpg\",\"width\":1920,\"height\":1439,\"caption\":\"Quelle: Shutterstock (Standard Lizenz); Frei (RED) + \u00a9\"},{\"@type\":\"WebSite\",\"@id\":\"http:\\\/\\\/wp-magazin.snowtrex.cz\\\/#website\",\"url\":\"http:\\\/\\\/wp-magazin.snowtrex.cz\\\/\",\"name\":\"SnowTrex Ski-Magaz\u00edn\",\"description\":\"V\u0161e o ly\u017eov\u00e1n\u00ed, snowboardingu a zimn\u00ed dovolen\u00e9!\",\"publisher\":{\"@id\":\"http:\\\/\\\/wp-magazin.snowtrex.cz\\\/#organization\"},\"inLanguage\":\"cs\"},{\"@type\":\"Organization\",\"@id\":\"http:\\\/\\\/wp-magazin.snowtrex.cz\\\/#organization\",\"name\":\"TravelTrex GmbH\",\"url\":\"http:\\\/\\\/wp-magazin.snowtrex.cz\\\/\",\"logo\":{\"@type\":\"ImageObject\",\"inLanguage\":\"cs\",\"@id\":\"http:\\\/\\\/wp-magazin.snowtrex.cz\\\/#\\\/schema\\\/logo\\\/image\\\/\",\"url\":\"http:\\\/\\\/wp-magazin.snowtrex.cz\\\/files\\\/2025\\\/09\\\/TravelTrex-Logo_RGB_transp.png\",\"contentUrl\":\"http:\\\/\\\/wp-magazin.snowtrex.cz\\\/files\\\/2025\\\/09\\\/TravelTrex-Logo_RGB_transp.png\",\"width\":1080,\"height\":282,\"caption\":\"TravelTrex GmbH\"},\"image\":{\"@id\":\"http:\\\/\\\/wp-magazin.snowtrex.cz\\\/#\\\/schema\\\/logo\\\/image\\\/\"},\"sameAs\":[\"https:\\\/\\\/www.facebook.com\\\/snowtrex\",\"https:\\\/\\\/www.instagram.com\\\/snowtrex_ski\"],\"description\":\"Od roku 1999 je SnowTrex p\u0159edn\u00edm n\u011bmeck\u00fdm cestovn\u00edm kancel\u00e1\u0159\u00edm pro ly\u017ea\u0159sk\u00e9 dovolen\u00e9. Spole\u010dnost nab\u00edz\u00ed sv\u00e9 slu\u017eby ve 13 jazyc\u00edch a ka\u017edoro\u010dn\u011b doprav\u00ed v\u00edce ne\u017e 100 000 host\u016f do obl\u00edben\u00fdch destinac\u00ed, jako je Rakousko, Francie, It\u00e1lie, \u0160v\u00fdcarsko a N\u011bmecko.\",\"email\":\"info-cz@snowtrex.com\",\"telephone\":\"234 495 495\",\"legalName\":\"TravelTrex GmbH\",\"foundingDate\":\"1999-07-01\",\"vatID\":\"DE 813 076 768\",\"numberOfEmployees\":{\"@type\":\"QuantitativeValue\",\"minValue\":\"51\",\"maxValue\":\"200\"}},{\"@type\":\"Person\",\"@id\":\"http:\\\/\\\/wp-magazin.snowtrex.cz\\\/#\\\/schema\\\/person\\\/ad1887a4d155ef6b5b8b4fc8990d92dd\",\"name\":\"SnowTrex\",\"description\":\"Redakce \u010dasopisu SnowTrex sdru\u017euje zku\u0161en\u00e9 zimn\u00ed sportovce a cestovn\u00ed experty, kte\u0159\u00ed svou v\u00e1\u0161e\u0148 prom\u00edtaj\u00ed do fundovan\u00fdch \u010dl\u00e1nk\u016f o ly\u017ea\u0159sk\u00fdch st\u0159edisc\u00edch, vybaven\u00ed a cestovn\u00edch tipech. Od roku 1999 je SnowTrex p\u0159edn\u00edm n\u011bmeck\u00fdm cestovn\u00edm kancel\u00e1\u0159em pro ly\u017ea\u0159sk\u00e9 dovolen\u00e9. Spole\u010dnost nab\u00edz\u00ed sv\u00e9 slu\u017eby ve 13 jazyc\u00edch a ka\u017edoro\u010dn\u011b doprav\u00ed p\u0159es 100 000 host\u016f do obl\u00edben\u00fdch destinac\u00ed, jako je Rakousko, Francie, It\u00e1lie, \u0160v\u00fdcarsko a N\u011bmecko.\",\"sameAs\":[\"https:\\\/\\\/www.snowtrex.cz\\\/\",\"https:\\\/\\\/www.facebook.com\\\/snowtrex\\\/\",\"https:\\\/\\\/www.instagram.com\\\/snowtrex_ski\\\/\",\"https:\\\/\\\/www.youtube.com\\\/c\\\/SnowTrex\"]}]}<\/script>\n<!-- \/ Yoast SEO Premium plugin. -->","yoast_head_json":{"title":"15 nejzn\u00e1m\u011bj\u0161\u00edch hor v Alp\u00e1ch","description":"Kter\u00e9 jsou nejzn\u00e1m\u011bj\u0161\u00ed hory v Alp\u00e1ch a \u010d\u00edm jsou tak v\u00fdjime\u010dn\u00e9? Odpov\u011bdi na ot\u00e1zky t\u00fdkaj\u00edc\u00ed se nejv\u00fdznamn\u011bj\u0161\u00edch vrchol\u016f nab\u00edz\u00ed SnowTrex.","robots":{"index":"index","follow":"follow","max-snippet":"max-snippet:-1","max-image-preview":"max-image-preview:large","max-video-preview":"max-video-preview:-1"},"canonical":"https:\/\/www.snowtrex.cz\/magazin\/top-10\/slavne-hory-alpy\/","og_locale":"cs_CZ","og_type":"article","og_title":"15 zn\u00e1m\u00fdch hor v Alp\u00e1ch","og_description":"Ka\u017ed\u00fd, kdo se v zim\u011b vyd\u00e1v\u00e1 do Alp, aby na ly\u017e\u00edch nebo snowboardu vyj\u00ed\u017ed\u011bl oblouky na sn\u011bhu, chce samoz\u0159ejm\u011b jezdit na perfektn\u011b upraven\u00fdch sjezdovk\u00e1ch v prvot\u0159\u00eddn\u00edch ly\u017ea\u0159sk\u00fdch st\u0159edisc\u00edch. A pokud se pak v\u00fdhled ze sjezdovek m\u016f\u017ee zatoulat a\u017e k \u00fachvatn\u00fdm vrcholk\u016fm, srdce zimn\u00edho sportovce zaples\u00e1. Kde se v\u0161ak nach\u00e1zej\u00ed nejvy\u0161\u0161\u00ed a nejzn\u00e1m\u011bj\u0161\u00ed hory v Alp\u00e1ch? SnowTrex vysv\u011btluje a ukazuje, kde si ly\u017ea\u0159i mohou nejl\u00e9pe vychutnat pohled na Matterhorn, Mont Blanc a spol.","og_url":"https:\/\/www.snowtrex.cz\/magazin\/top-10\/slavne-hory-alpy\/","og_site_name":"SnowTrex Ski-Magaz\u00edn","article_publisher":"https:\/\/www.facebook.com\/snowtrex","article_author":"https:\/\/www.facebook.com\/snowtrex\/","article_published_time":"2024-12-10T13:41:33+00:00","article_modified_time":"2026-01-13T10:38:22+00:00","author":"SnowTrex","twitter_card":"summary_large_image","twitter_image":"https:\/\/www.snowtrex.cz\/magazin\/files\/2024\/04\/RS27130_shutterstock_2103170435-hsc.jpg","twitter_misc":{"Napsal(a)":"SnowTrex","Odhadovan\u00e1 doba \u010dten\u00ed":"17 minut"},"schema":{"@context":"https:\/\/schema.org","@graph":[{"@type":"Article","@id":"https:\/\/www.snowtrex.cz\/magazin\/top-10\/slavne-hory-alpy\/#article","isPartOf":{"@id":"https:\/\/www.snowtrex.cz\/magazin\/top-10\/slavne-hory-alpy\/"},"author":{"name":"SnowTrex","@id":"https:\/\/www.snowtrex.cz\/magazin\/#\/schema\/person\/ad1887a4d155ef6b5b8b4fc8990d92dd"},"headline":"15 zn\u00e1m\u00fdch hor v Alp\u00e1ch","datePublished":"2024-12-10T13:41:33+00:00","dateModified":"2026-01-13T10:38:22+00:00","mainEntityOfPage":{"@id":"https:\/\/www.snowtrex.cz\/magazin\/top-10\/slavne-hory-alpy\/"},"wordCount":3342,"publisher":{"@id":"https:\/\/www.snowtrex.cz\/magazin\/#organization"},"image":{"@id":"https:\/\/www.snowtrex.cz\/magazin\/top-10\/slavne-hory-alpy\/#primaryimage"},"thumbnailUrl":"https:\/\/www.snowtrex.cz\/magazin\/files\/2024\/04\/RS27130_shutterstock_2103170435-hsc.jpg","keywords":["Alta Badia","Bavorsk\u00e9 Alpy","Berchtesgaden","Berchtesgadener Land","Berner Oberland","Canazei","Cervinia","Cervinia (Matterhorn)","Chamonix","Corvara","Dienten","Dobbiaco\/Toblach","D\u00f6llach","Francie","Garmisch-Partenkirchen","Grindelwald","Gro\u00dfglockner","Heiligenblut","Hochk\u00f6nig","Holiday region 3 Zinnen Dolomites","Innichen (San Candido)","Interlaken","It\u00e1lie","Ji\u017en\u00ed Tyrolsko","Jungfrau-Region","Kaprun","Korutany","Maria Alm","Matterhorn","Mont Blanc","M\u00f6rtschach","M\u00fchlbach am Hochk\u00f6nig","N\u011bmecko","Neukirchen am Gro\u00dfvenediger","Ortles","\u00d6tztal","Rakousko","Ramsau am Dachstein","Salcbursko","Schladming","Schladming Dachstein","Sexten","\u0160t\u00fdrsko","Sulden am Ortler (Solda)","\u0160v\u00fdcarsko","Trentino","Tyrolsko","Val d'Aosta","Val di Fassa","Val Gardena","Vent","Vysok\u00e9 Savojsko","Wallis","Wengen","Wildkogel-Arena","Winklern","Wolkenstein","Zell am See","Zell am See-Kaprun","Zermatt","Zugspitze"],"articleSection":["Top 10"],"inLanguage":"cs"},{"@type":"WebPage","@id":"https:\/\/www.snowtrex.cz\/magazin\/top-10\/slavne-hory-alpy\/","url":"https:\/\/www.snowtrex.cz\/magazin\/top-10\/slavne-hory-alpy\/","name":"15 nejzn\u00e1m\u011bj\u0161\u00edch hor v Alp\u00e1ch","primaryImageOfPage":{"@id":"https:\/\/www.snowtrex.cz\/magazin\/top-10\/slavne-hory-alpy\/#primaryimage"},"image":{"@id":"https:\/\/www.snowtrex.cz\/magazin\/top-10\/slavne-hory-alpy\/#primaryimage"},"thumbnailUrl":"https:\/\/www.snowtrex.cz\/magazin\/files\/2024\/04\/RS27130_shutterstock_2103170435-hsc.jpg","datePublished":"2024-12-10T13:41:33+00:00","dateModified":"2026-01-13T10:38:22+00:00","description":"Kter\u00e9 jsou nejzn\u00e1m\u011bj\u0161\u00ed hory v Alp\u00e1ch a \u010d\u00edm jsou tak v\u00fdjime\u010dn\u00e9? Odpov\u011bdi na ot\u00e1zky t\u00fdkaj\u00edc\u00ed se nejv\u00fdznamn\u011bj\u0161\u00edch vrchol\u016f nab\u00edz\u00ed SnowTrex.","inLanguage":"cs"},{"@type":"ImageObject","inLanguage":"cs","@id":"https:\/\/www.snowtrex.cz\/magazin\/top-10\/slavne-hory-alpy\/#primaryimage","url":"https:\/\/www.snowtrex.cz\/magazin\/files\/2024\/04\/RS27130_shutterstock_2103170435-hsc.jpg","contentUrl":"https:\/\/www.snowtrex.cz\/magazin\/files\/2024\/04\/RS27130_shutterstock_2103170435-hsc.jpg","width":1920,"height":1439,"caption":"Quelle: Shutterstock (Standard Lizenz); Frei (RED) + \u00a9"},{"@type":"WebSite","@id":"https:\/\/www.snowtrex.cz\/magazin\/#website","url":"https:\/\/www.snowtrex.cz\/magazin\/","name":"SnowTrex Ski-Magaz\u00edn","description":"V\u0161e o ly\u017eov\u00e1n\u00ed, snowboardingu a zimn\u00ed dovolen\u00e9!","publisher":{"@id":"https:\/\/www.snowtrex.cz\/magazin\/#organization"},"inLanguage":"cs"},{"@type":"Organization","@id":"https:\/\/www.snowtrex.cz\/magazin\/#organization","name":"TravelTrex GmbH","url":"https:\/\/www.snowtrex.cz\/magazin\/","logo":{"@type":"ImageObject","inLanguage":"cs","@id":"https:\/\/www.snowtrex.cz\/magazin\/#\/schema\/logo\/image\/","url":"https:\/\/www.snowtrex.cz\/magazin\/files\/2025\/09\/TravelTrex-Logo_RGB_transp.png","contentUrl":"https:\/\/www.snowtrex.cz\/magazin\/files\/2025\/09\/TravelTrex-Logo_RGB_transp.png","width":1080,"height":282,"caption":"TravelTrex GmbH"},"image":{"@id":"https:\/\/www.snowtrex.cz\/magazin\/#\/schema\/logo\/image\/"},"sameAs":["https:\/\/www.facebook.com\/snowtrex","https:\/\/www.instagram.com\/snowtrex_ski"],"description":"Od roku 1999 je SnowTrex p\u0159edn\u00edm n\u011bmeck\u00fdm cestovn\u00edm kancel\u00e1\u0159\u00edm pro ly\u017ea\u0159sk\u00e9 dovolen\u00e9. Spole\u010dnost nab\u00edz\u00ed sv\u00e9 slu\u017eby ve 13 jazyc\u00edch a ka\u017edoro\u010dn\u011b doprav\u00ed v\u00edce ne\u017e 100 000 host\u016f do obl\u00edben\u00fdch destinac\u00ed, jako je Rakousko, Francie, It\u00e1lie, \u0160v\u00fdcarsko a N\u011bmecko.","email":"info-cz@snowtrex.com","telephone":"234 495 495","legalName":"TravelTrex GmbH","foundingDate":"1999-07-01","vatID":"DE 813 076 768","numberOfEmployees":{"@type":"QuantitativeValue","minValue":"51","maxValue":"200"}},{"@type":"Person","@id":"https:\/\/www.snowtrex.cz\/magazin\/#\/schema\/person\/ad1887a4d155ef6b5b8b4fc8990d92dd","name":"SnowTrex","description":"Redakce \u010dasopisu SnowTrex sdru\u017euje zku\u0161en\u00e9 zimn\u00ed sportovce a cestovn\u00ed experty, kte\u0159\u00ed svou v\u00e1\u0161e\u0148 prom\u00edtaj\u00ed do fundovan\u00fdch \u010dl\u00e1nk\u016f o ly\u017ea\u0159sk\u00fdch st\u0159edisc\u00edch, vybaven\u00ed a cestovn\u00edch tipech. Od roku 1999 je SnowTrex p\u0159edn\u00edm n\u011bmeck\u00fdm cestovn\u00edm kancel\u00e1\u0159em pro ly\u017ea\u0159sk\u00e9 dovolen\u00e9. Spole\u010dnost nab\u00edz\u00ed sv\u00e9 slu\u017eby ve 13 jazyc\u00edch a ka\u017edoro\u010dn\u011b doprav\u00ed p\u0159es 100 000 host\u016f do obl\u00edben\u00fdch destinac\u00ed, jako je Rakousko, Francie, It\u00e1lie, \u0160v\u00fdcarsko a N\u011bmecko.","sameAs":["https:\/\/www.snowtrex.cz\/","https:\/\/www.facebook.com\/snowtrex\/","https:\/\/www.instagram.com\/snowtrex_ski\/","https:\/\/www.youtube.com\/c\/SnowTrex"]}]}},"wp-worthy-pixel":{"ignored":false,"public":null,"server":null,"url":null},"wp-worthy-type":"normal","_links":{"self":[{"href":"https:\/\/www.snowtrex.cz\/magazin\/wp-json\/wp\/v2\/posts\/45931","targetHints":{"allow":["GET"]}}],"collection":[{"href":"https:\/\/www.snowtrex.cz\/magazin\/wp-json\/wp\/v2\/posts"}],"about":[{"href":"https:\/\/www.snowtrex.cz\/magazin\/wp-json\/wp\/v2\/types\/post"}],"author":[{"embeddable":true,"href":"https:\/\/www.snowtrex.cz\/magazin\/wp-json\/wp\/v2\/users\/178"}],"replies":[{"embeddable":true,"href":"https:\/\/www.snowtrex.cz\/magazin\/wp-json\/wp\/v2\/comments?post=45931"}],"version-history":[{"count":11,"href":"https:\/\/www.snowtrex.cz\/magazin\/wp-json\/wp\/v2\/posts\/45931\/revisions"}],"predecessor-version":[{"id":63403,"href":"https:\/\/www.snowtrex.cz\/magazin\/wp-json\/wp\/v2\/posts\/45931\/revisions\/63403"}],"wp:featuredmedia":[{"embeddable":true,"href":"https:\/\/www.snowtrex.cz\/magazin\/wp-json\/wp\/v2\/media\/52756"}],"wp:attachment":[{"href":"https:\/\/www.snowtrex.cz\/magazin\/wp-json\/wp\/v2\/media?parent=45931"}],"wp:term":[{"taxonomy":"category","embeddable":true,"href":"https:\/\/www.snowtrex.cz\/magazin\/wp-json\/wp\/v2\/categories?post=45931"},{"taxonomy":"post_tag","embeddable":true,"href":"https:\/\/www.snowtrex.cz\/magazin\/wp-json\/wp\/v2\/tags?post=45931"}],"curies":[{"name":"wp","href":"https:\/\/api.w.org\/{rel}","templated":true}]}}