{"id":40828,"date":"2024-11-05T14:24:06","date_gmt":"2024-11-05T13:24:06","guid":{"rendered":"https:\/\/www.snowtrex.de\/magazin\/?p=40828"},"modified":"2026-03-19T11:43:06","modified_gmt":"2026-03-19T10:43:06","slug":"zimni-turistika-alpy","status":"publish","type":"post","link":"https:\/\/www.snowtrex.cz\/magazin\/top-10\/zimni-turistika-alpy\/","title":{"rendered":"10 nejkr\u00e1sn\u011bj\u0161\u00edch oblast\u00ed pro zimn\u00ed turistiku v Alp\u00e1ch"},"content":{"rendered":"<p><strong>Na zimn\u00ed dovolen\u00e9 nemus\u00edte v\u017edy ly\u017eovat nebo jezdit na snowboardu, abyste si u\u017eili a prozkoumali zasn\u011b\u017eenou krajinu. Sta\u010d\u00ed vklouznout do pevn\u00fdch bot a tepl\u00e9ho oble\u010den\u00ed a vyrazit na vysn\u011bn\u00e9 zimn\u00ed turistick\u00e9 stezky v Alp\u00e1ch, nahoru a dol\u016f po hor\u00e1ch, p\u0159es louky, lesy a \u00fadol\u00ed kolem star\u00fdch vesnic a zamrzl\u00fdch vodop\u00e1d\u016f. <a href=\"https:\/\/www.snowtrex.cz\/\" target=\"_blank\" rel=\"noopener\">SnowTrex<\/a> pro v\u00e1s p\u0159ipravil nejkr\u00e1sn\u011bj\u0161\u00ed oblasti pro zimn\u00ed turistiku v Alp\u00e1ch.<br \/>\n<\/strong><\/p>\n<div class=\"tt-post-image-wrapper tt-post-image-wrapper-full\">\n            <div class=\"tt-image-copyright-container\">\n                <a href=\"https:\/\/www.snowtrex.cz\/magazin\/files\/2022\/12\/RS5154_shutterstock_441215299-hsc.jpg\" target=\"_blank\" rel=\"noopener\"><img loading=\"lazy\" decoding=\"async\" data-wrapped=\"true\" class=\"wp-image-52480 size-Artikelbild_gro\u00df\" title=\"Zimn\u00ed turistika v Alp\u00e1ch\" src=\"https:\/\/www.snowtrex.cz\/magazin\/files\/2022\/12\/RS5154_shutterstock_441215299-hsc-729x486.jpg\" alt=\"Zimn\u00ed turistika v Alp\u00e1ch\" width=\"729\" height=\"486\" srcset=\"https:\/\/www.snowtrex.cz\/magazin\/files\/2022\/12\/RS5154_shutterstock_441215299-hsc-729x486.jpg 729w, https:\/\/www.snowtrex.cz\/magazin\/files\/2022\/12\/RS5154_shutterstock_441215299-hsc-290x193.jpg 290w, https:\/\/www.snowtrex.cz\/magazin\/files\/2022\/12\/RS5154_shutterstock_441215299-hsc-728x485.jpg 728w, https:\/\/www.snowtrex.cz\/magazin\/files\/2022\/12\/RS5154_shutterstock_441215299-hsc-768x512.jpg 768w, https:\/\/www.snowtrex.cz\/magazin\/files\/2022\/12\/RS5154_shutterstock_441215299-hsc-1536x1024.jpg 1536w, https:\/\/www.snowtrex.cz\/magazin\/files\/2022\/12\/RS5154_shutterstock_441215299-hsc-468x312.jpg 468w, https:\/\/www.snowtrex.cz\/magazin\/files\/2022\/12\/RS5154_shutterstock_441215299-hsc-300x200.jpg 300w, https:\/\/www.snowtrex.cz\/magazin\/files\/2022\/12\/RS5154_shutterstock_441215299-hsc-999x666.jpg 999w, https:\/\/www.snowtrex.cz\/magazin\/files\/2022\/12\/RS5154_shutterstock_441215299-hsc-645x430.jpg 645w, https:\/\/www.snowtrex.cz\/magazin\/files\/2022\/12\/RS5154_shutterstock_441215299-hsc-552x368.jpg 552w, https:\/\/www.snowtrex.cz\/magazin\/files\/2022\/12\/RS5154_shutterstock_441215299-hsc-405x270.jpg 405w, https:\/\/www.snowtrex.cz\/magazin\/files\/2022\/12\/RS5154_shutterstock_441215299-hsc-336x224.jpg 336w, https:\/\/www.snowtrex.cz\/magazin\/files\/2022\/12\/RS5154_shutterstock_441215299-hsc-276x184.jpg 276w, https:\/\/www.snowtrex.cz\/magazin\/files\/2022\/12\/RS5154_shutterstock_441215299-hsc-234x156.jpg 234w, https:\/\/www.snowtrex.cz\/magazin\/files\/2022\/12\/RS5154_shutterstock_441215299-hsc-192x128.jpg 192w, https:\/\/www.snowtrex.cz\/magazin\/files\/2022\/12\/RS5154_shutterstock_441215299-hsc-120x80.jpg 120w, https:\/\/www.snowtrex.cz\/magazin\/files\/2022\/12\/RS5154_shutterstock_441215299-hsc-774x516.jpg 774w, https:\/\/www.snowtrex.cz\/magazin\/files\/2022\/12\/RS5154_shutterstock_441215299-hsc-2x1.jpg 2w, https:\/\/www.snowtrex.cz\/magazin\/files\/2022\/12\/RS5154_shutterstock_441215299-hsc.jpg 1920w\" sizes=\"(min-width: 1009px) 729px, (min-width: 819px) 594px, (min-width: 569px) 729px, (min-width: 449px) 468px, 348px\" \/><\/a><div class=\"tt-image-copyright\" data-image-id=\"52480\">\u00a9 frantic00\/shutterstock.de<\/div>\n            <\/div>\n            <div class=\"tt-post-caption\">Zimn\u00ed turistika v Alp\u00e1ch<\/div>\n         <\/div > \n<div class=\"tt-table-of-content\">\n                <span class=\"tt-icon-circle-up tt-table-of-content-button\"><\/span><\/p>\n<div class=\"tt-table-of-content-caption\">\n                    Obsah\n                <\/div>\n<div class=\"tt-table-of-content-body\">\n                    <a href=\"#zimn\u00ed-turistika-v-allg\u00e4u\"><span class=\"layer-0\">Zimn\u00ed turistika v Allg\u00e4u<\/span><\/a><a href=\"#zimn\u00ed-turistika-v-regionu-berchtesgaden\"><span class=\"layer-0\">Zimn\u00ed turistika v regionu Berchtesgaden<\/span><\/a><a href=\"#zimn\u00ed-turistika-v-zillertalu\"><span class=\"layer-0\">Zimn\u00ed turistika v Zillertalu<\/span><\/a><a href=\"#zimn\u00ed-turistika-v-\u00fadol\u00ed-gastein\"><span class=\"layer-0\">Zimn\u00ed turistika v \u00fadol\u00ed Gastein<\/span><\/a><a href=\"#zimn\u00ed-turistika-v-salcbursk\u00e9m-\u00fadol\u00ed-saalachtal\"><span class=\"layer-0\">Zimn\u00ed turistika v Salcbursk\u00e9m \u00fadol\u00ed Saalachtal<\/span><\/a><a href=\"#zimn\u00ed-turistika-na-slunn\u00e9-n\u00e1horn\u00ed-plo\u0161in\u011b-mieming\"><span class=\"layer-0\">Zimn\u00ed turistika na slunn\u00e9 n\u00e1horn\u00ed plo\u0161in\u011b Mieming<\/span><\/a><a href=\"#zimn\u00ed-turistika-v-regionu-achensee\"><span class=\"layer-0\">Zimn\u00ed turistika v regionu Achensee<\/span><\/a><a href=\"#zimn\u00ed-turistika-v-oblasti-fuschlhintersee\"><span class=\"layer-0\">Zimn\u00ed turistika v oblasti Fuschl\/Hintersee<\/span><\/a><a href=\"#zimn\u00ed-turistika-v-oblasti-zermattu\"><span class=\"layer-0\">Zimn\u00ed turistika v oblasti Zermattu<\/span><\/a><a href=\"#zimn\u00ed-turistika-v-dolomitech\"><span class=\"layer-0\">Zimn\u00ed turistika v Dolomitech<\/span><\/a>\n                 <\/div>\n<\/p><\/div>\n<hr>\n<h2 id=\"zimn\u00ed-turistika-v-allg\u00e4u\">Zimn\u00ed turistika v Allg\u00e4u<\/h2>\n<p><a href=\"https:\/\/www.snowtrex.cz\/nemecko\/allgaeu\/lyzovani.html\" target=\"_blank\" rel=\"noopener noreferrer\">Allg\u00e4u<\/a> zaujme nejen v l\u00e9t\u011b svou vynikaj\u00edc\u00ed infrastrukturou pro p\u011b\u0161\u00ed turisty. \u0158ada zimn\u00edch turistick\u00fdch tras zve k romantick\u00fdm proch\u00e1zk\u00e1m i v chladn\u00e9m obdob\u00ed. M\u016f\u017eete zde za\u017e\u00edt divokou sout\u011bsku Breitachklamm v zimn\u00edm h\u00e1vu nebo se v klidu proj\u00edt v k\u0159upaj\u00edc\u00edm sn\u011bhu kolem poh\u00e1dkov\u00e9ho z\u00e1mku Neuschwanstein. K dobr\u00fdm v\u00fdchoz\u00edm bod\u016fm pro p\u011b\u0161\u00ed t\u00fary na sn\u011bhu pat\u0159\u00ed <a href=\"https:\/\/www.snowtrex.cz\/nemecko\/oberstdorf\/lyzovani.html\" target=\"_blank\" rel=\"noopener noreferrer\">Oberstdorf<\/a>, <a href=\"https:\/\/www.snowtrex.cz\/nemecko\/oberstaufen\/lyzovani.html\" target=\"_blank\" rel=\"noopener noreferrer\">Oberstaufen<\/a> a F\u00fcssen.<\/p>\n<div class=\"tt-post-image-wrapper tt-post-image-wrapper-full\">\n            <div class=\"tt-image-copyright-container\">\n                <a href=\"https:\/\/www.snowtrex.cz\/magazin\/files\/2022\/12\/RS26483_shutterstock_1273369138-scr.jpg\" target=\"_blank\" rel=\"noopener\"><img loading=\"lazy\" decoding=\"async\" data-wrapped=\"true\" class=\"wp-image-52481 size-Artikelbild_gro\u00df\" title=\"Z\u00e1mek Neuschwanstein je jedn\u00edm z nejobl\u00edben\u011bj\u0161\u00edch c\u00edl\u016f zimn\u00ed turistiky v Allg\u00e4u\" src=\"https:\/\/www.snowtrex.cz\/magazin\/files\/2022\/12\/RS26483_shutterstock_1273369138-scr-729x486.jpg\" alt=\"Z\u00e1mek Neuschwanstein je jedn\u00edm z nejobl\u00edben\u011bj\u0161\u00edch c\u00edl\u016f zimn\u00ed turistiky v Allg\u00e4u\" width=\"729\" height=\"486\" srcset=\"https:\/\/www.snowtrex.cz\/magazin\/files\/2022\/12\/RS26483_shutterstock_1273369138-scr-729x486.jpg 729w, https:\/\/www.snowtrex.cz\/magazin\/files\/2022\/12\/RS26483_shutterstock_1273369138-scr-290x193.jpg 290w, https:\/\/www.snowtrex.cz\/magazin\/files\/2022\/12\/RS26483_shutterstock_1273369138-scr-728x485.jpg 728w, https:\/\/www.snowtrex.cz\/magazin\/files\/2022\/12\/RS26483_shutterstock_1273369138-scr-768x512.jpg 768w, https:\/\/www.snowtrex.cz\/magazin\/files\/2022\/12\/RS26483_shutterstock_1273369138-scr-468x312.jpg 468w, https:\/\/www.snowtrex.cz\/magazin\/files\/2022\/12\/RS26483_shutterstock_1273369138-scr-300x200.jpg 300w, https:\/\/www.snowtrex.cz\/magazin\/files\/2022\/12\/RS26483_shutterstock_1273369138-scr-999x666.jpg 999w, https:\/\/www.snowtrex.cz\/magazin\/files\/2022\/12\/RS26483_shutterstock_1273369138-scr-645x430.jpg 645w, https:\/\/www.snowtrex.cz\/magazin\/files\/2022\/12\/RS26483_shutterstock_1273369138-scr-552x368.jpg 552w, https:\/\/www.snowtrex.cz\/magazin\/files\/2022\/12\/RS26483_shutterstock_1273369138-scr-405x270.jpg 405w, https:\/\/www.snowtrex.cz\/magazin\/files\/2022\/12\/RS26483_shutterstock_1273369138-scr-336x224.jpg 336w, https:\/\/www.snowtrex.cz\/magazin\/files\/2022\/12\/RS26483_shutterstock_1273369138-scr-276x184.jpg 276w, https:\/\/www.snowtrex.cz\/magazin\/files\/2022\/12\/RS26483_shutterstock_1273369138-scr-234x156.jpg 234w, https:\/\/www.snowtrex.cz\/magazin\/files\/2022\/12\/RS26483_shutterstock_1273369138-scr-192x128.jpg 192w, https:\/\/www.snowtrex.cz\/magazin\/files\/2022\/12\/RS26483_shutterstock_1273369138-scr-120x80.jpg 120w, https:\/\/www.snowtrex.cz\/magazin\/files\/2022\/12\/RS26483_shutterstock_1273369138-scr-774x516.jpg 774w, https:\/\/www.snowtrex.cz\/magazin\/files\/2022\/12\/RS26483_shutterstock_1273369138-scr-2x1.jpg 2w, https:\/\/www.snowtrex.cz\/magazin\/files\/2022\/12\/RS26483_shutterstock_1273369138-scr.jpg 1440w\" sizes=\"(min-width: 1009px) 729px, (min-width: 819px) 594px, (min-width: 569px) 729px, (min-width: 449px) 468px, 348px\" \/><\/a><div class=\"tt-image-copyright\" data-image-id=\"52481\">\u00a9 Salvador Maniquiz\/Shutterstock<\/div>\n            <\/div>\n            <div class=\"tt-post-caption\">Z\u00e1mek Neuschwanstein je jedn\u00edm z nejobl\u00edben\u011bj\u0161\u00edch c\u00edl\u016f zimn\u00ed turistiky v Allg\u00e4u.<\/div>\n         <\/div > \n<h2 id=\"zimn\u00ed-turistika-v-regionu-berchtesgaden\">Zimn\u00ed turistika v regionu Berchtesgaden<\/h2>\n<p><a href=\"https:\/\/www.snowtrex.cz\/nemecko\/berchtesgadener_land\/lyzovani.html\" target=\"_blank\" rel=\"noopener noreferrer\">Region Berchtesgadener Land<\/a> je zn\u00e1m\u00fd svou idylickou horskou krajinou, kter\u00e1 je obzvl\u00e1\u0161t\u011b kouzeln\u00e1 v zasn\u011b\u017een\u00e9 zim\u011b. Jezero K\u00f6nigssee, kter\u00e9 se nach\u00e1z\u00ed v n\u00e1rodn\u00edm parku Berchtesgaden, nab\u00edz\u00ed dokonal\u00e9 panorama pro del\u0161\u00ed zimn\u00ed t\u00faru &#8211; zejm\u00e9na na zimn\u00ed dovolen\u00e9 se psem. Pro zimn\u00ed t\u00fary a proch\u00e1zky je ide\u00e1ln\u00ed tak\u00e9 zasn\u011bn\u00e9 \u00fadol\u00ed Klausbach nebo malebn\u00e9 m\u011bste\u010dko <a href=\"https:\/\/www.snowtrex.cz\/nemecko\/schonau_am_konigssee\/lyzovani.html\" target=\"_blank\" rel=\"noopener noreferrer\">Sch\u00f6nau<\/a>. Doporu\u010dujeme tak\u00e9 trasu z <a href=\"https:\/\/www.snowtrex.cz\/nemecko\/ramsau\/lyzovani.html\" target=\"_blank\" rel=\"noopener noreferrer\">Ramsau<\/a> p\u0159es kouzeln\u00fd les do Hintersee.<\/p>\n<div class=\"tt-post-image-wrapper tt-post-image-wrapper-full\">\n            <div class=\"tt-image-copyright-container\">\n                <a href=\"https:\/\/www.snowtrex.cz\/magazin\/files\/2022\/12\/RS4895_shutterstock_303282779-scr.jpg\" target=\"_blank\" rel=\"noopener\"><img loading=\"lazy\" decoding=\"async\" data-wrapped=\"true\" class=\"wp-image-52482 size-Artikelbild_gro\u00df\" title=\"Slavn\u00fd Watzmann v Berchtesgadensk\u00fdch Alp\u00e1ch\" src=\"https:\/\/www.snowtrex.cz\/magazin\/files\/2022\/12\/RS4895_shutterstock_303282779-scr-729x486.jpg\" alt=\"Slavn\u00fd Watzmann v Berchtesgadensk\u00fdch Alp\u00e1ch\" width=\"729\" height=\"486\" srcset=\"https:\/\/www.snowtrex.cz\/magazin\/files\/2022\/12\/RS4895_shutterstock_303282779-scr-729x486.jpg 729w, https:\/\/www.snowtrex.cz\/magazin\/files\/2022\/12\/RS4895_shutterstock_303282779-scr-468x312.jpg 468w, https:\/\/www.snowtrex.cz\/magazin\/files\/2022\/12\/RS4895_shutterstock_303282779-scr-300x200.jpg 300w, https:\/\/www.snowtrex.cz\/magazin\/files\/2022\/12\/RS4895_shutterstock_303282779-scr-999x666.jpg 999w, https:\/\/www.snowtrex.cz\/magazin\/files\/2022\/12\/RS4895_shutterstock_303282779-scr-645x430.jpg 645w, https:\/\/www.snowtrex.cz\/magazin\/files\/2022\/12\/RS4895_shutterstock_303282779-scr-552x368.jpg 552w, https:\/\/www.snowtrex.cz\/magazin\/files\/2022\/12\/RS4895_shutterstock_303282779-scr-405x270.jpg 405w, https:\/\/www.snowtrex.cz\/magazin\/files\/2022\/12\/RS4895_shutterstock_303282779-scr-336x224.jpg 336w, https:\/\/www.snowtrex.cz\/magazin\/files\/2022\/12\/RS4895_shutterstock_303282779-scr-276x184.jpg 276w, https:\/\/www.snowtrex.cz\/magazin\/files\/2022\/12\/RS4895_shutterstock_303282779-scr-234x156.jpg 234w, https:\/\/www.snowtrex.cz\/magazin\/files\/2022\/12\/RS4895_shutterstock_303282779-scr-192x128.jpg 192w, https:\/\/www.snowtrex.cz\/magazin\/files\/2022\/12\/RS4895_shutterstock_303282779-scr-120x80.jpg 120w, https:\/\/www.snowtrex.cz\/magazin\/files\/2022\/12\/RS4895_shutterstock_303282779-scr-774x516.jpg 774w, https:\/\/www.snowtrex.cz\/magazin\/files\/2022\/12\/RS4895_shutterstock_303282779-scr-2x1.jpg 2w\" sizes=\"(min-width: 1009px) 729px, (min-width: 819px) 594px, (min-width: 569px) 729px, (min-width: 449px) 468px, 348px\" \/><\/a><div class=\"tt-image-copyright\" data-image-id=\"52482\">\u00a9 canadastock\/shutterstock.de<\/div>\n            <\/div>\n            <div class=\"tt-post-caption\">Slavn\u00fd Watzmann v Berchtesgadensk\u00fdch Alp\u00e1ch<\/div>\n         <\/div > \n<h2 id=\"zimn\u00ed-turistika-v-zillertalu\">Zimn\u00ed turistika v Zillertalu<\/h2>\n<p>V &#8222;nejaktivn\u011bj\u0161\u00edm \u00fadol\u00ed Alp&#8220; to nen\u00ed jen o ly\u017eov\u00e1n\u00ed. Je zde postar\u00e1no i o dal\u0161\u00ed zimn\u00ed aktivity. Je zde tak\u00e9 \u0161irok\u00e1 nab\u00eddka zimn\u00edch turistick\u00fdch tras. A\u0165 u\u017e se jedn\u00e1 o zasn\u011b\u017een\u00e9 vesnice, vodop\u00e1dy nebo ledovce &#8211; pro turisty v\u0161ech schopnost\u00ed se zde najde ta spr\u00e1vn\u00e1 zimn\u00ed turistick\u00e1 trasa. Zku\u0161en\u00ed turist\u00e9 se mohou nap\u0159\u00edklad vydat sm\u011brem na <a href=\"https:\/\/www.snowtrex.cz\/rakousko\/hochfugen\/lyzovani.html\" target=\"_blank\" rel=\"noopener noreferrer\">Hochf\u00fcgen<\/a>, zat\u00edmco milovn\u00edci z\u00e1bavy se mohou vydat na idylickou proch\u00e1zku po zimn\u00ed zillersk\u00e9 promen\u00e1d\u011b. Turistick\u00e9 stezky v <a href=\"https:\/\/www.snowtrex.cz\/rakousko\/zillertal\/lyzovani.html\" target=\"_blank\" rel=\"noopener noreferrer\">Zillertalu<\/a> jsou dob\u0159e zna\u010den\u00e9 a ve \u0161pi\u010dkov\u00e9m stavu.<\/p>\n<div class=\"tt-post-image-wrapper tt-post-image-wrapper-full\">\n            <div class=\"tt-image-copyright-container\">\n                <a href=\"https:\/\/www.snowtrex.cz\/magazin\/files\/2022\/12\/RS16574_shutterstock_114116728-bearbeitet-scr.jpg\" target=\"_blank\" rel=\"noopener\"><img loading=\"lazy\" decoding=\"async\" data-wrapped=\"true\" class=\"wp-image-52483 size-Artikelbild_gro\u00df\" title=\"Zillertal nab\u00edz\u00ed mnoho r\u016fzn\u00fdch tras pro zimn\u00ed turistiku, a\u0165 u\u017e naho\u0159e na hor\u00e1ch nebo dole v \u00fadol\u00ed\" src=\"https:\/\/www.snowtrex.cz\/magazin\/files\/2022\/12\/RS16574_shutterstock_114116728-bearbeitet-scr-729x486.jpg\" alt=\"Zillertal nab\u00edz\u00ed mnoho r\u016fzn\u00fdch tras pro zimn\u00ed turistiku, a\u0165 u\u017e naho\u0159e na hor\u00e1ch nebo dole v \u00fadol\u00ed\" width=\"729\" height=\"486\" srcset=\"https:\/\/www.snowtrex.cz\/magazin\/files\/2022\/12\/RS16574_shutterstock_114116728-bearbeitet-scr-729x486.jpg 729w, https:\/\/www.snowtrex.cz\/magazin\/files\/2022\/12\/RS16574_shutterstock_114116728-bearbeitet-scr-290x193.jpg 290w, https:\/\/www.snowtrex.cz\/magazin\/files\/2022\/12\/RS16574_shutterstock_114116728-bearbeitet-scr-728x485.jpg 728w, https:\/\/www.snowtrex.cz\/magazin\/files\/2022\/12\/RS16574_shutterstock_114116728-bearbeitet-scr-768x512.jpg 768w, https:\/\/www.snowtrex.cz\/magazin\/files\/2022\/12\/RS16574_shutterstock_114116728-bearbeitet-scr-468x312.jpg 468w, https:\/\/www.snowtrex.cz\/magazin\/files\/2022\/12\/RS16574_shutterstock_114116728-bearbeitet-scr-300x200.jpg 300w, https:\/\/www.snowtrex.cz\/magazin\/files\/2022\/12\/RS16574_shutterstock_114116728-bearbeitet-scr-999x666.jpg 999w, https:\/\/www.snowtrex.cz\/magazin\/files\/2022\/12\/RS16574_shutterstock_114116728-bearbeitet-scr-645x430.jpg 645w, https:\/\/www.snowtrex.cz\/magazin\/files\/2022\/12\/RS16574_shutterstock_114116728-bearbeitet-scr-552x368.jpg 552w, https:\/\/www.snowtrex.cz\/magazin\/files\/2022\/12\/RS16574_shutterstock_114116728-bearbeitet-scr-405x270.jpg 405w, https:\/\/www.snowtrex.cz\/magazin\/files\/2022\/12\/RS16574_shutterstock_114116728-bearbeitet-scr-336x224.jpg 336w, https:\/\/www.snowtrex.cz\/magazin\/files\/2022\/12\/RS16574_shutterstock_114116728-bearbeitet-scr-276x184.jpg 276w, https:\/\/www.snowtrex.cz\/magazin\/files\/2022\/12\/RS16574_shutterstock_114116728-bearbeitet-scr-234x156.jpg 234w, https:\/\/www.snowtrex.cz\/magazin\/files\/2022\/12\/RS16574_shutterstock_114116728-bearbeitet-scr-192x128.jpg 192w, https:\/\/www.snowtrex.cz\/magazin\/files\/2022\/12\/RS16574_shutterstock_114116728-bearbeitet-scr-120x80.jpg 120w, https:\/\/www.snowtrex.cz\/magazin\/files\/2022\/12\/RS16574_shutterstock_114116728-bearbeitet-scr-774x516.jpg 774w, https:\/\/www.snowtrex.cz\/magazin\/files\/2022\/12\/RS16574_shutterstock_114116728-bearbeitet-scr-2x1.jpg 2w, https:\/\/www.snowtrex.cz\/magazin\/files\/2022\/12\/RS16574_shutterstock_114116728-bearbeitet-scr.jpg 1440w\" sizes=\"(min-width: 1009px) 729px, (min-width: 819px) 594px, (min-width: 569px) 729px, (min-width: 449px) 468px, 348px\" \/><\/a><div class=\"tt-image-copyright\" data-image-id=\"52483\">\u00a9 My Good Images\/shutterstock.de<\/div>\n            <\/div>\n            <div class=\"tt-post-caption\">Zillertal nab\u00edz\u00ed mnoho r\u016fzn\u00fdch tras pro zimn\u00ed turistiku, a\u0165 u\u017e naho\u0159e na hor\u00e1ch nebo dole v \u00fadol\u00ed.<\/div>\n         <\/div > \n<h2 id=\"zimn\u00ed-turistika-v-\u00fadol\u00ed-gastein\">Zimn\u00ed turistika v \u00fadol\u00ed Gastein<\/h2>\n<p><a href=\"https:\/\/www.snowtrex.cz\/rakousko\/gasteinske_udoli\/lyzovani.html\" target=\"_blank\" rel=\"noopener noreferrer\">\u00dadol\u00ed Gastein<\/a> v Salcbursku je zn\u00e1m\u00e9 daleko za hranicemi Rakouska jako m\u00edsto pro zotaven\u00ed. V hlavn\u00edm m\u011bst\u011b <a href=\"https:\/\/www.snowtrex.cz\/rakousko\/bad_gastein\/lyzovani.html\" target=\"_blank\" rel=\"noopener noreferrer\">Bad Gastein<\/a> se nach\u00e1z\u00ed \u0159ada l\u00e1ze\u0148sk\u00fdch a wellness hotel\u016f, proto\u017ee term\u00e1ln\u00ed prameny v Bad Gasteinu l\u00e1kaj\u00ed z\u00e1jemce o relaxaci ji\u017e od st\u0159edov\u011bku. Krom\u011b toho, \u017ee je Bad Gastein zn\u00e1m\u00fd jako l\u00e1ze\u0148sk\u00e9 st\u0159edisko, je tak\u00e9 v\u00fdznamn\u00fdm st\u0159ediskem zimn\u00edch sport\u016f pro zimn\u00ed dovolenou v Rakousku. \u00dadol\u00ed Gastein je tak\u00e9 p\u0159edur\u010deno k relaxa\u010dn\u00edm zimn\u00edm t\u00far\u00e1m v malebn\u00e9 zasn\u011b\u017een\u00e9 krajin\u011b. A\u0165 u\u017e pod\u00e9l Achenpromenade, nebo ve vysoko polo\u017een\u00e9m \u00fadol\u00ed Sportgastein &#8211; turistick\u00fdch tras je zde dostatek!<\/p>\n<div class=\"tt-post-image-wrapper tt-post-image-wrapper-full\">\n            <div class=\"tt-image-copyright-container\">\n                <a href=\"https:\/\/www.snowtrex.cz\/magazin\/files\/2022\/12\/RS13379_IMG_0248-bearbeitet-scr-1.jpg\" target=\"_blank\" rel=\"noopener\"><img loading=\"lazy\" decoding=\"async\" data-wrapped=\"true\" class=\"wp-image-52484 size-Artikelbild_gro\u00df\" title=\"Visut\u00fd most Stubnerkogel v Bad Gasteinu je \u00fachvatn\u00fdm c\u00edlem pro ka\u017ed\u00e9ho, kdo m\u00e1 r\u00e1d v\u00fd\u0161ky\" src=\"https:\/\/www.snowtrex.cz\/magazin\/files\/2022\/12\/RS13379_IMG_0248-bearbeitet-scr-1-729x486.jpg\" alt=\"Visut\u00fd most Stubnerkogel v Bad Gasteinu je \u00fachvatn\u00fdm c\u00edlem pro ka\u017ed\u00e9ho, kdo m\u00e1 r\u00e1d v\u00fd\u0161ky\" width=\"729\" height=\"486\" srcset=\"https:\/\/www.snowtrex.cz\/magazin\/files\/2022\/12\/RS13379_IMG_0248-bearbeitet-scr-1-729x486.jpg 729w, https:\/\/www.snowtrex.cz\/magazin\/files\/2022\/12\/RS13379_IMG_0248-bearbeitet-scr-1-468x312.jpg 468w, https:\/\/www.snowtrex.cz\/magazin\/files\/2022\/12\/RS13379_IMG_0248-bearbeitet-scr-1-300x200.jpg 300w, https:\/\/www.snowtrex.cz\/magazin\/files\/2022\/12\/RS13379_IMG_0248-bearbeitet-scr-1-999x666.jpg 999w, https:\/\/www.snowtrex.cz\/magazin\/files\/2022\/12\/RS13379_IMG_0248-bearbeitet-scr-1-645x430.jpg 645w, https:\/\/www.snowtrex.cz\/magazin\/files\/2022\/12\/RS13379_IMG_0248-bearbeitet-scr-1-552x368.jpg 552w, https:\/\/www.snowtrex.cz\/magazin\/files\/2022\/12\/RS13379_IMG_0248-bearbeitet-scr-1-405x270.jpg 405w, https:\/\/www.snowtrex.cz\/magazin\/files\/2022\/12\/RS13379_IMG_0248-bearbeitet-scr-1-336x224.jpg 336w, https:\/\/www.snowtrex.cz\/magazin\/files\/2022\/12\/RS13379_IMG_0248-bearbeitet-scr-1-276x184.jpg 276w, https:\/\/www.snowtrex.cz\/magazin\/files\/2022\/12\/RS13379_IMG_0248-bearbeitet-scr-1-234x156.jpg 234w, https:\/\/www.snowtrex.cz\/magazin\/files\/2022\/12\/RS13379_IMG_0248-bearbeitet-scr-1-192x128.jpg 192w, https:\/\/www.snowtrex.cz\/magazin\/files\/2022\/12\/RS13379_IMG_0248-bearbeitet-scr-1-120x80.jpg 120w, https:\/\/www.snowtrex.cz\/magazin\/files\/2022\/12\/RS13379_IMG_0248-bearbeitet-scr-1-774x516.jpg 774w, https:\/\/www.snowtrex.cz\/magazin\/files\/2022\/12\/RS13379_IMG_0248-bearbeitet-scr-1-1x1.jpg 1w\" sizes=\"(min-width: 1009px) 729px, (min-width: 819px) 594px, (min-width: 569px) 729px, (min-width: 449px) 468px, 348px\" \/><\/a><div class=\"tt-image-copyright\" data-image-id=\"52484\">\u00a9 TravelTrex<\/div>\n            <\/div>\n            <div class=\"tt-post-caption\">Visut\u00fd most Stubnerkogel v Bad Gasteinu je \u00fachvatn\u00fdm c\u00edlem pro ka\u017ed\u00e9ho, kdo m\u00e1 r\u00e1d v\u00fd\u0161ky.<\/div>\n         <\/div > \n<h2 id=\"zimn\u00ed-turistika-v-salcbursk\u00e9m-\u00fadol\u00ed-saalachtal\">Zimn\u00ed turistika v Salcbursk\u00e9m \u00fadol\u00ed Saalachtal<\/h2>\n<p>Salcbursk\u00fd Saalachtal je mezi zimn\u00edmi turisty skute\u010dn\u00fdm tipem. A\u0165 u\u017e na vy\u010di\u0161t\u011bn\u00fdch turistick\u00fdch stezk\u00e1ch, nebo na b\u011b\u017ek\u00e1ch se sn\u011b\u017enicemi &#8211; je tu toho tolik k objevov\u00e1n\u00ed. Turistick\u00e9 stezky jsou vhodn\u00e9 pro rodiny s d\u011btmi, jsou zde m\u00edsta k posezen\u00ed a mnoho chat a hostinc\u016f, kde se m\u016f\u017eete zastavit. Ve sportovn\u00edch obchodech a u v\u011bt\u0161iny ubytovatel\u016f si lze levn\u011b vyp\u016fj\u010dit d\u011btsk\u00e9 s\u00e1\u0148ky a k dispozici jsou i no\u010dn\u00ed t\u00fary s baterkami. Pro ty, kte\u0159\u00ed cht\u011bj\u00ed vyrazit vysoko, nab\u00edz\u00ed <a href=\"https:\/\/www.snowtrex.cz\/rakousko\/lofer\/lyzovani.html\" target=\"_blank\" rel=\"noopener noreferrer\">Loferer<\/a> Alm fantastick\u00e9 vysokohorsk\u00e9 turistick\u00e9 trasy v nadmo\u0159sk\u00e9 v\u00fd\u0161ce kolem 1 400 metr\u016f. Pokud u\u017e jste zde, m\u016f\u017eete si ud\u011blat jednodenn\u00ed v\u00fdlet do zasn\u011b\u017een\u00e9ho Mozartova m\u011bsta Salcburku.<\/p>\n<h2 id=\"zimn\u00ed-turistika-na-slunn\u00e9-n\u00e1horn\u00ed-plo\u0161in\u011b-mieming\">Zimn\u00ed turistika na slunn\u00e9 n\u00e1horn\u00ed plo\u0161in\u011b Mieming<\/h2>\n<p>Slune\u010dn\u00e1 n\u00e1horn\u00ed plo\u0161ina Mieming je n\u00e1horn\u00ed plo\u0161ina v nadmo\u0159sk\u00e9 v\u00fd\u0161ce a\u017e 1 000 metr\u016f na okraji \u00fadol\u00ed \u0159eky Inn. Nad n\u00e1horn\u00ed plo\u0161inou se impozantn\u011b ty\u010d\u00ed poho\u0159\u00ed Mieming, a to zejm\u00e9na v zim\u011b. Kulisa, kter\u00e1 ka\u017edoro\u010dn\u011b okouzluje zimn\u00ed turisty. Zima ukazuje svou \u00fatulnou tv\u00e1\u0159 na proslun\u011bn\u00e9 n\u00e1horn\u00ed plo\u0161in\u011b. \u010cekaj\u00ed tu na v\u00e1s zimn\u00ed turistick\u00e9 trasy r\u016fzn\u00fdch obt\u00ed\u017enost\u00ed a zasn\u011bn\u00e9 v\u00fdletn\u00ed c\u00edle, jako je hradn\u00ed sout\u011bska a nedalek\u00fd vodop\u00e1d. Zku\u0161en\u00ed turist\u00e9 by rozhodn\u011b m\u011bli podniknout 2,5hodinovou t\u00faru z Obsteigu a\u017e k Lehnberghausu, kde si m\u016f\u017eete na sestup dokonce zap\u016fj\u010dit s\u00e1\u0148ky.<\/p>\n<h2 id=\"zimn\u00ed-turistika-v-regionu-achensee\">Zimn\u00ed turistika v regionu Achensee<\/h2>\n<p>Malebn\u00e9 <a href=\"https:\/\/www.snowtrex.cz\/rakousko\/achensee\/lyzovani.html\" target=\"_blank\" rel=\"noopener noreferrer\">jezero Achensee<\/a> se nach\u00e1z\u00ed na severu Tyrolska, nedaleko n\u011bmeck\u00fdch hranic. Zejm\u00e9na obce <a href=\"https:\/\/www.snowtrex.cz\/rakousko\/achenkirch\/lyzovani.html\" target=\"_blank\" rel=\"noopener noreferrer\">Achenkirch<\/a>, <a href=\"https:\/\/www.snowtrex.cz\/rakousko\/pertisau\/lyzovani.html\" target=\"_blank\" rel=\"noopener noreferrer\">Pertisau<\/a> a <a href=\"https:\/\/www.snowtrex.cz\/rakousko\/maurach\/lyzovani.html\" target=\"_blank\" rel=\"noopener noreferrer\">Maurach<\/a> jsou ide\u00e1ln\u00edmi v\u00fdchoz\u00edmi body pro romantick\u00e9 zimn\u00ed t\u00fary v zasn\u011b\u017een\u00e9 krajin\u011b. Celkem je v okol\u00ed jezera Achensee t\u00e9m\u011b\u0159 150 kilometr\u016f zimn\u00edch turistick\u00fdch tras. Mezi zimn\u00edmi turisty jsou obzvl\u00e1\u0161t\u011b obl\u00edben\u00e1 \u010detn\u00e1 mal\u00e1 \u00fadol\u00ed, zejm\u00e9na Unterautal. Vyplat\u00ed se tak\u00e9 ud\u011blat si zaj\u00ed\u017e\u010fku k mal\u00e9mu vodop\u00e1du Stod. Ten b\u00fdv\u00e1 v zim\u011b zamrzl\u00fd a jeho bizarn\u00ed ledov\u00e9 \u00fatvary pot\u011b\u0161\u00ed. Pokud se chcete dostat vysoko, ur\u010dit\u011b nav\u0161tivte vysokohorskou turistickou stezku na Rofanu. P\u0159ibli\u017en\u011b 1,6 km dlouh\u00e1 okru\u017en\u00ed stezka se nach\u00e1z\u00ed v nadmo\u0159sk\u00e9 v\u00fd\u0161ce t\u00e9m\u011b\u0159 1 800 m a za\u010d\u00edn\u00e1 u horn\u00ed stanice lanovky Rofan.<\/p>\n<div class=\"tt-post-image-wrapper tt-post-image-wrapper-full\">\n            <div class=\"tt-image-copyright-container\">\n                <a href=\"https:\/\/www.snowtrex.cz\/magazin\/files\/2022\/12\/RS26501_shutterstock_330409430-scr.jpg\" target=\"_blank\" rel=\"noopener\"><img loading=\"lazy\" decoding=\"async\" data-wrapped=\"true\" class=\"wp-image-52485 size-Artikelbild_gro\u00df\" title=\"Obzvl\u00e1\u0161\u0165 romantick\u00e9 panorama se b\u011bhem zimn\u00ed t\u00fary nask\u00fdt\u00e1 u jezera Achensee, kter\u00e9 se t\u0159pyt\u00ed ve slunci\" src=\"https:\/\/www.snowtrex.cz\/magazin\/files\/2022\/12\/RS26501_shutterstock_330409430-scr-729x486.jpg\" alt=\"Obzvl\u00e1\u0161\u0165 romantick\u00e9 panorama se b\u011bhem zimn\u00ed t\u00fary nask\u00fdt\u00e1 u jezera Achensee, kter\u00e9 se t\u0159pyt\u00ed ve slunci\" width=\"729\" height=\"486\" srcset=\"https:\/\/www.snowtrex.cz\/magazin\/files\/2022\/12\/RS26501_shutterstock_330409430-scr-729x486.jpg 729w, https:\/\/www.snowtrex.cz\/magazin\/files\/2022\/12\/RS26501_shutterstock_330409430-scr-290x193.jpg 290w, https:\/\/www.snowtrex.cz\/magazin\/files\/2022\/12\/RS26501_shutterstock_330409430-scr-728x485.jpg 728w, https:\/\/www.snowtrex.cz\/magazin\/files\/2022\/12\/RS26501_shutterstock_330409430-scr-768x512.jpg 768w, https:\/\/www.snowtrex.cz\/magazin\/files\/2022\/12\/RS26501_shutterstock_330409430-scr-468x312.jpg 468w, https:\/\/www.snowtrex.cz\/magazin\/files\/2022\/12\/RS26501_shutterstock_330409430-scr-300x200.jpg 300w, https:\/\/www.snowtrex.cz\/magazin\/files\/2022\/12\/RS26501_shutterstock_330409430-scr-999x666.jpg 999w, https:\/\/www.snowtrex.cz\/magazin\/files\/2022\/12\/RS26501_shutterstock_330409430-scr-645x430.jpg 645w, https:\/\/www.snowtrex.cz\/magazin\/files\/2022\/12\/RS26501_shutterstock_330409430-scr-552x368.jpg 552w, https:\/\/www.snowtrex.cz\/magazin\/files\/2022\/12\/RS26501_shutterstock_330409430-scr-405x270.jpg 405w, https:\/\/www.snowtrex.cz\/magazin\/files\/2022\/12\/RS26501_shutterstock_330409430-scr-336x224.jpg 336w, https:\/\/www.snowtrex.cz\/magazin\/files\/2022\/12\/RS26501_shutterstock_330409430-scr-276x184.jpg 276w, https:\/\/www.snowtrex.cz\/magazin\/files\/2022\/12\/RS26501_shutterstock_330409430-scr-234x156.jpg 234w, https:\/\/www.snowtrex.cz\/magazin\/files\/2022\/12\/RS26501_shutterstock_330409430-scr-192x128.jpg 192w, https:\/\/www.snowtrex.cz\/magazin\/files\/2022\/12\/RS26501_shutterstock_330409430-scr-120x80.jpg 120w, https:\/\/www.snowtrex.cz\/magazin\/files\/2022\/12\/RS26501_shutterstock_330409430-scr-774x516.jpg 774w, https:\/\/www.snowtrex.cz\/magazin\/files\/2022\/12\/RS26501_shutterstock_330409430-scr-2x1.jpg 2w, https:\/\/www.snowtrex.cz\/magazin\/files\/2022\/12\/RS26501_shutterstock_330409430-scr.jpg 1440w\" sizes=\"(min-width: 1009px) 729px, (min-width: 819px) 594px, (min-width: 569px) 729px, (min-width: 449px) 468px, 348px\" \/><\/a><div class=\"tt-image-copyright\" data-image-id=\"52485\">\u00a9 anitasstudio\/Shutterstock<\/div>\n            <\/div>\n            <div class=\"tt-post-caption\">Obzvl\u00e1\u0161\u0165 romantick\u00e9 panorama se b\u011bhem zimn\u00ed t\u00fary nask\u00fdt\u00e1 u jezera Achensee, kter\u00e9 se t\u0159pyt\u00ed ve slunci.<\/div>\n         <\/div > \n<h2 id=\"zimn\u00ed-turistika-v-oblasti-fuschlhintersee\">Zimn\u00ed turistika v oblasti Fuschl\/Hintersee<\/h2>\n<p>\u010cetn\u00e1 jezera na v\u00fdchod od Salcburku jsou obl\u00edben\u00fdm v\u00fdletn\u00edm c\u00edlem v ka\u017ed\u00e9m ro\u010dn\u00edm obdob\u00ed. Obzvl\u00e1\u0161t\u011b v zim\u011b v\u0161ak region kolem jezer <a href=\"https:\/\/www.snowtrex.cz\/rakousko\/fuschl_am_see\/lyzovani.html\" target=\"_blank\" rel=\"noopener noreferrer\">Fuschl<\/a> a Hintersee naplno rozvine sv\u00e9 kouzlo. Co m\u016f\u017ee b\u00fdt hez\u010d\u00edho ne\u017e proch\u00e1zka u jezera na slun\u00ed\u010dku se sn\u011bhovou pokr\u00fdvkou? Budete p\u0159ekvapeni, kolik p\u0159\u00edrody je zde k objevov\u00e1n\u00ed i v hlubok\u00e9 zim\u011b. Zvl\u00e1\u0161t\u011b doporu\u010dujeme v\u00fdlet na n\u011bkterou z mnoha panoramatick\u00fdch stezek v regionu nebo do &#8222;Felsenbad&#8220; u Faistenau. Pokud se po nam\u00e1hav\u00e9m v\u00fdstupu t\u011b\u0161\u00edte na rychl\u00fd sestup, m\u011bli byste si ud\u011blat zaj\u00ed\u017e\u010fku na Schlitt&#8217;n Hittn. Jakmile doraz\u00edte na vrchol, m\u016f\u017eete si za mal\u00fd poplatek p\u016fj\u010dit s\u00e1\u0148ky, kter\u00e9 pak dole vr\u00e1t\u00edte.<\/p>\n<div class=\"tt-post-image-wrapper tt-post-image-wrapper-full\">\n            <div class=\"tt-image-copyright-container\">\n                <a href=\"https:\/\/www.snowtrex.cz\/magazin\/files\/2022\/12\/RS26506_shutterstock_774684607-scr.jpg\" target=\"_blank\" rel=\"noopener\"><img loading=\"lazy\" decoding=\"async\" data-wrapped=\"true\" class=\"wp-image-52486 size-Artikelbild_gro\u00df\" title=\"Klidn\u00e1 vesnice Faistenau je ide\u00e1ln\u00edm v\u00fdchoz\u00edm bodem nap\u0159\u00edklad pro t\u00fary kolem jezera Fuschl\" src=\"https:\/\/www.snowtrex.cz\/magazin\/files\/2022\/12\/RS26506_shutterstock_774684607-scr-729x486.jpg\" alt=\"Klidn\u00e1 vesnice Faistenau je ide\u00e1ln\u00edm v\u00fdchoz\u00edm bodem nap\u0159\u00edklad pro t\u00fary kolem jezera Fuschl\" width=\"729\" height=\"486\" srcset=\"https:\/\/www.snowtrex.cz\/magazin\/files\/2022\/12\/RS26506_shutterstock_774684607-scr-729x486.jpg 729w, https:\/\/www.snowtrex.cz\/magazin\/files\/2022\/12\/RS26506_shutterstock_774684607-scr-468x312.jpg 468w, https:\/\/www.snowtrex.cz\/magazin\/files\/2022\/12\/RS26506_shutterstock_774684607-scr-300x200.jpg 300w, https:\/\/www.snowtrex.cz\/magazin\/files\/2022\/12\/RS26506_shutterstock_774684607-scr-999x666.jpg 999w, https:\/\/www.snowtrex.cz\/magazin\/files\/2022\/12\/RS26506_shutterstock_774684607-scr-645x430.jpg 645w, https:\/\/www.snowtrex.cz\/magazin\/files\/2022\/12\/RS26506_shutterstock_774684607-scr-552x368.jpg 552w, https:\/\/www.snowtrex.cz\/magazin\/files\/2022\/12\/RS26506_shutterstock_774684607-scr-405x270.jpg 405w, https:\/\/www.snowtrex.cz\/magazin\/files\/2022\/12\/RS26506_shutterstock_774684607-scr-336x224.jpg 336w, https:\/\/www.snowtrex.cz\/magazin\/files\/2022\/12\/RS26506_shutterstock_774684607-scr-276x184.jpg 276w, https:\/\/www.snowtrex.cz\/magazin\/files\/2022\/12\/RS26506_shutterstock_774684607-scr-234x156.jpg 234w, https:\/\/www.snowtrex.cz\/magazin\/files\/2022\/12\/RS26506_shutterstock_774684607-scr-192x128.jpg 192w, https:\/\/www.snowtrex.cz\/magazin\/files\/2022\/12\/RS26506_shutterstock_774684607-scr-120x80.jpg 120w, https:\/\/www.snowtrex.cz\/magazin\/files\/2022\/12\/RS26506_shutterstock_774684607-scr-774x516.jpg 774w, https:\/\/www.snowtrex.cz\/magazin\/files\/2022\/12\/RS26506_shutterstock_774684607-scr-2x1.jpg 2w\" sizes=\"(min-width: 1009px) 729px, (min-width: 819px) 594px, (min-width: 569px) 729px, (min-width: 449px) 468px, 348px\" \/><\/a><div class=\"tt-image-copyright\" data-image-id=\"52486\">\u00a9 alpinenature\/Shutterstock<\/div>\n            <\/div>\n            <div class=\"tt-post-caption\">Klidn\u00e1 vesnice Faistenau je ide\u00e1ln\u00edm v\u00fdchoz\u00edm bodem nap\u0159\u00edklad pro t\u00fary kolem jezera Fuschl.<\/div>\n         <\/div > \n<h2 id=\"zimn\u00ed-turistika-v-oblasti-zermattu\">Zimn\u00ed turistika v oblasti Zermattu<\/h2>\n<p>Poh\u00e1dkov\u00e1 horsk\u00e1 krajina s \u010dlenit\u00fdmi skaln\u00edmi \u00fatvary a vodop\u00e1dy &#8211; to jsou \u0161v\u00fdcarsk\u00e9 Alpy. Pravd\u011bpodobn\u011b nejzn\u00e1m\u011bj\u0161\u00ed hora: Matterhorn. Na jeho \u00fapat\u00ed le\u017e\u00ed <a href=\"https:\/\/www.snowtrex.cz\/svycarsko\/zermatt\/lyzovani.html\" target=\"_blank\" rel=\"noopener noreferrer\">Zermatt<\/a>. Jako c\u00edl zimn\u00edch sport\u016f je Zermatt jedn\u00edm z nejobl\u00edben\u011bj\u0161\u00edch m\u00edst v Alp\u00e1ch. Ale i kdy\u017e nejste ly\u017ea\u0159i, najdete zde spoustu mo\u017enost\u00ed z\u00e1bavy. Na sv\u00e9 si samoz\u0159ejm\u011b p\u0159ijdou i milovn\u00edci zimn\u00edch t\u00far. Stupn\u011b obt\u00ed\u017enosti se zde pohybuj\u00ed od snadn\u00fdch a\u017e po n\u00e1ro\u010dn\u00e9. P\u0159\u00edjemn\u00ed turist\u00e9 se mohou nap\u0159\u00edklad kochat zasn\u011b\u017eenou krajinou na panoramatick\u00e9 stezce T\u00e4sch a p\u0159i tro\u0161e \u0161t\u011bst\u00ed pozorovat divokou alpskou zv\u011b\u0159. Kdo naopak hled\u00e1 v\u00fdzvu, m\u011bl by se rozhodn\u011b vydat na t\u00faru na sn\u011b\u017enic\u00edch na Gornergrat. Odtud se v\u00e1m naskytne \u00fachvatn\u00fd v\u00fdhled na mnoho okoln\u00edch \u010dty\u0159tis\u00edcov\u00fdch vrchol\u016f.<\/p>\n<div class=\"tt-post-image-wrapper tt-post-image-wrapper-full\">\n            <div class=\"tt-image-copyright-container\">\n                <a href=\"https:\/\/www.snowtrex.cz\/magazin\/files\/2022\/12\/RS4643_shutterstock_233176468-scr.jpg\" target=\"_blank\" rel=\"noopener\"><img loading=\"lazy\" decoding=\"async\" data-wrapped=\"true\" class=\"wp-image-52487 size-Artikelbild_gro\u00df\" title=\"Z Gornergratu se v\u00e1m naskytne nep\u0159ekonateln\u00fd v\u00fdhled na impozantn\u00ed Matterhorn a okoln\u00ed \u0161v\u00fdcarsk\u00e9 hory\" src=\"https:\/\/www.snowtrex.cz\/magazin\/files\/2022\/12\/RS4643_shutterstock_233176468-scr-729x486.jpg\" alt=\"Z Gornergratu se v\u00e1m naskytne nep\u0159ekonateln\u00fd v\u00fdhled na impozantn\u00ed Matterhorn a okoln\u00ed \u0161v\u00fdcarsk\u00e9 hory\" width=\"729\" height=\"486\" srcset=\"https:\/\/www.snowtrex.cz\/magazin\/files\/2022\/12\/RS4643_shutterstock_233176468-scr-729x486.jpg 729w, https:\/\/www.snowtrex.cz\/magazin\/files\/2022\/12\/RS4643_shutterstock_233176468-scr-290x194.jpg 290w, https:\/\/www.snowtrex.cz\/magazin\/files\/2022\/12\/RS4643_shutterstock_233176468-scr-728x486.jpg 728w, https:\/\/www.snowtrex.cz\/magazin\/files\/2022\/12\/RS4643_shutterstock_233176468-scr-768x513.jpg 768w, https:\/\/www.snowtrex.cz\/magazin\/files\/2022\/12\/RS4643_shutterstock_233176468-scr-468x312.jpg 468w, https:\/\/www.snowtrex.cz\/magazin\/files\/2022\/12\/RS4643_shutterstock_233176468-scr-300x200.jpg 300w, https:\/\/www.snowtrex.cz\/magazin\/files\/2022\/12\/RS4643_shutterstock_233176468-scr-999x666.jpg 999w, https:\/\/www.snowtrex.cz\/magazin\/files\/2022\/12\/RS4643_shutterstock_233176468-scr-645x430.jpg 645w, https:\/\/www.snowtrex.cz\/magazin\/files\/2022\/12\/RS4643_shutterstock_233176468-scr-552x368.jpg 552w, https:\/\/www.snowtrex.cz\/magazin\/files\/2022\/12\/RS4643_shutterstock_233176468-scr-405x270.jpg 405w, https:\/\/www.snowtrex.cz\/magazin\/files\/2022\/12\/RS4643_shutterstock_233176468-scr-336x224.jpg 336w, https:\/\/www.snowtrex.cz\/magazin\/files\/2022\/12\/RS4643_shutterstock_233176468-scr-276x184.jpg 276w, https:\/\/www.snowtrex.cz\/magazin\/files\/2022\/12\/RS4643_shutterstock_233176468-scr-234x156.jpg 234w, https:\/\/www.snowtrex.cz\/magazin\/files\/2022\/12\/RS4643_shutterstock_233176468-scr-192x128.jpg 192w, https:\/\/www.snowtrex.cz\/magazin\/files\/2022\/12\/RS4643_shutterstock_233176468-scr-120x80.jpg 120w, https:\/\/www.snowtrex.cz\/magazin\/files\/2022\/12\/RS4643_shutterstock_233176468-scr-774x516.jpg 774w, https:\/\/www.snowtrex.cz\/magazin\/files\/2022\/12\/RS4643_shutterstock_233176468-scr-1x1.jpg 1w, https:\/\/www.snowtrex.cz\/magazin\/files\/2022\/12\/RS4643_shutterstock_233176468-scr.jpg 1440w\" sizes=\"(min-width: 1009px) 729px, (min-width: 819px) 594px, (min-width: 569px) 729px, (min-width: 449px) 468px, 348px\" \/><\/a><div class=\"tt-image-copyright\" data-image-id=\"52487\">\u00a9 Krissanapong Wongsawarng\/shutterstock.de<\/div>\n            <\/div>\n            <div class=\"tt-post-caption\">Z Gornergratu se v\u00e1m naskytne nep\u0159ekonateln\u00fd v\u00fdhled na impozantn\u00ed Matterhorn a okoln\u00ed \u0161v\u00fdcarsk\u00e9 hory.<\/div>\n         <\/div > \n<h2 id=\"zimn\u00ed-turistika-v-dolomitech\">Zimn\u00ed turistika v Dolomitech<\/h2>\n<p>T\u0159i \u0161t\u00edty (Drei Zinnen\/ Tre Cime) v Dolomitech jsou pravd\u011bpodobn\u011b nejv\u00fdrazn\u011bj\u0161\u00edm horsk\u00fdm \u00fatvarem v Alp\u00e1ch. Kr\u00e1lovsky vystupuj\u00ed z vrchol\u016f p\u0159\u00edrodn\u00edho parku T\u0159i \u0161t\u00edty a t\u00e9m\u011b\u0159 majest\u00e1tn\u011b dominuj\u00ed krajin\u011b Ji\u017en\u00edho Tyrolska. Nen\u00ed tedy divu, \u017ee mnoho turistick\u00fdch tras v oblasti Dolomit m\u00e1 za c\u00edl pr\u00e1v\u011b T\u0159i \u0161t\u00edty. V\u011bt\u0161ina tras r\u016fzn\u00fdch stup\u0148\u016f obt\u00ed\u017enosti zabere 5 a\u017e 8 hodin, ale n\u011bkter\u00e9 trasy lze \u010d\u00e1ste\u010dn\u011b absolvovat i autem, \u010d\u00edm\u017e se v p\u0159\u00edpad\u011b pot\u0159eby zkr\u00e1t\u00ed t\u00fara na p\u0159ibli\u017en\u011b 3 hodiny.<\/p>\n<p>Mnoho tras vede k obl\u00edben\u00e9 chat\u011b Dreizinnenh\u00fctte &#8211; odtud se otev\u00edr\u00e1 \u00fachvatn\u00fd v\u00fdhled na sv\u011btov\u00e9 d\u011bdictv\u00ed UNESCO a nab\u00edz\u00ed ide\u00e1ln\u00ed v\u00fdchoz\u00ed bod pro slavn\u00e9 fotografie impozantn\u00edho horsk\u00e9ho \u00fatvaru. K dobr\u00fdm v\u00fdchoz\u00edm bod\u016fm pro zimn\u00ed t\u00fary pat\u0159\u00ed \u00fadol\u00ed Fischleintal <a href=\"https:\/\/www.snowtrex.cz\/italie\/sexten\/lyzovani.html\" target=\"_blank\" rel=\"noopener noreferrer\">(Sesto<\/a>) a Innerfeldtal <a href=\"https:\/\/www.snowtrex.cz\/italie\/innichen\/lyzovani.html\" target=\"_blank\" rel=\"noopener noreferrer\">(San Candido)<\/a>. Rustik\u00e1ln\u00ed, \u00fatuln\u00e9 chaty jako Talschlussh\u00fctte a Dreischusterh\u00fctte pod\u00e9l vy\u010di\u0161t\u011bn\u00fdch turistick\u00fdch cest tak\u00e9 vyb\u00edzej\u00ed k zast\u00e1vce na j\u00eddlo a ob\u010derstven\u00ed s tradi\u010dn\u00edmi pochoutkami, kter\u00e9 zavr\u0161\u00ed den pln\u00fd z\u00e1\u017eitk\u016f.<\/p>\n<div class=\"tt-post-image-wrapper tt-post-image-wrapper-full\">\n            <div class=\"tt-image-copyright-container\">\n                <a href=\"https:\/\/www.snowtrex.cz\/magazin\/files\/2022\/12\/RS21372_shutterstock_324200117-bearbeitet-scr.jpg\" target=\"_blank\" rel=\"noopener\"><img loading=\"lazy\" decoding=\"async\" data-wrapped=\"true\" class=\"wp-image-52488 size-Artikelbild_gro\u00df\" title=\"Chata Dreizinnenh\u00fctte je ide\u00e1ln\u00edm m\u00edstem, kde si m\u016f\u017eete vychutnat fantastick\u00fd v\u00fdhled na T\u0159i vrcholy\" src=\"https:\/\/www.snowtrex.cz\/magazin\/files\/2022\/12\/RS21372_shutterstock_324200117-bearbeitet-scr-729x486.jpg\" alt=\"Chata Dreizinnenh\u00fctte je ide\u00e1ln\u00edm m\u00edstem, kde si m\u016f\u017eete vychutnat fantastick\u00fd v\u00fdhled na T\u0159i vrcholy\" width=\"729\" height=\"486\" srcset=\"https:\/\/www.snowtrex.cz\/magazin\/files\/2022\/12\/RS21372_shutterstock_324200117-bearbeitet-scr-729x486.jpg 729w, https:\/\/www.snowtrex.cz\/magazin\/files\/2022\/12\/RS21372_shutterstock_324200117-bearbeitet-scr-468x312.jpg 468w, https:\/\/www.snowtrex.cz\/magazin\/files\/2022\/12\/RS21372_shutterstock_324200117-bearbeitet-scr-300x200.jpg 300w, https:\/\/www.snowtrex.cz\/magazin\/files\/2022\/12\/RS21372_shutterstock_324200117-bearbeitet-scr-999x666.jpg 999w, https:\/\/www.snowtrex.cz\/magazin\/files\/2022\/12\/RS21372_shutterstock_324200117-bearbeitet-scr-645x430.jpg 645w, https:\/\/www.snowtrex.cz\/magazin\/files\/2022\/12\/RS21372_shutterstock_324200117-bearbeitet-scr-552x368.jpg 552w, https:\/\/www.snowtrex.cz\/magazin\/files\/2022\/12\/RS21372_shutterstock_324200117-bearbeitet-scr-405x270.jpg 405w, https:\/\/www.snowtrex.cz\/magazin\/files\/2022\/12\/RS21372_shutterstock_324200117-bearbeitet-scr-336x224.jpg 336w, https:\/\/www.snowtrex.cz\/magazin\/files\/2022\/12\/RS21372_shutterstock_324200117-bearbeitet-scr-276x184.jpg 276w, https:\/\/www.snowtrex.cz\/magazin\/files\/2022\/12\/RS21372_shutterstock_324200117-bearbeitet-scr-234x156.jpg 234w, https:\/\/www.snowtrex.cz\/magazin\/files\/2022\/12\/RS21372_shutterstock_324200117-bearbeitet-scr-192x128.jpg 192w, https:\/\/www.snowtrex.cz\/magazin\/files\/2022\/12\/RS21372_shutterstock_324200117-bearbeitet-scr-120x80.jpg 120w, https:\/\/www.snowtrex.cz\/magazin\/files\/2022\/12\/RS21372_shutterstock_324200117-bearbeitet-scr-774x516.jpg 774w, https:\/\/www.snowtrex.cz\/magazin\/files\/2022\/12\/RS21372_shutterstock_324200117-bearbeitet-scr-2x1.jpg 2w\" sizes=\"(min-width: 1009px) 729px, (min-width: 819px) 594px, (min-width: 569px) 729px, (min-width: 449px) 468px, 348px\" \/><\/a><div class=\"tt-image-copyright\" data-image-id=\"52488\">\u00a9 Dzerkach Viktar\/shutterstock.de<\/div>\n            <\/div>\n            <div class=\"tt-post-caption\">Chata Dreizinnenh\u00fctte je ide\u00e1ln\u00edm m\u00edstem, kde si m\u016f\u017eete vychutnat fantastick\u00fd v\u00fdhled na T\u0159i \u0161t\u00edty.<\/div>\n         <\/div > \n","protected":false},"excerpt":{"rendered":"<p>Na zimn\u00ed dovolen\u00e9 nemus\u00edte v\u017edy ly\u017eovat nebo jezdit na snowboardu, abyste si u\u017eili a prozkoumali zasn\u011b\u017eenou krajinu. Sta\u010d\u00ed vklouznout do pevn\u00fdch bot a tepl\u00e9ho oble\u010den\u00ed a vyrazit na vysn\u011bn\u00e9 zimn\u00ed turistick\u00e9 stezky v Alp\u00e1ch, nahoru a dol\u016f po hor\u00e1ch, p\u0159es louky, lesy a \u00fadol\u00ed kolem star\u00fdch vesnic a zamrzl\u00fdch vodop\u00e1d\u016f. SnowTrex pro v\u00e1s p\u0159ipravil nejkr\u00e1sn\u011bj\u0161\u00ed oblasti pro zimn\u00ed turistiku v Alp\u00e1ch.<\/p>\n","protected":false},"author":178,"featured_media":52480,"comment_status":"closed","ping_status":"closed","sticky":false,"template":"","format":"standard","meta":{"footnotes":""},"categories":[11],"tags":[183,184,371,185,186,187,346,77,372,188,189,190,191,192,375,376,25,377,374,378,379,382,380,196,361,197,31,198,199,347,83,84,381,373,200,350,364,384,385,201,202,203,353,38,355,204,366,68,42,383],"class_list":["post-40828","post","type-post","status-publish","format-standard","has-post-thumbnail","hentry","category-top-10","tag-achenkirch","tag-achensee","tag-allgau","tag-aschau","tag-bad_gastein","tag-bad_hofgastein","tag-bavorske-alpy","tag-berchtesgaden","tag-berchtesgadener_land","tag-bruck_am_ziller","tag-dorfgastein","tag-finkenberg","tag-fugen","tag-fuschl_am_see","tag-gasteinske_udoli","tag-grossarltal","tag-hintertux","tag-hippach_schwendau_ramsau","tag-holiday_region_3_zinnen_dolomites","tag-innichen_san_candido","tag-italie","tag-jizni-tyrolsko","tag-kaltenbach_ried_stumm","tag-lofer","tag-matterhorn","tag-maurach","tag-mayrhofen","tag-mieming","tag-munster","tag-nemecko","tag-oberstaufen","tag-oberstdorf","tag-oberstdorf-oberallgau","tag-okres-imst","tag-pertisau","tag-rakousko","tag-salcbursko","tag-salcbursky-saalachtal","tag-salzkammergut","tag-schlitters","tag-sexten","tag-strass","tag-svycarsko","tag-tux","tag-tyrolsko","tag-uderns","tag-wallis","tag-zell_am_ziller","tag-zermatt","tag-zillertal"],"yoast_head":"<!-- This site is optimized with the Yoast SEO Premium plugin v27.3 (Yoast SEO v27.3) - https:\/\/yoast.com\/product\/yoast-seo-premium-wordpress\/ -->\n<title>10 region\u016f pro zimn\u00ed turistiku - Snow hiking - P\u011b\u0161\u00ed turistika v zim\u011b<\/title>\n<meta name=\"description\" content=\"Na zimn\u00ed dovolen\u00e9 nemus\u00edte v\u017edy ly\u017eovat, abyste si u\u017eili krajinu. SnowTrex v\u00e1m uk\u00e1\u017ee nejkr\u00e1sn\u011bj\u0161\u00ed oblasti pro zimn\u00ed turistiku v Alp\u00e1ch.\" \/>\n<meta name=\"robots\" content=\"index, follow, max-snippet:-1, max-image-preview:large, max-video-preview:-1\" \/>\n<link rel=\"canonical\" href=\"https:\/\/www.snowtrex.cz\/magazin\/top-10\/zimni-turistika-alpy\/\" \/>\n<meta property=\"og:locale\" content=\"cs_CZ\" \/>\n<meta property=\"og:type\" content=\"article\" \/>\n<meta property=\"og:title\" content=\"10 nejkr\u00e1sn\u011bj\u0161\u00edch oblast\u00ed pro zimn\u00ed turistiku v Alp\u00e1ch\" \/>\n<meta property=\"og:description\" content=\"Na zimn\u00ed dovolen\u00e9 nemus\u00edte v\u017edy ly\u017eovat nebo jezdit na snowboardu, abyste si u\u017eili a prozkoumali zasn\u011b\u017eenou krajinu. Sta\u010d\u00ed vklouznout do pevn\u00fdch bot a tepl\u00e9ho oble\u010den\u00ed a vyrazit na vysn\u011bn\u00e9 zimn\u00ed turistick\u00e9 stezky v Alp\u00e1ch, nahoru a dol\u016f po hor\u00e1ch, p\u0159es louky, lesy a \u00fadol\u00ed kolem star\u00fdch vesnic a zamrzl\u00fdch vodop\u00e1d\u016f. SnowTrex pro v\u00e1s p\u0159ipravil nejkr\u00e1sn\u011bj\u0161\u00ed oblasti pro zimn\u00ed turistiku v Alp\u00e1ch.\" \/>\n<meta property=\"og:url\" content=\"https:\/\/www.snowtrex.cz\/magazin\/top-10\/zimni-turistika-alpy\/\" \/>\n<meta property=\"og:site_name\" content=\"SnowTrex Ski-Magaz\u00edn\" \/>\n<meta property=\"article:publisher\" content=\"https:\/\/www.facebook.com\/snowtrex\" \/>\n<meta property=\"article:author\" content=\"https:\/\/www.facebook.com\/snowtrex\/\" \/>\n<meta property=\"article:published_time\" content=\"2024-11-05T13:24:06+00:00\" \/>\n<meta property=\"article:modified_time\" content=\"2026-03-19T10:43:06+00:00\" \/>\n<meta property=\"og:image\" content=\"https:\/\/www.snowtrex.cz\/magazin\/files\/2022\/12\/RS5154_shutterstock_441215299-hsc.jpg\" \/>\n\t<meta property=\"og:image:width\" content=\"1920\" \/>\n\t<meta property=\"og:image:height\" content=\"1280\" \/>\n\t<meta property=\"og:image:type\" content=\"image\/jpeg\" \/>\n<meta name=\"author\" content=\"SnowTrex\" \/>\n<meta name=\"twitter:card\" content=\"summary_large_image\" \/>\n<meta name=\"twitter:label1\" content=\"Napsal(a)\" \/>\n\t<meta name=\"twitter:data1\" content=\"SnowTrex\" \/>\n\t<meta name=\"twitter:label2\" content=\"Odhadovan\u00e1 doba \u010dten\u00ed\" \/>\n\t<meta name=\"twitter:data2\" content=\"9 minut\" \/>\n<script type=\"application\/ld+json\" class=\"yoast-schema-graph\">{\"@context\":\"https:\\\/\\\/schema.org\",\"@graph\":[{\"@type\":\"Article\",\"@id\":\"http:\\\/\\\/wp-magazin.snowtrex.cz\\\/top-10\\\/zimni-turistika-alpy\\\/#article\",\"isPartOf\":{\"@id\":\"http:\\\/\\\/wp-magazin.snowtrex.cz\\\/top-10\\\/zimni-turistika-alpy\\\/\"},\"author\":{\"name\":\"SnowTrex\",\"@id\":\"http:\\\/\\\/wp-magazin.snowtrex.cz\\\/#\\\/schema\\\/person\\\/ad1887a4d155ef6b5b8b4fc8990d92dd\"},\"headline\":\"10 nejkr\u00e1sn\u011bj\u0161\u00edch oblast\u00ed pro zimn\u00ed turistiku v Alp\u00e1ch\",\"datePublished\":\"2024-11-05T13:24:06+00:00\",\"dateModified\":\"2026-03-19T10:43:06+00:00\",\"mainEntityOfPage\":{\"@id\":\"http:\\\/\\\/wp-magazin.snowtrex.cz\\\/top-10\\\/zimni-turistika-alpy\\\/\"},\"wordCount\":1659,\"publisher\":{\"@id\":\"http:\\\/\\\/wp-magazin.snowtrex.cz\\\/#organization\"},\"image\":{\"@id\":\"http:\\\/\\\/wp-magazin.snowtrex.cz\\\/top-10\\\/zimni-turistika-alpy\\\/#primaryimage\"},\"thumbnailUrl\":\"http:\\\/\\\/wp-magazin.snowtrex.cz\\\/files\\\/2022\\\/12\\\/RS5154_shutterstock_441215299-hsc.jpg\",\"keywords\":[\"Achenkirch\",\"Achensee\",\"Allg\u00e4u\",\"Aschau\",\"Bad Gastein\",\"Bad Hofgastein\",\"Bavorsk\u00e9 Alpy\",\"Berchtesgaden\",\"Berchtesgadener Land\",\"Bruck am Ziller\",\"Dorfgastein\",\"Finkenberg\",\"F\u00fcgen\",\"Fuschl am See\",\"Gasteinsk\u00e9 \u00fadol\u00ed\",\"Gro\u00dfarltal\",\"Hintertux\",\"Hippach - Schwendau - Ramsau\",\"Holiday region 3 Zinnen Dolomites\",\"Innichen (San Candido)\",\"It\u00e1lie\",\"Ji\u017en\u00ed Tyrolsko\",\"Kaltenbach - Ried - Stumm\",\"Lofer\",\"Matterhorn\",\"Maurach\",\"Mayrhofen\",\"Mieming\",\"M\u00fcnster\",\"N\u011bmecko\",\"Oberstaufen\",\"Oberstdorf\",\"Oberstdorf (Oberallg\u00e4u)\",\"Okres Imst\",\"Pertisau\",\"Rakousko\",\"Salcbursko\",\"Salcbursk\u00fd Saalachtal\",\"Salzkammergut\",\"Schlitters\",\"Sexten\",\"Strass\",\"\u0160v\u00fdcarsko\",\"Tux\",\"Tyrolsko\",\"Uderns\",\"Wallis\",\"Zell am Ziller\",\"Zermatt\",\"Zillertal\"],\"articleSection\":[\"Top 10\"],\"inLanguage\":\"cs\"},{\"@type\":\"WebPage\",\"@id\":\"http:\\\/\\\/wp-magazin.snowtrex.cz\\\/top-10\\\/zimni-turistika-alpy\\\/\",\"url\":\"http:\\\/\\\/wp-magazin.snowtrex.cz\\\/top-10\\\/zimni-turistika-alpy\\\/\",\"name\":\"10 region\u016f pro zimn\u00ed turistiku - Snow hiking - P\u011b\u0161\u00ed turistika v zim\u011b\",\"primaryImageOfPage\":{\"@id\":\"http:\\\/\\\/wp-magazin.snowtrex.cz\\\/top-10\\\/zimni-turistika-alpy\\\/#primaryimage\"},\"image\":{\"@id\":\"http:\\\/\\\/wp-magazin.snowtrex.cz\\\/top-10\\\/zimni-turistika-alpy\\\/#primaryimage\"},\"thumbnailUrl\":\"http:\\\/\\\/wp-magazin.snowtrex.cz\\\/files\\\/2022\\\/12\\\/RS5154_shutterstock_441215299-hsc.jpg\",\"datePublished\":\"2024-11-05T13:24:06+00:00\",\"dateModified\":\"2026-03-19T10:43:06+00:00\",\"description\":\"Na zimn\u00ed dovolen\u00e9 nemus\u00edte v\u017edy ly\u017eovat, abyste si u\u017eili krajinu. SnowTrex v\u00e1m uk\u00e1\u017ee nejkr\u00e1sn\u011bj\u0161\u00ed oblasti pro zimn\u00ed turistiku v Alp\u00e1ch.\",\"inLanguage\":\"cs\"},{\"@type\":\"ImageObject\",\"inLanguage\":\"cs\",\"@id\":\"http:\\\/\\\/wp-magazin.snowtrex.cz\\\/top-10\\\/zimni-turistika-alpy\\\/#primaryimage\",\"url\":\"http:\\\/\\\/wp-magazin.snowtrex.cz\\\/files\\\/2022\\\/12\\\/RS5154_shutterstock_441215299-hsc.jpg\",\"contentUrl\":\"http:\\\/\\\/wp-magazin.snowtrex.cz\\\/files\\\/2022\\\/12\\\/RS5154_shutterstock_441215299-hsc.jpg\",\"width\":1920,\"height\":1280,\"caption\":\"Quelle: Shutterstock (Standard Lizenz); Frei (Web, Print, SocialMedia) RED+ \u00a9\"},{\"@type\":\"WebSite\",\"@id\":\"http:\\\/\\\/wp-magazin.snowtrex.cz\\\/#website\",\"url\":\"http:\\\/\\\/wp-magazin.snowtrex.cz\\\/\",\"name\":\"SnowTrex Ski-Magaz\u00edn\",\"description\":\"V\u0161e o ly\u017eov\u00e1n\u00ed, snowboardingu a zimn\u00ed dovolen\u00e9!\",\"publisher\":{\"@id\":\"http:\\\/\\\/wp-magazin.snowtrex.cz\\\/#organization\"},\"inLanguage\":\"cs\"},{\"@type\":\"Organization\",\"@id\":\"http:\\\/\\\/wp-magazin.snowtrex.cz\\\/#organization\",\"name\":\"TravelTrex GmbH\",\"url\":\"http:\\\/\\\/wp-magazin.snowtrex.cz\\\/\",\"logo\":{\"@type\":\"ImageObject\",\"inLanguage\":\"cs\",\"@id\":\"http:\\\/\\\/wp-magazin.snowtrex.cz\\\/#\\\/schema\\\/logo\\\/image\\\/\",\"url\":\"http:\\\/\\\/wp-magazin.snowtrex.cz\\\/files\\\/2025\\\/09\\\/TravelTrex-Logo_RGB_transp.png\",\"contentUrl\":\"http:\\\/\\\/wp-magazin.snowtrex.cz\\\/files\\\/2025\\\/09\\\/TravelTrex-Logo_RGB_transp.png\",\"width\":1080,\"height\":282,\"caption\":\"TravelTrex GmbH\"},\"image\":{\"@id\":\"http:\\\/\\\/wp-magazin.snowtrex.cz\\\/#\\\/schema\\\/logo\\\/image\\\/\"},\"sameAs\":[\"https:\\\/\\\/www.facebook.com\\\/snowtrex\",\"https:\\\/\\\/www.instagram.com\\\/snowtrex_ski\"],\"description\":\"Od roku 1999 je SnowTrex p\u0159edn\u00edm n\u011bmeck\u00fdm cestovn\u00edm kancel\u00e1\u0159\u00edm pro ly\u017ea\u0159sk\u00e9 dovolen\u00e9. Spole\u010dnost nab\u00edz\u00ed sv\u00e9 slu\u017eby ve 13 jazyc\u00edch a ka\u017edoro\u010dn\u011b doprav\u00ed v\u00edce ne\u017e 100 000 host\u016f do obl\u00edben\u00fdch destinac\u00ed, jako je Rakousko, Francie, It\u00e1lie, \u0160v\u00fdcarsko a N\u011bmecko.\",\"email\":\"info-cz@snowtrex.com\",\"telephone\":\"234 495 495\",\"legalName\":\"TravelTrex GmbH\",\"foundingDate\":\"1999-07-01\",\"vatID\":\"DE 813 076 768\",\"numberOfEmployees\":{\"@type\":\"QuantitativeValue\",\"minValue\":\"51\",\"maxValue\":\"200\"}},{\"@type\":\"Person\",\"@id\":\"http:\\\/\\\/wp-magazin.snowtrex.cz\\\/#\\\/schema\\\/person\\\/ad1887a4d155ef6b5b8b4fc8990d92dd\",\"name\":\"SnowTrex\",\"description\":\"Redakce \u010dasopisu SnowTrex sdru\u017euje zku\u0161en\u00e9 zimn\u00ed sportovce a cestovn\u00ed experty, kte\u0159\u00ed svou v\u00e1\u0161e\u0148 prom\u00edtaj\u00ed do fundovan\u00fdch \u010dl\u00e1nk\u016f o ly\u017ea\u0159sk\u00fdch st\u0159edisc\u00edch, vybaven\u00ed a cestovn\u00edch tipech. Od roku 1999 je SnowTrex p\u0159edn\u00edm n\u011bmeck\u00fdm cestovn\u00edm kancel\u00e1\u0159em pro ly\u017ea\u0159sk\u00e9 dovolen\u00e9. Spole\u010dnost nab\u00edz\u00ed sv\u00e9 slu\u017eby ve 13 jazyc\u00edch a ka\u017edoro\u010dn\u011b doprav\u00ed p\u0159es 100 000 host\u016f do obl\u00edben\u00fdch destinac\u00ed, jako je Rakousko, Francie, It\u00e1lie, \u0160v\u00fdcarsko a N\u011bmecko.\",\"sameAs\":[\"https:\\\/\\\/www.snowtrex.cz\\\/\",\"https:\\\/\\\/www.facebook.com\\\/snowtrex\\\/\",\"https:\\\/\\\/www.instagram.com\\\/snowtrex_ski\\\/\",\"https:\\\/\\\/www.youtube.com\\\/c\\\/SnowTrex\"]}]}<\/script>\n<!-- \/ Yoast SEO Premium plugin. -->","yoast_head_json":{"title":"10 region\u016f pro zimn\u00ed turistiku - Snow hiking - P\u011b\u0161\u00ed turistika v zim\u011b","description":"Na zimn\u00ed dovolen\u00e9 nemus\u00edte v\u017edy ly\u017eovat, abyste si u\u017eili krajinu. SnowTrex v\u00e1m uk\u00e1\u017ee nejkr\u00e1sn\u011bj\u0161\u00ed oblasti pro zimn\u00ed turistiku v Alp\u00e1ch.","robots":{"index":"index","follow":"follow","max-snippet":"max-snippet:-1","max-image-preview":"max-image-preview:large","max-video-preview":"max-video-preview:-1"},"canonical":"https:\/\/www.snowtrex.cz\/magazin\/top-10\/zimni-turistika-alpy\/","og_locale":"cs_CZ","og_type":"article","og_title":"10 nejkr\u00e1sn\u011bj\u0161\u00edch oblast\u00ed pro zimn\u00ed turistiku v Alp\u00e1ch","og_description":"Na zimn\u00ed dovolen\u00e9 nemus\u00edte v\u017edy ly\u017eovat nebo jezdit na snowboardu, abyste si u\u017eili a prozkoumali zasn\u011b\u017eenou krajinu. Sta\u010d\u00ed vklouznout do pevn\u00fdch bot a tepl\u00e9ho oble\u010den\u00ed a vyrazit na vysn\u011bn\u00e9 zimn\u00ed turistick\u00e9 stezky v Alp\u00e1ch, nahoru a dol\u016f po hor\u00e1ch, p\u0159es louky, lesy a \u00fadol\u00ed kolem star\u00fdch vesnic a zamrzl\u00fdch vodop\u00e1d\u016f. SnowTrex pro v\u00e1s p\u0159ipravil nejkr\u00e1sn\u011bj\u0161\u00ed oblasti pro zimn\u00ed turistiku v Alp\u00e1ch.","og_url":"https:\/\/www.snowtrex.cz\/magazin\/top-10\/zimni-turistika-alpy\/","og_site_name":"SnowTrex Ski-Magaz\u00edn","article_publisher":"https:\/\/www.facebook.com\/snowtrex","article_author":"https:\/\/www.facebook.com\/snowtrex\/","article_published_time":"2024-11-05T13:24:06+00:00","article_modified_time":"2026-03-19T10:43:06+00:00","og_image":[{"width":1920,"height":1280,"url":"https:\/\/www.snowtrex.cz\/magazin\/files\/2022\/12\/RS5154_shutterstock_441215299-hsc.jpg","type":"image\/jpeg"}],"author":"SnowTrex","twitter_card":"summary_large_image","twitter_misc":{"Napsal(a)":"SnowTrex","Odhadovan\u00e1 doba \u010dten\u00ed":"9 minut"},"schema":{"@context":"https:\/\/schema.org","@graph":[{"@type":"Article","@id":"https:\/\/www.snowtrex.cz\/magazin\/top-10\/zimni-turistika-alpy\/#article","isPartOf":{"@id":"https:\/\/www.snowtrex.cz\/magazin\/top-10\/zimni-turistika-alpy\/"},"author":{"name":"SnowTrex","@id":"https:\/\/www.snowtrex.cz\/magazin\/#\/schema\/person\/ad1887a4d155ef6b5b8b4fc8990d92dd"},"headline":"10 nejkr\u00e1sn\u011bj\u0161\u00edch oblast\u00ed pro zimn\u00ed turistiku v Alp\u00e1ch","datePublished":"2024-11-05T13:24:06+00:00","dateModified":"2026-03-19T10:43:06+00:00","mainEntityOfPage":{"@id":"https:\/\/www.snowtrex.cz\/magazin\/top-10\/zimni-turistika-alpy\/"},"wordCount":1659,"publisher":{"@id":"https:\/\/www.snowtrex.cz\/magazin\/#organization"},"image":{"@id":"https:\/\/www.snowtrex.cz\/magazin\/top-10\/zimni-turistika-alpy\/#primaryimage"},"thumbnailUrl":"https:\/\/www.snowtrex.cz\/magazin\/files\/2022\/12\/RS5154_shutterstock_441215299-hsc.jpg","keywords":["Achenkirch","Achensee","Allg\u00e4u","Aschau","Bad Gastein","Bad Hofgastein","Bavorsk\u00e9 Alpy","Berchtesgaden","Berchtesgadener Land","Bruck am Ziller","Dorfgastein","Finkenberg","F\u00fcgen","Fuschl am See","Gasteinsk\u00e9 \u00fadol\u00ed","Gro\u00dfarltal","Hintertux","Hippach - Schwendau - Ramsau","Holiday region 3 Zinnen Dolomites","Innichen (San Candido)","It\u00e1lie","Ji\u017en\u00ed Tyrolsko","Kaltenbach - Ried - Stumm","Lofer","Matterhorn","Maurach","Mayrhofen","Mieming","M\u00fcnster","N\u011bmecko","Oberstaufen","Oberstdorf","Oberstdorf (Oberallg\u00e4u)","Okres Imst","Pertisau","Rakousko","Salcbursko","Salcbursk\u00fd Saalachtal","Salzkammergut","Schlitters","Sexten","Strass","\u0160v\u00fdcarsko","Tux","Tyrolsko","Uderns","Wallis","Zell am Ziller","Zermatt","Zillertal"],"articleSection":["Top 10"],"inLanguage":"cs"},{"@type":"WebPage","@id":"https:\/\/www.snowtrex.cz\/magazin\/top-10\/zimni-turistika-alpy\/","url":"https:\/\/www.snowtrex.cz\/magazin\/top-10\/zimni-turistika-alpy\/","name":"10 region\u016f pro zimn\u00ed turistiku - Snow hiking - P\u011b\u0161\u00ed turistika v zim\u011b","primaryImageOfPage":{"@id":"https:\/\/www.snowtrex.cz\/magazin\/top-10\/zimni-turistika-alpy\/#primaryimage"},"image":{"@id":"https:\/\/www.snowtrex.cz\/magazin\/top-10\/zimni-turistika-alpy\/#primaryimage"},"thumbnailUrl":"https:\/\/www.snowtrex.cz\/magazin\/files\/2022\/12\/RS5154_shutterstock_441215299-hsc.jpg","datePublished":"2024-11-05T13:24:06+00:00","dateModified":"2026-03-19T10:43:06+00:00","description":"Na zimn\u00ed dovolen\u00e9 nemus\u00edte v\u017edy ly\u017eovat, abyste si u\u017eili krajinu. SnowTrex v\u00e1m uk\u00e1\u017ee nejkr\u00e1sn\u011bj\u0161\u00ed oblasti pro zimn\u00ed turistiku v Alp\u00e1ch.","inLanguage":"cs"},{"@type":"ImageObject","inLanguage":"cs","@id":"https:\/\/www.snowtrex.cz\/magazin\/top-10\/zimni-turistika-alpy\/#primaryimage","url":"https:\/\/www.snowtrex.cz\/magazin\/files\/2022\/12\/RS5154_shutterstock_441215299-hsc.jpg","contentUrl":"https:\/\/www.snowtrex.cz\/magazin\/files\/2022\/12\/RS5154_shutterstock_441215299-hsc.jpg","width":1920,"height":1280,"caption":"Quelle: Shutterstock (Standard Lizenz); Frei (Web, Print, SocialMedia) RED+ \u00a9"},{"@type":"WebSite","@id":"https:\/\/www.snowtrex.cz\/magazin\/#website","url":"https:\/\/www.snowtrex.cz\/magazin\/","name":"SnowTrex Ski-Magaz\u00edn","description":"V\u0161e o ly\u017eov\u00e1n\u00ed, snowboardingu a zimn\u00ed dovolen\u00e9!","publisher":{"@id":"https:\/\/www.snowtrex.cz\/magazin\/#organization"},"inLanguage":"cs"},{"@type":"Organization","@id":"https:\/\/www.snowtrex.cz\/magazin\/#organization","name":"TravelTrex GmbH","url":"https:\/\/www.snowtrex.cz\/magazin\/","logo":{"@type":"ImageObject","inLanguage":"cs","@id":"https:\/\/www.snowtrex.cz\/magazin\/#\/schema\/logo\/image\/","url":"https:\/\/www.snowtrex.cz\/magazin\/files\/2025\/09\/TravelTrex-Logo_RGB_transp.png","contentUrl":"https:\/\/www.snowtrex.cz\/magazin\/files\/2025\/09\/TravelTrex-Logo_RGB_transp.png","width":1080,"height":282,"caption":"TravelTrex GmbH"},"image":{"@id":"https:\/\/www.snowtrex.cz\/magazin\/#\/schema\/logo\/image\/"},"sameAs":["https:\/\/www.facebook.com\/snowtrex","https:\/\/www.instagram.com\/snowtrex_ski"],"description":"Od roku 1999 je SnowTrex p\u0159edn\u00edm n\u011bmeck\u00fdm cestovn\u00edm kancel\u00e1\u0159\u00edm pro ly\u017ea\u0159sk\u00e9 dovolen\u00e9. Spole\u010dnost nab\u00edz\u00ed sv\u00e9 slu\u017eby ve 13 jazyc\u00edch a ka\u017edoro\u010dn\u011b doprav\u00ed v\u00edce ne\u017e 100 000 host\u016f do obl\u00edben\u00fdch destinac\u00ed, jako je Rakousko, Francie, It\u00e1lie, \u0160v\u00fdcarsko a N\u011bmecko.","email":"info-cz@snowtrex.com","telephone":"234 495 495","legalName":"TravelTrex GmbH","foundingDate":"1999-07-01","vatID":"DE 813 076 768","numberOfEmployees":{"@type":"QuantitativeValue","minValue":"51","maxValue":"200"}},{"@type":"Person","@id":"https:\/\/www.snowtrex.cz\/magazin\/#\/schema\/person\/ad1887a4d155ef6b5b8b4fc8990d92dd","name":"SnowTrex","description":"Redakce \u010dasopisu SnowTrex sdru\u017euje zku\u0161en\u00e9 zimn\u00ed sportovce a cestovn\u00ed experty, kte\u0159\u00ed svou v\u00e1\u0161e\u0148 prom\u00edtaj\u00ed do fundovan\u00fdch \u010dl\u00e1nk\u016f o ly\u017ea\u0159sk\u00fdch st\u0159edisc\u00edch, vybaven\u00ed a cestovn\u00edch tipech. Od roku 1999 je SnowTrex p\u0159edn\u00edm n\u011bmeck\u00fdm cestovn\u00edm kancel\u00e1\u0159em pro ly\u017ea\u0159sk\u00e9 dovolen\u00e9. Spole\u010dnost nab\u00edz\u00ed sv\u00e9 slu\u017eby ve 13 jazyc\u00edch a ka\u017edoro\u010dn\u011b doprav\u00ed p\u0159es 100 000 host\u016f do obl\u00edben\u00fdch destinac\u00ed, jako je Rakousko, Francie, It\u00e1lie, \u0160v\u00fdcarsko a N\u011bmecko.","sameAs":["https:\/\/www.snowtrex.cz\/","https:\/\/www.facebook.com\/snowtrex\/","https:\/\/www.instagram.com\/snowtrex_ski\/","https:\/\/www.youtube.com\/c\/SnowTrex"]}]}},"wp-worthy-pixel":{"ignored":false,"public":null,"server":null,"url":null},"wp-worthy-type":"normal","_links":{"self":[{"href":"https:\/\/www.snowtrex.cz\/magazin\/wp-json\/wp\/v2\/posts\/40828","targetHints":{"allow":["GET"]}}],"collection":[{"href":"https:\/\/www.snowtrex.cz\/magazin\/wp-json\/wp\/v2\/posts"}],"about":[{"href":"https:\/\/www.snowtrex.cz\/magazin\/wp-json\/wp\/v2\/types\/post"}],"author":[{"embeddable":true,"href":"https:\/\/www.snowtrex.cz\/magazin\/wp-json\/wp\/v2\/users\/178"}],"replies":[{"embeddable":true,"href":"https:\/\/www.snowtrex.cz\/magazin\/wp-json\/wp\/v2\/comments?post=40828"}],"version-history":[{"count":14,"href":"https:\/\/www.snowtrex.cz\/magazin\/wp-json\/wp\/v2\/posts\/40828\/revisions"}],"predecessor-version":[{"id":63502,"href":"https:\/\/www.snowtrex.cz\/magazin\/wp-json\/wp\/v2\/posts\/40828\/revisions\/63502"}],"wp:featuredmedia":[{"embeddable":true,"href":"https:\/\/www.snowtrex.cz\/magazin\/wp-json\/wp\/v2\/media\/52480"}],"wp:attachment":[{"href":"https:\/\/www.snowtrex.cz\/magazin\/wp-json\/wp\/v2\/media?parent=40828"}],"wp:term":[{"taxonomy":"category","embeddable":true,"href":"https:\/\/www.snowtrex.cz\/magazin\/wp-json\/wp\/v2\/categories?post=40828"},{"taxonomy":"post_tag","embeddable":true,"href":"https:\/\/www.snowtrex.cz\/magazin\/wp-json\/wp\/v2\/tags?post=40828"}],"curies":[{"name":"wp","href":"https:\/\/api.w.org\/{rel}","templated":true}]}}