{"id":38266,"date":"2025-04-01T08:00:00","date_gmt":"2025-04-01T06:00:00","guid":{"rendered":"https:\/\/www.snowtrex.de\/magazin\/?p=38266"},"modified":"2025-12-09T11:34:09","modified_gmt":"2025-12-09T10:34:09","slug":"statistiky-snehove-pokryvky-v-italii","status":"publish","type":"post","link":"https:\/\/www.snowtrex.cz\/magazin\/lyzarska-strediska\/statistiky-snehove-pokryvky-v-italii\/","title":{"rendered":"Sn\u011bhov\u00e9 statistiky It\u00e1lie 2024\/2025: P\u0159ehled nejzasn\u011b\u017een\u011bj\u0161\u00edch ly\u017ea\u0159sk\u00fdch st\u0159edisek"},"content":{"rendered":"<p><strong>It\u00e1lie nab\u00edz\u00ed krom\u011b pizzy a t\u011bstovin mnohem v\u00edc, zejm\u00e9na v zim\u011b &#8211; a spoustu pra\u0161anu! Zn\u00e1m\u00e9 ly\u017ea\u0159sk\u00e9 oblasti v \u00fadol\u00ed Aosta jsou obzvl\u00e1\u0161t\u011b p\u016fsobiv\u00e9 svou impozantn\u00ed horskou krajinou za ide\u00e1ln\u00edch pov\u011btrnostn\u00edch podm\u00ednek. Navzdory mnoha hodin\u00e1m slune\u010dn\u00edho svitu je zde dostatek b\u00edl\u00e9ho prachov\u00e9ho sn\u011bhu. Ale kde p\u0159esn\u011b se to v italsk\u00fdch velehor\u00e1ch d\u011bje? Spole\u010dnost <a href=\"https:\/\/www.snowtrex.cz\/\" target=\"_blank\" rel=\"noopener\">SnowTrex<\/a> nyn\u00ed analyzovala sv\u00e1 meteorologick\u00e1 data a ukazuje, ve kter\u00fdch ly\u017ea\u0159sk\u00fdch st\u0159edisc\u00edch v It\u00e1lii napadlo v zim\u011b 2024\/2025 celkem a\u017e 7,78 m sn\u011bhu.<\/strong><\/p>\n<div class=\"tt-post-image-wrapper tt-post-image-wrapper-full\">\n            <div class=\"tt-image-copyright-container\">\n                <a href=\"https:\/\/www.snowtrex.cz\/magazin\/files\/2023\/04\/RS21533_shutterstock_1250971294-hsc.jpg\" target=\"_blank\" rel=\"noopener\"><img loading=\"lazy\" decoding=\"async\" data-wrapped=\"true\" class=\"wp-image-63309 size-Artikelbild_gro\u00df\" title=\"Z horsk\u00fdch st\u0159edisek Gressoney La Trinit\u00e9 a Champoluc se mohou milovn\u00edci zimn\u00edch sport\u016f vydat p\u0159\u00edmo do ly\u017ea\u0159sk\u00e9 oblasti Monterosa ve st\u00ednu sv\u011btozn\u00e1m\u00e9ho horsk\u00e9ho masivu, kde v zimn\u00ed sez\u00f3n\u011b 2024\/25 napadlo v It\u00e1lii nejv\u00edce sn\u011bhu.\" src=\"https:\/\/www.snowtrex.cz\/magazin\/files\/2023\/04\/RS21533_shutterstock_1250971294-hsc-729x486.jpg\" alt=\"Z horsk\u00fdch st\u0159edisek Gressoney La Trinit\u00e9 a Champoluc se mohou milovn\u00edci zimn\u00edch sport\u016f vydat p\u0159\u00edmo do ly\u017ea\u0159sk\u00e9 oblasti Monterosa ve st\u00ednu sv\u011btozn\u00e1m\u00e9ho horsk\u00e9ho masivu, kde v zimn\u00ed sez\u00f3n\u011b 2024\/25 napadlo v It\u00e1lii nejv\u00edce sn\u011bhu.\" width=\"729\" height=\"486\" srcset=\"https:\/\/www.snowtrex.cz\/magazin\/files\/2023\/04\/RS21533_shutterstock_1250971294-hsc-729x486.jpg 729w, https:\/\/www.snowtrex.cz\/magazin\/files\/2023\/04\/RS21533_shutterstock_1250971294-hsc-290x193.jpg 290w, https:\/\/www.snowtrex.cz\/magazin\/files\/2023\/04\/RS21533_shutterstock_1250971294-hsc-468x312.jpg 468w, https:\/\/www.snowtrex.cz\/magazin\/files\/2023\/04\/RS21533_shutterstock_1250971294-hsc-300x200.jpg 300w, https:\/\/www.snowtrex.cz\/magazin\/files\/2023\/04\/RS21533_shutterstock_1250971294-hsc-999x666.jpg 999w, https:\/\/www.snowtrex.cz\/magazin\/files\/2023\/04\/RS21533_shutterstock_1250971294-hsc-645x430.jpg 645w, https:\/\/www.snowtrex.cz\/magazin\/files\/2023\/04\/RS21533_shutterstock_1250971294-hsc-552x368.jpg 552w, https:\/\/www.snowtrex.cz\/magazin\/files\/2023\/04\/RS21533_shutterstock_1250971294-hsc-405x270.jpg 405w, https:\/\/www.snowtrex.cz\/magazin\/files\/2023\/04\/RS21533_shutterstock_1250971294-hsc-336x224.jpg 336w, https:\/\/www.snowtrex.cz\/magazin\/files\/2023\/04\/RS21533_shutterstock_1250971294-hsc-276x184.jpg 276w, https:\/\/www.snowtrex.cz\/magazin\/files\/2023\/04\/RS21533_shutterstock_1250971294-hsc-234x156.jpg 234w, https:\/\/www.snowtrex.cz\/magazin\/files\/2023\/04\/RS21533_shutterstock_1250971294-hsc-192x128.jpg 192w, https:\/\/www.snowtrex.cz\/magazin\/files\/2023\/04\/RS21533_shutterstock_1250971294-hsc-120x80.jpg 120w, https:\/\/www.snowtrex.cz\/magazin\/files\/2023\/04\/RS21533_shutterstock_1250971294-hsc-774x516.jpg 774w, https:\/\/www.snowtrex.cz\/magazin\/files\/2023\/04\/RS21533_shutterstock_1250971294-hsc-2x1.jpg 2w\" sizes=\"(min-width: 1009px) 729px, (min-width: 819px) 594px, (min-width: 569px) 729px, (min-width: 449px) 468px, 348px\" \/><\/a><div class=\"tt-image-copyright\" data-image-id=\"63309\">\u00a9 Alexander Rochau\/shutterstock.de<\/div>\n            <\/div>\n            <div class=\"tt-post-caption\">Z horsk\u00fdch st\u0159edisek Gressoney La Trinit\u00e9 a Champoluc se mohou milovn\u00edci zimn\u00edch sport\u016f vydat p\u0159\u00edmo do ly\u017ea\u0159sk\u00e9 oblasti Monterosa ve st\u00ednu sv\u011btozn\u00e1m\u00e9ho horsk\u00e9ho masivu, kde v zimn\u00ed sez\u00f3n\u011b 2024\/25 napadlo v It\u00e1lii nejv\u00edce sn\u011bhu.<\/div>\n         <\/div > \n<h2 id=\"p\u0159ehled-10-nejzasn\u011b\u017een\u011bj\u0161\u00edch-ly\u017ea\u0159sk\u00fdch-st\u0159edisek-v-it\u00e1lii-v-roce-20242025\">P\u0159ehled 10 nejzasn\u011b\u017een\u011bj\u0161\u00edch ly\u017ea\u0159sk\u00fdch st\u0159edisek v It\u00e1lii v roce 2024\/2025<\/h2>\n\n<table id=\"tablepress-94\" class=\"tablepress tablepress-id-94\">\n<thead>\n<tr class=\"row-1\">\n\t<th class=\"column-1\"><strong>Ly\u017ea\u0159sk\u00e9 st\u0159ediska\/Ly\u017ea\u0159sk\u00e9  oblast<\/strong><\/th><th class=\"column-2\"><strong>M\u00edsta<\/strong><\/th><th class=\"column-3\"><strong>Nov\u00fd sn\u00edh v hor\u00e1ch sez\u00f3na 2024\/2025<\/strong><\/th>\n<\/tr>\n<\/thead>\n<tbody class=\"row-striping row-hover\">\n<tr class=\"row-2\">\n\t<td class=\"column-1\"><a href=\"https:\/\/www.snowtrex.cz\/italie\/gressoney_la_trinite\/lyzarske-stredisko.html\" target=\"_blank\" rel=\"noopener noreferrer\">Monterosa Ski<\/a><\/td><td class=\"column-2\">Gressoney La Trinit\u00e9 \/ Champoluc<\/td><td class=\"column-3\">7,78 m<\/td>\n<\/tr>\n<tr class=\"row-3\">\n\t<td class=\"column-1\"><a href=\"https:\/\/www.snowtrex.cz\/italie\/cervinia\/lyzarske-stredisko.html\" target=\"_blank\" rel=\"noopener noreferrer\">Breuil-Cervinia - Valtournenche<\/a><\/td><td class=\"column-2\">Cervinia \/ Valtournenche<\/td><td class=\"column-3\">7,48 m<\/td>\n<\/tr>\n<tr class=\"row-4\">\n\t<td class=\"column-1\">Espace San Bernardo<\/td><td class=\"column-2\">La Thuile \/ Courmayeur<\/td><td class=\"column-3\">6,91 m<\/td>\n<\/tr>\n<tr class=\"row-5\">\n\t<td class=\"column-1\">Madesimo<\/td><td class=\"column-2\">Madesimo<\/td><td class=\"column-3\">5,35 m<\/td>\n<\/tr>\n<tr class=\"row-6\">\n\t<td class=\"column-1\">San Domenico Ski<\/td><td class=\"column-2\">Varzo<\/td><td class=\"column-3\">4,66 m<\/td>\n<\/tr>\n<tr class=\"row-7\">\n\t<td class=\"column-1\"><a href=\"https:\/\/www.snowtrex.cz\/italie\/bardonecchia\/lyzarske-stredisko.html\" target=\"_blank\" rel=\"noopener\">Bardonecchia<\/a><\/td><td class=\"column-2\">Bardonecchia \/ Alagna Valsesia<\/td><td class=\"column-3\">4,38 m<\/td>\n<\/tr>\n<tr class=\"row-8\">\n\t<td class=\"column-1\"><a href=\"https:\/\/www.snowtrex.cz\/italie\/passo_del_tonale\/lyzarske-stredisko.html\" target=\"_blank\" rel=\"noopener\">Pontedilegno Tonale<\/a><\/td><td class=\"column-2\">Passo del Tonale<\/td><td class=\"column-3\">4,15 m<\/td>\n<\/tr>\n<tr class=\"row-9\">\n\t<td class=\"column-1\"><a href=\"https:\/\/www.snowtrex.cz\/italie\/schluderns\/lyzarske-stredisko.html\" target=\"_blank\" rel=\"noopener\">Watles - Mals<\/a><\/td><td class=\"column-2\">Schluderns \/ Sulden am Ortler\/ Prad am Stilfserjoch<\/td><td class=\"column-3\">3,97 m<\/td>\n<\/tr>\n<tr class=\"row-10\">\n\t<td class=\"column-1\">Via Lattea<\/td><td class=\"column-2\">Cesana Torinese \/ Sestriere (Via Lattea) \/ Sauze d\u00b4Oulx (Via Lattea)<\/td><td class=\"column-3\">3,92 m<\/td>\n<\/tr>\n<tr class=\"row-11\">\n\t<td class=\"column-1\"><a href=\"https:\/\/www.snowtrex.cz\/italie\/truden\/lyzarske-stredisko.html\" target=\"_blank\" rel=\"noopener\">Val di Fiemme\/Obereggen<\/a><\/td><td class=\"column-2\">Truden<\/td><td class=\"column-3\">3,71 m<\/td>\n<\/tr>\n<\/tbody>\n<\/table>\n<!-- #tablepress-94 from cache -->\n<h2 id=\"10-nejzasn\u011b\u017een\u011bj\u0161\u00edch-ly\u017ea\u0159sk\u00fdch-st\u0159edisek-v-it\u00e1lii-v-letech-20232024-v-p\u0159ehledu\">10 nejzasn\u011b\u017een\u011bj\u0161\u00edch ly\u017ea\u0159sk\u00fdch st\u0159edisek v It\u00e1lii v letech 2023\/2024 v p\u0159ehledu<\/h2>\n<p>Spole\u010dnost SnowTrex nem\u00e1 k dispozici \u00fadaje o v\u00fd\u0161ce sn\u011bhu pro zimn\u00ed sez\u00f3nu 2023\/2024.<\/p>\n<h2 id=\"10-nejzasn\u011b\u017een\u011bj\u0161\u00edch-ly\u017ea\u0159sk\u00fdch-st\u0159edisek-v-it\u00e1lii-v-sezon\u011b-20222023-v-p\u0159ehledu\">10 nejzasn\u011b\u017een\u011bj\u0161\u00edch ly\u017ea\u0159sk\u00fdch st\u0159edisek v It\u00e1lii v sezon\u011b 2022\/2023 v p\u0159ehledu<\/h2>\n\n<table id=\"tablepress-95\" class=\"tablepress tablepress-id-95\">\n<thead>\n<tr class=\"row-1\">\n\t<th class=\"column-1\"><strong>Ly\u017ea\u0159sk\u00e9 st\u0159ediska\/Ly\u017ea\u0159sk\u00e9  oblast<\/strong><\/th><th class=\"column-2\"><strong>M\u00edsta<\/strong><\/th><th class=\"column-3\"><strong>Nov\u00fd sn\u00edh v hor\u00e1ch sez\u00f3na 2022\/2023<\/strong><\/th>\n<\/tr>\n<\/thead>\n<tbody class=\"row-striping row-hover\">\n<tr class=\"row-2\">\n\t<td class=\"column-1\"><a href=\"https:\/\/www.snowtrex.cz\/italie\/cervinia\/lyzarske-stredisko.html\" target=\"_blank\" rel=\"noopener noreferrer\">Breuil-Cervinia Valtournenche<\/a><\/td><td class=\"column-2\">Cervinia<\/td><td class=\"column-3\">7,22 m<\/td>\n<\/tr>\n<tr class=\"row-3\">\n\t<td class=\"column-1\"><a href=\"https:\/\/www.snowtrex.cz\/italie\/gressoney_la_trinite\/lyzarske-stredisko.html\" target=\"_blank\" rel=\"noopener noreferrer\">Monterosa Ski<\/a><\/td><td class=\"column-2\">Gressoney La Trinit\u00e9 \/ Champoluc<\/td><td class=\"column-3\">5,55 m<\/td>\n<\/tr>\n<tr class=\"row-4\">\n\t<td class=\"column-1\">Madesimo<\/td><td class=\"column-2\">Madesimo<\/td><td class=\"column-3\">5,07 m<\/td>\n<\/tr>\n<tr class=\"row-5\">\n\t<td class=\"column-1\"><a href=\"https:\/\/www.snowtrex.cz\/italie\/bardonecchia\/lyzarske-stredisko.html\" target=\"_blank\" rel=\"noopener noreferrer\">Bardonecchia<\/a><\/td><td class=\"column-2\">Bardonecchia<\/td><td class=\"column-3\">4,83 m<\/td>\n<\/tr>\n<tr class=\"row-6\">\n\t<td class=\"column-1\"><a href=\"https:\/\/www.snowtrex.cz\/italie\/sestriere\/lyzarske-stredisko.html\" target=\"_blank\" rel=\"noopener\">Via Lattea<\/a><\/td><td class=\"column-2\">Sestriere \/ Sauze d'Oulx<\/td><td class=\"column-3\">4,49 m<\/td>\n<\/tr>\n<tr class=\"row-7\">\n\t<td class=\"column-1\">Schnalstaler Gletscher<\/td><td class=\"column-2\">Naturns \/ Vernagt \/ Kurzras<\/td><td class=\"column-3\">4,39 m<\/td>\n<\/tr>\n<tr class=\"row-8\">\n\t<td class=\"column-1\">Sulden<\/td><td class=\"column-2\">Prad am Stilfserjoch<\/td><td class=\"column-3\">4,31 m<\/td>\n<\/tr>\n<tr class=\"row-9\">\n\t<td class=\"column-1\"><a href=\"https:\/\/www.snowtrex.cz\/italie\/schluderns\/lyzarske-stredisko.html\" target=\"_blank\" rel=\"noopener\">Watles - Mals<\/a><\/td><td class=\"column-2\">Schluderns \/ Mals<\/td><td class=\"column-3\">4,31 m<\/td>\n<\/tr>\n<tr class=\"row-10\">\n\t<td class=\"column-1\"><a href=\"https:\/\/www.snowtrex.cz\/italie\/cortina_dampezzo\/lyzarske-stredisko.html\" target=\"_blank\" rel=\"noopener\">Cortina d'Ampezzo<\/a><\/td><td class=\"column-2\">Cortina d'Ampezzo \/ Misurina<\/td><td class=\"column-3\">4,13 m<\/td>\n<\/tr>\n<tr class=\"row-11\">\n\t<td class=\"column-1\"><a href=\"https:\/\/www.snowtrex.cz\/italie\/bormio\/lyzarske-stredisko.html\" target=\"_blank\" rel=\"noopener\">Bormio<\/a><\/td><td class=\"column-2\">Bormio<\/td><td class=\"column-3\">3,84 m<\/td>\n<\/tr>\n<\/tbody>\n<\/table>\n<!-- #tablepress-95 from cache -->\n<h2 id=\"10-nejzasn\u011b\u017een\u011bj\u0161\u00edch-ly\u017ea\u0159sk\u00fdch-st\u0159edisek-v-it\u00e1lii-20212022-v-p\u0159ehledu\">10 nejzasn\u011b\u017een\u011bj\u0161\u00edch ly\u017ea\u0159sk\u00fdch st\u0159edisek v It\u00e1lii 2021\/2022 v p\u0159ehledu<\/h2>\n\n<table id=\"tablepress-96\" class=\"tablepress tablepress-id-96\">\n<thead>\n<tr class=\"row-1\">\n\t<th class=\"column-1\"><strong>Ly\u017ea\u0159sk\u00e9 st\u0159ediska\/Ly\u017ea\u0159sk\u00e9  oblast<\/strong><\/th><th class=\"column-2\"><strong>M\u00edsta<\/strong><\/th><th class=\"column-3\"><strong>Nov\u00fd sn\u00edh v hor\u00e1ch sez\u00f3na 2022\/2023<\/strong><\/th>\n<\/tr>\n<\/thead>\n<tbody class=\"row-striping row-hover\">\n<tr class=\"row-2\">\n\t<td class=\"column-1\"><a href=\"https:\/\/www.snowtrex.cz\/italie\/cervinia\/lyzarske-stredisko.html\" target=\"_blank\" rel=\"noopener noreferrer\">Breuil-Cervinia Valtournenche<\/a><\/td><td class=\"column-2\">Cervinia \/ Valtournenche<\/td><td class=\"column-3\">8,95 m<\/td>\n<\/tr>\n<tr class=\"row-3\">\n\t<td class=\"column-1\">Espace San Bernardo<\/td><td class=\"column-2\">La Thuile<\/td><td class=\"column-3\">7,72 m<\/td>\n<\/tr>\n<tr class=\"row-4\">\n\t<td class=\"column-1\">Monterosa Ski<\/td><td class=\"column-2\">Gressoney La Trinit\u00e9 \/ Brusson \/ Alagna Valsesia \/ Champoluc<\/td><td class=\"column-3\">7,56 m<\/td>\n<\/tr>\n<tr class=\"row-5\">\n\t<td class=\"column-1\">Schnalstaler Gletscher<\/td><td class=\"column-2\">Naturns \/ Vernagt \/ Kurzras<\/td><td class=\"column-3\">6,47 m<\/td>\n<\/tr>\n<tr class=\"row-6\">\n\t<td class=\"column-1\"><a href=\"https:\/\/www.snowtrex.cz\/italie\/truden\/lyzarske-stredisko.html\" target=\"_blank\" rel=\"noopener\">Val di Fiemme\/Obereggen<\/a><\/td><td class=\"column-2\">Truden<\/td><td class=\"column-3\">5,76 m<\/td>\n<\/tr>\n<tr class=\"row-7\">\n\t<td class=\"column-1\">Madesimo<\/td><td class=\"column-2\">Madesimo<\/td><td class=\"column-3\">5,64 m<\/td>\n<\/tr>\n<tr class=\"row-8\">\n\t<td class=\"column-1\"><a href=\"https:\/\/www.snowtrex.cz\/italie\/ortles\/lyzovani.html\" target=\"_blank\" rel=\"noopener\">Dva st\u00e1ty ly\u017ea\u0159sk\u00e1 ar\u00e9na<\/a><\/td><td class=\"column-2\">Mals \/ Prad am Stilfserjoch<\/td><td class=\"column-3\">5,24 m<\/td>\n<\/tr>\n<tr class=\"row-9\">\n\t<td class=\"column-1\"><a href=\"https:\/\/www.snowtrex.cz\/italie\/stelvio\/lyzarske-stredisko.html\" target=\"_blank\" rel=\"noopener\">Sulden\u00a0<\/a><\/td><td class=\"column-2\">Stilfs \/ Sulden am Ortler<\/td><td class=\"column-3\">5,18 m<\/td>\n<\/tr>\n<tr class=\"row-10\">\n\t<td class=\"column-1\">Furkel<\/td><td class=\"column-2\">Trafoi<\/td><td class=\"column-3\">5,18 m<\/td>\n<\/tr>\n<tr class=\"row-11\">\n\t<td class=\"column-1\"><a href=\"https:\/\/www.snowtrex.cz\/italie\/schluderns\/lyzarske-stredisko.html\" target=\"_blank\" rel=\"noopener\">Watles - Mals<\/a><\/td><td class=\"column-2\">Schluderns<\/td><td class=\"column-3\">4,75 m<\/td>\n<\/tr>\n<\/tbody>\n<\/table>\n<!-- #tablepress-96 from cache -->\n<h2 id=\"10-nejzasn\u011b\u017een\u011bj\u0161\u00edch-ly\u017ea\u0159sk\u00fdch-st\u0159edisek-v-it\u00e1lii-20202021-v-p\u0159ehledu\">10 nejzasn\u011b\u017een\u011bj\u0161\u00edch ly\u017ea\u0159sk\u00fdch st\u0159edisek v It\u00e1lii 2020\/2021 v p\u0159ehledu<\/h2>\n\n<table id=\"tablepress-97\" class=\"tablepress tablepress-id-97\">\n<thead>\n<tr class=\"row-1\">\n\t<th class=\"column-1\"><strong>Ly\u017ea\u0159sk\u00e9 st\u0159ediska\/Ly\u017ea\u0159sk\u00e9  oblast<\/strong><\/th><th class=\"column-2\"><strong>M\u00edsta<\/strong><\/th><th class=\"column-3\"><strong>Nov\u00fd sn\u00edh v hor\u00e1ch sez\u00f3na 2022\/2023<\/strong><\/th>\n<\/tr>\n<\/thead>\n<tbody class=\"row-striping row-hover\">\n<tr class=\"row-2\">\n\t<td class=\"column-1\"><a href=\"https:\/\/www.snowtrex.cz\/italie\/cervinia\/lyzarske-stredisko.html\" target=\"_blank\" rel=\"noopener noreferrer\">Breuil-Cervinia Valtournenche<\/a><\/td><td class=\"column-2\">Cervinia \/ Valtournenche<\/td><td class=\"column-3\">8,25 m<\/td>\n<\/tr>\n<tr class=\"row-3\">\n\t<td class=\"column-1\">Madesimo<\/td><td class=\"column-2\">Madesimo<\/td><td class=\"column-3\">7,96 m<\/td>\n<\/tr>\n<tr class=\"row-4\">\n\t<td class=\"column-1\">Espace San Bernardo<\/td><td class=\"column-2\">La Thuile<\/td><td class=\"column-3\">7,58 m<\/td>\n<\/tr>\n<tr class=\"row-5\">\n\t<td class=\"column-1\"><a href=\"https:\/\/www.snowtrex.cz\/italie\/misurina\/lyzarske-stredisko.html\" target=\"_blank\" rel=\"noopener\">Cortina d\u2019Ampezzo<\/a><\/td><td class=\"column-2\">Cortina d\u2019Ampezzo \/ Misurina<\/td><td class=\"column-3\">7,57 m<\/td>\n<\/tr>\n<tr class=\"row-6\">\n\t<td class=\"column-1\">Monterosa Ski<\/td><td class=\"column-2\">Gressoney La Trinit\u00e9 \/ Brusson \/ Alagna Valsesia<\/td><td class=\"column-3\">7,47 m<\/td>\n<\/tr>\n<tr class=\"row-7\">\n\t<td class=\"column-1\">Schnalstaler Gletscher<\/td><td class=\"column-2\">Naturns \/ Vernagt \/ Kurzras<\/td><td class=\"column-3\">7,20 m<\/td>\n<\/tr>\n<tr class=\"row-8\">\n\t<td class=\"column-1\"><a href=\"https:\/\/www.snowtrex.cz\/italie\/ortles\/lyzovani.html\" target=\"_blank\" rel=\"noopener\">Dva st\u00e1ty ly\u017ea\u0159sk\u00e1 ar\u00e9na<\/a><\/td><td class=\"column-2\">Mals \/ Prad am Stilfserjoch<\/td><td class=\"column-3\">6,97 m<\/td>\n<\/tr>\n<tr class=\"row-9\">\n\t<td class=\"column-1\"><a href=\"https:\/\/www.snowtrex.cz\/italie\/san_martino_di_castrozza\/lyzarske-stredisko.html\" target=\"_blank\" rel=\"noopener\">San Martino di Castrozza\u00a0<\/a><\/td><td class=\"column-2\">San Martino di Castrozza<\/td><td class=\"column-3\">6,67 m<\/td>\n<\/tr>\n<tr class=\"row-10\">\n\t<td class=\"column-1\"><a href=\"https:\/\/www.snowtrex.cz\/italie\/passo_del_tonale\/lyzarske-stredisko.html\" target=\"_blank\" rel=\"noopener\">Pontedilegno Tonale<\/a><\/td><td class=\"column-2\">Passo del Tonale<\/td><td class=\"column-3\">6,65 m<\/td>\n<\/tr>\n<tr class=\"row-11\">\n\t<td class=\"column-1\"><a href=\"https:\/\/www.snowtrex.cz\/italie\/sulden_am_ortler_solda\/lyzarske-stredisko.html\" target=\"_blank\" rel=\"noopener\">Sulden\u00a0<\/a><\/td><td class=\"column-2\">Schluderns \/ Sulden am Ortler<\/td><td class=\"column-3\">6,42 m<\/td>\n<\/tr>\n<\/tbody>\n<\/table>\n<!-- #tablepress-97 from cache -->\n<p>Chcete v\u011bd\u011bt, kolik sn\u011bhu je v sou\u010dasn\u00e9 dob\u011b v It\u00e1lii? SnowTrex zn\u00e1 <a href=\"https:\/\/www.snowtrex.cz\/italie\/pocasi.html\" target=\"_blank\" rel=\"noopener noreferrer\">aktu\u00e1ln\u00ed v\u00fd\u0161ku sn\u011bhu v It\u00e1lii<\/a>.<\/p>\n<h2 id=\"faq-zur-schneestatistik-schweiz\" id=\"\u010casto-kladen\u00e9-ot\u00e1zky-o-sn\u011bhov\u00fdch-statistik\u00e1ch-it\u00e1lie\">\u010casto kladen\u00e9 ot\u00e1zky o sn\u011bhov\u00fdch statistik\u00e1ch It\u00e1lie<\/h2>\n<h3>Kolik sn\u011bhu napadne v It\u00e1lii?<\/h3>\n<p>Ve vysok\u00fdch hor\u00e1ch na ji\u017en\u00ed stran\u011b Alp v It\u00e1lii zaji\u0161\u0165uj\u00ed sn\u011bhov\u00e9 sr\u00e1\u017eky ka\u017edou zimu ide\u00e1ln\u00ed podm\u00ednky na sjezdovk\u00e1ch. To se potvrdilo i v sez\u00f3n\u011b 2024\/25, kdy si nejv\u00edce \u010derstv\u00e9ho sn\u011bhu u\u017e\u00edvalo ly\u017ea\u0159sk\u00e9 st\u0159edisko Monterosa Ski. Od konce z\u00e1\u0159\u00ed do za\u010d\u00e1tku dubna zde napadlo celkem 7,78 metru sn\u011bhu. Na druh\u00e9m m\u00edst\u011b na stupn\u00edch v\u00edt\u011bz\u016f se s 7,48 metry \u010derstv\u00e9ho sn\u011bhu um\u00edstilo ly\u017ea\u0159sk\u00e9 st\u0159edisko Breuil-Cervinia &#8211; Valtournenche. Bronzovou p\u0159\u00ed\u010dku obsadila ly\u017ea\u0159sk\u00e1 oblast Espace San Bernardo s 6,91 metry \u010derstv\u00e9ho sn\u011bhu.<\/p>\n<h3>Kde na sv\u011bt\u011b napadne nejv\u00edce sn\u011bhu?<\/h3>\n<p>Faktem je, \u017ee historicky nejv\u00edce sn\u011bhu v zim\u011b na cel\u00e9m sv\u011bt\u011b napadlo v Japonsk\u00fdch Alp\u00e1ch. Toto konkr\u00e9tn\u00ed poho\u0159\u00ed se v\u0161ak nenach\u00e1z\u00ed v Evrop\u011b, ale v Asii. Nejzasn\u011b\u017een\u011bj\u0161\u00ed oblast na sv\u011bt\u011b se nach\u00e1z\u00ed na z\u00e1pad\u011b hlavn\u00edho japonsk\u00e9ho ostrova Hon\u0161\u00fa. Zde v Japonsk\u00fdch Alp\u00e1ch ka\u017edoro\u010dn\u011b napadne v pr\u016fm\u011bru neuv\u011b\u0159iteln\u00fdch 30 a 38 metr\u016f \u010derstv\u00e9ho sn\u011bhu!<\/p>\n<h3>Kdy napadlo nejv\u00edce sn\u011bhu v italsk\u00fdch Alp\u00e1ch?<\/h3>\n<p>Na 11. b\u0159ezen 2015 obyvatel\u00e9 Capracotty (1 421 m n. m.) jen tak nezapomenou. Od t\u00e9 doby je tato mal\u00e1 vesnice v provincii Isernia ve st\u0159edn\u00ed It\u00e1lii zaps\u00e1na v Guinnessov\u011b knize rekord\u016f. V tento den zde toti\u017e napadlo 2,56 metru \u010derstv\u00e9ho sn\u011bhu za pouh\u00fdch 18 hodin! Capracotta tak nahradila star\u00e9ho dr\u017eitele sv\u011btov\u00e9ho rekordu v mno\u017estv\u00ed \u010derstv\u00e9ho sn\u011bhu, St\u0159\u00edbrn\u00e9 jezero. V roce 1921 napadlo v tomto m\u011bste\u010dku v americk\u00e9m st\u00e1t\u011b Colorado ve Skalist\u00fdch hor\u00e1ch 1,93 metru \u010derstv\u00e9ho sn\u011bhu &#8211; ov\u0161em b\u011bhem 24 hodin.<\/p>\n","protected":false},"excerpt":{"rendered":"<p>It\u00e1lie nab\u00edz\u00ed krom\u011b pizzy a t\u011bstovin mnohem v\u00edc, zejm\u00e9na v zim\u011b &#8211; a spoustu pra\u0161anu! Zn\u00e1m\u00e9 ly\u017ea\u0159sk\u00e9 oblasti v Ji\u017en\u00edm Tyrolsku jsou obzvl\u00e1\u0161t\u011b p\u016fsobiv\u00e9 svou impozantn\u00ed horskou krajinou za ide\u00e1ln\u00edch pov\u011btrnostn\u00edch podm\u00ednek. Navzdory mnoha hodin\u00e1m slune\u010dn\u00edho svitu je zde dostatek b\u00edl\u00e9ho prachov\u00e9ho sn\u011bhu. Ale kde p\u0159esn\u011b se to v italsk\u00fdch velehor\u00e1ch d\u011bje? Spole\u010dnost SnowTrex nyn\u00ed analyzovala sv\u00e1 meteorologick\u00e1 data a ukazuje, ve kter\u00fdch ly\u017ea\u0159sk\u00fdch st\u0159edisc\u00edch v It\u00e1lii napadlo v zim\u011b 2022\/2023 celkem a\u017e 7,2 m sn\u011bhu. <\/p>\n","protected":false},"author":178,"featured_media":63309,"comment_status":"closed","ping_status":"closed","sticky":false,"template":"","format":"standard","meta":{"footnotes":""},"categories":[5],"tags":[133,712,134,400,135,138,379,382,177,140,404,715,679,413,405,414,178,473,406,255,509,698,408,596,474,718,397,511],"class_list":["post-38266","post","type-post","status-publish","format-standard","has-post-thumbnail","hentry","category-lyzarska-strediska","tag-alagna_valsesia","tag-brusson","tag-cervinia","tag-cervinia-matterhorn","tag-champoluc","tag-gressoney_la_trinite","tag-italie","tag-jizni-tyrolsko","tag-kurzras","tag-la_thuile","tag-lombardie","tag-madesimo","tag-mals","tag-mont_blanc","tag-monte-rosa","tag-monterosa","tag-naturno","tag-ortles","tag-piemont","tag-prad_am_stilfserjoch","tag-schnalstal_val_senales","tag-sluderno","tag-sondrio","tag-stelvio-stilfs","tag-sulden_am_ortler_solda","tag-trafoi","tag-val-daosta","tag-vernago_vernagt"],"yoast_head":"<!-- This site is optimized with the Yoast SEO Premium plugin v27.3 (Yoast SEO v27.3) - https:\/\/yoast.com\/product\/yoast-seo-premium-wordpress\/ -->\n<title>Statistiky sn\u011bhov\u00e9 pokr\u00fdvky v It\u00e1lii 2024\/2025 \u2013 Kde napadne nejv\u00edce sn\u011bhu?<\/title>\n<meta name=\"description\" content=\"It\u00e1lie m\u00e1 bohatou nab\u00eddku pra\u0161anu! SnowTrex shrnul, na kter\u00fdch hor\u00e1ch a ledovc\u00edch je v It\u00e1lii nejv\u00edce sn\u011bhu.\" \/>\n<meta name=\"robots\" content=\"index, follow, max-snippet:-1, max-image-preview:large, max-video-preview:-1\" \/>\n<link rel=\"canonical\" href=\"https:\/\/www.snowtrex.cz\/magazin\/lyzarska-strediska\/statistiky-snehove-pokryvky-v-italii\/\" \/>\n<meta property=\"og:locale\" content=\"cs_CZ\" \/>\n<meta property=\"og:type\" content=\"article\" \/>\n<meta property=\"og:title\" content=\"Sn\u011bhov\u00e9 statistiky It\u00e1lie 2024\/2025: P\u0159ehled nejzasn\u011b\u017een\u011bj\u0161\u00edch ly\u017ea\u0159sk\u00fdch st\u0159edisek\" \/>\n<meta property=\"og:description\" content=\"It\u00e1lie nab\u00edz\u00ed krom\u011b pizzy a t\u011bstovin mnohem v\u00edc, zejm\u00e9na v zim\u011b - a spoustu pra\u0161anu! Zn\u00e1m\u00e9 ly\u017ea\u0159sk\u00e9 oblasti v Ji\u017en\u00edm Tyrolsku jsou obzvl\u00e1\u0161t\u011b p\u016fsobiv\u00e9 svou impozantn\u00ed horskou krajinou za ide\u00e1ln\u00edch pov\u011btrnostn\u00edch podm\u00ednek. Navzdory mnoha hodin\u00e1m slune\u010dn\u00edho svitu je zde dostatek b\u00edl\u00e9ho prachov\u00e9ho sn\u011bhu. Ale kde p\u0159esn\u011b se to v italsk\u00fdch velehor\u00e1ch d\u011bje? Spole\u010dnost SnowTrex nyn\u00ed analyzovala sv\u00e1 meteorologick\u00e1 data a ukazuje, ve kter\u00fdch ly\u017ea\u0159sk\u00fdch st\u0159edisc\u00edch v It\u00e1lii napadlo v zim\u011b 2022\/2023 celkem a\u017e 7,2 m sn\u011bhu.\" \/>\n<meta property=\"og:url\" content=\"https:\/\/www.snowtrex.cz\/magazin\/lyzarska-strediska\/statistiky-snehove-pokryvky-v-italii\/\" \/>\n<meta property=\"og:site_name\" content=\"SnowTrex Ski-Magaz\u00edn\" \/>\n<meta property=\"article:publisher\" content=\"https:\/\/www.facebook.com\/snowtrex\" \/>\n<meta property=\"article:author\" content=\"https:\/\/www.facebook.com\/snowtrex\/\" \/>\n<meta property=\"article:published_time\" content=\"2025-04-01T06:00:00+00:00\" \/>\n<meta property=\"article:modified_time\" content=\"2025-12-09T10:34:09+00:00\" \/>\n<meta name=\"author\" content=\"SnowTrex\" \/>\n<meta name=\"twitter:card\" content=\"summary_large_image\" \/>\n<meta name=\"twitter:image\" content=\"https:\/\/www.snowtrex.cz\/magazin\/files\/2023\/04\/RS21533_shutterstock_1250971294-hsc.jpg\" \/>\n<meta name=\"twitter:label1\" content=\"Napsal(a)\" \/>\n\t<meta name=\"twitter:data1\" content=\"SnowTrex\" \/>\n\t<meta name=\"twitter:label2\" content=\"Odhadovan\u00e1 doba \u010dten\u00ed\" \/>\n\t<meta name=\"twitter:data2\" content=\"3 minuty\" \/>\n<script type=\"application\/ld+json\" class=\"yoast-schema-graph\">{\"@context\":\"https:\\\/\\\/schema.org\",\"@graph\":[{\"@type\":\"Article\",\"@id\":\"http:\\\/\\\/wp-magazin.snowtrex.cz\\\/lyzarska-strediska\\\/statistiky-snehove-pokryvky-v-italii\\\/#article\",\"isPartOf\":{\"@id\":\"http:\\\/\\\/wp-magazin.snowtrex.cz\\\/lyzarska-strediska\\\/statistiky-snehove-pokryvky-v-italii\\\/\"},\"author\":{\"name\":\"SnowTrex\",\"@id\":\"http:\\\/\\\/wp-magazin.snowtrex.cz\\\/#\\\/schema\\\/person\\\/ad1887a4d155ef6b5b8b4fc8990d92dd\"},\"headline\":\"Sn\u011bhov\u00e9 statistiky It\u00e1lie 2024\\\/2025: P\u0159ehled nejzasn\u011b\u017een\u011bj\u0161\u00edch ly\u017ea\u0159sk\u00fdch st\u0159edisek\",\"datePublished\":\"2025-04-01T06:00:00+00:00\",\"dateModified\":\"2025-12-09T10:34:09+00:00\",\"mainEntityOfPage\":{\"@id\":\"http:\\\/\\\/wp-magazin.snowtrex.cz\\\/lyzarska-strediska\\\/statistiky-snehove-pokryvky-v-italii\\\/\"},\"wordCount\":651,\"publisher\":{\"@id\":\"http:\\\/\\\/wp-magazin.snowtrex.cz\\\/#organization\"},\"image\":{\"@id\":\"http:\\\/\\\/wp-magazin.snowtrex.cz\\\/lyzarska-strediska\\\/statistiky-snehove-pokryvky-v-italii\\\/#primaryimage\"},\"thumbnailUrl\":\"http:\\\/\\\/wp-magazin.snowtrex.cz\\\/files\\\/2023\\\/04\\\/RS21533_shutterstock_1250971294-hsc.jpg\",\"keywords\":[\"Alagna Valsesia\",\"Brusson\",\"Cervinia\",\"Cervinia (Matterhorn)\",\"Champoluc\",\"Gressoney La Trinit\u00e9\",\"It\u00e1lie\",\"Ji\u017en\u00ed Tyrolsko\",\"Kurzras\",\"La Thuile\",\"Lombardie\",\"Madesimo\",\"Mals\",\"Mont Blanc\",\"Monte Rosa\",\"Monterosa\",\"Naturno\",\"Ortles\",\"Piemont\",\"Prad am Stilfserjoch\",\"Schnalstal (Val Senales)\",\"Sluderno\",\"Sondrio\",\"Stelvio\\\/Stilfs\",\"Sulden am Ortler (Solda)\",\"Trafoi\",\"Val d'Aosta\",\"Vernago (Vernagt)\"],\"articleSection\":[\"Z ly\u017ea\u0159sk\u00fdch st\u0159edisek\"],\"inLanguage\":\"cs\"},{\"@type\":\"WebPage\",\"@id\":\"http:\\\/\\\/wp-magazin.snowtrex.cz\\\/lyzarska-strediska\\\/statistiky-snehove-pokryvky-v-italii\\\/\",\"url\":\"http:\\\/\\\/wp-magazin.snowtrex.cz\\\/lyzarska-strediska\\\/statistiky-snehove-pokryvky-v-italii\\\/\",\"name\":\"Statistiky sn\u011bhov\u00e9 pokr\u00fdvky v It\u00e1lii 2024\\\/2025 \u2013 Kde napadne nejv\u00edce sn\u011bhu?\",\"primaryImageOfPage\":{\"@id\":\"http:\\\/\\\/wp-magazin.snowtrex.cz\\\/lyzarska-strediska\\\/statistiky-snehove-pokryvky-v-italii\\\/#primaryimage\"},\"image\":{\"@id\":\"http:\\\/\\\/wp-magazin.snowtrex.cz\\\/lyzarska-strediska\\\/statistiky-snehove-pokryvky-v-italii\\\/#primaryimage\"},\"thumbnailUrl\":\"http:\\\/\\\/wp-magazin.snowtrex.cz\\\/files\\\/2023\\\/04\\\/RS21533_shutterstock_1250971294-hsc.jpg\",\"datePublished\":\"2025-04-01T06:00:00+00:00\",\"dateModified\":\"2025-12-09T10:34:09+00:00\",\"description\":\"It\u00e1lie m\u00e1 bohatou nab\u00eddku pra\u0161anu! SnowTrex shrnul, na kter\u00fdch hor\u00e1ch a ledovc\u00edch je v It\u00e1lii nejv\u00edce sn\u011bhu.\",\"inLanguage\":\"cs\"},{\"@type\":\"ImageObject\",\"inLanguage\":\"cs\",\"@id\":\"http:\\\/\\\/wp-magazin.snowtrex.cz\\\/lyzarska-strediska\\\/statistiky-snehove-pokryvky-v-italii\\\/#primaryimage\",\"url\":\"http:\\\/\\\/wp-magazin.snowtrex.cz\\\/files\\\/2023\\\/04\\\/RS21533_shutterstock_1250971294-hsc.jpg\",\"contentUrl\":\"http:\\\/\\\/wp-magazin.snowtrex.cz\\\/files\\\/2023\\\/04\\\/RS21533_shutterstock_1250971294-hsc.jpg\",\"width\":1920,\"height\":1275},{\"@type\":\"WebSite\",\"@id\":\"http:\\\/\\\/wp-magazin.snowtrex.cz\\\/#website\",\"url\":\"http:\\\/\\\/wp-magazin.snowtrex.cz\\\/\",\"name\":\"SnowTrex Ski-Magaz\u00edn\",\"description\":\"V\u0161e o ly\u017eov\u00e1n\u00ed, snowboardingu a zimn\u00ed dovolen\u00e9!\",\"publisher\":{\"@id\":\"http:\\\/\\\/wp-magazin.snowtrex.cz\\\/#organization\"},\"inLanguage\":\"cs\"},{\"@type\":\"Organization\",\"@id\":\"http:\\\/\\\/wp-magazin.snowtrex.cz\\\/#organization\",\"name\":\"TravelTrex GmbH\",\"url\":\"http:\\\/\\\/wp-magazin.snowtrex.cz\\\/\",\"logo\":{\"@type\":\"ImageObject\",\"inLanguage\":\"cs\",\"@id\":\"http:\\\/\\\/wp-magazin.snowtrex.cz\\\/#\\\/schema\\\/logo\\\/image\\\/\",\"url\":\"http:\\\/\\\/wp-magazin.snowtrex.cz\\\/files\\\/2025\\\/09\\\/TravelTrex-Logo_RGB_transp.png\",\"contentUrl\":\"http:\\\/\\\/wp-magazin.snowtrex.cz\\\/files\\\/2025\\\/09\\\/TravelTrex-Logo_RGB_transp.png\",\"width\":1080,\"height\":282,\"caption\":\"TravelTrex GmbH\"},\"image\":{\"@id\":\"http:\\\/\\\/wp-magazin.snowtrex.cz\\\/#\\\/schema\\\/logo\\\/image\\\/\"},\"sameAs\":[\"https:\\\/\\\/www.facebook.com\\\/snowtrex\",\"https:\\\/\\\/www.instagram.com\\\/snowtrex_ski\"],\"description\":\"Od roku 1999 je SnowTrex p\u0159edn\u00edm n\u011bmeck\u00fdm cestovn\u00edm kancel\u00e1\u0159\u00edm pro ly\u017ea\u0159sk\u00e9 dovolen\u00e9. Spole\u010dnost nab\u00edz\u00ed sv\u00e9 slu\u017eby ve 13 jazyc\u00edch a ka\u017edoro\u010dn\u011b doprav\u00ed v\u00edce ne\u017e 100 000 host\u016f do obl\u00edben\u00fdch destinac\u00ed, jako je Rakousko, Francie, It\u00e1lie, \u0160v\u00fdcarsko a N\u011bmecko.\",\"email\":\"info-cz@snowtrex.com\",\"telephone\":\"234 495 495\",\"legalName\":\"TravelTrex GmbH\",\"foundingDate\":\"1999-07-01\",\"vatID\":\"DE 813 076 768\",\"numberOfEmployees\":{\"@type\":\"QuantitativeValue\",\"minValue\":\"51\",\"maxValue\":\"200\"}},{\"@type\":\"Person\",\"@id\":\"http:\\\/\\\/wp-magazin.snowtrex.cz\\\/#\\\/schema\\\/person\\\/ad1887a4d155ef6b5b8b4fc8990d92dd\",\"name\":\"SnowTrex\",\"description\":\"Redakce \u010dasopisu SnowTrex sdru\u017euje zku\u0161en\u00e9 zimn\u00ed sportovce a cestovn\u00ed experty, kte\u0159\u00ed svou v\u00e1\u0161e\u0148 prom\u00edtaj\u00ed do fundovan\u00fdch \u010dl\u00e1nk\u016f o ly\u017ea\u0159sk\u00fdch st\u0159edisc\u00edch, vybaven\u00ed a cestovn\u00edch tipech. Od roku 1999 je SnowTrex p\u0159edn\u00edm n\u011bmeck\u00fdm cestovn\u00edm kancel\u00e1\u0159em pro ly\u017ea\u0159sk\u00e9 dovolen\u00e9. Spole\u010dnost nab\u00edz\u00ed sv\u00e9 slu\u017eby ve 13 jazyc\u00edch a ka\u017edoro\u010dn\u011b doprav\u00ed p\u0159es 100 000 host\u016f do obl\u00edben\u00fdch destinac\u00ed, jako je Rakousko, Francie, It\u00e1lie, \u0160v\u00fdcarsko a N\u011bmecko.\",\"sameAs\":[\"https:\\\/\\\/www.snowtrex.cz\\\/\",\"https:\\\/\\\/www.facebook.com\\\/snowtrex\\\/\",\"https:\\\/\\\/www.instagram.com\\\/snowtrex_ski\\\/\",\"https:\\\/\\\/www.youtube.com\\\/c\\\/SnowTrex\"]}]}<\/script>\n<!-- \/ Yoast SEO Premium plugin. -->","yoast_head_json":{"title":"Statistiky sn\u011bhov\u00e9 pokr\u00fdvky v It\u00e1lii 2024\/2025 \u2013 Kde napadne nejv\u00edce sn\u011bhu?","description":"It\u00e1lie m\u00e1 bohatou nab\u00eddku pra\u0161anu! SnowTrex shrnul, na kter\u00fdch hor\u00e1ch a ledovc\u00edch je v It\u00e1lii nejv\u00edce sn\u011bhu.","robots":{"index":"index","follow":"follow","max-snippet":"max-snippet:-1","max-image-preview":"max-image-preview:large","max-video-preview":"max-video-preview:-1"},"canonical":"https:\/\/www.snowtrex.cz\/magazin\/lyzarska-strediska\/statistiky-snehove-pokryvky-v-italii\/","og_locale":"cs_CZ","og_type":"article","og_title":"Sn\u011bhov\u00e9 statistiky It\u00e1lie 2024\/2025: P\u0159ehled nejzasn\u011b\u017een\u011bj\u0161\u00edch ly\u017ea\u0159sk\u00fdch st\u0159edisek","og_description":"It\u00e1lie nab\u00edz\u00ed krom\u011b pizzy a t\u011bstovin mnohem v\u00edc, zejm\u00e9na v zim\u011b - a spoustu pra\u0161anu! Zn\u00e1m\u00e9 ly\u017ea\u0159sk\u00e9 oblasti v Ji\u017en\u00edm Tyrolsku jsou obzvl\u00e1\u0161t\u011b p\u016fsobiv\u00e9 svou impozantn\u00ed horskou krajinou za ide\u00e1ln\u00edch pov\u011btrnostn\u00edch podm\u00ednek. Navzdory mnoha hodin\u00e1m slune\u010dn\u00edho svitu je zde dostatek b\u00edl\u00e9ho prachov\u00e9ho sn\u011bhu. Ale kde p\u0159esn\u011b se to v italsk\u00fdch velehor\u00e1ch d\u011bje? Spole\u010dnost SnowTrex nyn\u00ed analyzovala sv\u00e1 meteorologick\u00e1 data a ukazuje, ve kter\u00fdch ly\u017ea\u0159sk\u00fdch st\u0159edisc\u00edch v It\u00e1lii napadlo v zim\u011b 2022\/2023 celkem a\u017e 7,2 m sn\u011bhu.","og_url":"https:\/\/www.snowtrex.cz\/magazin\/lyzarska-strediska\/statistiky-snehove-pokryvky-v-italii\/","og_site_name":"SnowTrex Ski-Magaz\u00edn","article_publisher":"https:\/\/www.facebook.com\/snowtrex","article_author":"https:\/\/www.facebook.com\/snowtrex\/","article_published_time":"2025-04-01T06:00:00+00:00","article_modified_time":"2025-12-09T10:34:09+00:00","author":"SnowTrex","twitter_card":"summary_large_image","twitter_image":"https:\/\/www.snowtrex.cz\/magazin\/files\/2023\/04\/RS21533_shutterstock_1250971294-hsc.jpg","twitter_misc":{"Napsal(a)":"SnowTrex","Odhadovan\u00e1 doba \u010dten\u00ed":"3 minuty"},"schema":{"@context":"https:\/\/schema.org","@graph":[{"@type":"Article","@id":"https:\/\/www.snowtrex.cz\/magazin\/lyzarska-strediska\/statistiky-snehove-pokryvky-v-italii\/#article","isPartOf":{"@id":"https:\/\/www.snowtrex.cz\/magazin\/lyzarska-strediska\/statistiky-snehove-pokryvky-v-italii\/"},"author":{"name":"SnowTrex","@id":"https:\/\/www.snowtrex.cz\/magazin\/#\/schema\/person\/ad1887a4d155ef6b5b8b4fc8990d92dd"},"headline":"Sn\u011bhov\u00e9 statistiky It\u00e1lie 2024\/2025: P\u0159ehled nejzasn\u011b\u017een\u011bj\u0161\u00edch ly\u017ea\u0159sk\u00fdch st\u0159edisek","datePublished":"2025-04-01T06:00:00+00:00","dateModified":"2025-12-09T10:34:09+00:00","mainEntityOfPage":{"@id":"https:\/\/www.snowtrex.cz\/magazin\/lyzarska-strediska\/statistiky-snehove-pokryvky-v-italii\/"},"wordCount":651,"publisher":{"@id":"https:\/\/www.snowtrex.cz\/magazin\/#organization"},"image":{"@id":"https:\/\/www.snowtrex.cz\/magazin\/lyzarska-strediska\/statistiky-snehove-pokryvky-v-italii\/#primaryimage"},"thumbnailUrl":"https:\/\/www.snowtrex.cz\/magazin\/files\/2023\/04\/RS21533_shutterstock_1250971294-hsc.jpg","keywords":["Alagna Valsesia","Brusson","Cervinia","Cervinia (Matterhorn)","Champoluc","Gressoney La Trinit\u00e9","It\u00e1lie","Ji\u017en\u00ed Tyrolsko","Kurzras","La Thuile","Lombardie","Madesimo","Mals","Mont Blanc","Monte Rosa","Monterosa","Naturno","Ortles","Piemont","Prad am Stilfserjoch","Schnalstal (Val Senales)","Sluderno","Sondrio","Stelvio\/Stilfs","Sulden am Ortler (Solda)","Trafoi","Val d'Aosta","Vernago (Vernagt)"],"articleSection":["Z ly\u017ea\u0159sk\u00fdch st\u0159edisek"],"inLanguage":"cs"},{"@type":"WebPage","@id":"https:\/\/www.snowtrex.cz\/magazin\/lyzarska-strediska\/statistiky-snehove-pokryvky-v-italii\/","url":"https:\/\/www.snowtrex.cz\/magazin\/lyzarska-strediska\/statistiky-snehove-pokryvky-v-italii\/","name":"Statistiky sn\u011bhov\u00e9 pokr\u00fdvky v It\u00e1lii 2024\/2025 \u2013 Kde napadne nejv\u00edce sn\u011bhu?","primaryImageOfPage":{"@id":"https:\/\/www.snowtrex.cz\/magazin\/lyzarska-strediska\/statistiky-snehove-pokryvky-v-italii\/#primaryimage"},"image":{"@id":"https:\/\/www.snowtrex.cz\/magazin\/lyzarska-strediska\/statistiky-snehove-pokryvky-v-italii\/#primaryimage"},"thumbnailUrl":"https:\/\/www.snowtrex.cz\/magazin\/files\/2023\/04\/RS21533_shutterstock_1250971294-hsc.jpg","datePublished":"2025-04-01T06:00:00+00:00","dateModified":"2025-12-09T10:34:09+00:00","description":"It\u00e1lie m\u00e1 bohatou nab\u00eddku pra\u0161anu! SnowTrex shrnul, na kter\u00fdch hor\u00e1ch a ledovc\u00edch je v It\u00e1lii nejv\u00edce sn\u011bhu.","inLanguage":"cs"},{"@type":"ImageObject","inLanguage":"cs","@id":"https:\/\/www.snowtrex.cz\/magazin\/lyzarska-strediska\/statistiky-snehove-pokryvky-v-italii\/#primaryimage","url":"https:\/\/www.snowtrex.cz\/magazin\/files\/2023\/04\/RS21533_shutterstock_1250971294-hsc.jpg","contentUrl":"https:\/\/www.snowtrex.cz\/magazin\/files\/2023\/04\/RS21533_shutterstock_1250971294-hsc.jpg","width":1920,"height":1275},{"@type":"WebSite","@id":"https:\/\/www.snowtrex.cz\/magazin\/#website","url":"https:\/\/www.snowtrex.cz\/magazin\/","name":"SnowTrex Ski-Magaz\u00edn","description":"V\u0161e o ly\u017eov\u00e1n\u00ed, snowboardingu a zimn\u00ed dovolen\u00e9!","publisher":{"@id":"https:\/\/www.snowtrex.cz\/magazin\/#organization"},"inLanguage":"cs"},{"@type":"Organization","@id":"https:\/\/www.snowtrex.cz\/magazin\/#organization","name":"TravelTrex GmbH","url":"https:\/\/www.snowtrex.cz\/magazin\/","logo":{"@type":"ImageObject","inLanguage":"cs","@id":"https:\/\/www.snowtrex.cz\/magazin\/#\/schema\/logo\/image\/","url":"https:\/\/www.snowtrex.cz\/magazin\/files\/2025\/09\/TravelTrex-Logo_RGB_transp.png","contentUrl":"https:\/\/www.snowtrex.cz\/magazin\/files\/2025\/09\/TravelTrex-Logo_RGB_transp.png","width":1080,"height":282,"caption":"TravelTrex GmbH"},"image":{"@id":"https:\/\/www.snowtrex.cz\/magazin\/#\/schema\/logo\/image\/"},"sameAs":["https:\/\/www.facebook.com\/snowtrex","https:\/\/www.instagram.com\/snowtrex_ski"],"description":"Od roku 1999 je SnowTrex p\u0159edn\u00edm n\u011bmeck\u00fdm cestovn\u00edm kancel\u00e1\u0159\u00edm pro ly\u017ea\u0159sk\u00e9 dovolen\u00e9. Spole\u010dnost nab\u00edz\u00ed sv\u00e9 slu\u017eby ve 13 jazyc\u00edch a ka\u017edoro\u010dn\u011b doprav\u00ed v\u00edce ne\u017e 100 000 host\u016f do obl\u00edben\u00fdch destinac\u00ed, jako je Rakousko, Francie, It\u00e1lie, \u0160v\u00fdcarsko a N\u011bmecko.","email":"info-cz@snowtrex.com","telephone":"234 495 495","legalName":"TravelTrex GmbH","foundingDate":"1999-07-01","vatID":"DE 813 076 768","numberOfEmployees":{"@type":"QuantitativeValue","minValue":"51","maxValue":"200"}},{"@type":"Person","@id":"https:\/\/www.snowtrex.cz\/magazin\/#\/schema\/person\/ad1887a4d155ef6b5b8b4fc8990d92dd","name":"SnowTrex","description":"Redakce \u010dasopisu SnowTrex sdru\u017euje zku\u0161en\u00e9 zimn\u00ed sportovce a cestovn\u00ed experty, kte\u0159\u00ed svou v\u00e1\u0161e\u0148 prom\u00edtaj\u00ed do fundovan\u00fdch \u010dl\u00e1nk\u016f o ly\u017ea\u0159sk\u00fdch st\u0159edisc\u00edch, vybaven\u00ed a cestovn\u00edch tipech. Od roku 1999 je SnowTrex p\u0159edn\u00edm n\u011bmeck\u00fdm cestovn\u00edm kancel\u00e1\u0159em pro ly\u017ea\u0159sk\u00e9 dovolen\u00e9. Spole\u010dnost nab\u00edz\u00ed sv\u00e9 slu\u017eby ve 13 jazyc\u00edch a ka\u017edoro\u010dn\u011b doprav\u00ed p\u0159es 100 000 host\u016f do obl\u00edben\u00fdch destinac\u00ed, jako je Rakousko, Francie, It\u00e1lie, \u0160v\u00fdcarsko a N\u011bmecko.","sameAs":["https:\/\/www.snowtrex.cz\/","https:\/\/www.facebook.com\/snowtrex\/","https:\/\/www.instagram.com\/snowtrex_ski\/","https:\/\/www.youtube.com\/c\/SnowTrex"]}]}},"wp-worthy-pixel":{"ignored":false,"public":null,"server":null,"url":null},"wp-worthy-type":"normal","_links":{"self":[{"href":"https:\/\/www.snowtrex.cz\/magazin\/wp-json\/wp\/v2\/posts\/38266","targetHints":{"allow":["GET"]}}],"collection":[{"href":"https:\/\/www.snowtrex.cz\/magazin\/wp-json\/wp\/v2\/posts"}],"about":[{"href":"https:\/\/www.snowtrex.cz\/magazin\/wp-json\/wp\/v2\/types\/post"}],"author":[{"embeddable":true,"href":"https:\/\/www.snowtrex.cz\/magazin\/wp-json\/wp\/v2\/users\/178"}],"replies":[{"embeddable":true,"href":"https:\/\/www.snowtrex.cz\/magazin\/wp-json\/wp\/v2\/comments?post=38266"}],"version-history":[{"count":6,"href":"https:\/\/www.snowtrex.cz\/magazin\/wp-json\/wp\/v2\/posts\/38266\/revisions"}],"predecessor-version":[{"id":63377,"href":"https:\/\/www.snowtrex.cz\/magazin\/wp-json\/wp\/v2\/posts\/38266\/revisions\/63377"}],"wp:featuredmedia":[{"embeddable":true,"href":"https:\/\/www.snowtrex.cz\/magazin\/wp-json\/wp\/v2\/media\/63309"}],"wp:attachment":[{"href":"https:\/\/www.snowtrex.cz\/magazin\/wp-json\/wp\/v2\/media?parent=38266"}],"wp:term":[{"taxonomy":"category","embeddable":true,"href":"https:\/\/www.snowtrex.cz\/magazin\/wp-json\/wp\/v2\/categories?post=38266"},{"taxonomy":"post_tag","embeddable":true,"href":"https:\/\/www.snowtrex.cz\/magazin\/wp-json\/wp\/v2\/tags?post=38266"}],"curies":[{"name":"wp","href":"https:\/\/api.w.org\/{rel}","templated":true}]}}