{"id":37996,"date":"2024-11-18T13:52:38","date_gmt":"2024-11-18T12:52:38","guid":{"rendered":"https:\/\/www.snowtrex.de\/magazin\/?p=37996"},"modified":"2025-06-26T15:10:49","modified_gmt":"2025-06-26T13:10:49","slug":"snehove-statistiky-rakousko","status":"publish","type":"post","link":"https:\/\/www.snowtrex.cz\/magazin\/lyzarska-strediska\/snehove-statistiky-rakousko\/","title":{"rendered":"Sn\u011bhov\u00e9 statistiky: Kde v Rakousku napadne nejv\u00edce sn\u011bhu?"},"content":{"rendered":"<p><strong>Rakousko je jednou z nejobl\u00edben\u011bj\u0161\u00edch destinac\u00ed pro milovn\u00edky zimn\u00edch sport\u016f, a to nejen kv\u016fli skv\u011bl\u00e9 rakousk\u00e9 kuchyni a jedine\u010dn\u00e9 pohostinnosti. <a href=\"https:\/\/www.snowtrex.cz\/rakousko\/lyzovani.html\" target=\"_blank\" rel=\"noopener\">Milovn\u00edci Rakouska<\/a> se mohou t\u011b\u0161it tak\u00e9 na kr\u00e1snou horskou krajinu, \u00fatuln\u00e9 chaty v modern\u00edch ly\u017ea\u0159sk\u00fdch st\u0159edisc\u00edch a samoz\u0159ejm\u011b na vynikaj\u00edc\u00ed sn\u011bhov\u00e9 podm\u00ednky. Kde v\u0161ak v Rakousku napadne nejv\u00edce sn\u011bhu pro dokonal\u00e9 ly\u017ea\u0159sk\u00e9 radov\u00e1nky? Spole\u010dnost<a href=\"https:\/\/www.snowtrex.cz\/\" target=\"_blank\" rel=\"noopener\"> SnowTrex<\/a> analyzovala sv\u00e1 meteorologick\u00e1 data a ukazuje, ve kter\u00fdch rakousk\u00fdch ly\u017ea\u0159sk\u00fdch st\u0159edisc\u00edch napadlo v zimn\u00ed sez\u00f3n\u011b 2022\/2023 ve \u0161pi\u010dk\u00e1ch celkem a\u017e 9,97 m sn\u011bhu.<\/strong><\/p>\n<div class=\"tt-post-image-wrapper tt-post-image-wrapper-full\">\n            <div class=\"tt-image-copyright-container\">\n                <a href=\"https:\/\/www.snowtrex.cz\/magazin\/files\/2022\/02\/RS12430_SNOW4397-scr.jpg\" target=\"_blank\" rel=\"noopener\"><img loading=\"lazy\" decoding=\"async\" data-wrapped=\"true\" class=\"wp-image-52732 size-Artikelbild_gro\u00df\" title=\"Pro mnoho milovn\u00edk\u016f zimn\u00edch sport\u016f nen\u00ed na ly\u017ea\u0159sk\u00e9 dovolen\u00e9 nic lep\u0161\u00edho ne\u017e \u010derstv\u00fd sn\u00edh. Kde v\u0161ak v Rakousku napadne nejv\u00edce sn\u011bhu?\" src=\"https:\/\/www.snowtrex.cz\/magazin\/files\/2022\/02\/RS12430_SNOW4397-scr-729x486.jpg\" alt=\"Pro mnoho milovn\u00edk\u016f zimn\u00edch sport\u016f nen\u00ed na ly\u017ea\u0159sk\u00e9 dovolen\u00e9 nic lep\u0161\u00edho ne\u017e \u010derstv\u00fd sn\u00edh. Kde v\u0161ak v Rakousku napadne nejv\u00edce sn\u011bhu?\" width=\"729\" height=\"486\" srcset=\"https:\/\/www.snowtrex.cz\/magazin\/files\/2022\/02\/RS12430_SNOW4397-scr-729x486.jpg 729w, https:\/\/www.snowtrex.cz\/magazin\/files\/2022\/02\/RS12430_SNOW4397-scr-290x193.jpg 290w, https:\/\/www.snowtrex.cz\/magazin\/files\/2022\/02\/RS12430_SNOW4397-scr-728x485.jpg 728w, https:\/\/www.snowtrex.cz\/magazin\/files\/2022\/02\/RS12430_SNOW4397-scr-768x512.jpg 768w, https:\/\/www.snowtrex.cz\/magazin\/files\/2022\/02\/RS12430_SNOW4397-scr-468x312.jpg 468w, https:\/\/www.snowtrex.cz\/magazin\/files\/2022\/02\/RS12430_SNOW4397-scr-300x200.jpg 300w, https:\/\/www.snowtrex.cz\/magazin\/files\/2022\/02\/RS12430_SNOW4397-scr-999x666.jpg 999w, https:\/\/www.snowtrex.cz\/magazin\/files\/2022\/02\/RS12430_SNOW4397-scr-645x430.jpg 645w, https:\/\/www.snowtrex.cz\/magazin\/files\/2022\/02\/RS12430_SNOW4397-scr-552x368.jpg 552w, https:\/\/www.snowtrex.cz\/magazin\/files\/2022\/02\/RS12430_SNOW4397-scr-405x270.jpg 405w, https:\/\/www.snowtrex.cz\/magazin\/files\/2022\/02\/RS12430_SNOW4397-scr-336x224.jpg 336w, https:\/\/www.snowtrex.cz\/magazin\/files\/2022\/02\/RS12430_SNOW4397-scr-276x184.jpg 276w, https:\/\/www.snowtrex.cz\/magazin\/files\/2022\/02\/RS12430_SNOW4397-scr-234x156.jpg 234w, https:\/\/www.snowtrex.cz\/magazin\/files\/2022\/02\/RS12430_SNOW4397-scr-192x128.jpg 192w, https:\/\/www.snowtrex.cz\/magazin\/files\/2022\/02\/RS12430_SNOW4397-scr-120x80.jpg 120w, https:\/\/www.snowtrex.cz\/magazin\/files\/2022\/02\/RS12430_SNOW4397-scr-774x516.jpg 774w, https:\/\/www.snowtrex.cz\/magazin\/files\/2022\/02\/RS12430_SNOW4397-scr-2x1.jpg 2w, https:\/\/www.snowtrex.cz\/magazin\/files\/2022\/02\/RS12430_SNOW4397-scr.jpg 1440w\" sizes=\"(min-width: 1009px) 729px, (min-width: 819px) 594px, (min-width: 569px) 729px, (min-width: 449px) 468px, 348px\" \/><\/a><div class=\"tt-image-copyright\" data-image-id=\"52732\">\u00a9 TravelTrex | Martin Miser\u00e9<\/div>\n            <\/div>\n            <div class=\"tt-post-caption\">Pro mnoho milovn\u00edk\u016f zimn\u00edch sport\u016f nen\u00ed na ly\u017ea\u0159sk\u00e9 dovolen\u00e9 nic lep\u0161\u00edho ne\u017e \u010derstv\u00fd sn\u00edh. Kde v\u0161ak v Rakousku napadne nejv\u00edce sn\u011bhu?<\/div>\n         <\/div > \n<h2 id=\"p\u0159ehled-10-nejzasn\u011b\u017een\u011bj\u0161\u00edch-ly\u017ea\u0159sk\u00fdch-st\u0159edisek-v-rakousku-v-letech-20222023\">P\u0159ehled 10 nejzasn\u011b\u017een\u011bj\u0161\u00edch ly\u017ea\u0159sk\u00fdch st\u0159edisek v Rakousku v letech 2022\/2023<\/h2>\n\n<table id=\"tablepress-40\" class=\"tablepress tablepress-id-40\">\n<thead>\n<tr class=\"row-1\">\n\t<th class=\"column-1\"><strong>Ly\u017ea\u0159sk\u00e1 oblast\/region<\/strong><\/th><th class=\"column-2\"><strong>M\u00edsta<\/strong><\/th><th class=\"column-3\"><strong>\u010cerstv\u011b zasn\u011b\u017een\u00e1 horsk\u00e1 sez\u00f3na 2022\/2023<\/strong><\/th>\n<\/tr>\n<\/thead>\n<tbody class=\"row-striping row-hover\">\n<tr class=\"row-2\">\n\t<td class=\"column-1\"><a href=\"https:\/\/www.snowtrex.cz\/rakousko\/hintertux\/lyzarske-stredisko.html\" target=\"_blank\" rel=\"noopener\">Hintertuxer Gletscher<\/a><\/td><td class=\"column-2\">Tux \/ Hintertux \/ Finkenberg<\/td><td class=\"column-3\">9,97 m<\/td>\n<\/tr>\n<tr class=\"row-3\">\n\t<td class=\"column-1\">Arlberg<\/td><td class=\"column-2\">Flirsch \/ St. Anton \/ Kl\u00f6sterle<\/td><td class=\"column-3\">9,93 m<\/td>\n<\/tr>\n<tr class=\"row-4\">\n\t<td class=\"column-1\"><a href=\"https:\/\/www.snowtrex.cz\/rakousko\/ramsau_am_dachstein\/lyzarske-stredisko.html\" target=\"_blank\" rel=\"noopener\">Rittisberg\/Dachsteingletscher<\/a><\/td><td class=\"column-2\">Ramsau am Dachstein<\/td><td class=\"column-3\">9,31 m<\/td>\n<\/tr>\n<tr class=\"row-5\">\n\t<td class=\"column-1\"><a href=\"https:\/\/www.snowtrex.cz\/rakousko\/schladming\/lyzarske-stredisko.html\" target=\"_blank\" rel=\"noopener\">4-Berge-Skischaukel<\/a><\/td><td class=\"column-2\">Haus im Ennstal \/ Schladming<\/td><td class=\"column-3\">9,31 m<\/td>\n<\/tr>\n<tr class=\"row-6\">\n\t<td class=\"column-1\"><a href=\"https:\/\/www.snowtrex.cz\/rakousko\/fusch_am_grossglockner\/lyzarske-stredisko.html\" target=\"_blank\" rel=\"noopener\">Kitzsteinhorn\/Maiskogel - Kaprun<\/a><\/td><td class=\"column-2\">Fusch am Gro\u00dfglockner \/ Bruck am Gro\u00dfglockner \/ Kaprun<\/td><td class=\"column-3\">8,91 m<\/td>\n<\/tr>\n<tr class=\"row-7\">\n\t<td class=\"column-1\"><a href=\"https:\/\/www.snowtrex.cz\/rakousko\/zell_am_see\/lyzarske-stredisko.html\" target=\"_blank\" rel=\"noopener\">Schmittenh\u00f6he - Zell am See<\/a><\/td><td class=\"column-2\">Zell am See<br \/>\r\n<\/td><td class=\"column-3\">8,91 m<\/td>\n<\/tr>\n<tr class=\"row-8\">\n\t<td class=\"column-1\"><a href=\"https:\/\/www.snowtrex.cz\/rakousko\/uttendorf_ledovec_weisssee\/lyzarske-stredisko.html\" target=\"_blank\" rel=\"noopener\">Wei\u00dfsee Gletscherwelt<\/a><\/td><td class=\"column-2\">Uttendorf - Wei\u00dfsee Gletscher<\/td><td class=\"column-3\">8,65 m<\/td>\n<\/tr>\n<tr class=\"row-9\">\n\t<td class=\"column-1\"><a href=\"https:\/\/www.snowtrex.cz\/rakousko\/st._leonhard\/lyzarske-stredisko.html\" target=\"_blank\" rel=\"noopener\">Pitztaler Gletscher &amp; Rifflsee<\/a><\/td><td class=\"column-2\">St. Leonhard<\/td><td class=\"column-3\">8,39 m<\/td>\n<\/tr>\n<tr class=\"row-10\">\n\t<td class=\"column-1\"><a href=\"https:\/\/www.snowtrex.cz\/rakousko\/krimml\/lyzarske-stredisko.html\" target=\"_blank\" rel=\"noopener\">Zillertal Arena<\/a><\/td><td class=\"column-2\">Krimml<\/td><td class=\"column-3\">8,02 m<\/td>\n<\/tr>\n<tr class=\"row-11\">\n\t<td class=\"column-1\"><a href=\"https:\/\/www.snowtrex.cz\/rakousko\/heiligenblut\/lyzarske-stredisko.html\" target=\"_blank\" rel=\"noopener noreferrer\">Gro\u00dfglockner-Heiligenblut<\/a><\/td><td class=\"column-2\">Heiligenblut \/ Winklern \/ D\u00f6llach \/ M\u00f6rtschach<\/td><td class=\"column-3\">7,78 m<\/td>\n<\/tr>\n<\/tbody>\n<\/table>\n<!-- #tablepress-40 from cache -->\n<h2 id=\"10-nejzasn\u011b\u017een\u011bj\u0161\u00edch-ly\u017ea\u0159sk\u00fdch-st\u0159edisek-v-rakousku-v-letech-20212022-v-p\u0159ehledu\">10 nejzasn\u011b\u017een\u011bj\u0161\u00edch ly\u017ea\u0159sk\u00fdch st\u0159edisek v Rakousku v letech 2021\/2022 v p\u0159ehledu<\/h2>\n\n<table id=\"tablepress-41\" class=\"tablepress tablepress-id-41\">\n<thead>\n<tr class=\"row-1\">\n\t<th class=\"column-1\"><strong>Ly\u017ea\u0159sk\u00e1 oblast\/region<\/strong><\/th><th class=\"column-2\"><strong>M\u00edsta<\/strong><\/th><th class=\"column-3\"><strong>\u010cerstv\u011b zasn\u011b\u017een\u00e1 horsk\u00e1 sez\u00f3na 2021\/2022<\/strong><\/th>\n<\/tr>\n<\/thead>\n<tbody class=\"row-striping row-hover\">\n<tr class=\"row-2\">\n\t<td class=\"column-1\"><a href=\"https:\/\/www.snowtrex.cz\/rakousko\/dorfgastein\/lyzarske-stredisko.html\" target=\"_blank\" rel=\"noopener noreferrer\">Gastein<\/a><\/td><td class=\"column-2\">Dorfgastein<\/td><td class=\"column-3\">14,84 m<\/td>\n<\/tr>\n<tr class=\"row-3\">\n\t<td class=\"column-1\">Arlberg<\/td><td class=\"column-2\">Lech \/ Stuben \/ Flirsch \/ St. Anton \/ Strengen am Arlberg<\/td><td class=\"column-3\">11,85 m<\/td>\n<\/tr>\n<tr class=\"row-4\">\n\t<td class=\"column-1\"><a href=\"https:\/\/www.snowtrex.cz\/rakousko\/zillertal\/lyzarsky-region.html\" target=\"_blank\" rel=\"noopener\">Zillertaler Superskipass<\/a><\/td><td class=\"column-2\">Tux \/ Hintertux \/ Finkenberg<\/td><td class=\"column-3\">11,33 m<\/td>\n<\/tr>\n<tr class=\"row-5\">\n\t<td class=\"column-1\"><a href=\"https:\/\/www.snowtrex.cz\/rakousko\/pitztal\/lyzarska_oblast.html\" target=\"_blank\" rel=\"noopener\">Gletscherpark Card Winter<\/a><\/td><td class=\"column-2\">St. Leonhard \/ Arzl<\/td><td class=\"column-3\">9,95 m<\/td>\n<\/tr>\n<tr class=\"row-6\">\n\t<td class=\"column-1\"><a href=\"https:\/\/www.snowtrex.cz\/rakousko\/schladming\/lyzarske-stredisko.html\" target=\"_blank\" rel=\"noopener\">4-Berge-Skischaukel<\/a><\/td><td class=\"column-2\">Haus im Ennstal \/ Schladming \/ Gr\u00f6bming<\/td><td class=\"column-3\">9,79 m<\/td>\n<\/tr>\n<tr class=\"row-7\">\n\t<td class=\"column-1\"><a href=\"https:\/\/www.snowtrex.cz\/rakousko\/ramsau_am_dachstein\/lyzarske-stredisko.html\" target=\"_blank\" rel=\"noopener\">Rittisberg\/Dachsteingletscher<\/a><\/td><td class=\"column-2\">Ramsau am Dachstein<\/td><td class=\"column-3\">9,79 m<\/td>\n<\/tr>\n<tr class=\"row-8\">\n\t<td class=\"column-1\"><a href=\"https:\/\/www.snowtrex.cz\/rakousko\/zell_am_see\/lyzarske-stredisko.html\" target=\"_blank\" rel=\"noopener\">Schmittenh\u00f6he - Zell am See<\/a><\/td><td class=\"column-2\">Zell am See<br \/>\r\n<\/td><td class=\"column-3\">9,75 m<\/td>\n<\/tr>\n<tr class=\"row-9\">\n\t<td class=\"column-1\"><a href=\"https:\/\/www.snowtrex.cz\/rakousko\/fusch_am_grossglockner\/lyzarske-stredisko.html\" target=\"_blank\" rel=\"noopener\">Kitzsteinhorn\/Maiskogel - Kaprun<\/a><\/td><td class=\"column-2\">Fusch am Gro\u00dfglockner \/ Bruck am Gro\u00dfglockner \/ Kaprun<\/td><td class=\"column-3\">9,75 m<\/td>\n<\/tr>\n<tr class=\"row-10\">\n\t<td class=\"column-1\"><a href=\"https:\/\/www.snowtrex.cz\/rakousko\/maishofen\/lyzarske-stredisko.html\" target=\"_blank\" rel=\"noopener\">Zell am See-Kaprun<\/a><\/td><td class=\"column-2\">Maishofen<\/td><td class=\"column-3\">9,75 m<\/td>\n<\/tr>\n<tr class=\"row-11\">\n\t<td class=\"column-1\"><a href=\"https:\/\/www.snowtrex.cz\/rakousko\/uttendorf_ledovec_weisssee\/lyzarske-stredisko.html\" target=\"_blank\" rel=\"noopener\">Wei\u00dfsee Gletscherwelt<\/a><\/td><td class=\"column-2\">Uttendorf - Wei\u00dfsee Gletscher<\/td><td class=\"column-3\">9,49 m<\/td>\n<\/tr>\n<\/tbody>\n<\/table>\n<!-- #tablepress-41 from cache -->\n<h2 id=\"10-nejzasn\u011b\u017een\u011bj\u0161\u00edch-ly\u017ea\u0159sk\u00fdch-st\u0159edisek-v-rakousku-20202021-v-p\u0159ehledu\">10 nejzasn\u011b\u017een\u011bj\u0161\u00edch ly\u017ea\u0159sk\u00fdch st\u0159edisek v Rakousku 2020\/2021 v p\u0159ehledu<\/h2>\n\n<table id=\"tablepress-42\" class=\"tablepress tablepress-id-42\">\n<thead>\n<tr class=\"row-1\">\n\t<th class=\"column-1\"><strong>Ly\u017ea\u0159sk\u00e1 oblast\/region<\/strong><\/th><th class=\"column-2\"><strong>M\u00edsta<\/strong><\/th><th class=\"column-3\"><strong>\u010cerstv\u00fd sn\u00edh v horsk\u00e9 sez\u00f3n\u011b 2020\/2021<\/strong><\/th>\n<\/tr>\n<\/thead>\n<tbody class=\"row-striping row-hover\">\n<tr class=\"row-2\">\n\t<td class=\"column-1\"><a href=\"https:\/\/www.snowtrex.cz\/rakousko\/dorfgastein\/lyzarske-stredisko.html\" target=\"_blank\" rel=\"noopener noreferrer\">Gastein<\/a><\/td><td class=\"column-2\">Dorfgastein<\/td><td class=\"column-3\">16,34 m<\/td>\n<\/tr>\n<tr class=\"row-3\">\n\t<td class=\"column-1\">Arlberg<\/td><td class=\"column-2\">Lech \/ Stuben \/ Flirsch \/ St. Anton \/ Strengen am Arlberg<\/td><td class=\"column-3\">9,74 m<\/td>\n<\/tr>\n<tr class=\"row-4\">\n\t<td class=\"column-1\"><a href=\"https:\/\/www.snowtrex.cz\/rakousko\/pitztal\/lyzarska_oblast.html\" target=\"_blank\" rel=\"noopener\">Gletscherpark Card Winter<\/a><\/td><td class=\"column-2\">St. Leonhard \/ Arzl<\/td><td class=\"column-3\">9,44 m<\/td>\n<\/tr>\n<tr class=\"row-5\">\n\t<td class=\"column-1\"><a href=\"https:\/\/www.snowtrex.cz\/rakousko\/zillertal\/lyzarsky-region.html\" target=\"_blank\" rel=\"noopener\">Zillertaler Superskipass<\/a><\/td><td class=\"column-2\">Tux \/ Hintertux \/ Finkenberg<\/td><td class=\"column-3\">9,37 m<\/td>\n<\/tr>\n<tr class=\"row-6\">\n\t<td class=\"column-1\"><a href=\"https:\/\/www.snowtrex.cz\/rakousko\/ledovec_moelltal\/lyzarska_oblast.html\" target=\"_blank\" rel=\"noopener\">SkiHit<\/a><\/td><td class=\"column-2\">Mallnitz \/ Obervellach \/ Flattach<\/td><td class=\"column-3\">9,34 m<\/td>\n<\/tr>\n<tr class=\"row-7\">\n\t<td class=\"column-1\"><a href=\"https:\/\/www.snowtrex.cz\/rakousko\/neustift\/lyzarske-stredisko.html\" target=\"_blank\" rel=\"noopener\">Stubaier Gletscher<\/a><\/td><td class=\"column-2\">Neustift<\/td><td class=\"column-3\">9,25 m<\/td>\n<\/tr>\n<tr class=\"row-8\">\n\t<td class=\"column-1\">Obertilliach\/Golzentipp<\/td><td class=\"column-2\">St. Lorenzen im Lesachtal \/ Maria Luggau<\/td><td class=\"column-3\">9,17 m<\/td>\n<\/tr>\n<tr class=\"row-9\">\n\t<td class=\"column-1\"><a href=\"https:\/\/www.snowtrex.cz\/rakousko\/heiligenblut\/lyzarske-stredisko.html\" target=\"_blank\" rel=\"noopener\">Gro\u00dfglockner-Heiligenblut<\/a><\/td><td class=\"column-2\">Heiligenblut \/ M\u00f6rtschach \/ D\u00f6llach \/ Winklern<\/td><td class=\"column-3\">8,84 m<\/td>\n<\/tr>\n<tr class=\"row-10\">\n\t<td class=\"column-1\"><a href=\"https:\/\/www.snowtrex.cz\/rakousko\/obergurgl_hochgurgl\/lyzarske-stredisko.html\" target=\"_blank\" rel=\"noopener\">Obergurgl\/Hochgurgl<\/a><\/td><td class=\"column-2\">Obergurgl \u2013 Hochgurgl<\/td><td class=\"column-3\">8,35 m<\/td>\n<\/tr>\n<tr class=\"row-11\">\n\t<td class=\"column-1\"><a href=\"https:\/\/www.snowtrex.cz\/rakousko\/uttendorf_ledovec_weisssee\/lyzarske-stredisko.html\" target=\"_blank\" rel=\"noopener\">Wei\u00dfsee Gletscherwelt<\/a><\/td><td class=\"column-2\">Uttendorf \u2013 Wei\u00dfsee Gletscher<\/td><td class=\"column-3\">8,16 m<\/td>\n<\/tr>\n<\/tbody>\n<\/table>\n<!-- #tablepress-42 from cache -->\n<p>Chcete v\u011bd\u011bt, kolik sn\u011bhu je v Rakousku v sou\u010dasn\u00e9 dob\u011b? SnowTrex zn\u00e1 <a href=\"https:\/\/www.snowtrex.cz\/rakousko\/pocasi.html\" target=\"_blank\" rel=\"noopener noreferrer\">aktu\u00e1ln\u00ed v\u00fd\u0161ku sn\u011bhu v Rakousku<\/a>.<\/p>\n<h2 id=\"faq-zur-schneestatistik-schweiz\" id=\"\u010casto-kladen\u00e9-ot\u00e1zky-o-statistik\u00e1ch-sn\u011bhu-v-rakousku\">\u010casto kladen\u00e9 ot\u00e1zky o statistik\u00e1ch sn\u011bhu v Rakousku<\/h2>\n<h3>Kolik sn\u011bhu napadne v Rakousku?<\/h3>\n<p>Zima 2022\/2023 byla jednou z nejm\u00e9n\u011b zasn\u011b\u017een\u00fdch za posledn\u00ed roky. P\u0159esto v jednom rakousk\u00e9m ly\u017ea\u0159sk\u00e9m st\u0159edisku napadlo v t\u00e9to sez\u00f3n\u011b t\u00e9m\u011b\u0159 10 metr\u016f \u010derstv\u00e9ho sn\u011bhu. Podle anal\u00fdzy spole\u010dnosti SnowTrex napadlo na ledovci Hintertux od za\u010d\u00e1tku z\u00e1\u0159\u00ed do poloviny dubna celkem 9,97 metru sn\u011bhu. V t\u011bsn\u00e9m z\u00e1v\u011bsu jsou ly\u017ea\u0159sk\u00e1 st\u0159ediska Flirsch, Svat\u00fd Anton a Kl\u00f6sterle v okol\u00ed Arlbergu s 9,93 metry. Posledn\u00ed m\u00edsto na stupn\u00edch v\u00edt\u011bz\u016f v oblasti \u010derstv\u00e9ho sn\u011bhu obsadil ledovec Dachstein s 9,31 metry.<\/p>\n<h3>Kde na sv\u011bt\u011b napadne nejv\u00edce sn\u011bhu?<\/h3>\n<p>Je to t\u011b\u017eko uv\u011b\u0159iteln\u00e9, ale historicky p\u0159ipad\u00e1 v Japonsk\u00fdch Alp\u00e1ch v pr\u016fm\u011bru 30 a\u017e 38 metr\u016f \u010derstv\u00e9ho sn\u011bhu ro\u010dn\u011b. D\u00edky tomu je oblast na z\u00e1pad\u011b hlavn\u00edho ostrova Hon\u0161\u00fa, kter\u00e1 je tak\u00e9 zn\u00e1m\u00e1 sv\u00fdm extr\u00e9mn\u00edm po\u010das\u00edm, nejzasn\u011b\u017een\u011bj\u0161\u00ed oblast\u00ed na sv\u011bt\u011b.<\/p>\n<h3>Jak\u00fd je historick\u00fd sn\u011bhov\u00fd rekord v Rakousku?<\/h3>\n<p>Meteorologick\u00e1 stanice observato\u0159e na vrcholu Hoher Sonnblick (3 106 m n. m.) v N\u00e1rodn\u00edm parku Vysok\u00e9 Taury zaznamen\u00e1v\u00e1 rakousk\u00e9 sn\u011bhov\u00e9 rekordy opakovan\u011b ji\u017e v\u00edce ne\u017e 135 let. Nap\u0159\u00edklad 9. kv\u011btna 1944 nam\u011b\u0159ila sn\u011bhov\u00e1 pokr\u00fdvka na t\u00e9to ho\u0159e neuv\u011b\u0159iteln\u00fdch 11,9 m! Hodnota, kter\u00e1 dodnes nebyla v cel\u00e9m Rakousku p\u0159ekon\u00e1na.<\/p>\n","protected":false},"excerpt":{"rendered":"<p>Rakousko je jednou z nejobl\u00edben\u011bj\u0161\u00edch destinac\u00ed pro milovn\u00edky zimn\u00edch sport\u016f, a to nejen kv\u016fli skv\u011bl\u00e9 rakousk\u00e9 kuchyni a jedine\u010dn\u00e9 pohostinnosti. Milovn\u00edci Rakouska se mohou t\u011b\u0161it tak\u00e9 na kr\u00e1snou horskou krajinu, \u00fatuln\u00e9 chaty v modern\u00edch ly\u017ea\u0159sk\u00fdch st\u0159edisc\u00edch a samoz\u0159ejm\u011b na vynikaj\u00edc\u00ed sn\u011bhov\u00e9 podm\u00ednky. Kde v\u0161ak v Rakousku napadne nejv\u00edce sn\u011bhu pro dokonal\u00e9 ly\u017ea\u0159sk\u00e9 radov\u00e1nky? Spole\u010dnost SnowTrex analyzovala sv\u00e9 meteorologick\u00e9 \u00fadaje a ukazuje, ve kter\u00fdch rakousk\u00fdch ly\u017ea\u0159sk\u00fdch st\u0159edisc\u00edch napadlo v zimn\u00ed sez\u00f3n\u011b 2022\/2023 ve \u0161pi\u010dk\u00e1ch celkem a\u017e 9,97 m sn\u011bhu.<\/p>\n","protected":false},"author":178,"featured_media":52732,"comment_status":"closed","ping_status":"closed","sticky":false,"template":"","format":"standard","meta":{"footnotes":""},"categories":[5],"tags":[90,190,46,95,49,25,27,524,350,59,364,34,435,36,437,102,438,38,355,510,476,40,41,383],"class_list":["post-37996","post","type-post","status-publish","format-standard","has-post-thumbnail","hentry","category-lyzarska-strediska","tag-bruck_am_grossglockner","tag-finkenberg","tag-flirsch","tag-fusch_am_grossglockner","tag-haus_im_ennstal","tag-hintertux","tag-kaprun","tag-pitztal","tag-rakousko","tag-ramsau_am_dachstein","tag-salcbursko","tag-schladming","tag-schladming-dachstein","tag-st-_anton","tag-st-_anton_am_arlberg","tag-st-_leonhard","tag-styrsko","tag-tux","tag-tyrolsko","tag-uttendorf_ledovec_weisssee","tag-wildkogel-arena","tag-zell_am_see","tag-zell_am_see-kaprun","tag-zillertal"],"yoast_head":"<!-- This site is optimized with the Yoast SEO Premium plugin v27.3 (Yoast SEO v27.3) - https:\/\/yoast.com\/product\/yoast-seo-premium-wordpress\/ -->\n<title>Sn\u011bhov\u00e9 statistiky Rakousko - Kde v Rakousku napadne nejv\u00edce sn\u011bhu?<\/title>\n<meta name=\"description\" content=\"Kde v Rakousku napadne nejv\u00edce sn\u011bhu? SnowTrex shrom\u00e1\u017edil ve\u0161ker\u00e9 informace o sn\u011bhov\u00fdch statistik\u00e1ch v rakousk\u00fdch ly\u017ea\u0159sk\u00fdch st\u0159edisc\u00edch.\" \/>\n<meta name=\"robots\" content=\"index, follow, max-snippet:-1, max-image-preview:large, max-video-preview:-1\" \/>\n<link rel=\"canonical\" href=\"https:\/\/www.snowtrex.cz\/magazin\/lyzarska-strediska\/snehove-statistiky-rakousko\/\" \/>\n<meta property=\"og:locale\" content=\"cs_CZ\" \/>\n<meta property=\"og:type\" content=\"article\" \/>\n<meta property=\"og:title\" content=\"Sn\u011bhov\u00e9 statistiky: Kde v Rakousku napadne nejv\u00edce sn\u011bhu?\" \/>\n<meta property=\"og:description\" content=\"Rakousko je jednou z nejobl\u00edben\u011bj\u0161\u00edch destinac\u00ed pro milovn\u00edky zimn\u00edch sport\u016f, a to nejen kv\u016fli skv\u011bl\u00e9 rakousk\u00e9 kuchyni a jedine\u010dn\u00e9 pohostinnosti. Milovn\u00edci Rakouska se mohou t\u011b\u0161it tak\u00e9 na kr\u00e1snou horskou krajinu, \u00fatuln\u00e9 chaty v modern\u00edch ly\u017ea\u0159sk\u00fdch st\u0159edisc\u00edch a samoz\u0159ejm\u011b na vynikaj\u00edc\u00ed sn\u011bhov\u00e9 podm\u00ednky. Kde v\u0161ak v Rakousku napadne nejv\u00edce sn\u011bhu pro dokonal\u00e9 ly\u017ea\u0159sk\u00e9 radov\u00e1nky? Spole\u010dnost SnowTrex analyzovala sv\u00e9 meteorologick\u00e9 \u00fadaje a ukazuje, ve kter\u00fdch rakousk\u00fdch ly\u017ea\u0159sk\u00fdch st\u0159edisc\u00edch napadlo v zimn\u00ed sez\u00f3n\u011b 2022\/2023 ve \u0161pi\u010dk\u00e1ch celkem a\u017e 9,97 m sn\u011bhu.\" \/>\n<meta property=\"og:url\" content=\"https:\/\/www.snowtrex.cz\/magazin\/lyzarska-strediska\/snehove-statistiky-rakousko\/\" \/>\n<meta property=\"og:site_name\" content=\"SnowTrex Ski-Magaz\u00edn\" \/>\n<meta property=\"article:publisher\" content=\"https:\/\/www.facebook.com\/snowtrex\" \/>\n<meta property=\"article:author\" content=\"https:\/\/www.facebook.com\/snowtrex\/\" \/>\n<meta property=\"article:published_time\" content=\"2024-11-18T12:52:38+00:00\" \/>\n<meta property=\"article:modified_time\" content=\"2025-06-26T13:10:49+00:00\" \/>\n<meta property=\"og:image\" content=\"https:\/\/www.snowtrex.cz\/magazin\/files\/2022\/02\/RS12430_SNOW4397-scr.jpg\" \/>\n\t<meta property=\"og:image:width\" content=\"1440\" \/>\n\t<meta property=\"og:image:height\" content=\"960\" \/>\n\t<meta property=\"og:image:type\" content=\"image\/jpeg\" \/>\n<meta name=\"author\" content=\"SnowTrex\" \/>\n<meta name=\"twitter:card\" content=\"summary_large_image\" \/>\n<meta name=\"twitter:label1\" content=\"Napsal(a)\" \/>\n\t<meta name=\"twitter:data1\" content=\"SnowTrex\" \/>\n\t<meta name=\"twitter:label2\" content=\"Odhadovan\u00e1 doba \u010dten\u00ed\" \/>\n\t<meta name=\"twitter:data2\" content=\"3 minuty\" \/>\n<script type=\"application\/ld+json\" class=\"yoast-schema-graph\">{\"@context\":\"https:\\\/\\\/schema.org\",\"@graph\":[{\"@type\":\"Article\",\"@id\":\"http:\\\/\\\/wp-magazin.snowtrex.cz\\\/lyzarska-strediska\\\/snehove-statistiky-rakousko\\\/#article\",\"isPartOf\":{\"@id\":\"http:\\\/\\\/wp-magazin.snowtrex.cz\\\/lyzarska-strediska\\\/snehove-statistiky-rakousko\\\/\"},\"author\":{\"name\":\"SnowTrex\",\"@id\":\"http:\\\/\\\/wp-magazin.snowtrex.cz\\\/#\\\/schema\\\/person\\\/ad1887a4d155ef6b5b8b4fc8990d92dd\"},\"headline\":\"Sn\u011bhov\u00e9 statistiky: Kde v Rakousku napadne nejv\u00edce sn\u011bhu?\",\"datePublished\":\"2024-11-18T12:52:38+00:00\",\"dateModified\":\"2025-06-26T13:10:49+00:00\",\"mainEntityOfPage\":{\"@id\":\"http:\\\/\\\/wp-magazin.snowtrex.cz\\\/lyzarska-strediska\\\/snehove-statistiky-rakousko\\\/\"},\"wordCount\":502,\"publisher\":{\"@id\":\"http:\\\/\\\/wp-magazin.snowtrex.cz\\\/#organization\"},\"image\":{\"@id\":\"http:\\\/\\\/wp-magazin.snowtrex.cz\\\/lyzarska-strediska\\\/snehove-statistiky-rakousko\\\/#primaryimage\"},\"thumbnailUrl\":\"http:\\\/\\\/wp-magazin.snowtrex.cz\\\/files\\\/2022\\\/02\\\/RS12430_SNOW4397-scr.jpg\",\"keywords\":[\"Bruck am Gro\u00dfglockner\",\"Finkenberg\",\"Flirsch\",\"Fusch am Gro\u00dfglockner\",\"Haus im Ennstal\",\"Hintertux\",\"Kaprun\",\"Pitztal\",\"Rakousko\",\"Ramsau am Dachstein\",\"Salcbursko\",\"Schladming\",\"Schladming Dachstein\",\"St. Anton\",\"St. Anton am Arlberg\",\"St. Leonhard\",\"\u0160t\u00fdrsko\",\"Tux\",\"Tyrolsko\",\"Uttendorf - ledovec Wei\u00dfsee\",\"Wildkogel-Arena\",\"Zell am See\",\"Zell am See-Kaprun\",\"Zillertal\"],\"articleSection\":[\"Z ly\u017ea\u0159sk\u00fdch st\u0159edisek\"],\"inLanguage\":\"cs\"},{\"@type\":\"WebPage\",\"@id\":\"http:\\\/\\\/wp-magazin.snowtrex.cz\\\/lyzarska-strediska\\\/snehove-statistiky-rakousko\\\/\",\"url\":\"http:\\\/\\\/wp-magazin.snowtrex.cz\\\/lyzarska-strediska\\\/snehove-statistiky-rakousko\\\/\",\"name\":\"Sn\u011bhov\u00e9 statistiky Rakousko - Kde v Rakousku napadne nejv\u00edce sn\u011bhu?\",\"primaryImageOfPage\":{\"@id\":\"http:\\\/\\\/wp-magazin.snowtrex.cz\\\/lyzarska-strediska\\\/snehove-statistiky-rakousko\\\/#primaryimage\"},\"image\":{\"@id\":\"http:\\\/\\\/wp-magazin.snowtrex.cz\\\/lyzarska-strediska\\\/snehove-statistiky-rakousko\\\/#primaryimage\"},\"thumbnailUrl\":\"http:\\\/\\\/wp-magazin.snowtrex.cz\\\/files\\\/2022\\\/02\\\/RS12430_SNOW4397-scr.jpg\",\"datePublished\":\"2024-11-18T12:52:38+00:00\",\"dateModified\":\"2025-06-26T13:10:49+00:00\",\"description\":\"Kde v Rakousku napadne nejv\u00edce sn\u011bhu? SnowTrex shrom\u00e1\u017edil ve\u0161ker\u00e9 informace o sn\u011bhov\u00fdch statistik\u00e1ch v rakousk\u00fdch ly\u017ea\u0159sk\u00fdch st\u0159edisc\u00edch.\",\"inLanguage\":\"cs\"},{\"@type\":\"ImageObject\",\"inLanguage\":\"cs\",\"@id\":\"http:\\\/\\\/wp-magazin.snowtrex.cz\\\/lyzarska-strediska\\\/snehove-statistiky-rakousko\\\/#primaryimage\",\"url\":\"http:\\\/\\\/wp-magazin.snowtrex.cz\\\/files\\\/2022\\\/02\\\/RS12430_SNOW4397-scr.jpg\",\"contentUrl\":\"http:\\\/\\\/wp-magazin.snowtrex.cz\\\/files\\\/2022\\\/02\\\/RS12430_SNOW4397-scr.jpg\",\"width\":1440,\"height\":960},{\"@type\":\"WebSite\",\"@id\":\"http:\\\/\\\/wp-magazin.snowtrex.cz\\\/#website\",\"url\":\"http:\\\/\\\/wp-magazin.snowtrex.cz\\\/\",\"name\":\"SnowTrex Ski-Magaz\u00edn\",\"description\":\"V\u0161e o ly\u017eov\u00e1n\u00ed, snowboardingu a zimn\u00ed dovolen\u00e9!\",\"publisher\":{\"@id\":\"http:\\\/\\\/wp-magazin.snowtrex.cz\\\/#organization\"},\"inLanguage\":\"cs\"},{\"@type\":\"Organization\",\"@id\":\"http:\\\/\\\/wp-magazin.snowtrex.cz\\\/#organization\",\"name\":\"TravelTrex GmbH\",\"url\":\"http:\\\/\\\/wp-magazin.snowtrex.cz\\\/\",\"logo\":{\"@type\":\"ImageObject\",\"inLanguage\":\"cs\",\"@id\":\"http:\\\/\\\/wp-magazin.snowtrex.cz\\\/#\\\/schema\\\/logo\\\/image\\\/\",\"url\":\"http:\\\/\\\/wp-magazin.snowtrex.cz\\\/files\\\/2025\\\/09\\\/TravelTrex-Logo_RGB_transp.png\",\"contentUrl\":\"http:\\\/\\\/wp-magazin.snowtrex.cz\\\/files\\\/2025\\\/09\\\/TravelTrex-Logo_RGB_transp.png\",\"width\":1080,\"height\":282,\"caption\":\"TravelTrex GmbH\"},\"image\":{\"@id\":\"http:\\\/\\\/wp-magazin.snowtrex.cz\\\/#\\\/schema\\\/logo\\\/image\\\/\"},\"sameAs\":[\"https:\\\/\\\/www.facebook.com\\\/snowtrex\",\"https:\\\/\\\/www.instagram.com\\\/snowtrex_ski\"],\"description\":\"Od roku 1999 je SnowTrex p\u0159edn\u00edm n\u011bmeck\u00fdm cestovn\u00edm kancel\u00e1\u0159\u00edm pro ly\u017ea\u0159sk\u00e9 dovolen\u00e9. Spole\u010dnost nab\u00edz\u00ed sv\u00e9 slu\u017eby ve 13 jazyc\u00edch a ka\u017edoro\u010dn\u011b doprav\u00ed v\u00edce ne\u017e 100 000 host\u016f do obl\u00edben\u00fdch destinac\u00ed, jako je Rakousko, Francie, It\u00e1lie, \u0160v\u00fdcarsko a N\u011bmecko.\",\"email\":\"info-cz@snowtrex.com\",\"telephone\":\"234 495 495\",\"legalName\":\"TravelTrex GmbH\",\"foundingDate\":\"1999-07-01\",\"vatID\":\"DE 813 076 768\",\"numberOfEmployees\":{\"@type\":\"QuantitativeValue\",\"minValue\":\"51\",\"maxValue\":\"200\"}},{\"@type\":\"Person\",\"@id\":\"http:\\\/\\\/wp-magazin.snowtrex.cz\\\/#\\\/schema\\\/person\\\/ad1887a4d155ef6b5b8b4fc8990d92dd\",\"name\":\"SnowTrex\",\"description\":\"Redakce \u010dasopisu SnowTrex sdru\u017euje zku\u0161en\u00e9 zimn\u00ed sportovce a cestovn\u00ed experty, kte\u0159\u00ed svou v\u00e1\u0161e\u0148 prom\u00edtaj\u00ed do fundovan\u00fdch \u010dl\u00e1nk\u016f o ly\u017ea\u0159sk\u00fdch st\u0159edisc\u00edch, vybaven\u00ed a cestovn\u00edch tipech. Od roku 1999 je SnowTrex p\u0159edn\u00edm n\u011bmeck\u00fdm cestovn\u00edm kancel\u00e1\u0159em pro ly\u017ea\u0159sk\u00e9 dovolen\u00e9. Spole\u010dnost nab\u00edz\u00ed sv\u00e9 slu\u017eby ve 13 jazyc\u00edch a ka\u017edoro\u010dn\u011b doprav\u00ed p\u0159es 100 000 host\u016f do obl\u00edben\u00fdch destinac\u00ed, jako je Rakousko, Francie, It\u00e1lie, \u0160v\u00fdcarsko a N\u011bmecko.\",\"sameAs\":[\"https:\\\/\\\/www.snowtrex.cz\\\/\",\"https:\\\/\\\/www.facebook.com\\\/snowtrex\\\/\",\"https:\\\/\\\/www.instagram.com\\\/snowtrex_ski\\\/\",\"https:\\\/\\\/www.youtube.com\\\/c\\\/SnowTrex\"]}]}<\/script>\n<!-- \/ Yoast SEO Premium plugin. -->","yoast_head_json":{"title":"Sn\u011bhov\u00e9 statistiky Rakousko - Kde v Rakousku napadne nejv\u00edce sn\u011bhu?","description":"Kde v Rakousku napadne nejv\u00edce sn\u011bhu? SnowTrex shrom\u00e1\u017edil ve\u0161ker\u00e9 informace o sn\u011bhov\u00fdch statistik\u00e1ch v rakousk\u00fdch ly\u017ea\u0159sk\u00fdch st\u0159edisc\u00edch.","robots":{"index":"index","follow":"follow","max-snippet":"max-snippet:-1","max-image-preview":"max-image-preview:large","max-video-preview":"max-video-preview:-1"},"canonical":"https:\/\/www.snowtrex.cz\/magazin\/lyzarska-strediska\/snehove-statistiky-rakousko\/","og_locale":"cs_CZ","og_type":"article","og_title":"Sn\u011bhov\u00e9 statistiky: Kde v Rakousku napadne nejv\u00edce sn\u011bhu?","og_description":"Rakousko je jednou z nejobl\u00edben\u011bj\u0161\u00edch destinac\u00ed pro milovn\u00edky zimn\u00edch sport\u016f, a to nejen kv\u016fli skv\u011bl\u00e9 rakousk\u00e9 kuchyni a jedine\u010dn\u00e9 pohostinnosti. Milovn\u00edci Rakouska se mohou t\u011b\u0161it tak\u00e9 na kr\u00e1snou horskou krajinu, \u00fatuln\u00e9 chaty v modern\u00edch ly\u017ea\u0159sk\u00fdch st\u0159edisc\u00edch a samoz\u0159ejm\u011b na vynikaj\u00edc\u00ed sn\u011bhov\u00e9 podm\u00ednky. Kde v\u0161ak v Rakousku napadne nejv\u00edce sn\u011bhu pro dokonal\u00e9 ly\u017ea\u0159sk\u00e9 radov\u00e1nky? Spole\u010dnost SnowTrex analyzovala sv\u00e9 meteorologick\u00e9 \u00fadaje a ukazuje, ve kter\u00fdch rakousk\u00fdch ly\u017ea\u0159sk\u00fdch st\u0159edisc\u00edch napadlo v zimn\u00ed sez\u00f3n\u011b 2022\/2023 ve \u0161pi\u010dk\u00e1ch celkem a\u017e 9,97 m sn\u011bhu.","og_url":"https:\/\/www.snowtrex.cz\/magazin\/lyzarska-strediska\/snehove-statistiky-rakousko\/","og_site_name":"SnowTrex Ski-Magaz\u00edn","article_publisher":"https:\/\/www.facebook.com\/snowtrex","article_author":"https:\/\/www.facebook.com\/snowtrex\/","article_published_time":"2024-11-18T12:52:38+00:00","article_modified_time":"2025-06-26T13:10:49+00:00","og_image":[{"width":1440,"height":960,"url":"https:\/\/www.snowtrex.cz\/magazin\/files\/2022\/02\/RS12430_SNOW4397-scr.jpg","type":"image\/jpeg"}],"author":"SnowTrex","twitter_card":"summary_large_image","twitter_misc":{"Napsal(a)":"SnowTrex","Odhadovan\u00e1 doba \u010dten\u00ed":"3 minuty"},"schema":{"@context":"https:\/\/schema.org","@graph":[{"@type":"Article","@id":"https:\/\/www.snowtrex.cz\/magazin\/lyzarska-strediska\/snehove-statistiky-rakousko\/#article","isPartOf":{"@id":"https:\/\/www.snowtrex.cz\/magazin\/lyzarska-strediska\/snehove-statistiky-rakousko\/"},"author":{"name":"SnowTrex","@id":"https:\/\/www.snowtrex.cz\/magazin\/#\/schema\/person\/ad1887a4d155ef6b5b8b4fc8990d92dd"},"headline":"Sn\u011bhov\u00e9 statistiky: Kde v Rakousku napadne nejv\u00edce sn\u011bhu?","datePublished":"2024-11-18T12:52:38+00:00","dateModified":"2025-06-26T13:10:49+00:00","mainEntityOfPage":{"@id":"https:\/\/www.snowtrex.cz\/magazin\/lyzarska-strediska\/snehove-statistiky-rakousko\/"},"wordCount":502,"publisher":{"@id":"https:\/\/www.snowtrex.cz\/magazin\/#organization"},"image":{"@id":"https:\/\/www.snowtrex.cz\/magazin\/lyzarska-strediska\/snehove-statistiky-rakousko\/#primaryimage"},"thumbnailUrl":"https:\/\/www.snowtrex.cz\/magazin\/files\/2022\/02\/RS12430_SNOW4397-scr.jpg","keywords":["Bruck am Gro\u00dfglockner","Finkenberg","Flirsch","Fusch am Gro\u00dfglockner","Haus im Ennstal","Hintertux","Kaprun","Pitztal","Rakousko","Ramsau am Dachstein","Salcbursko","Schladming","Schladming Dachstein","St. Anton","St. Anton am Arlberg","St. Leonhard","\u0160t\u00fdrsko","Tux","Tyrolsko","Uttendorf - ledovec Wei\u00dfsee","Wildkogel-Arena","Zell am See","Zell am See-Kaprun","Zillertal"],"articleSection":["Z ly\u017ea\u0159sk\u00fdch st\u0159edisek"],"inLanguage":"cs"},{"@type":"WebPage","@id":"https:\/\/www.snowtrex.cz\/magazin\/lyzarska-strediska\/snehove-statistiky-rakousko\/","url":"https:\/\/www.snowtrex.cz\/magazin\/lyzarska-strediska\/snehove-statistiky-rakousko\/","name":"Sn\u011bhov\u00e9 statistiky Rakousko - Kde v Rakousku napadne nejv\u00edce sn\u011bhu?","primaryImageOfPage":{"@id":"https:\/\/www.snowtrex.cz\/magazin\/lyzarska-strediska\/snehove-statistiky-rakousko\/#primaryimage"},"image":{"@id":"https:\/\/www.snowtrex.cz\/magazin\/lyzarska-strediska\/snehove-statistiky-rakousko\/#primaryimage"},"thumbnailUrl":"https:\/\/www.snowtrex.cz\/magazin\/files\/2022\/02\/RS12430_SNOW4397-scr.jpg","datePublished":"2024-11-18T12:52:38+00:00","dateModified":"2025-06-26T13:10:49+00:00","description":"Kde v Rakousku napadne nejv\u00edce sn\u011bhu? SnowTrex shrom\u00e1\u017edil ve\u0161ker\u00e9 informace o sn\u011bhov\u00fdch statistik\u00e1ch v rakousk\u00fdch ly\u017ea\u0159sk\u00fdch st\u0159edisc\u00edch.","inLanguage":"cs"},{"@type":"ImageObject","inLanguage":"cs","@id":"https:\/\/www.snowtrex.cz\/magazin\/lyzarska-strediska\/snehove-statistiky-rakousko\/#primaryimage","url":"https:\/\/www.snowtrex.cz\/magazin\/files\/2022\/02\/RS12430_SNOW4397-scr.jpg","contentUrl":"https:\/\/www.snowtrex.cz\/magazin\/files\/2022\/02\/RS12430_SNOW4397-scr.jpg","width":1440,"height":960},{"@type":"WebSite","@id":"https:\/\/www.snowtrex.cz\/magazin\/#website","url":"https:\/\/www.snowtrex.cz\/magazin\/","name":"SnowTrex Ski-Magaz\u00edn","description":"V\u0161e o ly\u017eov\u00e1n\u00ed, snowboardingu a zimn\u00ed dovolen\u00e9!","publisher":{"@id":"https:\/\/www.snowtrex.cz\/magazin\/#organization"},"inLanguage":"cs"},{"@type":"Organization","@id":"https:\/\/www.snowtrex.cz\/magazin\/#organization","name":"TravelTrex GmbH","url":"https:\/\/www.snowtrex.cz\/magazin\/","logo":{"@type":"ImageObject","inLanguage":"cs","@id":"https:\/\/www.snowtrex.cz\/magazin\/#\/schema\/logo\/image\/","url":"https:\/\/www.snowtrex.cz\/magazin\/files\/2025\/09\/TravelTrex-Logo_RGB_transp.png","contentUrl":"https:\/\/www.snowtrex.cz\/magazin\/files\/2025\/09\/TravelTrex-Logo_RGB_transp.png","width":1080,"height":282,"caption":"TravelTrex GmbH"},"image":{"@id":"https:\/\/www.snowtrex.cz\/magazin\/#\/schema\/logo\/image\/"},"sameAs":["https:\/\/www.facebook.com\/snowtrex","https:\/\/www.instagram.com\/snowtrex_ski"],"description":"Od roku 1999 je SnowTrex p\u0159edn\u00edm n\u011bmeck\u00fdm cestovn\u00edm kancel\u00e1\u0159\u00edm pro ly\u017ea\u0159sk\u00e9 dovolen\u00e9. Spole\u010dnost nab\u00edz\u00ed sv\u00e9 slu\u017eby ve 13 jazyc\u00edch a ka\u017edoro\u010dn\u011b doprav\u00ed v\u00edce ne\u017e 100 000 host\u016f do obl\u00edben\u00fdch destinac\u00ed, jako je Rakousko, Francie, It\u00e1lie, \u0160v\u00fdcarsko a N\u011bmecko.","email":"info-cz@snowtrex.com","telephone":"234 495 495","legalName":"TravelTrex GmbH","foundingDate":"1999-07-01","vatID":"DE 813 076 768","numberOfEmployees":{"@type":"QuantitativeValue","minValue":"51","maxValue":"200"}},{"@type":"Person","@id":"https:\/\/www.snowtrex.cz\/magazin\/#\/schema\/person\/ad1887a4d155ef6b5b8b4fc8990d92dd","name":"SnowTrex","description":"Redakce \u010dasopisu SnowTrex sdru\u017euje zku\u0161en\u00e9 zimn\u00ed sportovce a cestovn\u00ed experty, kte\u0159\u00ed svou v\u00e1\u0161e\u0148 prom\u00edtaj\u00ed do fundovan\u00fdch \u010dl\u00e1nk\u016f o ly\u017ea\u0159sk\u00fdch st\u0159edisc\u00edch, vybaven\u00ed a cestovn\u00edch tipech. Od roku 1999 je SnowTrex p\u0159edn\u00edm n\u011bmeck\u00fdm cestovn\u00edm kancel\u00e1\u0159em pro ly\u017ea\u0159sk\u00e9 dovolen\u00e9. Spole\u010dnost nab\u00edz\u00ed sv\u00e9 slu\u017eby ve 13 jazyc\u00edch a ka\u017edoro\u010dn\u011b doprav\u00ed p\u0159es 100 000 host\u016f do obl\u00edben\u00fdch destinac\u00ed, jako je Rakousko, Francie, It\u00e1lie, \u0160v\u00fdcarsko a N\u011bmecko.","sameAs":["https:\/\/www.snowtrex.cz\/","https:\/\/www.facebook.com\/snowtrex\/","https:\/\/www.instagram.com\/snowtrex_ski\/","https:\/\/www.youtube.com\/c\/SnowTrex"]}]}},"wp-worthy-pixel":{"ignored":false,"public":null,"server":null,"url":null},"wp-worthy-type":"normal","_links":{"self":[{"href":"https:\/\/www.snowtrex.cz\/magazin\/wp-json\/wp\/v2\/posts\/37996","targetHints":{"allow":["GET"]}}],"collection":[{"href":"https:\/\/www.snowtrex.cz\/magazin\/wp-json\/wp\/v2\/posts"}],"about":[{"href":"https:\/\/www.snowtrex.cz\/magazin\/wp-json\/wp\/v2\/types\/post"}],"author":[{"embeddable":true,"href":"https:\/\/www.snowtrex.cz\/magazin\/wp-json\/wp\/v2\/users\/178"}],"replies":[{"embeddable":true,"href":"https:\/\/www.snowtrex.cz\/magazin\/wp-json\/wp\/v2\/comments?post=37996"}],"version-history":[{"count":5,"href":"https:\/\/www.snowtrex.cz\/magazin\/wp-json\/wp\/v2\/posts\/37996\/revisions"}],"predecessor-version":[{"id":52982,"href":"https:\/\/www.snowtrex.cz\/magazin\/wp-json\/wp\/v2\/posts\/37996\/revisions\/52982"}],"wp:featuredmedia":[{"embeddable":true,"href":"https:\/\/www.snowtrex.cz\/magazin\/wp-json\/wp\/v2\/media\/52732"}],"wp:attachment":[{"href":"https:\/\/www.snowtrex.cz\/magazin\/wp-json\/wp\/v2\/media?parent=37996"}],"wp:term":[{"taxonomy":"category","embeddable":true,"href":"https:\/\/www.snowtrex.cz\/magazin\/wp-json\/wp\/v2\/categories?post=37996"},{"taxonomy":"post_tag","embeddable":true,"href":"https:\/\/www.snowtrex.cz\/magazin\/wp-json\/wp\/v2\/tags?post=37996"}],"curies":[{"name":"wp","href":"https:\/\/api.w.org\/{rel}","templated":true}]}}