{"id":32337,"date":"2025-01-16T11:58:36","date_gmt":"2025-01-16T10:58:36","guid":{"rendered":"https:\/\/www.snowtrex.de\/magazin\/?p=32337"},"modified":"2025-06-26T15:09:38","modified_gmt":"2025-06-26T13:09:38","slug":"sezonni-prace-v-lyzarske-oblasti","status":"publish","type":"post","link":"https:\/\/www.snowtrex.cz\/magazin\/rozhovory-reportaze\/sezonni-prace-v-lyzarske-oblasti\/","title":{"rendered":"Pr\u00e1ce v hor\u00e1ch: Sez\u00f3nn\u00ed pr\u00e1ce v ly\u017ea\u0159sk\u00e9m are\u00e1lu"},"content":{"rendered":"<p><strong>T\u00fddenn\u00ed ly\u017ea\u0159sk\u00e1 dovolen\u00e1 v hor\u00e1ch? Pro n\u011bkter\u00e9 lidi p\u0159\u00edli\u0161 kr\u00e1tk\u00e1 doba. N\u011bkte\u0159\u00ed milovn\u00edci hor by rad\u011bji str\u00e1vili na hor\u00e1ch a na sn\u011bhu celou zimn\u00ed sez\u00f3nu. Ale jak to lze financovat? Spole\u010dnost <a href=\"https:\/\/www.snowtrex.cz\/\" target=\"_blank\" rel=\"noopener\">SnowTrex<\/a> nab\u00edz\u00ed r\u016fzn\u00e9 mo\u017enosti sez\u00f3nn\u00ed pr\u00e1ce v ly\u017ea\u0159sk\u00e9m are\u00e1lu. Umo\u017en\u00ed v\u00e1m u\u017e\u00edvat si hor po celou zimu, ani\u017e byste museli sed\u011bt na suchu.<\/strong><\/p>\n<div class=\"tt-post-image-wrapper tt-post-image-wrapper-full\">\n            <div class=\"tt-image-copyright-container\">\n                <a href=\"https:\/\/www.snowtrex.cz\/magazin\/files\/2022\/07\/RS5347_shutterstock_578927944-hsc.jpg\" target=\"_blank\" rel=\"noopener\"><img loading=\"lazy\" decoding=\"async\" data-wrapped=\"true\" class=\"wp-image-53683 size-Artikelbild_gro\u00df\" title=\"Sez\u00f3nn\u00ed pr\u00e1ce v ly\u017ea\u0159sk\u00e9m are\u00e1lu - skv\u011bl\u00fd zp\u016fsob, jak si u\u017e\u00edt hory po celou sez\u00f3nu!\" src=\"https:\/\/www.snowtrex.cz\/magazin\/files\/2022\/07\/RS5347_shutterstock_578927944-hsc-729x486.jpg\" alt=\"Sez\u00f3nn\u00ed pr\u00e1ce v ly\u017ea\u0159sk\u00e9m are\u00e1lu - skv\u011bl\u00fd zp\u016fsob, jak si u\u017e\u00edt hory po celou sez\u00f3nu!\" width=\"729\" height=\"486\" srcset=\"https:\/\/www.snowtrex.cz\/magazin\/files\/2022\/07\/RS5347_shutterstock_578927944-hsc-729x486.jpg 729w, https:\/\/www.snowtrex.cz\/magazin\/files\/2022\/07\/RS5347_shutterstock_578927944-hsc-290x194.jpg 290w, https:\/\/www.snowtrex.cz\/magazin\/files\/2022\/07\/RS5347_shutterstock_578927944-hsc-728x486.jpg 728w, https:\/\/www.snowtrex.cz\/magazin\/files\/2022\/07\/RS5347_shutterstock_578927944-hsc-768x513.jpg 768w, https:\/\/www.snowtrex.cz\/magazin\/files\/2022\/07\/RS5347_shutterstock_578927944-hsc-1536x1026.jpg 1536w, https:\/\/www.snowtrex.cz\/magazin\/files\/2022\/07\/RS5347_shutterstock_578927944-hsc-468x312.jpg 468w, https:\/\/www.snowtrex.cz\/magazin\/files\/2022\/07\/RS5347_shutterstock_578927944-hsc-300x200.jpg 300w, https:\/\/www.snowtrex.cz\/magazin\/files\/2022\/07\/RS5347_shutterstock_578927944-hsc-999x666.jpg 999w, https:\/\/www.snowtrex.cz\/magazin\/files\/2022\/07\/RS5347_shutterstock_578927944-hsc-645x430.jpg 645w, https:\/\/www.snowtrex.cz\/magazin\/files\/2022\/07\/RS5347_shutterstock_578927944-hsc-552x368.jpg 552w, https:\/\/www.snowtrex.cz\/magazin\/files\/2022\/07\/RS5347_shutterstock_578927944-hsc-405x270.jpg 405w, https:\/\/www.snowtrex.cz\/magazin\/files\/2022\/07\/RS5347_shutterstock_578927944-hsc-336x224.jpg 336w, https:\/\/www.snowtrex.cz\/magazin\/files\/2022\/07\/RS5347_shutterstock_578927944-hsc-276x184.jpg 276w, https:\/\/www.snowtrex.cz\/magazin\/files\/2022\/07\/RS5347_shutterstock_578927944-hsc-234x156.jpg 234w, https:\/\/www.snowtrex.cz\/magazin\/files\/2022\/07\/RS5347_shutterstock_578927944-hsc-192x128.jpg 192w, https:\/\/www.snowtrex.cz\/magazin\/files\/2022\/07\/RS5347_shutterstock_578927944-hsc-120x80.jpg 120w, https:\/\/www.snowtrex.cz\/magazin\/files\/2022\/07\/RS5347_shutterstock_578927944-hsc-774x516.jpg 774w, https:\/\/www.snowtrex.cz\/magazin\/files\/2022\/07\/RS5347_shutterstock_578927944-hsc-1x1.jpg 1w, https:\/\/www.snowtrex.cz\/magazin\/files\/2022\/07\/RS5347_shutterstock_578927944-hsc.jpg 1920w\" sizes=\"(min-width: 1009px) 729px, (min-width: 819px) 594px, (min-width: 569px) 729px, (min-width: 449px) 468px, 348px\" \/><\/a><div class=\"tt-image-copyright\" data-image-id=\"53683\">\u00a9 gpointstudio\/shutterstock.de<\/div>\n            <\/div>\n            <div class=\"tt-post-caption\">Sez\u00f3nn\u00ed pr\u00e1ce v ly\u017ea\u0159sk\u00e9m are\u00e1lu &#8211; skv\u011bl\u00fd zp\u016fsob, jak si u\u017e\u00edt hory po celou sez\u00f3nu!<\/div>\n         <\/div > \n<div class=\"tt-table-of-content\">\n                <span class=\"tt-icon-circle-up tt-table-of-content-button\"><\/span><\/p>\n<div class=\"tt-table-of-content-caption\">\n                    Obsah\n                <\/div>\n<div class=\"tt-table-of-content-body\">\n                    <a href=\"#\u010c\u00ed\u0161n\u00edkserv\u00edrka\"><span class=\"layer-0\">\u010c\u00ed\u0161n\u00edk\/serv\u00edrka<\/span><\/a><a href=\"#pe\u010dovatel-o-d\u011bti\"><span class=\"layer-0\">Pe\u010dovatel o d\u011bti<\/span><\/a><a href=\"#hl\u00edda\u010d\"><span class=\"layer-0\">Hl\u00edda\u010d<\/span><\/a><a href=\"#ukl\u00edze\u010d\"><span class=\"layer-0\">Ukl\u00edze\u010d<\/span><\/a><a href=\"#anim\u00e1tor\"><span class=\"layer-0\">Anim\u00e1tor<\/span><\/a><a href=\"#pomoc-v-kuchyni\"><span class=\"layer-0\">Pomoc v kuchyni<\/span><\/a><a href=\"#recep\u010dn\u00ed\"><span class=\"layer-0\">Recep\u010dn\u00ed<\/span><\/a>\n                 <\/div>\n<\/p><\/div>\n<hr>\n<h2 id=\"\u010c\u00ed\u0161n\u00edkserv\u00edrka\">\u010c\u00ed\u0161n\u00edk\/serv\u00edrka<\/h2>\n<p>Klasickou sez\u00f3nn\u00ed prac\u00ed je pr\u00e1ce v gastronomii: v ly\u017ea\u0159sk\u00fdch st\u0159edisc\u00edch to znamen\u00e1 pr\u00e1ci \u010d\u00ed\u0161n\u00edka nebo serv\u00edrky &#8211; bu\u010f na hor\u00e1ch, nebo dole v \u00fadol\u00ed. Abyste odvedli dobrou pr\u00e1ci, mus\u00edte um\u011bt pracovat pod tlakem a sn\u00e1\u0161et stres. Odm\u011bna je v\u0161ak o to v\u011bt\u0161\u00ed, kdy\u017e m\u016f\u017eete t\u00e9m\u011b\u0159 ka\u017ed\u00fd den vyrazit na sjezdovku. D\u016fle\u017eit\u00e9 je, aby tomu byla p\u0159izp\u016fsobena pracovn\u00ed doba, a to bu\u010f dopoledne\/r\u00e1no &#8211; nap\u0159\u00edklad jako sn\u00edda\u0148ov\u00fd \u010d\u00ed\u0161n\u00edk &#8211; nebo odpoledne\/ve\u010der.<\/p>\n<h2 id=\"pe\u010dovatel-o-d\u011bti\">Pe\u010dovatel o d\u011bti<\/h2>\n<p>Mnoho hotel\u016f v ly\u017ea\u0159sk\u00fdch st\u0159edisc\u00edch se dnes specializuje tak\u00e9 <a href=\"https:\/\/www.snowtrex.cz\/svet-zajezdu\/hlidani-deti.html\" target=\"_blank\" rel=\"noopener noreferrer\">na rekreanty s d\u011btmi<\/a>. To naopak znamen\u00e1, \u017ee i o ty nejmen\u0161\u00ed je t\u0159eba se postarat a zabavit je, kdy\u017e si maminka s tat\u00ednkem cht\u011bj\u00ed po celodenn\u00edm ly\u017eov\u00e1n\u00ed dop\u0159\u00e1t wellness. Pokud jste tedy odoln\u00ed v\u016f\u010di stresu, pokud jde o d\u011btsk\u00fd hluk, je takov\u00e1 sez\u00f3nn\u00ed pr\u00e1ce vhodn\u00e1 i pro v\u00e1s. Dobr\u00e9 je, \u017ee hl\u00edda\u010di d\u011bt\u00ed jsou pot\u0159eba hlavn\u011b odpoledne, kdy\u017e skon\u010d\u00ed ly\u017ea\u0159sk\u00fd den. Z\u016fst\u00e1v\u00e1 tak dostatek \u010dasu na rann\u00ed sj\u00ed\u017ed\u011bn\u00ed sjezdovek.<\/p>\n<h2 id=\"hl\u00edda\u010d\">Hl\u00edda\u010d<\/h2>\n<p>Zejm\u00e9na mal\u00e9 rekrea\u010dn\u00ed domy je t\u0159eba v sez\u00f3n\u011b n\u00e1le\u017eit\u011b spravovat. To zahrnuje nap\u0159\u00edklad p\u00e9\u010di o hosty, lehk\u00e9 odkl\u00edzen\u00ed sn\u011bhu, \u00faklid nebo drobn\u00e9 \u00fadr\u017eb\u00e1\u0159sk\u00e9 pr\u00e1ce. Skv\u011bl\u00e1 sez\u00f3nn\u00ed pr\u00e1ce, p\u0159i kter\u00e9 pozn\u00e1te nov\u00e9 lidi a budete pracovat v centru ly\u017ea\u0159sk\u00e9ho st\u0159ediska! Nav\u00edc se nejedn\u00e1 o 24hodinovou p\u00e9\u010di, tak\u017ee si m\u016f\u017eete kdykoli nasadit ly\u017ee.<\/p>\n<h2 id=\"ukl\u00edze\u010d\">Ukl\u00edze\u010d<\/h2>\n<p>Mo\u017en\u00e1 to nen\u00ed nejobl\u00edben\u011bj\u0161\u00ed pr\u00e1ce v ly\u017ea\u0159sk\u00e9m st\u0159edisku, ale co byste neud\u011blali pro to, abyste mohli \u017e\u00edt na hor\u00e1ch celou sez\u00f3nu? A pokud jste z\u00e1rove\u0148 ukl\u00edze\u010dem v hotelu, m\u016f\u017eete m\u00edt stravu a ubytov\u00e1n\u00ed dokonce zdarma. V souladu s t\u00edm byste se nem\u011bli nechat odradit t\u00edmto term\u00ednem, kdy\u017e uvid\u00edte inzer\u00e1t na pr\u00e1ci &#8211; v\u017edy\u0165 tam jsou gumov\u00e9 rukavice!<\/p>\n<h2 id=\"anim\u00e1tor\">Anim\u00e1tor<\/h2>\n<p>Jako anim\u00e1tor mus\u00edte m\u00edt tak\u00e9 v\u00fddr\u017e, odolnost v\u016f\u010di stresu a velk\u00e9 nasazen\u00ed. \u00dakoly se pln\u00ed jak na sjezdovce, tak mimo ni. V souladu s t\u00edm mus\u00edte b\u00fdt p\u0159ipraveni prozkoumat ly\u017ea\u0159sk\u00e9 st\u0159edisko s hordou rekreant\u016f. To v\u0161ak m\u016f\u017ee b\u00fdt skv\u011bl\u00e1 z\u00e1bava a je to mo\u017en\u00e1 je\u0161t\u011b p\u0159\u00edjemn\u011bj\u0161\u00ed ne\u017e d\u011blat oblouky na sn\u011bhu s\u00e1m. Chcete si ve\u010der odpo\u010dinout? To u t\u00e9to pr\u00e1ce obvykle nehroz\u00ed. I tehdy se host\u00e9 p\u0159\u00edslu\u0161n\u00e9ho ubytovac\u00edho za\u0159\u00edzen\u00ed cht\u011bj\u00ed bavit, tak\u017ee kreativita a spole\u010denskost jsou velmi d\u016fle\u017eit\u00e9 i p\u0159i t\u00e9to sez\u00f3nn\u00ed pr\u00e1ci.<\/p>\n<div class=\"tt-post-image-wrapper tt-post-image-wrapper-full\">\n            <div class=\"tt-image-copyright-container\">\n                <a href=\"https:\/\/www.snowtrex.cz\/magazin\/files\/2022\/07\/RS15670_shutterstock_248134900-scr.jpg\" target=\"_blank\" rel=\"noopener\"><img loading=\"lazy\" decoding=\"async\" data-wrapped=\"true\" class=\"wp-image-53684 size-Artikelbild_gro\u00df\" title=\"Mnoho rekreant\u016f ocen\u00ed z\u00e1bavnou z\u00e1bavu i mimo sjezdovky\" src=\"https:\/\/www.snowtrex.cz\/magazin\/files\/2022\/07\/RS15670_shutterstock_248134900-scr-729x486.jpg\" alt=\"Mnoho rekreant\u016f ocen\u00ed z\u00e1bavnou z\u00e1bavu i mimo sjezdovky\" width=\"729\" height=\"486\" srcset=\"https:\/\/www.snowtrex.cz\/magazin\/files\/2022\/07\/RS15670_shutterstock_248134900-scr-729x486.jpg 729w, https:\/\/www.snowtrex.cz\/magazin\/files\/2022\/07\/RS15670_shutterstock_248134900-scr-290x194.jpg 290w, https:\/\/www.snowtrex.cz\/magazin\/files\/2022\/07\/RS15670_shutterstock_248134900-scr-728x486.jpg 728w, https:\/\/www.snowtrex.cz\/magazin\/files\/2022\/07\/RS15670_shutterstock_248134900-scr-768x513.jpg 768w, https:\/\/www.snowtrex.cz\/magazin\/files\/2022\/07\/RS15670_shutterstock_248134900-scr-468x312.jpg 468w, https:\/\/www.snowtrex.cz\/magazin\/files\/2022\/07\/RS15670_shutterstock_248134900-scr-300x200.jpg 300w, https:\/\/www.snowtrex.cz\/magazin\/files\/2022\/07\/RS15670_shutterstock_248134900-scr-999x666.jpg 999w, https:\/\/www.snowtrex.cz\/magazin\/files\/2022\/07\/RS15670_shutterstock_248134900-scr-645x430.jpg 645w, https:\/\/www.snowtrex.cz\/magazin\/files\/2022\/07\/RS15670_shutterstock_248134900-scr-552x368.jpg 552w, https:\/\/www.snowtrex.cz\/magazin\/files\/2022\/07\/RS15670_shutterstock_248134900-scr-405x270.jpg 405w, https:\/\/www.snowtrex.cz\/magazin\/files\/2022\/07\/RS15670_shutterstock_248134900-scr-336x224.jpg 336w, https:\/\/www.snowtrex.cz\/magazin\/files\/2022\/07\/RS15670_shutterstock_248134900-scr-276x184.jpg 276w, https:\/\/www.snowtrex.cz\/magazin\/files\/2022\/07\/RS15670_shutterstock_248134900-scr-234x156.jpg 234w, https:\/\/www.snowtrex.cz\/magazin\/files\/2022\/07\/RS15670_shutterstock_248134900-scr-192x128.jpg 192w, https:\/\/www.snowtrex.cz\/magazin\/files\/2022\/07\/RS15670_shutterstock_248134900-scr-120x80.jpg 120w, https:\/\/www.snowtrex.cz\/magazin\/files\/2022\/07\/RS15670_shutterstock_248134900-scr-774x516.jpg 774w, https:\/\/www.snowtrex.cz\/magazin\/files\/2022\/07\/RS15670_shutterstock_248134900-scr-1x1.jpg 1w, https:\/\/www.snowtrex.cz\/magazin\/files\/2022\/07\/RS15670_shutterstock_248134900-scr.jpg 1440w\" sizes=\"(min-width: 1009px) 729px, (min-width: 819px) 594px, (min-width: 569px) 729px, (min-width: 449px) 468px, 348px\" \/><\/a><div class=\"tt-image-copyright\" data-image-id=\"53684\">\u00a9 Syda Productions\/shutterstock.de<\/div>\n            <\/div>\n            <div class=\"tt-post-caption\">Mnoho rekreant\u016f ocen\u00ed z\u00e1bavnou z\u00e1bavu i mimo sjezdovky<\/div>\n         <\/div > \n<h2 id=\"pomoc-v-kuchyni\">Pomoc v kuchyni<\/h2>\n<p>Stejn\u011b jako v p\u0159\u00edpad\u011b \u010d\u00ed\u0161n\u00edk\u016f nebo obsluhy baru byste si i p\u0159i pr\u00e1ci pomocn\u00edka v kuchyni b\u011bhem sez\u00f3ny m\u011bli d\u00e1t pozor &#8211; pokud mo\u017eno &#8211; aby v\u00e1m nezabrala cel\u00fd den. V ide\u00e1ln\u00edm p\u0159\u00edpad\u011b byste tedy m\u011bli m\u00edt mo\u017enost si r\u00e1no nebo odpoledne p\u0159ed odchodem do kuchyn\u011b nebo po skon\u010den\u00ed poledn\u00edho podniku ud\u011blat p\u00e1r \u0161vih\u016f. Zejm\u00e9na pokud jde o pr\u00e1ci v cateringu, nem\u011bla by v\u0161ak b\u00fdt o\u010dek\u00e1v\u00e1n\u00ed ohledn\u011b p\u0159\u00edli\u0161 velk\u00e9ho mno\u017estv\u00ed voln\u00e9ho \u010dasu nastavena p\u0159\u00edli\u0161 vysoko, zejm\u00e9na v sez\u00f3n\u011b. Koneckonc\u016f ly\u017eov\u00e1n\u00ed zp\u016fsobuje hlad a ten se zase projevuje v kuchyn\u00edch chat a hotel\u016f v ly\u017ea\u0159sk\u00fdch st\u0159edisc\u00edch. Ide\u00e1ln\u00ed je v\u0161ak naj\u00edt si pr\u00e1ci, kde je strava a ubytov\u00e1n\u00ed zdarma.<\/p>\n<h2 id=\"recep\u010dn\u00ed\">Recep\u010dn\u00ed<\/h2>\n<p>Na stravov\u00e1n\u00ed a ubytov\u00e1n\u00ed m\u016f\u017eete \u010dasto u\u0161et\u0159it p\u0159i zimn\u00ed pr\u00e1ci recep\u010dn\u00edho. Tato sez\u00f3nn\u00ed pr\u00e1ce vy\u017eaduje p\u0159\u00e1telsk\u00e9 a otev\u0159en\u00e9 chov\u00e1n\u00ed &#8211; i k nep\u0159\u00edli\u0161 mil\u00fdm rekreant\u016fm. P\u0159esto\u017ee pracovn\u00ed doba zde prob\u00edh\u00e1 p\u0159ev\u00e1\u017en\u011b p\u0159es den, \u010dasto se jedn\u00e1 o sm\u011bny, kter\u00e9 lze ob\u010das spojit s n\u011bkolika sjezdy v ly\u017ea\u0159sk\u00e9m are\u00e1lu. N\u011bkte\u0159\u00ed poskytovatel\u00e9 ubytov\u00e1n\u00ed hledaj\u00ed pro sez\u00f3nn\u00ed pr\u00e1ci tak\u00e9 no\u010dn\u00ed nosi\u010de. P\u0159i t\u00e9to pr\u00e1ci p\u0159ich\u00e1z\u00ed v \u00favahu n\u011bkolik sjezd\u016f v odpoledn\u00edch hodin\u00e1ch.<\/p>\n<p>A\u0165 u\u017e si vyberete jakoukoli pr\u00e1ci, pobyt na hor\u00e1ch po celou sez\u00f3nu v\u00e1m vynahrad\u00ed ve\u0161kerou d\u0159inu! A existuj\u00ed i <a href=\"https:\/\/www.snowtrex.cz\/svet-zajezdu\/studenti.html\" target=\"_blank\" rel=\"noopener noreferrer\">levn\u00e9 nab\u00eddky pro mlad\u00e9 lidi a studenty<\/a>.<\/p>\n","protected":false},"excerpt":{"rendered":"<p>T\u00fddenn\u00ed ly\u017ea\u0159sk\u00e1 dovolen\u00e1 v hor\u00e1ch? Pro n\u011bkter\u00e9 lidi p\u0159\u00edli\u0161 kr\u00e1tk\u00e1 doba. N\u011bkte\u0159\u00ed milovn\u00edci hor by rad\u011bji str\u00e1vili na hor\u00e1ch a na sn\u011bhu celou zimn\u00ed sez\u00f3nu. Ale jak to lze financovat? Spole\u010dnost SnowTrex nab\u00edz\u00ed r\u016fzn\u00e9 mo\u017enosti sez\u00f3nn\u00ed pr\u00e1ce v ly\u017ea\u0159sk\u00e9m are\u00e1lu. Umo\u017en\u00ed v\u00e1m u\u017e\u00edvat si hor po celou zimu, ani\u017e byste museli sed\u011bt na suchu.<\/p>\n","protected":false},"author":178,"featured_media":53683,"comment_status":"closed","ping_status":"closed","sticky":false,"template":"","format":"standard","meta":{"footnotes":""},"categories":[7],"tags":[],"class_list":["post-32337","post","type-post","status-publish","format-standard","has-post-thumbnail","hentry","category-rozhovory-reportaze"],"yoast_head":"<!-- This site is optimized with the Yoast SEO Premium plugin v27.3 (Yoast SEO v27.3) - https:\/\/yoast.com\/product\/yoast-seo-premium-wordpress\/ -->\n<title>Sez\u00f3nn\u00ed pr\u00e1ce v ly\u017ea\u0159sk\u00e9m st\u0159edisku - Sez\u00f3nn\u00ed pr\u00e1ce v zim\u011b - Pr\u00e1ce na hor\u00e1ch<\/title>\n<meta name=\"description\" content=\"N\u011bkte\u0159\u00ed milovn\u00edci hor by r\u00e1di str\u00e1vili celou sez\u00f3nu v hor\u00e1ch. Jak to ale financovat? Spole\u010dnost SnowTrex zkoumala sez\u00f3nn\u00ed pr\u00e1ci v ly\u017ea\u0159sk\u00fdch st\u0159edisc\u00edch. D\u00edky n\u00ed si m\u016f\u017eete u\u017e\u00edvat hor po celou zimu, ani\u017e byste museli sed\u011bt na suchu.\" \/>\n<meta name=\"robots\" content=\"index, follow, max-snippet:-1, max-image-preview:large, max-video-preview:-1\" \/>\n<link rel=\"canonical\" href=\"https:\/\/www.snowtrex.cz\/magazin\/rozhovory-reportaze\/sezonni-prace-v-lyzarske-oblasti\/\" \/>\n<meta property=\"og:locale\" content=\"cs_CZ\" \/>\n<meta property=\"og:type\" content=\"article\" \/>\n<meta property=\"og:title\" content=\"Pr\u00e1ce v hor\u00e1ch: Sez\u00f3nn\u00ed pr\u00e1ce v ly\u017ea\u0159sk\u00e9m are\u00e1lu\" \/>\n<meta property=\"og:description\" content=\"T\u00fddenn\u00ed ly\u017ea\u0159sk\u00e1 dovolen\u00e1 v hor\u00e1ch? Pro n\u011bkter\u00e9 lidi p\u0159\u00edli\u0161 kr\u00e1tk\u00e1 doba. N\u011bkte\u0159\u00ed milovn\u00edci hor by rad\u011bji str\u00e1vili na hor\u00e1ch a na sn\u011bhu celou zimn\u00ed sez\u00f3nu. Ale jak to lze financovat? Spole\u010dnost SnowTrex nab\u00edz\u00ed r\u016fzn\u00e9 mo\u017enosti sez\u00f3nn\u00ed pr\u00e1ce v ly\u017ea\u0159sk\u00e9m are\u00e1lu. Umo\u017en\u00ed v\u00e1m u\u017e\u00edvat si hor po celou zimu, ani\u017e byste museli sed\u011bt na suchu.\" \/>\n<meta property=\"og:url\" content=\"https:\/\/www.snowtrex.cz\/magazin\/rozhovory-reportaze\/sezonni-prace-v-lyzarske-oblasti\/\" \/>\n<meta property=\"og:site_name\" content=\"SnowTrex Ski-Magaz\u00edn\" \/>\n<meta property=\"article:publisher\" content=\"https:\/\/www.facebook.com\/snowtrex\" \/>\n<meta property=\"article:author\" content=\"https:\/\/www.facebook.com\/snowtrex\/\" \/>\n<meta property=\"article:published_time\" content=\"2025-01-16T10:58:36+00:00\" \/>\n<meta property=\"article:modified_time\" content=\"2025-06-26T13:09:38+00:00\" \/>\n<meta property=\"og:image\" content=\"https:\/\/www.snowtrex.cz\/magazin\/files\/2022\/07\/RS5347_shutterstock_578927944-hsc.jpg\" \/>\n\t<meta property=\"og:image:width\" content=\"1920\" \/>\n\t<meta property=\"og:image:height\" content=\"1282\" \/>\n\t<meta property=\"og:image:type\" content=\"image\/jpeg\" \/>\n<meta name=\"author\" content=\"SnowTrex\" \/>\n<meta name=\"twitter:card\" content=\"summary_large_image\" \/>\n<meta name=\"twitter:label1\" content=\"Napsal(a)\" \/>\n\t<meta name=\"twitter:data1\" content=\"SnowTrex\" \/>\n\t<meta name=\"twitter:label2\" content=\"Odhadovan\u00e1 doba \u010dten\u00ed\" \/>\n\t<meta name=\"twitter:data2\" content=\"5 minut\" \/>\n<script type=\"application\/ld+json\" class=\"yoast-schema-graph\">{\"@context\":\"https:\\\/\\\/schema.org\",\"@graph\":[{\"@type\":\"Article\",\"@id\":\"http:\\\/\\\/wp-magazin.snowtrex.cz\\\/rozhovory-reportaze\\\/sezonni-prace-v-lyzarske-oblasti\\\/#article\",\"isPartOf\":{\"@id\":\"http:\\\/\\\/wp-magazin.snowtrex.cz\\\/rozhovory-reportaze\\\/sezonni-prace-v-lyzarske-oblasti\\\/\"},\"author\":{\"name\":\"SnowTrex\",\"@id\":\"http:\\\/\\\/wp-magazin.snowtrex.cz\\\/#\\\/schema\\\/person\\\/ad1887a4d155ef6b5b8b4fc8990d92dd\"},\"headline\":\"Pr\u00e1ce v hor\u00e1ch: Sez\u00f3nn\u00ed pr\u00e1ce v ly\u017ea\u0159sk\u00e9m are\u00e1lu\",\"datePublished\":\"2025-01-16T10:58:36+00:00\",\"dateModified\":\"2025-06-26T13:09:38+00:00\",\"mainEntityOfPage\":{\"@id\":\"http:\\\/\\\/wp-magazin.snowtrex.cz\\\/rozhovory-reportaze\\\/sezonni-prace-v-lyzarske-oblasti\\\/\"},\"wordCount\":969,\"publisher\":{\"@id\":\"http:\\\/\\\/wp-magazin.snowtrex.cz\\\/#organization\"},\"image\":{\"@id\":\"http:\\\/\\\/wp-magazin.snowtrex.cz\\\/rozhovory-reportaze\\\/sezonni-prace-v-lyzarske-oblasti\\\/#primaryimage\"},\"thumbnailUrl\":\"http:\\\/\\\/wp-magazin.snowtrex.cz\\\/files\\\/2022\\\/07\\\/RS5347_shutterstock_578927944-hsc.jpg\",\"articleSection\":[\"Rozhovory a report\u00e1\u017ee\"],\"inLanguage\":\"cs\"},{\"@type\":\"WebPage\",\"@id\":\"http:\\\/\\\/wp-magazin.snowtrex.cz\\\/rozhovory-reportaze\\\/sezonni-prace-v-lyzarske-oblasti\\\/\",\"url\":\"http:\\\/\\\/wp-magazin.snowtrex.cz\\\/rozhovory-reportaze\\\/sezonni-prace-v-lyzarske-oblasti\\\/\",\"name\":\"Sez\u00f3nn\u00ed pr\u00e1ce v ly\u017ea\u0159sk\u00e9m st\u0159edisku - Sez\u00f3nn\u00ed pr\u00e1ce v zim\u011b - Pr\u00e1ce na hor\u00e1ch\",\"primaryImageOfPage\":{\"@id\":\"http:\\\/\\\/wp-magazin.snowtrex.cz\\\/rozhovory-reportaze\\\/sezonni-prace-v-lyzarske-oblasti\\\/#primaryimage\"},\"image\":{\"@id\":\"http:\\\/\\\/wp-magazin.snowtrex.cz\\\/rozhovory-reportaze\\\/sezonni-prace-v-lyzarske-oblasti\\\/#primaryimage\"},\"thumbnailUrl\":\"http:\\\/\\\/wp-magazin.snowtrex.cz\\\/files\\\/2022\\\/07\\\/RS5347_shutterstock_578927944-hsc.jpg\",\"datePublished\":\"2025-01-16T10:58:36+00:00\",\"dateModified\":\"2025-06-26T13:09:38+00:00\",\"description\":\"N\u011bkte\u0159\u00ed milovn\u00edci hor by r\u00e1di str\u00e1vili celou sez\u00f3nu v hor\u00e1ch. Jak to ale financovat? Spole\u010dnost SnowTrex zkoumala sez\u00f3nn\u00ed pr\u00e1ci v ly\u017ea\u0159sk\u00fdch st\u0159edisc\u00edch. D\u00edky n\u00ed si m\u016f\u017eete u\u017e\u00edvat hor po celou zimu, ani\u017e byste museli sed\u011bt na suchu.\",\"inLanguage\":\"cs\"},{\"@type\":\"ImageObject\",\"inLanguage\":\"cs\",\"@id\":\"http:\\\/\\\/wp-magazin.snowtrex.cz\\\/rozhovory-reportaze\\\/sezonni-prace-v-lyzarske-oblasti\\\/#primaryimage\",\"url\":\"http:\\\/\\\/wp-magazin.snowtrex.cz\\\/files\\\/2022\\\/07\\\/RS5347_shutterstock_578927944-hsc.jpg\",\"contentUrl\":\"http:\\\/\\\/wp-magazin.snowtrex.cz\\\/files\\\/2022\\\/07\\\/RS5347_shutterstock_578927944-hsc.jpg\",\"width\":1920,\"height\":1282,\"caption\":\"Quelle: Shutterstock (Standard Lizenz); Frei (Web, Print, SocialMedia) RED+ \u00a9\"},{\"@type\":\"WebSite\",\"@id\":\"http:\\\/\\\/wp-magazin.snowtrex.cz\\\/#website\",\"url\":\"http:\\\/\\\/wp-magazin.snowtrex.cz\\\/\",\"name\":\"SnowTrex Ski-Magaz\u00edn\",\"description\":\"V\u0161e o ly\u017eov\u00e1n\u00ed, snowboardingu a zimn\u00ed dovolen\u00e9!\",\"publisher\":{\"@id\":\"http:\\\/\\\/wp-magazin.snowtrex.cz\\\/#organization\"},\"inLanguage\":\"cs\"},{\"@type\":\"Organization\",\"@id\":\"http:\\\/\\\/wp-magazin.snowtrex.cz\\\/#organization\",\"name\":\"TravelTrex GmbH\",\"url\":\"http:\\\/\\\/wp-magazin.snowtrex.cz\\\/\",\"logo\":{\"@type\":\"ImageObject\",\"inLanguage\":\"cs\",\"@id\":\"http:\\\/\\\/wp-magazin.snowtrex.cz\\\/#\\\/schema\\\/logo\\\/image\\\/\",\"url\":\"http:\\\/\\\/wp-magazin.snowtrex.cz\\\/files\\\/2025\\\/09\\\/TravelTrex-Logo_RGB_transp.png\",\"contentUrl\":\"http:\\\/\\\/wp-magazin.snowtrex.cz\\\/files\\\/2025\\\/09\\\/TravelTrex-Logo_RGB_transp.png\",\"width\":1080,\"height\":282,\"caption\":\"TravelTrex GmbH\"},\"image\":{\"@id\":\"http:\\\/\\\/wp-magazin.snowtrex.cz\\\/#\\\/schema\\\/logo\\\/image\\\/\"},\"sameAs\":[\"https:\\\/\\\/www.facebook.com\\\/snowtrex\",\"https:\\\/\\\/www.instagram.com\\\/snowtrex_ski\"],\"description\":\"Od roku 1999 je SnowTrex p\u0159edn\u00edm n\u011bmeck\u00fdm cestovn\u00edm kancel\u00e1\u0159\u00edm pro ly\u017ea\u0159sk\u00e9 dovolen\u00e9. Spole\u010dnost nab\u00edz\u00ed sv\u00e9 slu\u017eby ve 13 jazyc\u00edch a ka\u017edoro\u010dn\u011b doprav\u00ed v\u00edce ne\u017e 100 000 host\u016f do obl\u00edben\u00fdch destinac\u00ed, jako je Rakousko, Francie, It\u00e1lie, \u0160v\u00fdcarsko a N\u011bmecko.\",\"email\":\"info-cz@snowtrex.com\",\"telephone\":\"234 495 495\",\"legalName\":\"TravelTrex GmbH\",\"foundingDate\":\"1999-07-01\",\"vatID\":\"DE 813 076 768\",\"numberOfEmployees\":{\"@type\":\"QuantitativeValue\",\"minValue\":\"51\",\"maxValue\":\"200\"}},{\"@type\":\"Person\",\"@id\":\"http:\\\/\\\/wp-magazin.snowtrex.cz\\\/#\\\/schema\\\/person\\\/ad1887a4d155ef6b5b8b4fc8990d92dd\",\"name\":\"SnowTrex\",\"description\":\"Redakce \u010dasopisu SnowTrex sdru\u017euje zku\u0161en\u00e9 zimn\u00ed sportovce a cestovn\u00ed experty, kte\u0159\u00ed svou v\u00e1\u0161e\u0148 prom\u00edtaj\u00ed do fundovan\u00fdch \u010dl\u00e1nk\u016f o ly\u017ea\u0159sk\u00fdch st\u0159edisc\u00edch, vybaven\u00ed a cestovn\u00edch tipech. Od roku 1999 je SnowTrex p\u0159edn\u00edm n\u011bmeck\u00fdm cestovn\u00edm kancel\u00e1\u0159em pro ly\u017ea\u0159sk\u00e9 dovolen\u00e9. Spole\u010dnost nab\u00edz\u00ed sv\u00e9 slu\u017eby ve 13 jazyc\u00edch a ka\u017edoro\u010dn\u011b doprav\u00ed p\u0159es 100 000 host\u016f do obl\u00edben\u00fdch destinac\u00ed, jako je Rakousko, Francie, It\u00e1lie, \u0160v\u00fdcarsko a N\u011bmecko.\",\"sameAs\":[\"https:\\\/\\\/www.snowtrex.cz\\\/\",\"https:\\\/\\\/www.facebook.com\\\/snowtrex\\\/\",\"https:\\\/\\\/www.instagram.com\\\/snowtrex_ski\\\/\",\"https:\\\/\\\/www.youtube.com\\\/c\\\/SnowTrex\"]}]}<\/script>\n<!-- \/ Yoast SEO Premium plugin. -->","yoast_head_json":{"title":"Sez\u00f3nn\u00ed pr\u00e1ce v ly\u017ea\u0159sk\u00e9m st\u0159edisku - Sez\u00f3nn\u00ed pr\u00e1ce v zim\u011b - Pr\u00e1ce na hor\u00e1ch","description":"N\u011bkte\u0159\u00ed milovn\u00edci hor by r\u00e1di str\u00e1vili celou sez\u00f3nu v hor\u00e1ch. Jak to ale financovat? Spole\u010dnost SnowTrex zkoumala sez\u00f3nn\u00ed pr\u00e1ci v ly\u017ea\u0159sk\u00fdch st\u0159edisc\u00edch. D\u00edky n\u00ed si m\u016f\u017eete u\u017e\u00edvat hor po celou zimu, ani\u017e byste museli sed\u011bt na suchu.","robots":{"index":"index","follow":"follow","max-snippet":"max-snippet:-1","max-image-preview":"max-image-preview:large","max-video-preview":"max-video-preview:-1"},"canonical":"https:\/\/www.snowtrex.cz\/magazin\/rozhovory-reportaze\/sezonni-prace-v-lyzarske-oblasti\/","og_locale":"cs_CZ","og_type":"article","og_title":"Pr\u00e1ce v hor\u00e1ch: Sez\u00f3nn\u00ed pr\u00e1ce v ly\u017ea\u0159sk\u00e9m are\u00e1lu","og_description":"T\u00fddenn\u00ed ly\u017ea\u0159sk\u00e1 dovolen\u00e1 v hor\u00e1ch? Pro n\u011bkter\u00e9 lidi p\u0159\u00edli\u0161 kr\u00e1tk\u00e1 doba. N\u011bkte\u0159\u00ed milovn\u00edci hor by rad\u011bji str\u00e1vili na hor\u00e1ch a na sn\u011bhu celou zimn\u00ed sez\u00f3nu. Ale jak to lze financovat? Spole\u010dnost SnowTrex nab\u00edz\u00ed r\u016fzn\u00e9 mo\u017enosti sez\u00f3nn\u00ed pr\u00e1ce v ly\u017ea\u0159sk\u00e9m are\u00e1lu. Umo\u017en\u00ed v\u00e1m u\u017e\u00edvat si hor po celou zimu, ani\u017e byste museli sed\u011bt na suchu.","og_url":"https:\/\/www.snowtrex.cz\/magazin\/rozhovory-reportaze\/sezonni-prace-v-lyzarske-oblasti\/","og_site_name":"SnowTrex Ski-Magaz\u00edn","article_publisher":"https:\/\/www.facebook.com\/snowtrex","article_author":"https:\/\/www.facebook.com\/snowtrex\/","article_published_time":"2025-01-16T10:58:36+00:00","article_modified_time":"2025-06-26T13:09:38+00:00","og_image":[{"width":1920,"height":1282,"url":"https:\/\/www.snowtrex.cz\/magazin\/files\/2022\/07\/RS5347_shutterstock_578927944-hsc.jpg","type":"image\/jpeg"}],"author":"SnowTrex","twitter_card":"summary_large_image","twitter_misc":{"Napsal(a)":"SnowTrex","Odhadovan\u00e1 doba \u010dten\u00ed":"5 minut"},"schema":{"@context":"https:\/\/schema.org","@graph":[{"@type":"Article","@id":"https:\/\/www.snowtrex.cz\/magazin\/rozhovory-reportaze\/sezonni-prace-v-lyzarske-oblasti\/#article","isPartOf":{"@id":"https:\/\/www.snowtrex.cz\/magazin\/rozhovory-reportaze\/sezonni-prace-v-lyzarske-oblasti\/"},"author":{"name":"SnowTrex","@id":"https:\/\/www.snowtrex.cz\/magazin\/#\/schema\/person\/ad1887a4d155ef6b5b8b4fc8990d92dd"},"headline":"Pr\u00e1ce v hor\u00e1ch: Sez\u00f3nn\u00ed pr\u00e1ce v ly\u017ea\u0159sk\u00e9m are\u00e1lu","datePublished":"2025-01-16T10:58:36+00:00","dateModified":"2025-06-26T13:09:38+00:00","mainEntityOfPage":{"@id":"https:\/\/www.snowtrex.cz\/magazin\/rozhovory-reportaze\/sezonni-prace-v-lyzarske-oblasti\/"},"wordCount":969,"publisher":{"@id":"https:\/\/www.snowtrex.cz\/magazin\/#organization"},"image":{"@id":"https:\/\/www.snowtrex.cz\/magazin\/rozhovory-reportaze\/sezonni-prace-v-lyzarske-oblasti\/#primaryimage"},"thumbnailUrl":"https:\/\/www.snowtrex.cz\/magazin\/files\/2022\/07\/RS5347_shutterstock_578927944-hsc.jpg","articleSection":["Rozhovory a report\u00e1\u017ee"],"inLanguage":"cs"},{"@type":"WebPage","@id":"https:\/\/www.snowtrex.cz\/magazin\/rozhovory-reportaze\/sezonni-prace-v-lyzarske-oblasti\/","url":"https:\/\/www.snowtrex.cz\/magazin\/rozhovory-reportaze\/sezonni-prace-v-lyzarske-oblasti\/","name":"Sez\u00f3nn\u00ed pr\u00e1ce v ly\u017ea\u0159sk\u00e9m st\u0159edisku - Sez\u00f3nn\u00ed pr\u00e1ce v zim\u011b - Pr\u00e1ce na hor\u00e1ch","primaryImageOfPage":{"@id":"https:\/\/www.snowtrex.cz\/magazin\/rozhovory-reportaze\/sezonni-prace-v-lyzarske-oblasti\/#primaryimage"},"image":{"@id":"https:\/\/www.snowtrex.cz\/magazin\/rozhovory-reportaze\/sezonni-prace-v-lyzarske-oblasti\/#primaryimage"},"thumbnailUrl":"https:\/\/www.snowtrex.cz\/magazin\/files\/2022\/07\/RS5347_shutterstock_578927944-hsc.jpg","datePublished":"2025-01-16T10:58:36+00:00","dateModified":"2025-06-26T13:09:38+00:00","description":"N\u011bkte\u0159\u00ed milovn\u00edci hor by r\u00e1di str\u00e1vili celou sez\u00f3nu v hor\u00e1ch. Jak to ale financovat? Spole\u010dnost SnowTrex zkoumala sez\u00f3nn\u00ed pr\u00e1ci v ly\u017ea\u0159sk\u00fdch st\u0159edisc\u00edch. D\u00edky n\u00ed si m\u016f\u017eete u\u017e\u00edvat hor po celou zimu, ani\u017e byste museli sed\u011bt na suchu.","inLanguage":"cs"},{"@type":"ImageObject","inLanguage":"cs","@id":"https:\/\/www.snowtrex.cz\/magazin\/rozhovory-reportaze\/sezonni-prace-v-lyzarske-oblasti\/#primaryimage","url":"https:\/\/www.snowtrex.cz\/magazin\/files\/2022\/07\/RS5347_shutterstock_578927944-hsc.jpg","contentUrl":"https:\/\/www.snowtrex.cz\/magazin\/files\/2022\/07\/RS5347_shutterstock_578927944-hsc.jpg","width":1920,"height":1282,"caption":"Quelle: Shutterstock (Standard Lizenz); Frei (Web, Print, SocialMedia) RED+ \u00a9"},{"@type":"WebSite","@id":"https:\/\/www.snowtrex.cz\/magazin\/#website","url":"https:\/\/www.snowtrex.cz\/magazin\/","name":"SnowTrex Ski-Magaz\u00edn","description":"V\u0161e o ly\u017eov\u00e1n\u00ed, snowboardingu a zimn\u00ed dovolen\u00e9!","publisher":{"@id":"https:\/\/www.snowtrex.cz\/magazin\/#organization"},"inLanguage":"cs"},{"@type":"Organization","@id":"https:\/\/www.snowtrex.cz\/magazin\/#organization","name":"TravelTrex GmbH","url":"https:\/\/www.snowtrex.cz\/magazin\/","logo":{"@type":"ImageObject","inLanguage":"cs","@id":"https:\/\/www.snowtrex.cz\/magazin\/#\/schema\/logo\/image\/","url":"https:\/\/www.snowtrex.cz\/magazin\/files\/2025\/09\/TravelTrex-Logo_RGB_transp.png","contentUrl":"https:\/\/www.snowtrex.cz\/magazin\/files\/2025\/09\/TravelTrex-Logo_RGB_transp.png","width":1080,"height":282,"caption":"TravelTrex GmbH"},"image":{"@id":"https:\/\/www.snowtrex.cz\/magazin\/#\/schema\/logo\/image\/"},"sameAs":["https:\/\/www.facebook.com\/snowtrex","https:\/\/www.instagram.com\/snowtrex_ski"],"description":"Od roku 1999 je SnowTrex p\u0159edn\u00edm n\u011bmeck\u00fdm cestovn\u00edm kancel\u00e1\u0159\u00edm pro ly\u017ea\u0159sk\u00e9 dovolen\u00e9. Spole\u010dnost nab\u00edz\u00ed sv\u00e9 slu\u017eby ve 13 jazyc\u00edch a ka\u017edoro\u010dn\u011b doprav\u00ed v\u00edce ne\u017e 100 000 host\u016f do obl\u00edben\u00fdch destinac\u00ed, jako je Rakousko, Francie, It\u00e1lie, \u0160v\u00fdcarsko a N\u011bmecko.","email":"info-cz@snowtrex.com","telephone":"234 495 495","legalName":"TravelTrex GmbH","foundingDate":"1999-07-01","vatID":"DE 813 076 768","numberOfEmployees":{"@type":"QuantitativeValue","minValue":"51","maxValue":"200"}},{"@type":"Person","@id":"https:\/\/www.snowtrex.cz\/magazin\/#\/schema\/person\/ad1887a4d155ef6b5b8b4fc8990d92dd","name":"SnowTrex","description":"Redakce \u010dasopisu SnowTrex sdru\u017euje zku\u0161en\u00e9 zimn\u00ed sportovce a cestovn\u00ed experty, kte\u0159\u00ed svou v\u00e1\u0161e\u0148 prom\u00edtaj\u00ed do fundovan\u00fdch \u010dl\u00e1nk\u016f o ly\u017ea\u0159sk\u00fdch st\u0159edisc\u00edch, vybaven\u00ed a cestovn\u00edch tipech. Od roku 1999 je SnowTrex p\u0159edn\u00edm n\u011bmeck\u00fdm cestovn\u00edm kancel\u00e1\u0159em pro ly\u017ea\u0159sk\u00e9 dovolen\u00e9. Spole\u010dnost nab\u00edz\u00ed sv\u00e9 slu\u017eby ve 13 jazyc\u00edch a ka\u017edoro\u010dn\u011b doprav\u00ed p\u0159es 100 000 host\u016f do obl\u00edben\u00fdch destinac\u00ed, jako je Rakousko, Francie, It\u00e1lie, \u0160v\u00fdcarsko a N\u011bmecko.","sameAs":["https:\/\/www.snowtrex.cz\/","https:\/\/www.facebook.com\/snowtrex\/","https:\/\/www.instagram.com\/snowtrex_ski\/","https:\/\/www.youtube.com\/c\/SnowTrex"]}]}},"wp-worthy-pixel":{"ignored":false,"public":null,"server":null,"url":null},"wp-worthy-type":"normal","_links":{"self":[{"href":"https:\/\/www.snowtrex.cz\/magazin\/wp-json\/wp\/v2\/posts\/32337","targetHints":{"allow":["GET"]}}],"collection":[{"href":"https:\/\/www.snowtrex.cz\/magazin\/wp-json\/wp\/v2\/posts"}],"about":[{"href":"https:\/\/www.snowtrex.cz\/magazin\/wp-json\/wp\/v2\/types\/post"}],"author":[{"embeddable":true,"href":"https:\/\/www.snowtrex.cz\/magazin\/wp-json\/wp\/v2\/users\/178"}],"replies":[{"embeddable":true,"href":"https:\/\/www.snowtrex.cz\/magazin\/wp-json\/wp\/v2\/comments?post=32337"}],"version-history":[{"count":6,"href":"https:\/\/www.snowtrex.cz\/magazin\/wp-json\/wp\/v2\/posts\/32337\/revisions"}],"predecessor-version":[{"id":53740,"href":"https:\/\/www.snowtrex.cz\/magazin\/wp-json\/wp\/v2\/posts\/32337\/revisions\/53740"}],"wp:featuredmedia":[{"embeddable":true,"href":"https:\/\/www.snowtrex.cz\/magazin\/wp-json\/wp\/v2\/media\/53683"}],"wp:attachment":[{"href":"https:\/\/www.snowtrex.cz\/magazin\/wp-json\/wp\/v2\/media?parent=32337"}],"wp:term":[{"taxonomy":"category","embeddable":true,"href":"https:\/\/www.snowtrex.cz\/magazin\/wp-json\/wp\/v2\/categories?post=32337"},{"taxonomy":"post_tag","embeddable":true,"href":"https:\/\/www.snowtrex.cz\/magazin\/wp-json\/wp\/v2\/tags?post=32337"}],"curies":[{"name":"wp","href":"https:\/\/api.w.org\/{rel}","templated":true}]}}