{"id":31716,"date":"2026-04-07T01:00:00","date_gmt":"2026-04-06T23:00:00","guid":{"rendered":"https:\/\/www.snowtrex.de\/magazin\/?p=31716"},"modified":"2026-04-15T13:43:17","modified_gmt":"2026-04-15T11:43:17","slug":"nejvetsi-lyzarska-strediska-v-italii","status":"publish","type":"post","link":"https:\/\/www.snowtrex.cz\/magazin\/top-10\/nejvetsi-lyzarska-strediska-v-italii\/","title":{"rendered":"10 nejv\u011bt\u0161\u00edch ly\u017ea\u0159sk\u00fdch st\u0159edisek v It\u00e1lii"},"content":{"rendered":"<p><strong>Pizza, t\u011bstoviny, dolce vita &#8211; a nespo\u010det sjezdovek. Krom\u011b kulin\u00e1\u0159sk\u00fdch specialit, nes\u010detn\u00fdch kulturn\u00edch a historick\u00fdch pam\u00e1tek a &#8222;sladk\u00e9ho \u017eivota&#8220; nab\u00edz\u00ed It\u00e1lie tak\u00e9 velk\u00e9 mno\u017estv\u00ed ly\u017ea\u0159sk\u00fdch st\u0159edisek. Ty jsou velmi rozmanit\u00e9 a jsou domovem mnoha sjezdovek a sv\u011btozn\u00e1m\u00fdch vrchol\u016f sjezdovek. Nap\u0159\u00edklad nejv\u011bt\u0161\u00ed italsk\u00e1 ly\u017ea\u0159sk\u00e1 oblast zahrnuje ne m\u00e9n\u011b ne\u017e 400 kilometr\u016f sjezdovek! \u0158ada italsk\u00fdch ly\u017ea\u0159sk\u00fdch st\u0159edisek nab\u00edz\u00ed tak\u00e9 \u0161irokou \u0161k\u00e1lu aktivit mimo sjezdovky. My, odborn\u00edci na zimn\u00ed sporty ze <a href=\"https:\/\/www.snowtrex.cz\/\" target=\"_blank\" rel=\"noopener\">SnowTrex<\/a>, jsme sami velk\u00fdmi fanou\u0161ky zasn\u011b\u017een\u00e9 italsk\u00e9 krajiny a zde v\u00e1m p\u0159edstavujeme 10 nejv\u011bt\u0161\u00edch ly\u017ea\u0159sk\u00fdch st\u0159edisek v It\u00e1lii.<\/strong><\/p>\n<div class=\"tt-post-image-wrapper tt-post-image-wrapper-full\">\n            <div class=\"tt-image-copyright-container\">\n                <a href=\"https:\/\/www.snowtrex.cz\/magazin\/files\/2023\/08\/RS5341_shutterstock_572325634-scr.jpg\" target=\"_blank\" rel=\"noopener\"><img loading=\"lazy\" decoding=\"async\" data-wrapped=\"true\" class=\"wp-image-48461 size-Artikelbild_gro\u00df\" title=\"Ly\u017eov\u00e1n\u00ed v It\u00e1lii je opravdovou lah\u016fdkou pro ka\u017ed\u00e9ho milovn\u00edka zimn\u00edch sport\u016f\" src=\"https:\/\/www.snowtrex.cz\/magazin\/files\/2023\/08\/RS5341_shutterstock_572325634-scr-729x486.jpg\" alt=\"Ly\u017eov\u00e1n\u00ed v It\u00e1lii je opravdovou lah\u016fdkou pro ka\u017ed\u00e9ho milovn\u00edka zimn\u00edch sport\u016f\" width=\"729\" height=\"486\" srcset=\"https:\/\/www.snowtrex.cz\/magazin\/files\/2023\/08\/RS5341_shutterstock_572325634-scr-729x486.jpg 729w, https:\/\/www.snowtrex.cz\/magazin\/files\/2023\/08\/RS5341_shutterstock_572325634-scr-290x193.jpg 290w, https:\/\/www.snowtrex.cz\/magazin\/files\/2023\/08\/RS5341_shutterstock_572325634-scr-728x485.jpg 728w, https:\/\/www.snowtrex.cz\/magazin\/files\/2023\/08\/RS5341_shutterstock_572325634-scr-768x512.jpg 768w, https:\/\/www.snowtrex.cz\/magazin\/files\/2023\/08\/RS5341_shutterstock_572325634-scr-468x312.jpg 468w, https:\/\/www.snowtrex.cz\/magazin\/files\/2023\/08\/RS5341_shutterstock_572325634-scr-300x200.jpg 300w, https:\/\/www.snowtrex.cz\/magazin\/files\/2023\/08\/RS5341_shutterstock_572325634-scr-999x666.jpg 999w, https:\/\/www.snowtrex.cz\/magazin\/files\/2023\/08\/RS5341_shutterstock_572325634-scr-645x430.jpg 645w, https:\/\/www.snowtrex.cz\/magazin\/files\/2023\/08\/RS5341_shutterstock_572325634-scr-552x368.jpg 552w, https:\/\/www.snowtrex.cz\/magazin\/files\/2023\/08\/RS5341_shutterstock_572325634-scr-405x270.jpg 405w, https:\/\/www.snowtrex.cz\/magazin\/files\/2023\/08\/RS5341_shutterstock_572325634-scr-336x224.jpg 336w, https:\/\/www.snowtrex.cz\/magazin\/files\/2023\/08\/RS5341_shutterstock_572325634-scr-276x184.jpg 276w, https:\/\/www.snowtrex.cz\/magazin\/files\/2023\/08\/RS5341_shutterstock_572325634-scr-234x156.jpg 234w, https:\/\/www.snowtrex.cz\/magazin\/files\/2023\/08\/RS5341_shutterstock_572325634-scr-192x128.jpg 192w, https:\/\/www.snowtrex.cz\/magazin\/files\/2023\/08\/RS5341_shutterstock_572325634-scr-120x80.jpg 120w, https:\/\/www.snowtrex.cz\/magazin\/files\/2023\/08\/RS5341_shutterstock_572325634-scr-774x516.jpg 774w, https:\/\/www.snowtrex.cz\/magazin\/files\/2023\/08\/RS5341_shutterstock_572325634-scr-2x1.jpg 2w, https:\/\/www.snowtrex.cz\/magazin\/files\/2023\/08\/RS5341_shutterstock_572325634-scr.jpg 1440w\" sizes=\"(min-width: 1009px) 729px, (min-width: 819px) 594px, (min-width: 569px) 729px, (min-width: 449px) 468px, 348px\" \/><\/a><div class=\"tt-image-copyright\" data-image-id=\"48461\">\u00a9 gorillaimages\/shutterstock.de<\/div>\n            <\/div>\n            <div class=\"tt-post-caption\">Ly\u017eov\u00e1n\u00ed v It\u00e1lii je opravdovou lah\u016fdkou pro ka\u017ed\u00e9ho milovn\u00edka zimn\u00edch sport\u016f.<\/div>\n         <\/div > \n<p><div class=\"tt-table-of-content\">\n                <span class=\"tt-icon-circle-up tt-table-of-content-button\"><\/span><\/p>\n<div class=\"tt-table-of-content-caption\">\n                    Obsah\n                <\/div>\n<div class=\"tt-table-of-content-body\">\n                    <a href=\"#p\u0159ehled-10-nejv\u011bt\u0161\u00edch-ly\u017ea\u0159sk\u00fdch-st\u0159edisek-v-it\u00e1lii\"><span class=\"layer-0\">P\u0159ehled 10 nejv\u011bt\u0161\u00edch ly\u017ea\u0159sk\u00fdch st\u0159edisek v It\u00e1lii<\/span><\/a><a href=\"#1-ly\u017ea\u0159sk\u00e9-st\u0159edisko-via-lattea\"><span class=\"layer-0\">1. Ly\u017ea\u0159sk\u00e9 st\u0159edisko Via Lattea<\/span><\/a><a href=\"#2-ly\u017ea\u0159sk\u00e9-st\u0159edisko-matterhorn-ski-paradise\"><span class=\"layer-0\">2. Ly\u017ea\u0159sk\u00e9 st\u0159edisko Matterhorn Ski Paradise<\/span><\/a><a href=\"#3-ly\u017ea\u0159sk\u00e9-st\u0159edisko-val-gardenaalpe-di-siusi\"><span class=\"layer-0\">3. Ly\u017ea\u0159sk\u00e9 st\u0159edisko Val Gardena\/Alpe di Siusi<\/span><\/a><a href=\"#4-ly\u017ea\u0159sk\u00e9-st\u0159edisko-skiarea-campiglio-dolomiti-di-brenta\"><span class=\"layer-0\">4. Ly\u017ea\u0159sk\u00e9 st\u0159edisko SkiArea Campiglio Dolomiti di Brenta<\/span><\/a><a href=\"#5-ly\u017ea\u0159sk\u00e9-st\u0159edisko-espace-san-bernardo---la-rosi\u00e8rela-thuile\"><span class=\"layer-0\">5. Ly\u017ea\u0159sk\u00e9 st\u0159edisko Espace San Bernardo &#8211; La Rosi\u00e8re\/La Thuile<\/span><\/a><a href=\"#6-ly\u017ea\u0159sk\u00e9-st\u0159edisko-monterosa\"><span class=\"layer-0\">6. Ly\u017ea\u0159sk\u00e9 st\u0159edisko Monterosa<\/span><\/a><a href=\"#7-ly\u017ea\u0159sk\u00e9-st\u0159edisko-alta-badia\"><span class=\"layer-0\">7. Ly\u017ea\u0159sk\u00e9 st\u0159edisko Alta Badia<\/span><\/a><a href=\"#8-ly\u017ea\u0159sk\u00e9-st\u0159edisko-kronplatz\"><span class=\"layer-0\">8. Ly\u017ea\u0159sk\u00e9 st\u0159edisko Kronplatz<\/span><\/a><a href=\"#9-ly\u017ea\u0159sk\u00e9-st\u0159edisko-cortina-d'ampezzo\"><span class=\"layer-0\">9. Ly\u017ea\u0159sk\u00e9 st\u0159edisko Cortina d&#8217;Ampezzo<\/span><\/a><a href=\"#10-ly\u017ea\u0159sk\u00e9-st\u0159edisko-livigno\"><span class=\"layer-0\">10. Ly\u017ea\u0159sk\u00e9 st\u0159edisko Livigno<\/span><\/a><a href=\"#nej\u010dast\u011bj\u0161\u00ed-dotazy-k-nejv\u011bt\u0161\u00edm-ly\u017ea\u0159sk\u00fdm-st\u0159edisk\u016fm-v-it\u00e1lii\"><span class=\"layer-0\">Nej\u010dast\u011bj\u0161\u00ed dotazy k nejv\u011bt\u0161\u00edm ly\u017ea\u0159sk\u00fdm st\u0159edisk\u016fm v It\u00e1lii<\/span><\/a>\n                 <\/div>\n<\/p><\/div>\n<hr>\n<h2 id=\"p\u0159ehled-10-nejv\u011bt\u0161\u00edch-ly\u017ea\u0159sk\u00fdch-st\u0159edisek-v-it\u00e1lii\">P\u0159ehled 10 nejv\u011bt\u0161\u00edch ly\u017ea\u0159sk\u00fdch st\u0159edisek v It\u00e1lii<\/h2>\n\n<table id=\"tablepress-13\" class=\"tablepress tablepress-id-13\">\n<thead>\n<tr class=\"row-1\">\n\t<th class=\"column-1\"><strong>Ly\u017ea\u0159sk\u00e9 st\u0159edisko\/region<\/strong><br \/>\n<\/th><th class=\"column-2\"><strong>Kilometry sjezdovek<\/strong><br \/>\n<\/th><th class=\"column-3\"><strong>Nejvy\u0161\u0161\u00ed bod<\/strong><\/th>\n<\/tr>\n<\/thead>\n<tbody class=\"row-striping row-hover\">\n<tr class=\"row-2\">\n\t<td class=\"column-1\"><a href=\"https:\/\/www.snowtrex.cz\/italie\/sestriere\/lyzarske-stredisko.html\" target=\"_blank\" rel=\"noopener noreferrer\">Ly\u017ea\u0159sk\u00e9 st\u0159edisko Via Lattea<\/a><\/td><td class=\"column-2\">400 km<\/td><td class=\"column-3\">2.789 m<\/td>\n<\/tr>\n<tr class=\"row-3\">\n\t<td class=\"column-1\"><a href=\"https:\/\/www.snowtrex.cz\/svycarsko\/zermatt\/hotel_gornergrat-dorf\/lyzarsky-region.html\" target=\"_blank\" rel=\"noopener noreferrer\">Ly\u017ea\u0159sk\u00e9 st\u0159edisko Matterhorn Ski Paradise<\/a><\/td><td class=\"column-2\">322 km<\/td><td class=\"column-3\">3.899 m<\/td>\n<\/tr>\n<tr class=\"row-4\">\n\t<td class=\"column-1\">Ly\u017ea\u0159sk\u00e9 st\u0159edisko Gr\u00f6den\/Seiser Alm<\/td><td class=\"column-2\">178 km<\/td><td class=\"column-3\">2.518 m<\/td>\n<\/tr>\n<tr class=\"row-5\">\n\t<td class=\"column-1\"><a href=\"https:\/\/www.snowtrex.cz\/italie\/madonna_di_campiglio\/lyzarsky-region.html\" target=\"_blank\" rel=\"noopener noreferrer\">Ly\u017ea\u0159sk\u00e9 st\u0159edisko SkiArea Campiglio Dolomiti di Brenta<\/a><\/td><td class=\"column-2\">155 km<\/td><td class=\"column-3\">2.504 m<\/td>\n<\/tr>\n<tr class=\"row-6\">\n\t<td class=\"column-1\">Ly\u017ea\u0159sk\u00e9 st\u0159edisko Espace San Bernardo \u2013 La Rosi\u00e8re\/La Thuile<\/td><td class=\"column-2\">143 km<\/td><td class=\"column-3\">2.800 m<\/td>\n<\/tr>\n<tr class=\"row-7\">\n\t<td class=\"column-1\"><a href=\"https:\/\/www.snowtrex.cz\/italie\/gressoney_la_trinite\/lyzarske-stredisko.html\" target=\"_blank\" rel=\"noopener noreferrer\">Ly\u017ea\u0159sk\u00e9 st\u0159edisko Monterosa Ski<\/a><\/td><td class=\"column-2\">132 km<\/td><td class=\"column-3\">3.275 m<\/td>\n<\/tr>\n<tr class=\"row-8\">\n\t<td class=\"column-1\">Ly\u017ea\u0159sk\u00e9 st\u0159edisko Alta Badia<\/td><td class=\"column-2\">130 km<\/td><td class=\"column-3\">2.550 m<\/td>\n<\/tr>\n<tr class=\"row-9\">\n\t<td class=\"column-1\"><a href=\"https:\/\/www.snowtrex.cz\/italie\/kronplatz_jizni_tyrolsko\/lyzarske-stredisko.html\" target=\"_blank\" rel=\"noopener noreferrer\">Ly\u017ea\u0159sk\u00e9 st\u0159edisko Kronplatz<\/a><\/td><td class=\"column-2\">120 km<\/td><td class=\"column-3\">2.275 m<\/td>\n<\/tr>\n<tr class=\"row-10\">\n\t<td class=\"column-1\"><a href=\"https:\/\/www.snowtrex.cz\/italie\/cortina_dampezzo\/lyzarske-stredisko.html\" target=\"_blank\" rel=\"noopener noreferrer\">Ly\u017ea\u0159sk\u00e9 st\u0159edisko Cortina d\u2019Ampezzo<\/a><\/td><td class=\"column-2\">120 km<\/td><td class=\"column-3\">2.828 m<\/td>\n<\/tr>\n<tr class=\"row-11\">\n\t<td class=\"column-1\"><a href=\"https:\/\/www.snowtrex.cz\/italie\/livigno\/lyzarske-stredisko.html\" target=\"_blank\" rel=\"noopener noreferrer\">Ly\u017ea\u0159sk\u00e9 st\u0159edisko Livigno<\/a><\/td><td class=\"column-2\">115 km<\/td><td class=\"column-3\">2.798 m<\/td>\n<\/tr>\n<\/tbody>\n<\/table>\n<!-- #tablepress-13 from cache -->\n<p>P\u0159ehled: <a href=\"https:\/\/www.snowtrex.cz\/italie\/lyzarska_strediska.html\" target=\"_blank\" rel=\"noopener noreferrer\">V\u0161echna ly\u017ea\u0159sk\u00e1 st\u0159ediska v It\u00e1lii<\/a><\/p>\n<h2 id=\"1-ly\u017ea\u0159sk\u00e9-st\u0159edisko-via-lattea\">1. Ly\u017ea\u0159sk\u00e9 st\u0159edisko Via Lattea<\/h2>\n<p>Kilometry sjezdovek: 400 km<\/p>\n<p>Nadmo\u0159sk\u00e1 v\u00fd\u0161ka: a\u017e 2 789 m n. m.<\/p>\n<figure class=\"wp-block-embed-youtube wp-block-embed is-type-video is-provider-youtube wp-embed-aspect-16-9 wp-has-aspect-ratio\"><div class=\"lyte-wrapper\" title=\"Skiing the Milky Way 2020 (Sestriere\/Sauze d&amp;#039;Oulx\/Montgen&egrave;vre\/San Sicario\/Claviere)\" style=\"width:853px;max-width:100%;margin:5px auto;\"><div class=\"lyMe\" id=\"WYL_GQAUunXWr3s\" itemprop=\"video\" itemscope itemtype=\"https:\/\/schema.org\/VideoObject\"><div><meta itemprop=\"thumbnailUrl\" content=\"https:\/\/i.ytimg.com\/vi\/GQAUunXWr3s\/hqdefault.jpg\" \/><meta itemprop=\"embedURL\" content=\"https:\/\/www.youtube.com\/embed\/GQAUunXWr3s\" \/><meta itemprop=\"duration\" content=\"PT6M13S\" \/><meta itemprop=\"uploadDate\" content=\"2020-02-22T22:14:05Z\" \/><\/div><div id=\"lyte_GQAUunXWr3s\" data-src=\"https:\/\/i.ytimg.com\/vi\/GQAUunXWr3s\/hqdefault.jpg\" class=\"pL\"><div class=\"tC\"><div class=\"tT\" itemprop=\"name\">Skiing the Milky Way 2020 (Sestriere\/Sauze d&#039;Oulx\/Montgen\u00e8vre\/San Sicario\/Claviere)<\/div><\/div><div class=\"play\"><\/div><div class=\"ctrl\"><div class=\"Lctrl\"><\/div><div class=\"Rctrl\"><\/div><\/div><\/div><noscript><a href=\"http:\/\/youtu.be\/GQAUunXWr3s\" rel=\"nofollow\"><img loading=\"lazy\" decoding=\"async\" src=\"http:\/\/i.ytimg.com\/vi\/GQAUunXWr3s\/0.jpg\" alt=\"Skiing the Milky Way 2020 (Sestriere\/Sauze d&amp;#039;Oulx\/Montgen&egrave;vre\/San Sicario\/Claviere)\" width=\"853\" height=\"460\" \/><br \/>Watch this video on YouTube<\/a><\/noscript><meta itemprop=\"description\" content=\"Great skiing at the French-Italian border in the ski resort Vialattea (Milky Way). This international skiing area is also Italy\u00b4s biggest ski resort and has 400 km of slopes. It includes Sestriere, Sauze d\u2019Oulx, Oulx, Sansicario, Cesana, Pragelato, Claviere as well as the French Montgen\u00e8vre. Filmed in February 2020 using GoPro HERO8 Black.\"><\/div><\/div><div class=\"lL\" style=\"max-width:100%;width:853px;margin:5px auto;\"><br\/><span class=\"lyte_disclaimer\">Upozor\u0148ujeme tak\u00e9, \u017ee pou\u017e\u00edv\u00e1n\u00edm na\u0161ich slu\u017eeb a integrac\u00ed slu\u017eeb YouTube API plat\u00ed <a href=\"https:\/\/www.youtube.com\/t\/terms\">Smluvn\u00ed podm\u00ednky YouTube<\/a> a <a href=\"https:\/\/developers.google.com\/youtube\/terms\/api-services-terms-of-service-emea-de\">Smluvn\u00ed podm\u00ednky YouTube API<\/a> a va\u0161e pou\u017e\u00edv\u00e1n\u00ed na\u0161ich webov\u00fdch str\u00e1nek se pova\u017euje za souhlas s t\u011bmito podm\u00ednkami.<\/span><\/div><figcaption><\/figcaption><\/figure>\n<p>Via Lattea znamen\u00e1 v p\u0159ekladu &#8222;Ml\u00e9\u010dn\u00e1 dr\u00e1ha&#8220; a <a href=\"https:\/\/www.snowtrex.cz\/italie\/sestriere\/lyzarske-stredisko.html\" target=\"_blank\" rel=\"noopener noreferrer\">ly\u017ea\u0159sk\u00fd are\u00e1l Via Lattea<\/a> nedaleko <a href=\"https:\/\/www.snowtrex.cz\/italie\/sestriere\/lyzovani.html\" target=\"_blank\" rel=\"noopener noreferrer\">Sestriere<\/a> si tento n\u00e1zev svou rozlohou rozhodn\u011b zaslou\u017e\u00ed. V\u017edy\u0165 se sv\u00fdmi neuv\u011b\u0159iteln\u00fdmi 400 kilometry sjezdovek se rozkl\u00e1d\u00e1 na pomez\u00ed italsk\u00fdch a francouzsk\u00fdch Alp. Via Lattea je tak nejv\u011bt\u0161\u00ed ly\u017ea\u0159skou oblast\u00ed v It\u00e1lii. Celkem 71 vlek\u016f vyveze milovn\u00edky zimn\u00edch sport\u016f na vrcholy v nadmo\u0159sk\u00e9 v\u00fd\u0161ce a\u017e 2 789 metr\u016f. Ly\u017ea\u0159sk\u00e1 oblast zaujme tak\u00e9 z\u00e1bavn\u00fdmi d\u011btsk\u00fdmi are\u00e1ly, velk\u00fdmi snowparky, mnoha freeridov\u00fdmi sjezdovkami a mo\u017enost\u00ed heli-skiingu. Tento megalomansk\u00fd ly\u017ea\u0159sk\u00fd are\u00e1l se m\u016f\u017ee pochlubit tak\u00e9 n\u011bkolika velmi speci\u00e1ln\u00edmi sjezdovkami, jako jsou n\u00e1ro\u010dn\u00e9 trat\u011b Sv\u011btov\u00e9ho poh\u00e1ru a olympijsk\u00e9 trat\u011b.<\/p>\n<p>Ly\u017ea\u0159i a snowboardist\u00e9 se mohou t\u011b\u0161it na skute\u010dn\u00fd olympijsk\u00fd pocit na sjezdovce Pista Giovanni Agnelli, kde se v roce 2006 konal olympijsk\u00fd slalom. Technick\u00e1 infrastruktura kolem sjezdovky je natolik rozvinut\u00e1, \u017ee je d\u00edky osv\u011btlen\u00ed k dispozici zv\u011bdav\u00fdm milovn\u00edk\u016fm zimn\u00edch sport\u016f i ve dne a v noci. Milovn\u00edci sn\u011bhu tak mohou i pozd\u011b v noci napodobovat nejlep\u0161\u00ed sv\u011btov\u00e9 ly\u017ea\u0159e.<\/p>\n<p>&#8222;Ml\u00e9\u010dn\u00e1 dr\u00e1ha&#8220; &#8211; Via Lattea &#8211; a ly\u017ea\u0159sk\u00e9 st\u0159edisko Sestriere nab\u00edzej\u00ed tak\u00e9 \u0161irokou \u0161k\u00e1lu kulin\u00e1\u0159sk\u00fdch po\u017eitk\u016f, relaxa\u010dn\u00edch wellness za\u0159\u00edzen\u00ed a \u010detn\u00e9 z\u00e1bavn\u00e9 aktivity mimo alpsk\u00e9 sjezdovky, kde si ka\u017ed\u00fd rekreant zaru\u010den\u011b p\u0159ijde na sv\u00e9.<\/p>\n<h2 id=\"2-ly\u017ea\u0159sk\u00e9-st\u0159edisko-matterhorn-ski-paradise\">2. Ly\u017ea\u0159sk\u00e9 st\u0159edisko Matterhorn Ski Paradise<\/h2>\n<p>Kilometry sjezdovek: 322 km<\/p>\n<p>Nadmo\u0159sk\u00e1 v\u00fd\u0161ka: a\u017e 3 899 m n. m.<\/p>\n<p>Ne, <a href=\"https:\/\/www.snowtrex.cz\/svycarsko\/zermatt\/lyzovani.html\" target=\"_blank\" rel=\"noopener noreferrer\">Zermatt<\/a> u Matterhornu nyn\u00ed nen\u00ed v It\u00e1lii. Nicm\u00e9n\u011b ly\u017ea\u0159sk\u00e9 st\u0159edisko na sv\u011btozn\u00e1m\u00e9 ho\u0159e se nach\u00e1z\u00ed nejen ve \u0160v\u00fdcarsku, ale tak\u00e9 v It\u00e1lii. <a href=\"https:\/\/www.snowtrex.cz\/svycarsko\/zermatt\/hotel_gornergrat-dorf\/lyzarsky-region.html\" target=\"_blank\" rel=\"noopener noreferrer\">Ly\u017ea\u0159sk\u00fd r\u00e1j Matterhorn<\/a>, kter\u00fd se nach\u00e1z\u00ed mezi m\u011bsty Zermatt, Breuil-Cervinia a Valtournenche, nab\u00edz\u00ed celkem 322 kilometr\u016f sjezdovek v nadmo\u0159sk\u00e9 v\u00fd\u0161ce a\u017e 3 899 metr\u016f.<\/p>\n<p>Tato obrovsk\u00e1 oblast je z\u00e1rove\u0148 nejv\u00fd\u0161e polo\u017eenou ly\u017ea\u0159skou oblast\u00ed v obou zem\u00edch. Sjezdovky jsou rozd\u011bleny na 75 modr\u00fdch, 220 \u010derven\u00fdch a 27 \u010dern\u00fdch kilometr\u016f sjezdovek. Milovn\u00edci aktivn\u00edch zimn\u00edch sport\u016f si mohou u\u017e\u00edt \u0161irokou \u0161k\u00e1lu sjezdovek s r\u016fzn\u00fdmi stupni obt\u00ed\u017enosti nebo str\u00e1vit den ve snowparc\u00edch se spoustou p\u0159ek\u00e1\u017eek, na n\u011bkter\u00fdch pomal\u00fdch sjezdovk\u00e1ch pro za\u010d\u00e1te\u010dn\u00edky a ve v\u00edce ne\u017e 50 horsk\u00fdch chat\u00e1ch, kter\u00e9 vyb\u00edzej\u00ed k zastaven\u00ed a posezen\u00ed.<\/p>\n<p>Sv\u011btozn\u00e1m\u00e9 Matterhorn Ski Safari je zde tak\u00e9 vrcholem sjezdovek. Sjezdovky koneckonc\u016f nab\u00edzej\u00ed \u0161irokou \u0161k\u00e1lu panoramatick\u00fdch v\u00fdhled\u016f na ly\u017ea\u0159skou oblast. A zku\u0161en\u00ed ly\u017ea\u0159i mohou celou trasu absolvovat i za jeden den. Samotn\u00e1 t\u00fara vede po dvou r\u016fzn\u00fdch tras\u00e1ch (Safari Silver a Safari Gold) nap\u0159\u00ed\u010d p\u0159eshrani\u010dn\u00ed ly\u017ea\u0159skou oblast\u00ed a p\u0159ekon\u00e1v\u00e1 a\u017e 12 500 v\u00fd\u0161kov\u00fdch metr\u016f.<\/p>\n<div class=\"tt-post-image-wrapper tt-post-image-wrapper-full\">\n            <div class=\"tt-image-copyright-container\">\n                <a href=\"https:\/\/www.snowtrex.cz\/magazin\/files\/2024\/09\/RS16500_shutterstock_1097881937-scr.jpg\" target=\"_blank\" rel=\"noopener\"><img loading=\"lazy\" decoding=\"async\" data-wrapped=\"true\" class=\"wp-image-52269 size-Artikelbild_gro\u00df\" title=\"Fantastick\u00fd v\u00fdhled na okoln\u00ed hory v italsk\u00e9 \u010d\u00e1sti ly\u017ea\u0159sk\u00e9 oblasti Matterhorn Ski Paradise\" src=\"https:\/\/www.snowtrex.cz\/magazin\/files\/2024\/09\/RS16500_shutterstock_1097881937-scr-729x486.jpg\" alt=\"Fantastick\u00fd v\u00fdhled na okoln\u00ed hory v italsk\u00e9 \u010d\u00e1sti ly\u017ea\u0159sk\u00e9 oblasti Matterhorn Ski Paradise\" width=\"729\" height=\"486\" srcset=\"https:\/\/www.snowtrex.cz\/magazin\/files\/2024\/09\/RS16500_shutterstock_1097881937-scr-729x486.jpg 729w, https:\/\/www.snowtrex.cz\/magazin\/files\/2024\/09\/RS16500_shutterstock_1097881937-scr-290x193.jpg 290w, https:\/\/www.snowtrex.cz\/magazin\/files\/2024\/09\/RS16500_shutterstock_1097881937-scr-728x485.jpg 728w, https:\/\/www.snowtrex.cz\/magazin\/files\/2024\/09\/RS16500_shutterstock_1097881937-scr-768x512.jpg 768w, https:\/\/www.snowtrex.cz\/magazin\/files\/2024\/09\/RS16500_shutterstock_1097881937-scr-468x312.jpg 468w, https:\/\/www.snowtrex.cz\/magazin\/files\/2024\/09\/RS16500_shutterstock_1097881937-scr-300x200.jpg 300w, https:\/\/www.snowtrex.cz\/magazin\/files\/2024\/09\/RS16500_shutterstock_1097881937-scr-999x666.jpg 999w, https:\/\/www.snowtrex.cz\/magazin\/files\/2024\/09\/RS16500_shutterstock_1097881937-scr-645x430.jpg 645w, https:\/\/www.snowtrex.cz\/magazin\/files\/2024\/09\/RS16500_shutterstock_1097881937-scr-552x368.jpg 552w, https:\/\/www.snowtrex.cz\/magazin\/files\/2024\/09\/RS16500_shutterstock_1097881937-scr-405x270.jpg 405w, https:\/\/www.snowtrex.cz\/magazin\/files\/2024\/09\/RS16500_shutterstock_1097881937-scr-336x224.jpg 336w, https:\/\/www.snowtrex.cz\/magazin\/files\/2024\/09\/RS16500_shutterstock_1097881937-scr-276x184.jpg 276w, https:\/\/www.snowtrex.cz\/magazin\/files\/2024\/09\/RS16500_shutterstock_1097881937-scr-234x156.jpg 234w, https:\/\/www.snowtrex.cz\/magazin\/files\/2024\/09\/RS16500_shutterstock_1097881937-scr-192x128.jpg 192w, https:\/\/www.snowtrex.cz\/magazin\/files\/2024\/09\/RS16500_shutterstock_1097881937-scr-120x80.jpg 120w, https:\/\/www.snowtrex.cz\/magazin\/files\/2024\/09\/RS16500_shutterstock_1097881937-scr-774x516.jpg 774w, https:\/\/www.snowtrex.cz\/magazin\/files\/2024\/09\/RS16500_shutterstock_1097881937-scr-2x1.jpg 2w, https:\/\/www.snowtrex.cz\/magazin\/files\/2024\/09\/RS16500_shutterstock_1097881937-scr.jpg 1440w\" sizes=\"(min-width: 1009px) 729px, (min-width: 819px) 594px, (min-width: 569px) 729px, (min-width: 449px) 468px, 348px\" \/><\/a><div class=\"tt-image-copyright\" data-image-id=\"52269\">\u00a9 Tatsuo Nakamura\/shutterstock.de<\/div>\n            <\/div>\n            <div class=\"tt-post-caption\">Fantastick\u00fd v\u00fdhled na okoln\u00ed hory v italsk\u00e9 \u010d\u00e1sti ly\u017ea\u0159sk\u00e9 oblasti Matterhorn Ski Paradise<\/div>\n         <\/div > \n<h2 id=\"3-ly\u017ea\u0159sk\u00e9-st\u0159edisko-val-gardenaalpe-di-siusi\">3. Ly\u017ea\u0159sk\u00e9 st\u0159edisko Val Gardena\/Alpe di Siusi<\/h2>\n<p>Kilometry sjezdovek: 178 km<\/p>\n<p>Nadmo\u0159sk\u00e1 v\u00fd\u0161ka: a\u017e 2 518 m n. m.<\/p>\n<p>Ly\u017ea\u0159sk\u00e1 oblast Val Gardena\/Alpe di Siusi se rozkl\u00e1d\u00e1 v okol\u00ed obc\u00ed <a href=\"https:\/\/www.snowtrex.cz\/italie\/st._ulrich\/lyzovani.html\" target=\"_blank\" rel=\"noopener noreferrer\">Ortisei<\/a>, <a href=\"https:\/\/www.snowtrex.cz\/italie\/st._christina\/lyzovani.html\" target=\"_blank\" rel=\"noopener noreferrer\">Santa Cristina<\/a> a <a href=\"https:\/\/www.snowtrex.cz\/italie\/wolkenstein\/lyzovani.html\" target=\"_blank\" rel=\"noopener noreferrer\">Selva<\/a>. Se sv\u00fdmi 178 kilometry sjezdovek je nejv\u011bt\u0161\u00ed ly\u017ea\u0159skou oblast\u00ed v Ji\u017en\u00edm Tyrolsku, a je proto obklopena velkolepou horskou scen\u00e9ri\u00ed Dolomit. Sjezdovky jsou rozmanit\u00e9, vhodn\u00e9 pro rodiny s d\u011btmi, dob\u0159e zasn\u011b\u017een\u00e9 a le\u017e\u00ed v nadmo\u0159sk\u00e9 v\u00fd\u0161ce a\u017e 2 518 metr\u016f. D\u00edky rozlehlosti a \u00fatuln\u00fdm ly\u017ea\u0159sk\u00fdm chat\u00e1m na okraji sjezdovek mohou ly\u017ea\u0159i v klidu sj\u00ed\u017ed\u011bt svah za svahem. Milovn\u00edci zimy zde naraz\u00ed na mnoho sjezdovkov\u00fdch atrakc\u00ed, jako je nap\u0159\u00edklad slavn\u00e1 sjezdovka sv\u011btov\u00e9ho poh\u00e1ru &#8222;Saslong&#8220; a \u0159ada snowpark\u016f.<\/p>\n<p>V ly\u017ea\u0159sk\u00e9 oblasti Val Gardena\/Alpe di Siusi se nach\u00e1z\u00ed tak\u00e9 z\u00e1bavn\u00ed are\u00e1l, kter\u00fd byl uzn\u00e1n za nejlep\u0161\u00ed snowpark v It\u00e1lii. V\u0161ichni p\u0159\u00edznivci freestylu, od zv\u011bdav\u00fdch za\u010d\u00e1te\u010dn\u00edk\u016f a\u017e po italsk\u00e9 profesion\u00e1ln\u00ed freestylisty, zde mohou tr\u00e9novat, testovat a zdokonalovat sv\u00e9 triky na lehk\u00e9 a st\u0159edn\u00ed trati.<\/p>\n<div class=\"tt-post-image-wrapper tt-post-image-wrapper-full\">\n            <div class=\"tt-image-copyright-container\">\n                <a href=\"https:\/\/www.snowtrex.cz\/magazin\/files\/2024\/09\/RS4901_shutterstock_306625379-scr.jpg\" target=\"_blank\" rel=\"noopener\"><img loading=\"lazy\" decoding=\"async\" data-wrapped=\"true\" class=\"wp-image-52270 size-Artikelbild_gro\u00df\" title=\"Z ly\u017ea\u0159sk\u00e9ho are\u00e1lu Val Gardena\/Alpe di Siusi se milovn\u00edci zimn\u00edch sport\u016f mohou kochat v\u00fdhledem na n\u00e1dhern\u00e9 horsk\u00e9 vrcholy\" src=\"https:\/\/www.snowtrex.cz\/magazin\/files\/2024\/09\/RS4901_shutterstock_306625379-scr-729x486.jpg\" alt=\"Z ly\u017ea\u0159sk\u00e9ho are\u00e1lu Val Gardena\/Alpe di Siusi se milovn\u00edci zimn\u00edch sport\u016f mohou kochat v\u00fdhledem na n\u00e1dhern\u00e9 horsk\u00e9 vrcholy\" width=\"729\" height=\"486\" srcset=\"https:\/\/www.snowtrex.cz\/magazin\/files\/2024\/09\/RS4901_shutterstock_306625379-scr-729x486.jpg 729w, https:\/\/www.snowtrex.cz\/magazin\/files\/2024\/09\/RS4901_shutterstock_306625379-scr-468x312.jpg 468w, https:\/\/www.snowtrex.cz\/magazin\/files\/2024\/09\/RS4901_shutterstock_306625379-scr-300x200.jpg 300w, https:\/\/www.snowtrex.cz\/magazin\/files\/2024\/09\/RS4901_shutterstock_306625379-scr-999x666.jpg 999w, https:\/\/www.snowtrex.cz\/magazin\/files\/2024\/09\/RS4901_shutterstock_306625379-scr-645x430.jpg 645w, https:\/\/www.snowtrex.cz\/magazin\/files\/2024\/09\/RS4901_shutterstock_306625379-scr-552x368.jpg 552w, https:\/\/www.snowtrex.cz\/magazin\/files\/2024\/09\/RS4901_shutterstock_306625379-scr-405x270.jpg 405w, https:\/\/www.snowtrex.cz\/magazin\/files\/2024\/09\/RS4901_shutterstock_306625379-scr-336x224.jpg 336w, https:\/\/www.snowtrex.cz\/magazin\/files\/2024\/09\/RS4901_shutterstock_306625379-scr-276x184.jpg 276w, https:\/\/www.snowtrex.cz\/magazin\/files\/2024\/09\/RS4901_shutterstock_306625379-scr-234x156.jpg 234w, https:\/\/www.snowtrex.cz\/magazin\/files\/2024\/09\/RS4901_shutterstock_306625379-scr-192x128.jpg 192w, https:\/\/www.snowtrex.cz\/magazin\/files\/2024\/09\/RS4901_shutterstock_306625379-scr-120x80.jpg 120w, https:\/\/www.snowtrex.cz\/magazin\/files\/2024\/09\/RS4901_shutterstock_306625379-scr-774x516.jpg 774w, https:\/\/www.snowtrex.cz\/magazin\/files\/2024\/09\/RS4901_shutterstock_306625379-scr-2x1.jpg 2w\" sizes=\"(min-width: 1009px) 729px, (min-width: 819px) 594px, (min-width: 569px) 729px, (min-width: 449px) 468px, 348px\" \/><\/a><div class=\"tt-image-copyright\" data-image-id=\"52270\">\u00a9 nikolpetr\/shutterstock.de<\/div>\n            <\/div>\n            <div class=\"tt-post-caption\">Z ly\u017ea\u0159sk\u00e9ho are\u00e1lu Val Gardena\/Alpe di Siusi se milovn\u00edci zimn\u00edch sport\u016f mohou kochat v\u00fdhledem na n\u00e1dhern\u00e9 horsk\u00e9 vrcholy.<\/div>\n         <\/div > \n<h2 id=\"4-ly\u017ea\u0159sk\u00e9-st\u0159edisko-skiarea-campiglio-dolomiti-di-brenta\">4. Ly\u017ea\u0159sk\u00e9 st\u0159edisko SkiArea Campiglio Dolomiti di Brenta<\/h2>\n<p>Kilometry sjezdovek: 155 km<\/p>\n<p>Nadmo\u0159sk\u00e1 v\u00fd\u0161ka: a\u017e 2 504 m n. m.<\/p>\n<figure class=\"wp-block-embed-youtube wp-block-embed is-type-video is-provider-youtube wp-embed-aspect-16-9 wp-has-aspect-ratio\"><div class=\"lyte-wrapper\" title=\"Inverno 2020-21: i nostri atleti\" style=\"width:853px;max-width:100%;margin:5px auto;\"><div class=\"lyMe\" id=\"WYL_r3paRAOXcI8\" itemprop=\"video\" itemscope itemtype=\"https:\/\/schema.org\/VideoObject\"><div><meta itemprop=\"thumbnailUrl\" content=\"https:\/\/i.ytimg.com\/vi\/r3paRAOXcI8\/hqdefault.jpg\" \/><meta itemprop=\"embedURL\" content=\"https:\/\/www.youtube.com\/embed\/r3paRAOXcI8\" \/><meta itemprop=\"duration\" content=\"PT1M50S\" \/><meta itemprop=\"uploadDate\" content=\"2021-03-19T16:11:16Z\" \/><\/div><div id=\"lyte_r3paRAOXcI8\" data-src=\"https:\/\/i.ytimg.com\/vi\/r3paRAOXcI8\/hqdefault.jpg\" class=\"pL\"><div class=\"tC\"><div class=\"tT\" itemprop=\"name\">Inverno 2020-21: i nostri atleti<\/div><\/div><div class=\"play\"><\/div><div class=\"ctrl\"><div class=\"Lctrl\"><\/div><div class=\"Rctrl\"><\/div><\/div><\/div><noscript><a href=\"http:\/\/youtu.be\/r3paRAOXcI8\" rel=\"nofollow\"><img loading=\"lazy\" decoding=\"async\" src=\"http:\/\/i.ytimg.com\/vi\/r3paRAOXcI8\/0.jpg\" alt=\"Inverno 2020-21: i nostri atleti\" width=\"853\" height=\"460\" \/><br \/>Watch this video on YouTube<\/a><\/noscript><meta itemprop=\"description\" content=\"Da sempre crediamo che lo sci non sia solo divertimento ma una vera scuola di vita e per questo siamo stati al fianco dei nostri piccoli atleti, i campioni di domani durante tutta questa stagione invernale decisamente anomala. Torneremo a far divertire anche voi\u2026 Sar\u00e0 bellissimo \u201criabbracciarvi\u201d tutti sulle piste della Skiarea Campiglio Dolomiti di Brenta.\"><\/div><\/div><div class=\"lL\" style=\"max-width:100%;width:853px;margin:5px auto;\"><br\/><span class=\"lyte_disclaimer\">Upozor\u0148ujeme tak\u00e9, \u017ee pou\u017e\u00edv\u00e1n\u00edm na\u0161ich slu\u017eeb a integrac\u00ed slu\u017eeb YouTube API plat\u00ed <a href=\"https:\/\/www.youtube.com\/t\/terms\">Smluvn\u00ed podm\u00ednky YouTube<\/a> a <a href=\"https:\/\/developers.google.com\/youtube\/terms\/api-services-terms-of-service-emea-de\">Smluvn\u00ed podm\u00ednky YouTube API<\/a> a va\u0161e pou\u017e\u00edv\u00e1n\u00ed na\u0161ich webov\u00fdch str\u00e1nek se pova\u017euje za souhlas s t\u011bmito podm\u00ednkami.<\/span><\/div><figcaption><\/figcaption><\/figure>\n<p>Ly\u017ea\u0159sk\u00e1 st\u0159ediska <a href=\"https:\/\/www.snowtrex.cz\/italie\/madonna_di_campiglio\/lyzarske-stredisko.html\" target=\"_blank\" rel=\"noopener noreferrer\">Madonna di Campiglio<\/a>, <a href=\"https:\/\/www.snowtrex.cz\/italie\/pinzolo_madonna_di_campiglio\/lyzovani.html\" target=\"_blank\" rel=\"noopener noreferrer\">Pinzolo<\/a>, Folg\u00e0rida a <a href=\"https:\/\/www.snowtrex.cz\/italie\/marilleva_1400\/lyzovani.html\" target=\"_blank\" rel=\"noopener noreferrer\">Marilleva<\/a> tvo\u0159\u00ed <a href=\"https:\/\/www.snowtrex.cz\/italie\/madonna_di_campiglio\/lyzarsky-region.html\" target=\"_blank\" rel=\"noopener noreferrer\">ly\u017ea\u0159skou oblast SkiArea Campiglio Dolomiti di Brenta<\/a>, kter\u00e1 zahrnuje 155 kilometr\u016f sjezdovek. Milovn\u00edci zimn\u00edch sport\u016f se mohou t\u011b\u0161it na rozmanit\u00e9 sjezdovky a p\u011bt snowpark\u016f v nadmo\u0159sk\u00e9 v\u00fd\u0161ce a\u017e 2 504 metr\u016f, kter\u00e9 se nach\u00e1zej\u00ed v jihotyrolsk\u00fdch Dolomitech. Region se vyzna\u010duje tak\u00e9 \u00fachvatn\u00fdm panoramatem, kter\u00e9mu dominuj\u00ed tmav\u00e9 jehli\u010dnat\u00e9 lesy a gigantick\u00e9 vrcholky Dolomit.<\/p>\n<p>Zvl\u00e1\u0161t\u011b elegantn\u00ed je samoz\u0159ejm\u011b luxusn\u00ed ly\u017ea\u0159sk\u00e9 st\u0159edisko Madonna di Campiglio, kter\u00e9 je d\u00edky sv\u00fdm luxusn\u00edm butik\u016fm a elegantn\u00edm bar\u016fm a kav\u00e1rn\u00e1m obl\u00edben\u00fdm zimn\u00edm c\u00edlem celebrit z cel\u00e9ho sv\u011bta. V kombinaci s n\u00e1dhern\u00fdmi m\u011bste\u010dky je dnes cel\u00e1 ly\u017ea\u0159sk\u00e1 oblast jedn\u00edm z nejobl\u00edben\u011bj\u0161\u00edch ly\u017ea\u0159sk\u00fdch st\u0159edisek v It\u00e1lii, a proto v\u017edy stoj\u00ed za n\u00e1v\u0161t\u011bvu.<\/p>\n<h2 id=\"5-ly\u017ea\u0159sk\u00e9-st\u0159edisko-espace-san-bernardo---la-rosi\u00e8rela-thuile\">5. Ly\u017ea\u0159sk\u00e9 st\u0159edisko Espace San Bernardo &#8211; La Rosi\u00e8re\/La Thuile<\/h2>\n<p>Kilometry sjezdovek: 143 km<\/p>\n<p>Nadmo\u0159sk\u00e1 v\u00fd\u0161ka: a\u017e 2 800 m n. m.<\/p>\n<figure class=\"wp-block-embed-youtube wp-block-embed is-type-video is-provider-youtube wp-embed-aspect-16-9 wp-has-aspect-ratio\"><div class=\"lyte-wrapper\" title=\"Les activit&eacute;s &agrave; faire &agrave; La Rosi&egrave;re \ud83d\uddfb\u2744\" style=\"width:853px;max-width:100%;margin:5px auto;\"><div class=\"lyMe\" id=\"WYL_hl7WkubHAN4\" itemprop=\"video\" itemscope itemtype=\"https:\/\/schema.org\/VideoObject\"><div><meta itemprop=\"thumbnailUrl\" content=\"https:\/\/i.ytimg.com\/vi\/hl7WkubHAN4\/hqdefault.jpg\" \/><meta itemprop=\"embedURL\" content=\"https:\/\/www.youtube.com\/embed\/hl7WkubHAN4\" \/><meta itemprop=\"duration\" content=\"PT1M\" \/><meta itemprop=\"uploadDate\" content=\"2021-01-21T09:21:15Z\" \/><\/div><div id=\"lyte_hl7WkubHAN4\" data-src=\"https:\/\/i.ytimg.com\/vi\/hl7WkubHAN4\/hqdefault.jpg\" class=\"pL\"><div class=\"tC\"><div class=\"tT\" itemprop=\"name\">Les activit\u00e9s \u00e0 faire \u00e0 La Rosi\u00e8re \ud83d\uddfb\u2744<\/div><\/div><div class=\"play\"><\/div><div class=\"ctrl\"><div class=\"Lctrl\"><\/div><div class=\"Rctrl\"><\/div><\/div><\/div><noscript><a href=\"http:\/\/youtu.be\/hl7WkubHAN4\" rel=\"nofollow\"><img loading=\"lazy\" decoding=\"async\" src=\"http:\/\/i.ytimg.com\/vi\/hl7WkubHAN4\/0.jpg\" alt=\"Les activit&eacute;s &agrave; faire &agrave; La Rosi&egrave;re \ud83d\uddfb\u2744\" width=\"853\" height=\"460\" \/><br \/>Watch this video on YouTube<\/a><\/noscript><meta itemprop=\"description\" content=\"D\u00e9couvrez toutes les activit\u00e9s \u00e0 pratiquer \u00e0 La Rosi\u00e8re (m\u00eame sans remont\u00e9es m\u00e9caniques) \u2744\ud83d\udef7\u2603\ud83c\udfbf\"><\/div><\/div><div class=\"lL\" style=\"max-width:100%;width:853px;margin:5px auto;\"><br\/><span class=\"lyte_disclaimer\">Upozor\u0148ujeme tak\u00e9, \u017ee pou\u017e\u00edv\u00e1n\u00edm na\u0161ich slu\u017eeb a integrac\u00ed slu\u017eeb YouTube API plat\u00ed <a href=\"https:\/\/www.youtube.com\/t\/terms\">Smluvn\u00ed podm\u00ednky YouTube<\/a> a <a href=\"https:\/\/developers.google.com\/youtube\/terms\/api-services-terms-of-service-emea-de\">Smluvn\u00ed podm\u00ednky YouTube API<\/a> a va\u0161e pou\u017e\u00edv\u00e1n\u00ed na\u0161ich webov\u00fdch str\u00e1nek se pova\u017euje za souhlas s t\u011bmito podm\u00ednkami.<\/span><\/div><figcaption><\/figcaption><\/figure>\n<p>Ly\u017ea\u0159sk\u00fd are\u00e1l Espace San Bernardo &#8211; La Rosi\u00e8re\/La Thuile je tak\u00e9 jednou z p\u0159eshrani\u010dn\u00edch zasn\u011b\u017eovan\u00fdch oblast\u00ed. Milovn\u00edci zimn\u00edch sport\u016f zde ly\u017euj\u00ed na italsk\u00fdch a francouzsk\u00fdch sjezdovk\u00e1ch. Ly\u017ea\u0159sk\u00fd are\u00e1l zahrnuje celkem 143 kilometr\u016f sjezdovek a 38 vlek\u016f a nach\u00e1z\u00ed se p\u0159ev\u00e1\u017en\u011b na ji\u017en\u00ed horsk\u00e9 terase, odkud je v\u00fdhled na \u00fachvatn\u00e9 horsk\u00e9 panorama. Tato poloha tak\u00e9 zaji\u0161\u0165uje odolnost v\u016f\u010di pov\u011btrnostn\u00edm vliv\u016fm, co\u017e v kombinaci s v\u00edce ne\u017e 400 sn\u011bhov\u00fdmi d\u011bly zaru\u010duje sn\u00edh a z\u00e1bavu na sjezdovk\u00e1ch a\u017e do pozdn\u00edho jara.<\/p>\n<p>Za\u010d\u00e1te\u010dn\u00edci, pokro\u010dil\u00ed ly\u017ea\u0159i, freestylist\u00e9 a freeride\u0159i mohou na rozmanit\u00fdch sjezdovk\u00e1ch ly\u017ea\u0159sk\u00e9ho are\u00e1lu a v jeho okol\u00ed objevovat mnoho zaj\u00edmavost\u00ed. Krom\u011b dvou slalomov\u00fdch stadion\u016f, snowparku a dvou funcrossov\u00fdch are\u00e1l\u016f nab\u00edz\u00ed tento zimn\u00ed r\u00e1j tak\u00e9 bezpe\u010dnou freeridovou z\u00f3nu. Zde se odv\u00e1\u017en\u00ed vyznava\u010di pra\u0161anu proh\u00e1n\u011bj\u00ed v nedot\u010den\u00e9m hlubok\u00e9m sn\u011bhu a cel\u00e1 z\u00f3na je tak\u00e9 h\u0159i\u0161t\u011bm pro dal\u0161\u00ed dv\u011b speci\u00e1ln\u00ed ak\u010dn\u00ed aktivity: Heliskiing a snowkiting. P\u0159i prvn\u00edm z nich mohou ti nejodv\u00e1\u017en\u011bj\u0161\u00ed fanou\u0161ci sn\u011bhu l\u00e9tat vrtuln\u00edkem nad odlehl\u00fdmi oblastmi Alp, nechat se vysadit na velkolep\u00fdch vrcholech a zdol\u00e1vat nedot\u010den\u00e9 svahy daleko od ruchu b\u011b\u017en\u00fdch sjezdovek. V La Thuile se nach\u00e1z\u00ed tak\u00e9 rozs\u00e1hl\u00e1 oblast vhodn\u00e1 pro snowkiting, tedy zimn\u00ed kitesurfing.<\/p>\n<h2 id=\"6-ly\u017ea\u0159sk\u00e9-st\u0159edisko-monterosa\">6. Ly\u017ea\u0159sk\u00e9 st\u0159edisko Monterosa<\/h2>\n<p>Kilometry sjezdovek: 132 km<\/p>\n<p>Nadmo\u0159sk\u00e1 v\u00fd\u0161ka: a\u017e 3 275 m n. m.<\/p>\n<p><a href=\"https:\/\/www.snowtrex.cz\/italie\/gressoney_la_trinite\/lyzarske-stredisko.html\" target=\"_blank\" rel=\"noopener noreferrer\">Ly\u017ea\u0159sk\u00e1 oblast Monterosa<\/a> na \u00fapat\u00ed masivu Monte Rosa spojuje t\u0159i \u00fadol\u00ed a sedm ly\u017ea\u0159sk\u00fdch are\u00e1l\u016f kolem vesnic Alagna Valsesia, <a href=\"https:\/\/www.snowtrex.cz\/italie\/gressoney_la_trinite\/lyzovani.html\" target=\"_blank\" rel=\"noopener noreferrer\">Gressoney-La-Trinit\u00e9<\/a>, Champoluc a Frachey. V\u00fdsledkem je 132 kilometr\u016f nejlep\u0161\u00edch sjezdovek pro v\u0161echny \u00farovn\u011b pokro\u010dilosti. Pat\u0159\u00ed mezi n\u011b legend\u00e1rn\u00ed sjezdovky, jako je &#8222;Punta Indren&#8220;, kde mohou milovn\u00edci zimn\u00edch sport\u016f p\u0159ekonat v\u00fd\u0161kov\u00fd rozd\u00edl 2 000 metr\u016f. Krom\u011b toho nab\u00edzej\u00ed snowparky, d\u011btsk\u00e9 are\u00e1ly, z\u00e1vodn\u00ed trat\u011b a \u00fatuln\u00e9 chaty spoustu rozmanitosti na svaz\u00edch Monterosa Ski.<\/p>\n<p>Ly\u017ea\u0159sk\u00e9 st\u0159edisko je tak\u00e9 sv\u011btov\u011b proslul\u00e9 sv\u00fdmi rozs\u00e1hl\u00fdmi freeridov\u00fdmi are\u00e1ly. Zejm\u00e9na v oblasti kolem Alagny \u010dekaj\u00ed na milovn\u00edky pra\u0161anu \u0161irok\u00e9, nedot\u010den\u00e9 svahy s hlubok\u00fdm sn\u011bhem. Zde m\u016f\u017eete pod prkny c\u00edtit vzdu\u0161n\u00fd sn\u011bhov\u00fd pra\u0161an, sk\u00e1kat, shredovat a u\u017e\u00edvat si n\u00e1dhern\u00e9 rozlohy zimn\u00ed \u0159\u00ed\u0161e div\u016f. Nab\u00eddku freeridu na Monte Rosa dopl\u0148uje mo\u017enost heliskiingu.<\/p>\n<p>Ale to nen\u00ed v\u0161echno. Ly\u017ea\u0159sk\u00fd are\u00e1l dopl\u0148uje svou sportovn\u00ed nab\u00eddku na sjezdovce i v hlubok\u00e9m sn\u011bhu dv\u011bma kr\u00e1sn\u00fdmi p\u0159\u00edrodn\u00edmi kluzi\u0161ti, ak\u010dn\u00edmi s\u00e1\u0148ka\u0159sk\u00fdmi dr\u00e1hami, \u00fachvatn\u00fdmi turistick\u00fdmi stezkami a \u0159adou b\u011b\u017eeck\u00fdch tras.<\/p>\n<div class=\"tt-post-image-wrapper tt-post-image-wrapper-full\">\n            <div class=\"tt-image-copyright-container\">\n                <a href=\"https:\/\/www.snowtrex.cz\/magazin\/files\/2024\/09\/RS21585_shutterstock_528803266-scr.jpg\" target=\"_blank\" rel=\"noopener\"><img loading=\"lazy\" decoding=\"async\" data-wrapped=\"true\" class=\"wp-image-52271 size-Artikelbild_gro\u00df\" title=\"Za ide\u00e1ln\u00edch pov\u011btrnostn\u00edch podm\u00ednek mohou milovn\u00edci zimn\u00edch sport\u016f v ly\u017ea\u0159sk\u00e9 oblasti Monterosa ly\u017eovat skute\u010dn\u011b nad mraky\" src=\"https:\/\/www.snowtrex.cz\/magazin\/files\/2024\/09\/RS21585_shutterstock_528803266-scr-729x486.jpg\" alt=\"Za ide\u00e1ln\u00edch pov\u011btrnostn\u00edch podm\u00ednek mohou milovn\u00edci zimn\u00edch sport\u016f v ly\u017ea\u0159sk\u00e9 oblasti Monterosa ly\u017eovat skute\u010dn\u011b nad mraky\" width=\"729\" height=\"486\" srcset=\"https:\/\/www.snowtrex.cz\/magazin\/files\/2024\/09\/RS21585_shutterstock_528803266-scr-729x486.jpg 729w, https:\/\/www.snowtrex.cz\/magazin\/files\/2024\/09\/RS21585_shutterstock_528803266-scr-468x312.jpg 468w, https:\/\/www.snowtrex.cz\/magazin\/files\/2024\/09\/RS21585_shutterstock_528803266-scr-300x200.jpg 300w, https:\/\/www.snowtrex.cz\/magazin\/files\/2024\/09\/RS21585_shutterstock_528803266-scr-999x666.jpg 999w, https:\/\/www.snowtrex.cz\/magazin\/files\/2024\/09\/RS21585_shutterstock_528803266-scr-645x430.jpg 645w, https:\/\/www.snowtrex.cz\/magazin\/files\/2024\/09\/RS21585_shutterstock_528803266-scr-552x368.jpg 552w, https:\/\/www.snowtrex.cz\/magazin\/files\/2024\/09\/RS21585_shutterstock_528803266-scr-405x270.jpg 405w, https:\/\/www.snowtrex.cz\/magazin\/files\/2024\/09\/RS21585_shutterstock_528803266-scr-336x224.jpg 336w, https:\/\/www.snowtrex.cz\/magazin\/files\/2024\/09\/RS21585_shutterstock_528803266-scr-276x184.jpg 276w, https:\/\/www.snowtrex.cz\/magazin\/files\/2024\/09\/RS21585_shutterstock_528803266-scr-234x156.jpg 234w, https:\/\/www.snowtrex.cz\/magazin\/files\/2024\/09\/RS21585_shutterstock_528803266-scr-192x128.jpg 192w, https:\/\/www.snowtrex.cz\/magazin\/files\/2024\/09\/RS21585_shutterstock_528803266-scr-120x80.jpg 120w, https:\/\/www.snowtrex.cz\/magazin\/files\/2024\/09\/RS21585_shutterstock_528803266-scr-774x516.jpg 774w, https:\/\/www.snowtrex.cz\/magazin\/files\/2024\/09\/RS21585_shutterstock_528803266-scr-2x1.jpg 2w\" sizes=\"(min-width: 1009px) 729px, (min-width: 819px) 594px, (min-width: 569px) 729px, (min-width: 449px) 468px, 348px\" \/><\/a><div class=\"tt-image-copyright\" data-image-id=\"52271\">\u00a9 Luciano Fochi\/shutterstock.de<\/div>\n            <\/div>\n            <div class=\"tt-post-caption\">Za ide\u00e1ln\u00edch pov\u011btrnostn\u00edch podm\u00ednek mohou milovn\u00edci zimn\u00edch sport\u016f v ly\u017ea\u0159sk\u00e9 oblasti Monterosa ly\u017eovat skute\u010dn\u011b nad mraky.<\/div>\n         <\/div > \n<h2 id=\"7-ly\u017ea\u0159sk\u00e9-st\u0159edisko-alta-badia\">7. Ly\u017ea\u0159sk\u00e9 st\u0159edisko Alta Badia<\/h2>\n<p>Kilometry sjezdovek: 130 km<\/p>\n<p>Nadmo\u0159sk\u00e1 v\u00fd\u0161ka: a\u017e 2 550 m n. m.<\/p>\n<figure class=\"wp-block-embed-youtube wp-block-embed is-type-video is-provider-youtube wp-embed-aspect-16-9 wp-has-aspect-ratio\"><div class=\"lyte-wrapper\" title=\"Alta Badia, il Capolavoro delle Dolomiti - the Masterpiece of the Dolomites\" style=\"width:853px;max-width:100%;margin:5px auto;\"><div class=\"lyMe\" id=\"WYL_OTjB9RWBfmc\" itemprop=\"video\" itemscope itemtype=\"https:\/\/schema.org\/VideoObject\"><div><meta itemprop=\"thumbnailUrl\" content=\"https:\/\/i.ytimg.com\/vi\/OTjB9RWBfmc\/hqdefault.jpg\" \/><meta itemprop=\"embedURL\" content=\"https:\/\/www.youtube.com\/embed\/OTjB9RWBfmc\" \/><meta itemprop=\"duration\" content=\"PT1M16S\" \/><meta itemprop=\"uploadDate\" content=\"2022-12-02T20:03:24Z\" \/><\/div><div id=\"lyte_OTjB9RWBfmc\" data-src=\"https:\/\/i.ytimg.com\/vi\/OTjB9RWBfmc\/hqdefault.jpg\" class=\"pL\"><div class=\"tC\"><div class=\"tT\" itemprop=\"name\">Alta Badia, il Capolavoro delle Dolomiti - the Masterpiece of the Dolomites<\/div><\/div><div class=\"play\"><\/div><div class=\"ctrl\"><div class=\"Lctrl\"><\/div><div class=\"Rctrl\"><\/div><\/div><\/div><noscript><a href=\"http:\/\/youtu.be\/OTjB9RWBfmc\" rel=\"nofollow\"><img loading=\"lazy\" decoding=\"async\" src=\"http:\/\/i.ytimg.com\/vi\/OTjB9RWBfmc\/0.jpg\" alt=\"Alta Badia, il Capolavoro delle Dolomiti - the Masterpiece of the Dolomites\" width=\"853\" height=\"460\" \/><br \/>Watch this video on YouTube<\/a><\/noscript><meta itemprop=\"description\" content=\"Alta Badia - il Capolavoro delle Dolomiti Cosa rende la nostra valle il Capolavoro delle Dolomiti? \u00c8 il calore dell&#039;ospitalit\u00e0 ladina, \u00e8 la cura delle piste da sci perfettamente preparate, \u00e8 la magia di un tramonto maestoso. Ma soprattutto \u00e8 la condivisione dei nostri valori e dell&#039;amore per queste montagne con i nostri ospiti. La magia dell&#039;inverno \u00e8 arrivata, B\u00ebgnod\u00fcs, benvenuti in Alta Badia. - What makes our valley the Masterpiece of the Dolomites? It\u2019s the warmth of Ladin hospitality, it\u2019s the care put in perfectly groomed ski slopes, it\u2019s the magic of a majestic sunset. Above all it\u2019s sharing our values and love for these mountains with our guests. The magic of winter has arrived, B\u00ebgnod\u00fcs, welcome to Alta Badia. #MasterpieceOfTheDolomites\"><\/div><\/div><div class=\"lL\" style=\"max-width:100%;width:853px;margin:5px auto;\"><br\/><span class=\"lyte_disclaimer\">Upozor\u0148ujeme tak\u00e9, \u017ee pou\u017e\u00edv\u00e1n\u00edm na\u0161ich slu\u017eeb a integrac\u00ed slu\u017eeb YouTube API plat\u00ed <a href=\"https:\/\/www.youtube.com\/t\/terms\">Smluvn\u00ed podm\u00ednky YouTube<\/a> a <a href=\"https:\/\/developers.google.com\/youtube\/terms\/api-services-terms-of-service-emea-de\">Smluvn\u00ed podm\u00ednky YouTube API<\/a> a va\u0161e pou\u017e\u00edv\u00e1n\u00ed na\u0161ich webov\u00fdch str\u00e1nek se pova\u017euje za souhlas s t\u011bmito podm\u00ednkami.<\/span><\/div><figcaption><\/figcaption><\/figure>\n<p>Ly\u017ea\u0159sk\u00e1 oblast Alta Badia u Corvary v <a href=\"https:\/\/www.snowtrex.cz\/svet-zajezdu\/jizni-tyrolsko.html\" target=\"_blank\" rel=\"noopener\">Ji\u017en\u00edm Tyrolsku<\/a>, kter\u00e1 je obklopena Dolomity, nab\u00edz\u00ed p\u0159ibli\u017en\u011b 130 kilometr\u016f sjezdovek pro v\u0161echny \u00farovn\u011b pokro\u010dilosti. Tato ly\u017ea\u0159sk\u00e1 oblast je tak\u00e9 sou\u010d\u00e1st\u00ed <a href=\"https:\/\/www.snowtrex.cz\/italie\/val_di_fassa_dolomity\/lyzarsky-region.html\" target=\"_blank\" rel=\"noopener noreferrer\">ly\u017ea\u0159sk\u00e9ho koloto\u010de Dolomiti Superski<\/a>, kter\u00fd m\u00e1 pro milovn\u00edky zimn\u00edch sport\u016f k dispozici ne m\u00e9n\u011b ne\u017e 1 220 kilometr\u016f sjezdovek. To znamen\u00e1, \u017ee v Alta Badii nemus\u00edte na \u017e\u00e1dn\u00e9 sjezdovce ly\u017eovat dvakr\u00e1t. V ly\u017ea\u0159sk\u00e9 oblasti se ly\u017ea\u0159i dostanou tak\u00e9 na slavnou <a href=\"https:\/\/www.snowtrex.cz\/svet-zajezdu\/sellaronda.html\" target=\"_blank\" rel=\"noopener\">Sellarondu<\/a> &#8211; ly\u017ea\u0159sk\u00fd okruh, kter\u00fd spojuje v\u0161echny \u010dty\u0159i dolomitsk\u00e9 pr\u016fsmyky. V\u010detn\u011b j\u00edzd lanovkami by si zku\u0161en\u00ed ly\u017ea\u0159i m\u011bli na Sellarondu napl\u00e1novat zhruba jeden den ly\u017eov\u00e1n\u00ed.<\/p>\n<p>Mimo sjezdovky nab\u00edz\u00ed Alta Badia tak\u00e9 spoustu z\u00e1bavy pro ka\u017ed\u00e9ho d\u00edky mnoha vynikaj\u00edc\u00edm restaurac\u00edm, relaxa\u010dn\u00edm wellness nab\u00eddk\u00e1m a zaj\u00edmav\u00fdm kulturn\u00edm aktivit\u00e1m. Pro milovn\u00edky sn\u011bhu, kte\u0159\u00ed se cht\u011bj\u00ed po dlouh\u00e9m dni ly\u017eov\u00e1n\u00ed v\u011bnovat aktivit\u011b, je zde 3,5 km dlouh\u00e1 p\u0159\u00edrodn\u00ed s\u00e1\u0148ka\u0159sk\u00e1 dr\u00e1ha &#8222;Tru li\u00f6sa Foram&#8220;, mnoho atraktivn\u00edch zimn\u00edch t\u00far a jezero Sompunt, r\u00e1j pro brusla\u0159e.<\/p>\n<h2 id=\"8-ly\u017ea\u0159sk\u00e9-st\u0159edisko-kronplatz\">8. Ly\u017ea\u0159sk\u00e9 st\u0159edisko Kronplatz<\/h2>\n<p>Kilometry sjezdovek: 120 km<\/p>\n<p>Nadmo\u0159sk\u00e1 v\u00fd\u0161ka: a\u017e 2 275 m n. m.<\/p>\n<figure class=\"wp-block-embed-youtube wp-block-embed is-type-video is-provider-youtube wp-embed-aspect-16-9 wp-has-aspect-ratio\"><div class=\"lyte-wrapper\" title=\"Kronplatz Winter\" style=\"width:853px;max-width:100%;margin:5px auto;\"><div class=\"lyMe\" id=\"WYL_VHVg6JKc1-s\" itemprop=\"video\" itemscope itemtype=\"https:\/\/schema.org\/VideoObject\"><div><meta itemprop=\"thumbnailUrl\" content=\"https:\/\/i.ytimg.com\/vi\/VHVg6JKc1-s\/hqdefault.jpg\" \/><meta itemprop=\"embedURL\" content=\"https:\/\/www.youtube.com\/embed\/VHVg6JKc1-s\" \/><meta itemprop=\"duration\" content=\"PT2M34S\" \/><meta itemprop=\"uploadDate\" content=\"2019-02-20T17:06:55Z\" \/><\/div><div id=\"lyte_VHVg6JKc1-s\" data-src=\"https:\/\/i.ytimg.com\/vi\/VHVg6JKc1-s\/hqdefault.jpg\" class=\"pL\"><div class=\"tC\"><div class=\"tT\" itemprop=\"name\">Kronplatz Winter<\/div><\/div><div class=\"play\"><\/div><div class=\"ctrl\"><div class=\"Lctrl\"><\/div><div class=\"Rctrl\"><\/div><\/div><\/div><noscript><a href=\"http:\/\/youtu.be\/VHVg6JKc1-s\" rel=\"nofollow\"><img loading=\"lazy\" decoding=\"async\" src=\"http:\/\/i.ytimg.com\/vi\/VHVg6JKc1-s\/0.jpg\" alt=\"Kronplatz Winter\" width=\"853\" height=\"460\" \/><br \/>Watch this video on YouTube<\/a><\/noscript><meta itemprop=\"description\" content=\"Kronplatz Winter\"><\/div><\/div><div class=\"lL\" style=\"max-width:100%;width:853px;margin:5px auto;\"><br\/><span class=\"lyte_disclaimer\">Upozor\u0148ujeme tak\u00e9, \u017ee pou\u017e\u00edv\u00e1n\u00edm na\u0161ich slu\u017eeb a integrac\u00ed slu\u017eeb YouTube API plat\u00ed <a href=\"https:\/\/www.youtube.com\/t\/terms\">Smluvn\u00ed podm\u00ednky YouTube<\/a> a <a href=\"https:\/\/developers.google.com\/youtube\/terms\/api-services-terms-of-service-emea-de\">Smluvn\u00ed podm\u00ednky YouTube API<\/a> a va\u0161e pou\u017e\u00edv\u00e1n\u00ed na\u0161ich webov\u00fdch str\u00e1nek se pova\u017euje za souhlas s t\u011bmito podm\u00ednkami.<\/span><\/div><figcaption><\/figcaption><\/figure>\n<p>Plan de Corones je pravd\u011bpodobn\u011b nejzn\u00e1m\u011bj\u0161\u00ed horou Ji\u017en\u00edho Tyrolska a je pova\u017eov\u00e1n za vrchol, na kter\u00e9m obvykle napadne prvn\u00ed sn\u00edh p\u0159ed za\u010d\u00e1tkem italsk\u00e9 ly\u017ea\u0159sk\u00e9 sez\u00f3ny. V srdci Dolomit se mohou milovn\u00edci zimn\u00edch sport\u016f vy\u0159\u00e1dit na 120 kilometrech sjezdovek na svaz\u00edch hory v <a href=\"https:\/\/www.snowtrex.cz\/italie\/kronplatz_jizni_tyrolsko\/lyzarske-stredisko.html\" target=\"_blank\" rel=\"noopener noreferrer\">ly\u017ea\u0159sk\u00e9m are\u00e1lu Kronplatz<\/a>. Sjezdovky jsou rozd\u011bleny na 52 modr\u00fdch, 42 \u010derven\u00fdch a 25 \u010dern\u00fdch kilometr\u016f a t\u011b\u017eko mohou b\u00fdt rozmanit\u011bj\u0161\u00ed. Mnoh\u00e9 z vrchol\u016f sjezdovek t\u00e9to oblasti jsou mezin\u00e1rodn\u011b proslul\u00e9, nap\u0159\u00edklad &#8222;Snowpark Kronplatz&#8220;, ly\u017ea\u0159sk\u00fd okruh &#8222;Sellaronda&#8220; a &#8222;Black Five&#8220;: p\u011bt \u010dern\u00fdch sjezdovek pro opravdov\u00e9 ly\u017ea\u0159sk\u00e9 experty.<\/p>\n<p>Nav\u00edc je sez\u00f3na v Plan de Corones\/Kronplatz velmi sn\u011bhov\u011b jist\u00e1 a obda\u0159en\u00e1 mnoha slune\u010dn\u00fdmi dny. Milovn\u00edci zimy, kte\u0159\u00ed nejsou p\u0159\u00edznivci kr\u00e1tk\u00fdch zimn\u00edch dn\u016f a ledov\u00e9ho chladu, se proto budou ve sluncem zalit\u00e9m ly\u017ea\u0159sk\u00e9m are\u00e1lu na Plan de Corones\/Kronplatz c\u00edtit jako doma.<\/p>\n<h2 id=\"9-ly\u017ea\u0159sk\u00e9-st\u0159edisko-cortina-d'ampezzo\">9. Ly\u017ea\u0159sk\u00e9 st\u0159edisko Cortina d&#8217;Ampezzo<\/h2>\n<p>Kilometry sjezdovek: 120 km<\/p>\n<p>Nadmo\u0159sk\u00e1 v\u00fd\u0161ka: a\u017e 2 828 m n. m.<\/p>\n<figure class=\"wp-block-embed-youtube wp-block-embed is-type-video is-provider-youtube wp-embed-aspect-16-9 wp-has-aspect-ratio\"><div class=\"lyte-wrapper\" title=\"Un inverno sugli sci a Cortina d&amp;#039;Ampezzo\" style=\"width:853px;max-width:100%;margin:5px auto;\"><div class=\"lyMe\" id=\"WYL_513B8Tb_4Ng\" itemprop=\"video\" itemscope itemtype=\"https:\/\/schema.org\/VideoObject\"><div><meta itemprop=\"thumbnailUrl\" content=\"https:\/\/i.ytimg.com\/vi\/513B8Tb_4Ng\/hqdefault.jpg\" \/><meta itemprop=\"embedURL\" content=\"https:\/\/www.youtube.com\/embed\/513B8Tb_4Ng\" \/><meta itemprop=\"duration\" content=\"PT1M3S\" \/><meta itemprop=\"uploadDate\" content=\"2022-05-06T06:51:05Z\" \/><\/div><div id=\"lyte_513B8Tb_4Ng\" data-src=\"https:\/\/i.ytimg.com\/vi\/513B8Tb_4Ng\/hqdefault.jpg\" class=\"pL\"><div class=\"tC\"><div class=\"tT\" itemprop=\"name\">Un inverno sugli sci a Cortina d&#039;Ampezzo<\/div><\/div><div class=\"play\"><\/div><div class=\"ctrl\"><div class=\"Lctrl\"><\/div><div class=\"Rctrl\"><\/div><\/div><\/div><noscript><a href=\"http:\/\/youtu.be\/513B8Tb_4Ng\" rel=\"nofollow\"><img loading=\"lazy\" decoding=\"async\" src=\"http:\/\/i.ytimg.com\/vi\/513B8Tb_4Ng\/0.jpg\" alt=\"Un inverno sugli sci a Cortina d&amp;#039;Ampezzo\" width=\"853\" height=\"460\" \/><br \/>Watch this video on YouTube<\/a><\/noscript><meta itemprop=\"description\" content=\"Lo sci \u00e8 scritto nel DNA di Cortina d\u2019Ampezzo: dalle Olimpiadi Invernali del 1956 passando per le annuali gare di Coppa del Mondo femminile fino ai mondiali di Sci Alpino nel 2021 ed alle Olimpiadi Invernali di Milano-Cortina 2026. L\u2019offerta di Cortina d\u2019Ampezzo comprende un\u2019ampia variet\u00e0 di piste da sci ed impianti di risalita ideale, sia per sciatori e snowboarder principianti, sia per i pi\u00f9 esperti.\"><\/div><\/div><div class=\"lL\" style=\"max-width:100%;width:853px;margin:5px auto;\"><br\/><span class=\"lyte_disclaimer\">Upozor\u0148ujeme tak\u00e9, \u017ee pou\u017e\u00edv\u00e1n\u00edm na\u0161ich slu\u017eeb a integrac\u00ed slu\u017eeb YouTube API plat\u00ed <a href=\"https:\/\/www.youtube.com\/t\/terms\">Smluvn\u00ed podm\u00ednky YouTube<\/a> a <a href=\"https:\/\/developers.google.com\/youtube\/terms\/api-services-terms-of-service-emea-de\">Smluvn\u00ed podm\u00ednky YouTube API<\/a> a va\u0161e pou\u017e\u00edv\u00e1n\u00ed na\u0161ich webov\u00fdch str\u00e1nek se pova\u017euje za souhlas s t\u011bmito podm\u00ednkami.<\/span><\/div><figcaption><\/figcaption><\/figure>\n<p><a href=\"https:\/\/www.snowtrex.cz\/italie\/cortina_dampezzo\/lyzarske-stredisko.html\" target=\"_blank\" rel=\"noopener noreferrer\">Ly\u017ea\u0159sk\u00e9 st\u0159edisko Cortina d&#8217;Ampezzo<\/a> je sv\u011btozn\u00e1m\u00e9 a v roce 1956 se zde konaly zimn\u00ed olympijsk\u00e9 hry. Nach\u00e1z\u00ed se v italsk\u00fdch Dolomitech a nab\u00edz\u00ed neuv\u011b\u0159iteln\u00fdch 120 kilometr\u016f sjezdovek na vrcholech vysok\u00fdch a\u017e 2 924 metr\u016f. Sjezdovky jsou rozmanit\u00e9, od lehk\u00fdch pro mal\u00e9 sn\u011bhov\u00e9 trpasl\u00edky a\u017e po trat\u011b sv\u011btov\u00e9ho poh\u00e1ru &#8211; nap\u0159\u00edklad Tofana &#8211; pro odv\u00e1\u017en\u00e9 pokro\u010dil\u00e9 ly\u017ea\u0159e.<\/p>\n<p>Samotn\u00e9 m\u011bste\u010dko <a href=\"https:\/\/www.snowtrex.cz\/italie\/cortina_dampezzo\/lyzovani.html\" target=\"_blank\" rel=\"noopener noreferrer\">Cortina d&#8217;Ampezzo<\/a> je elegantn\u00ed a tak\u00e9 ve vysok\u00e9 nadmo\u0159sk\u00e9 v\u00fd\u0161ce. Zimn\u00ed dovolenk\u00e1\u0159i se zde ubytov\u00e1vaj\u00ed v nadmo\u0159sk\u00e9 v\u00fd\u0161ce a\u017e 1 224 metr\u016f v srdci Dolomit, kter\u00e9 jsou zaps\u00e1ny na seznamu sv\u011btov\u00e9ho d\u011bdictv\u00ed UNESCO. P\u0159i proch\u00e1zce uli\u010dkami Cortiny d&#8217;Ampezzo najdou milovn\u00edci sn\u011bhu prvot\u0159\u00eddn\u00ed restaurace a exkluzivn\u00ed butiky. M\u011bsto je tak\u00e9 zn\u00e1m\u00e9 jako d\u011bji\u0161t\u011b mnoha filmov\u00fdch produkc\u00ed, nap\u0159\u00edklad &#8222;James Bond &#8211; Na smrt\u00edc\u00ed misi&#8220; nebo &#8222;R\u016f\u017eov\u00fd panter&#8220;.<\/p>\n<p>A kdy\u017e u\u017e jsme u toho r\u016f\u017eov\u00e9ho: Cortina d&#8217;Ampezzo jako rozmanit\u00e9 a obl\u00edben\u00e9 ly\u017ea\u0159sk\u00e9 st\u0159edisko bude i v budoucnu v\u00edtat mnoho host\u016f z cel\u00e9ho sv\u011bta. Koneckonc\u016f dal\u0161\u00ed v\u00fdznamn\u00e1 akce je ji\u017e napl\u00e1nov\u00e1na. V roce 2026 se zde a v Mil\u00e1n\u011b op\u011bt uskute\u010dn\u00ed zimn\u00ed olympijsk\u00e9 hry.<\/p>\n<h2 id=\"10-ly\u017ea\u0159sk\u00e9-st\u0159edisko-livigno\">10. Ly\u017ea\u0159sk\u00e9 st\u0159edisko Livigno<\/h2>\n<p>Kilometry sjezdovek: 115 km<\/p>\n<p>Nadmo\u0159sk\u00e1 v\u00fd\u0161ka: a\u017e 2 798 m n. m.<\/p>\n<figure class=\"wp-block-embed-youtube wp-block-embed is-type-video is-provider-youtube wp-embed-aspect-16-9 wp-has-aspect-ratio\"><div class=\"lyte-wrapper\" title=\"Livigno Winter 2021\/2022\" style=\"width:853px;max-width:100%;margin:5px auto;\"><div class=\"lyMe\" id=\"WYL_WbrlfCAM2Ls\" itemprop=\"video\" itemscope itemtype=\"https:\/\/schema.org\/VideoObject\"><div><meta itemprop=\"thumbnailUrl\" content=\"https:\/\/i.ytimg.com\/vi\/WbrlfCAM2Ls\/hqdefault.jpg\" \/><meta itemprop=\"embedURL\" content=\"https:\/\/www.youtube.com\/embed\/WbrlfCAM2Ls\" \/><meta itemprop=\"duration\" content=\"PT31S\" \/><meta itemprop=\"uploadDate\" content=\"2021-11-25T16:58:57Z\" \/><\/div><div id=\"lyte_WbrlfCAM2Ls\" data-src=\"https:\/\/i.ytimg.com\/vi\/WbrlfCAM2Ls\/hqdefault.jpg\" class=\"pL\"><div class=\"tC\"><div class=\"tT\" itemprop=\"name\">Livigno Winter 2021\/2022<\/div><\/div><div class=\"play\"><\/div><div class=\"ctrl\"><div class=\"Lctrl\"><\/div><div class=\"Rctrl\"><\/div><\/div><\/div><noscript><a href=\"http:\/\/youtu.be\/WbrlfCAM2Ls\" rel=\"nofollow\"><img loading=\"lazy\" decoding=\"async\" src=\"http:\/\/i.ytimg.com\/vi\/WbrlfCAM2Ls\/0.jpg\" alt=\"Livigno Winter 2021\/2022\" width=\"853\" height=\"460\" \/><br \/>Watch this video on YouTube<\/a><\/noscript><meta itemprop=\"description\" content=\"Welcome to Livigno! We are ready to host our guests with lots of activities and news. Wants to know more? Check the website: https:\/\/www.livigno.eu\/\"><\/div><\/div><div class=\"lL\" style=\"max-width:100%;width:853px;margin:5px auto;\"><br\/><span class=\"lyte_disclaimer\">Upozor\u0148ujeme tak\u00e9, \u017ee pou\u017e\u00edv\u00e1n\u00edm na\u0161ich slu\u017eeb a integrac\u00ed slu\u017eeb YouTube API plat\u00ed <a href=\"https:\/\/www.youtube.com\/t\/terms\">Smluvn\u00ed podm\u00ednky YouTube<\/a> a <a href=\"https:\/\/developers.google.com\/youtube\/terms\/api-services-terms-of-service-emea-de\">Smluvn\u00ed podm\u00ednky YouTube API<\/a> a va\u0161e pou\u017e\u00edv\u00e1n\u00ed na\u0161ich webov\u00fdch str\u00e1nek se pova\u017euje za souhlas s t\u011bmito podm\u00ednkami.<\/span><\/div><figcaption><\/figcaption><\/figure>\n<p><a href=\"https:\/\/www.snowtrex.cz\/italie\/livigno\/lyzarske-stredisko.html\" target=\"_blank\" rel=\"noopener noreferrer\">Ly\u017ea\u0159sk\u00e1 oblast Livigno<\/a> se 115 kilometry sjezdovek se nach\u00e1z\u00ed na slune\u010dn\u00e9 stran\u011b Lombardsk\u00fdch Alp. Rozmanit\u00e9 sjezdovky se nach\u00e1zej\u00ed v nadmo\u0159sk\u00e9 v\u00fd\u0161ce a\u017e 2 798 metr\u016f a maj\u00ed co nab\u00eddnout ka\u017ed\u00e9 \u00farovni pokro\u010dilosti.<\/p>\n<p>Mimo sjezdovky nab\u00edz\u00ed ly\u017ea\u0159sk\u00e9 st\u0159edisko \u0161irokou \u0161k\u00e1lu aktivit pro v\u0161echny v\u011bkov\u00e9 kategorie. Aktivn\u00ed zimn\u00ed dovolenk\u00e1\u0159i si mohou ly\u017ea\u0159sk\u00e9 st\u0159edisko zamilovat d\u00edky bruslen\u00ed, lezen\u00ed po ledu, s\u00e1\u0148kov\u00e1n\u00ed, snowtubingu, zimn\u00ed turistice, j\u00edzd\u011b na sn\u011b\u017en\u00fdch sk\u00fatrech a \u010dty\u0159kolk\u00e1ch, j\u00edzd\u011b na koni, bowlingu, kule\u010dn\u00edku a plav\u00e1n\u00ed. A milovn\u00edci zimy, kte\u0159\u00ed si cht\u011bj\u00ed po z\u00e1bav\u011b na sjezdovk\u00e1ch odpo\u010dinout, mohou vyu\u017e\u00edt bezceln\u00ed z\u00f3nu, v n\u00ed\u017e se ly\u017ea\u0159sk\u00e9 st\u0159edisko nach\u00e1z\u00ed. To znamen\u00e1, \u017ee milovn\u00edci nakupov\u00e1n\u00ed mohou v Livignu nakupovat bezceln\u011b a po\u0159\u00eddit si \u0161irok\u00fd sortiment zbo\u017e\u00ed za v\u00fdhodn\u00e9 ceny.<\/p>\n<p><strong>M\u00e1te chu\u0165 na ly\u017ea\u0159skou dovolenou v <a href=\"https:\/\/www.snowtrex.cz\/italie\/lyzovani.html\" target=\"_blank\" rel=\"noopener\">It\u00e1lii<\/a>? Pak v\u00e1m SnowTrex nab\u00edz\u00ed velk\u00fd v\u00fdb\u011br ubytov\u00e1n\u00ed a destinac\u00ed.<br \/><\/strong><\/p>\n<h2 id=\"nej\u010dast\u011bj\u0161\u00ed-dotazy-k-nejv\u011bt\u0161\u00edm-ly\u017ea\u0159sk\u00fdm-st\u0159edisk\u016fm-v-it\u00e1lii\">Nej\u010dast\u011bj\u0161\u00ed dotazy k nejv\u011bt\u0161\u00edm ly\u017ea\u0159sk\u00fdm st\u0159edisk\u016fm v It\u00e1lii<\/h2>\n<h3>Kter\u00e9 je nejv\u011bt\u0161\u00ed ly\u017ea\u0159sk\u00e9 st\u0159edisko v It\u00e1lii?<\/h3>\n<p>Nejv\u011bt\u0161\u00ed ly\u017ea\u0159sk\u00fd are\u00e1l v It\u00e1lii je Via Lattea. M\u00e1 v\u00edce ne\u017e 400 kilometr\u016f sjezdovek a nejvy\u0161\u0161\u00ed bod le\u017e\u00ed ve v\u00fd\u0161ce 2 789 metr\u016f. Sjezdovky t\u00e9to ly\u017ea\u0159sk\u00e9 oblasti se nach\u00e1zej\u00ed jak na francouzsk\u00e9m, tak na italsk\u00e9m \u00fazem\u00ed.<\/p>\n<h3>Kter\u00e1 je nejv\u011bt\u0161\u00ed \u010dist\u011b italsk\u00e1 ly\u017ea\u0159sk\u00e1 oblast?<\/h3>\n<p>Nejv\u011bt\u0161\u00ed italskou ly\u017ea\u0159skou oblast\u00ed, kter\u00e1 se nach\u00e1z\u00ed v\u00fdhradn\u011b na italsk\u00e9m \u00fazem\u00ed, je ly\u017ea\u0159sk\u00e1 oblast Val Gardena\/Alpe di Siusi. Nach\u00e1z\u00ed se v Ji\u017en\u00edm Tyrolsku a m\u00e1 176 kilometr\u016f sjezdovek, kter\u00e9 dosahuj\u00ed nadmo\u0159sk\u00e9 v\u00fd\u0161ky a\u017e 2 518 metr\u016f.<\/p>\n<h3>Kolik je v It\u00e1lii ly\u017ea\u0159sk\u00fdch st\u0159edisek s v\u00edce ne\u017e 200 kilometry sjezdovek?<\/h3>\n<p>V It\u00e1lii jsou dv\u011b ly\u017ea\u0159sk\u00e1 st\u0159ediska, kter\u00e1 nab\u00edzej\u00ed milovn\u00edk\u016fm zimn\u00edch sport\u016f v\u00edce ne\u017e 200 kilometr\u016f sjezdovek. Jedn\u00e1 se o ly\u017ea\u0159sk\u00e1 st\u0159ediska Via Lattea a Matterhorn Ski Paradise.<\/p>\n<h3>Kde je v It\u00e1lii nejlep\u0161\u00ed snowpark?<\/h3>\n<p>Funareal v ly\u017ea\u0159sk\u00e9 oblasti Val Gardena\/Alpe di Siusi byl ocen\u011bn jako nejlep\u0161\u00ed snowpark v It\u00e1lii. M\u016f\u017ee se pochlubit snadnou trat\u00ed a nejdel\u0161\u00ed st\u0159edn\u00ed trat\u00ed v Evrop\u011b. V\u0161ichni p\u0159\u00edznivci freestylu si ve snowparku mohou vyzkou\u0161et, natr\u00e9novat a zdokonalit sv\u00e9 triky.<\/p>\n<h3>Kolik v\u00fd\u0161kov\u00fdch metr\u016f p\u0159ekon\u00e1v\u00e1 ly\u017ea\u0159sk\u00e9 safari na Matterhornu?<\/h3>\n<p>Matterhorn Ski Safari je ly\u017ea\u0159sk\u00e1 t\u00fara, p\u0159i kter\u00e9 milovn\u00edci zimn\u00edch sport\u016f b\u011bhem jedin\u00e9ho dne p\u0159ekonaj\u00ed a\u017e 12 500 v\u00fd\u0161kov\u00fdch metr\u016f. Toto neuv\u011b\u0159iteln\u00e9 \u010d\u00edslo je v\u00fdsledkem kombinace mnoha sjezdovek a horsk\u00fdch vlek\u016f, kter\u00e9 ly\u017ea\u0159i b\u011bhem Ski Safari vyu\u017e\u00edvaj\u00ed.<\/p>\n<h3>Kter\u00e1 z nejv\u011bt\u0161\u00edch italsk\u00fdch ly\u017ea\u0159sk\u00fdch st\u0159edisek maj\u00ed sjezdovky Sv\u011btov\u00e9ho poh\u00e1ru?<\/h3>\n<p>V n\u011bkter\u00fdch italsk\u00fdch ly\u017ea\u0159sk\u00fdch st\u0159edisc\u00edch se pravideln\u011b konaj\u00ed z\u00e1vody Sv\u011btov\u00e9ho poh\u00e1ru. Ve Via Lattea, Val Garden\u011b a Alta Badii se nach\u00e1zej\u00ed sv\u011btozn\u00e1m\u00e9 sjezdovky jako Saslong a Gran Risa, na kter\u00fdch pravideln\u011b z\u00e1vod\u00ed nejlep\u0161\u00ed ly\u017ea\u0159i. Krom\u011b toho se t\u00e9m\u011b\u0159 ve v\u0161ech 10 nejv\u011bt\u0161\u00edch italsk\u00fdch ly\u017ea\u0159sk\u00fdch st\u0159edisc\u00edch nach\u00e1z\u00ed alespo\u0148 jedna sjezdovka, kter\u00e1 byla v minulosti sou\u010d\u00e1st\u00ed sv\u011btov\u00e9ho poh\u00e1ru. P\u0159\u00edkladem je Pista Stelvio v ly\u017ea\u0159sk\u00e9m st\u0159edisku Bormio, Olimpia delle Tofane v ly\u017ea\u0159sk\u00e9m st\u0159edisku Cortina d&#8217;Ampezzo a Canalone Miramonti v ly\u017ea\u0159sk\u00e9m st\u0159edisku Madonna di Campiglio.<\/p>\n","protected":false},"excerpt":{"rendered":"<p>Pizza, t\u011bstoviny, dolce vita &#8211; a spousta sjezdovek. Krom\u011b kulin\u00e1\u0159sk\u00fdch specialit, nes\u010detn\u00fdch kulturn\u00edch a historick\u00fdch pam\u00e1tek a &#8222;sladk\u00e9ho \u017eivota&#8220; se It\u00e1lie m\u016f\u017ee pochlubit tak\u00e9 velk\u00fdm mno\u017estv\u00edm ly\u017ea\u0159sk\u00fdch st\u0159edisek. Ty jsou velmi rozmanit\u00e9 a jsou domovem neuv\u011b\u0159iteln\u00e9ho mno\u017estv\u00ed sjezdovek a sv\u011btozn\u00e1m\u00fdch vrchol\u016f sjezdovek. Nejv\u011bt\u0161\u00ed italsk\u00fd ly\u017ea\u0159sk\u00fd are\u00e1l m\u00e1 proto ne m\u00e9n\u011b ne\u017e 400 kilometr\u016f sjezdovek! \u0158ada italsk\u00fdch ly\u017ea\u0159sk\u00fdch st\u0159edisek nav\u00edc nab\u00edz\u00ed \u0161irokou \u0161k\u00e1lu aktivit mimo alpsk\u00e9 sjezdovky. Expert na zimn\u00ed sporty SnowTrex je s\u00e1m velk\u00fdm fanou\u0161kem italsk\u00fdch ly\u017ea\u0159sk\u00fdch st\u0159edisek a p\u0159edstavuje 10 nejv\u011bt\u0161\u00edch ly\u017ea\u0159sk\u00fdch st\u0159edisek v It\u00e1lii.<\/p>\n","protected":false},"author":178,"featured_media":48461,"comment_status":"closed","ping_status":"closed","sticky":false,"template":"","format":"standard","meta":{"footnotes":""},"categories":[11],"tags":[133,407,415,411,398,399,134,400,135,107,136,137,138,379,382,402,140,403,142,404,143,361,144,413,405,414,145,406,146,147,148,408,149,150,353,409,397,410,401,412,366,151,42],"class_list":["post-31716","post","type-post","status-publish","format-standard","has-post-thumbnail","hentry","category-top-10","tag-alagna_valsesia","tag-alpe_di_siusi","tag-alta-badia","tag-benatsko","tag-cadore","tag-campiglio","tag-cervinia","tag-cervinia-matterhorn","tag-champoluc","tag-cortina_dampezzo","tag-corvara","tag-folgarida","tag-gressoney_la_trinite","tag-italie","tag-jizni-tyrolsko","tag-kronplatz_plan_de_corones","tag-la_thuile","tag-la-val-wengen","tag-livigno","tag-lombardie","tag-madonna_di_campiglio","tag-matterhorn","tag-misurina","tag-mont_blanc","tag-monte-rosa","tag-monterosa","tag-pedraces","tag-piemont","tag-pinzolo_madonna_di_campiglio","tag-seis","tag-sestriere_via_lattea","tag-sondrio","tag-st-_christina","tag-st-_ulrich","tag-svycarsko","tag-trentino","tag-val-daosta","tag-val_di_sole","tag-val_gardena","tag-via-lattea","tag-wallis","tag-wolkenstein","tag-zermatt"],"yoast_head":"<!-- This site is optimized with the Yoast SEO Premium plugin v27.3 (Yoast SEO v27.3) - https:\/\/yoast.com\/product\/yoast-seo-premium-wordpress\/ -->\n<title>10 nejv\u011bt\u0161\u00edch ly\u017ea\u0159sk\u00fdch st\u0159edisek v It\u00e1lii<\/title>\n<meta name=\"description\" content=\"It\u00e1lie nab\u00edz\u00ed nekone\u010dn\u00e9 kilometry sjezdovek v mnoha ly\u017ea\u0159sk\u00fdch st\u0159edisc\u00edch. SnowTrex zn\u00e1 10 nejv\u011bt\u0161\u00edch ly\u017ea\u0159sk\u00fdch st\u0159edisek v It\u00e1lii.\" \/>\n<meta name=\"robots\" content=\"index, follow, max-snippet:-1, max-image-preview:large, max-video-preview:-1\" \/>\n<link rel=\"canonical\" href=\"https:\/\/www.snowtrex.cz\/magazin\/top-10\/nejvetsi-lyzarska-strediska-v-italii\/\" \/>\n<meta property=\"og:locale\" content=\"cs_CZ\" \/>\n<meta property=\"og:type\" content=\"article\" \/>\n<meta property=\"og:title\" content=\"10 nejv\u011bt\u0161\u00edch ly\u017ea\u0159sk\u00fdch st\u0159edisek v It\u00e1lii\" \/>\n<meta property=\"og:description\" content=\"Pizza, t\u011bstoviny, dolce vita - a spousta sjezdovek. Krom\u011b kulin\u00e1\u0159sk\u00fdch specialit, nes\u010detn\u00fdch kulturn\u00edch a historick\u00fdch pam\u00e1tek a &quot;sladk\u00e9ho \u017eivota&quot; se It\u00e1lie m\u016f\u017ee pochlubit tak\u00e9 velk\u00fdm mno\u017estv\u00edm ly\u017ea\u0159sk\u00fdch st\u0159edisek. Ty jsou velmi rozmanit\u00e9 a jsou domovem neuv\u011b\u0159iteln\u00e9ho mno\u017estv\u00ed sjezdovek a sv\u011btozn\u00e1m\u00fdch vrchol\u016f sjezdovek. Nejv\u011bt\u0161\u00ed italsk\u00fd ly\u017ea\u0159sk\u00fd are\u00e1l m\u00e1 proto ne m\u00e9n\u011b ne\u017e 400 kilometr\u016f sjezdovek! \u0158ada italsk\u00fdch ly\u017ea\u0159sk\u00fdch st\u0159edisek nav\u00edc nab\u00edz\u00ed \u0161irokou \u0161k\u00e1lu aktivit mimo alpsk\u00e9 sjezdovky. Expert na zimn\u00ed sporty SnowTrex je s\u00e1m velk\u00fdm fanou\u0161kem italsk\u00fdch ly\u017ea\u0159sk\u00fdch st\u0159edisek a p\u0159edstavuje 10 nejv\u011bt\u0161\u00edch ly\u017ea\u0159sk\u00fdch st\u0159edisek v It\u00e1lii.\" \/>\n<meta property=\"og:url\" content=\"https:\/\/www.snowtrex.cz\/magazin\/top-10\/nejvetsi-lyzarska-strediska-v-italii\/\" \/>\n<meta property=\"og:site_name\" content=\"SnowTrex Ski-Magaz\u00edn\" \/>\n<meta property=\"article:publisher\" content=\"https:\/\/www.facebook.com\/snowtrex\" \/>\n<meta property=\"article:author\" content=\"https:\/\/www.facebook.com\/snowtrex\/\" \/>\n<meta property=\"article:published_time\" content=\"2026-04-06T23:00:00+00:00\" \/>\n<meta property=\"article:modified_time\" content=\"2026-04-15T11:43:17+00:00\" \/>\n<meta name=\"author\" content=\"SnowTrex\" \/>\n<meta name=\"twitter:card\" content=\"summary_large_image\" \/>\n<meta name=\"twitter:image\" content=\"https:\/\/www.snowtrex.cz\/magazin\/files\/2023\/08\/RS5341_shutterstock_572325634-scr.jpg\" \/>\n<meta name=\"twitter:label1\" content=\"Napsal(a)\" \/>\n\t<meta name=\"twitter:data1\" content=\"SnowTrex\" \/>\n\t<meta name=\"twitter:label2\" content=\"Odhadovan\u00e1 doba \u010dten\u00ed\" \/>\n\t<meta name=\"twitter:data2\" content=\"13 minut\" \/>\n<script type=\"application\/ld+json\" class=\"yoast-schema-graph\">{\"@context\":\"https:\\\/\\\/schema.org\",\"@graph\":[{\"@type\":\"Article\",\"@id\":\"http:\\\/\\\/wp-magazin.snowtrex.cz\\\/top-10\\\/nejvetsi-lyzarska-strediska-v-italii\\\/#article\",\"isPartOf\":{\"@id\":\"http:\\\/\\\/wp-magazin.snowtrex.cz\\\/top-10\\\/nejvetsi-lyzarska-strediska-v-italii\\\/\"},\"author\":{\"name\":\"SnowTrex\",\"@id\":\"http:\\\/\\\/wp-magazin.snowtrex.cz\\\/#\\\/schema\\\/person\\\/ad1887a4d155ef6b5b8b4fc8990d92dd\"},\"headline\":\"10 nejv\u011bt\u0161\u00edch ly\u017ea\u0159sk\u00fdch st\u0159edisek v It\u00e1lii\",\"datePublished\":\"2026-04-06T23:00:00+00:00\",\"dateModified\":\"2026-04-15T11:43:17+00:00\",\"mainEntityOfPage\":{\"@id\":\"http:\\\/\\\/wp-magazin.snowtrex.cz\\\/top-10\\\/nejvetsi-lyzarska-strediska-v-italii\\\/\"},\"wordCount\":3139,\"publisher\":{\"@id\":\"http:\\\/\\\/wp-magazin.snowtrex.cz\\\/#organization\"},\"image\":{\"@id\":\"http:\\\/\\\/wp-magazin.snowtrex.cz\\\/top-10\\\/nejvetsi-lyzarska-strediska-v-italii\\\/#primaryimage\"},\"thumbnailUrl\":\"http:\\\/\\\/wp-magazin.snowtrex.cz\\\/files\\\/2023\\\/08\\\/RS5341_shutterstock_572325634-scr.jpg\",\"keywords\":[\"Alagna Valsesia\",\"Alpe di Siusi\",\"Alta Badia\",\"Ben\u00e1tsko\",\"Cadore\",\"Campiglio\",\"Cervinia\",\"Cervinia (Matterhorn)\",\"Champoluc\",\"Cortina d'Ampezzo\",\"Corvara\",\"Folgarida\",\"Gressoney La Trinit\u00e9\",\"It\u00e1lie\",\"Ji\u017en\u00ed Tyrolsko\",\"Kronplatz \\\/ Plan de Corones\",\"La Thuile\",\"La Val - Wengen\",\"Livigno\",\"Lombardie\",\"Madonna di Campiglio\",\"Matterhorn\",\"Misurina\",\"Mont Blanc\",\"Monte Rosa\",\"Monterosa\",\"Pedraces\",\"Piemont\",\"Pinzolo (Madonna di Campiglio)\",\"Seis\",\"Sestriere (Via Lattea)\",\"Sondrio\",\"St. Christina\",\"St. Ulrich\",\"\u0160v\u00fdcarsko\",\"Trentino\",\"Val d'Aosta\",\"Val di Sole\",\"Val Gardena\",\"Via Lattea\",\"Wallis\",\"Wolkenstein\",\"Zermatt\"],\"articleSection\":[\"Top 10\"],\"inLanguage\":\"cs\"},{\"@type\":\"WebPage\",\"@id\":\"http:\\\/\\\/wp-magazin.snowtrex.cz\\\/top-10\\\/nejvetsi-lyzarska-strediska-v-italii\\\/\",\"url\":\"http:\\\/\\\/wp-magazin.snowtrex.cz\\\/top-10\\\/nejvetsi-lyzarska-strediska-v-italii\\\/\",\"name\":\"10 nejv\u011bt\u0161\u00edch ly\u017ea\u0159sk\u00fdch st\u0159edisek v It\u00e1lii\",\"primaryImageOfPage\":{\"@id\":\"http:\\\/\\\/wp-magazin.snowtrex.cz\\\/top-10\\\/nejvetsi-lyzarska-strediska-v-italii\\\/#primaryimage\"},\"image\":{\"@id\":\"http:\\\/\\\/wp-magazin.snowtrex.cz\\\/top-10\\\/nejvetsi-lyzarska-strediska-v-italii\\\/#primaryimage\"},\"thumbnailUrl\":\"http:\\\/\\\/wp-magazin.snowtrex.cz\\\/files\\\/2023\\\/08\\\/RS5341_shutterstock_572325634-scr.jpg\",\"datePublished\":\"2026-04-06T23:00:00+00:00\",\"dateModified\":\"2026-04-15T11:43:17+00:00\",\"description\":\"It\u00e1lie nab\u00edz\u00ed nekone\u010dn\u00e9 kilometry sjezdovek v mnoha ly\u017ea\u0159sk\u00fdch st\u0159edisc\u00edch. SnowTrex zn\u00e1 10 nejv\u011bt\u0161\u00edch ly\u017ea\u0159sk\u00fdch st\u0159edisek v It\u00e1lii.\",\"inLanguage\":\"cs\"},{\"@type\":\"ImageObject\",\"inLanguage\":\"cs\",\"@id\":\"http:\\\/\\\/wp-magazin.snowtrex.cz\\\/top-10\\\/nejvetsi-lyzarska-strediska-v-italii\\\/#primaryimage\",\"url\":\"http:\\\/\\\/wp-magazin.snowtrex.cz\\\/files\\\/2023\\\/08\\\/RS5341_shutterstock_572325634-scr.jpg\",\"contentUrl\":\"http:\\\/\\\/wp-magazin.snowtrex.cz\\\/files\\\/2023\\\/08\\\/RS5341_shutterstock_572325634-scr.jpg\",\"width\":1440,\"height\":960},{\"@type\":\"WebSite\",\"@id\":\"http:\\\/\\\/wp-magazin.snowtrex.cz\\\/#website\",\"url\":\"http:\\\/\\\/wp-magazin.snowtrex.cz\\\/\",\"name\":\"SnowTrex Ski-Magaz\u00edn\",\"description\":\"V\u0161e o ly\u017eov\u00e1n\u00ed, snowboardingu a zimn\u00ed dovolen\u00e9!\",\"publisher\":{\"@id\":\"http:\\\/\\\/wp-magazin.snowtrex.cz\\\/#organization\"},\"inLanguage\":\"cs\"},{\"@type\":\"Organization\",\"@id\":\"http:\\\/\\\/wp-magazin.snowtrex.cz\\\/#organization\",\"name\":\"TravelTrex GmbH\",\"url\":\"http:\\\/\\\/wp-magazin.snowtrex.cz\\\/\",\"logo\":{\"@type\":\"ImageObject\",\"inLanguage\":\"cs\",\"@id\":\"http:\\\/\\\/wp-magazin.snowtrex.cz\\\/#\\\/schema\\\/logo\\\/image\\\/\",\"url\":\"http:\\\/\\\/wp-magazin.snowtrex.cz\\\/files\\\/2025\\\/09\\\/TravelTrex-Logo_RGB_transp.png\",\"contentUrl\":\"http:\\\/\\\/wp-magazin.snowtrex.cz\\\/files\\\/2025\\\/09\\\/TravelTrex-Logo_RGB_transp.png\",\"width\":1080,\"height\":282,\"caption\":\"TravelTrex GmbH\"},\"image\":{\"@id\":\"http:\\\/\\\/wp-magazin.snowtrex.cz\\\/#\\\/schema\\\/logo\\\/image\\\/\"},\"sameAs\":[\"https:\\\/\\\/www.facebook.com\\\/snowtrex\",\"https:\\\/\\\/www.instagram.com\\\/snowtrex_ski\"],\"description\":\"Od roku 1999 je SnowTrex p\u0159edn\u00edm n\u011bmeck\u00fdm cestovn\u00edm kancel\u00e1\u0159\u00edm pro ly\u017ea\u0159sk\u00e9 dovolen\u00e9. Spole\u010dnost nab\u00edz\u00ed sv\u00e9 slu\u017eby ve 13 jazyc\u00edch a ka\u017edoro\u010dn\u011b doprav\u00ed v\u00edce ne\u017e 100 000 host\u016f do obl\u00edben\u00fdch destinac\u00ed, jako je Rakousko, Francie, It\u00e1lie, \u0160v\u00fdcarsko a N\u011bmecko.\",\"email\":\"info-cz@snowtrex.com\",\"telephone\":\"234 495 495\",\"legalName\":\"TravelTrex GmbH\",\"foundingDate\":\"1999-07-01\",\"vatID\":\"DE 813 076 768\",\"numberOfEmployees\":{\"@type\":\"QuantitativeValue\",\"minValue\":\"51\",\"maxValue\":\"200\"}},{\"@type\":\"Person\",\"@id\":\"http:\\\/\\\/wp-magazin.snowtrex.cz\\\/#\\\/schema\\\/person\\\/ad1887a4d155ef6b5b8b4fc8990d92dd\",\"name\":\"SnowTrex\",\"description\":\"Redakce \u010dasopisu SnowTrex sdru\u017euje zku\u0161en\u00e9 zimn\u00ed sportovce a cestovn\u00ed experty, kte\u0159\u00ed svou v\u00e1\u0161e\u0148 prom\u00edtaj\u00ed do fundovan\u00fdch \u010dl\u00e1nk\u016f o ly\u017ea\u0159sk\u00fdch st\u0159edisc\u00edch, vybaven\u00ed a cestovn\u00edch tipech. Od roku 1999 je SnowTrex p\u0159edn\u00edm n\u011bmeck\u00fdm cestovn\u00edm kancel\u00e1\u0159em pro ly\u017ea\u0159sk\u00e9 dovolen\u00e9. Spole\u010dnost nab\u00edz\u00ed sv\u00e9 slu\u017eby ve 13 jazyc\u00edch a ka\u017edoro\u010dn\u011b doprav\u00ed p\u0159es 100 000 host\u016f do obl\u00edben\u00fdch destinac\u00ed, jako je Rakousko, Francie, It\u00e1lie, \u0160v\u00fdcarsko a N\u011bmecko.\",\"sameAs\":[\"https:\\\/\\\/www.snowtrex.cz\\\/\",\"https:\\\/\\\/www.facebook.com\\\/snowtrex\\\/\",\"https:\\\/\\\/www.instagram.com\\\/snowtrex_ski\\\/\",\"https:\\\/\\\/www.youtube.com\\\/c\\\/SnowTrex\"]}]}<\/script>\n<!-- \/ Yoast SEO Premium plugin. -->","yoast_head_json":{"title":"10 nejv\u011bt\u0161\u00edch ly\u017ea\u0159sk\u00fdch st\u0159edisek v It\u00e1lii","description":"It\u00e1lie nab\u00edz\u00ed nekone\u010dn\u00e9 kilometry sjezdovek v mnoha ly\u017ea\u0159sk\u00fdch st\u0159edisc\u00edch. SnowTrex zn\u00e1 10 nejv\u011bt\u0161\u00edch ly\u017ea\u0159sk\u00fdch st\u0159edisek v It\u00e1lii.","robots":{"index":"index","follow":"follow","max-snippet":"max-snippet:-1","max-image-preview":"max-image-preview:large","max-video-preview":"max-video-preview:-1"},"canonical":"https:\/\/www.snowtrex.cz\/magazin\/top-10\/nejvetsi-lyzarska-strediska-v-italii\/","og_locale":"cs_CZ","og_type":"article","og_title":"10 nejv\u011bt\u0161\u00edch ly\u017ea\u0159sk\u00fdch st\u0159edisek v It\u00e1lii","og_description":"Pizza, t\u011bstoviny, dolce vita - a spousta sjezdovek. Krom\u011b kulin\u00e1\u0159sk\u00fdch specialit, nes\u010detn\u00fdch kulturn\u00edch a historick\u00fdch pam\u00e1tek a \"sladk\u00e9ho \u017eivota\" se It\u00e1lie m\u016f\u017ee pochlubit tak\u00e9 velk\u00fdm mno\u017estv\u00edm ly\u017ea\u0159sk\u00fdch st\u0159edisek. Ty jsou velmi rozmanit\u00e9 a jsou domovem neuv\u011b\u0159iteln\u00e9ho mno\u017estv\u00ed sjezdovek a sv\u011btozn\u00e1m\u00fdch vrchol\u016f sjezdovek. Nejv\u011bt\u0161\u00ed italsk\u00fd ly\u017ea\u0159sk\u00fd are\u00e1l m\u00e1 proto ne m\u00e9n\u011b ne\u017e 400 kilometr\u016f sjezdovek! \u0158ada italsk\u00fdch ly\u017ea\u0159sk\u00fdch st\u0159edisek nav\u00edc nab\u00edz\u00ed \u0161irokou \u0161k\u00e1lu aktivit mimo alpsk\u00e9 sjezdovky. Expert na zimn\u00ed sporty SnowTrex je s\u00e1m velk\u00fdm fanou\u0161kem italsk\u00fdch ly\u017ea\u0159sk\u00fdch st\u0159edisek a p\u0159edstavuje 10 nejv\u011bt\u0161\u00edch ly\u017ea\u0159sk\u00fdch st\u0159edisek v It\u00e1lii.","og_url":"https:\/\/www.snowtrex.cz\/magazin\/top-10\/nejvetsi-lyzarska-strediska-v-italii\/","og_site_name":"SnowTrex Ski-Magaz\u00edn","article_publisher":"https:\/\/www.facebook.com\/snowtrex","article_author":"https:\/\/www.facebook.com\/snowtrex\/","article_published_time":"2026-04-06T23:00:00+00:00","article_modified_time":"2026-04-15T11:43:17+00:00","author":"SnowTrex","twitter_card":"summary_large_image","twitter_image":"https:\/\/www.snowtrex.cz\/magazin\/files\/2023\/08\/RS5341_shutterstock_572325634-scr.jpg","twitter_misc":{"Napsal(a)":"SnowTrex","Odhadovan\u00e1 doba \u010dten\u00ed":"13 minut"},"schema":{"@context":"https:\/\/schema.org","@graph":[{"@type":"Article","@id":"https:\/\/www.snowtrex.cz\/magazin\/top-10\/nejvetsi-lyzarska-strediska-v-italii\/#article","isPartOf":{"@id":"https:\/\/www.snowtrex.cz\/magazin\/top-10\/nejvetsi-lyzarska-strediska-v-italii\/"},"author":{"name":"SnowTrex","@id":"https:\/\/www.snowtrex.cz\/magazin\/#\/schema\/person\/ad1887a4d155ef6b5b8b4fc8990d92dd"},"headline":"10 nejv\u011bt\u0161\u00edch ly\u017ea\u0159sk\u00fdch st\u0159edisek v It\u00e1lii","datePublished":"2026-04-06T23:00:00+00:00","dateModified":"2026-04-15T11:43:17+00:00","mainEntityOfPage":{"@id":"https:\/\/www.snowtrex.cz\/magazin\/top-10\/nejvetsi-lyzarska-strediska-v-italii\/"},"wordCount":3139,"publisher":{"@id":"https:\/\/www.snowtrex.cz\/magazin\/#organization"},"image":{"@id":"https:\/\/www.snowtrex.cz\/magazin\/top-10\/nejvetsi-lyzarska-strediska-v-italii\/#primaryimage"},"thumbnailUrl":"https:\/\/www.snowtrex.cz\/magazin\/files\/2023\/08\/RS5341_shutterstock_572325634-scr.jpg","keywords":["Alagna Valsesia","Alpe di Siusi","Alta Badia","Ben\u00e1tsko","Cadore","Campiglio","Cervinia","Cervinia (Matterhorn)","Champoluc","Cortina d'Ampezzo","Corvara","Folgarida","Gressoney La Trinit\u00e9","It\u00e1lie","Ji\u017en\u00ed Tyrolsko","Kronplatz \/ Plan de Corones","La Thuile","La Val - Wengen","Livigno","Lombardie","Madonna di Campiglio","Matterhorn","Misurina","Mont Blanc","Monte Rosa","Monterosa","Pedraces","Piemont","Pinzolo (Madonna di Campiglio)","Seis","Sestriere (Via Lattea)","Sondrio","St. Christina","St. Ulrich","\u0160v\u00fdcarsko","Trentino","Val d'Aosta","Val di Sole","Val Gardena","Via Lattea","Wallis","Wolkenstein","Zermatt"],"articleSection":["Top 10"],"inLanguage":"cs"},{"@type":"WebPage","@id":"https:\/\/www.snowtrex.cz\/magazin\/top-10\/nejvetsi-lyzarska-strediska-v-italii\/","url":"https:\/\/www.snowtrex.cz\/magazin\/top-10\/nejvetsi-lyzarska-strediska-v-italii\/","name":"10 nejv\u011bt\u0161\u00edch ly\u017ea\u0159sk\u00fdch st\u0159edisek v It\u00e1lii","primaryImageOfPage":{"@id":"https:\/\/www.snowtrex.cz\/magazin\/top-10\/nejvetsi-lyzarska-strediska-v-italii\/#primaryimage"},"image":{"@id":"https:\/\/www.snowtrex.cz\/magazin\/top-10\/nejvetsi-lyzarska-strediska-v-italii\/#primaryimage"},"thumbnailUrl":"https:\/\/www.snowtrex.cz\/magazin\/files\/2023\/08\/RS5341_shutterstock_572325634-scr.jpg","datePublished":"2026-04-06T23:00:00+00:00","dateModified":"2026-04-15T11:43:17+00:00","description":"It\u00e1lie nab\u00edz\u00ed nekone\u010dn\u00e9 kilometry sjezdovek v mnoha ly\u017ea\u0159sk\u00fdch st\u0159edisc\u00edch. SnowTrex zn\u00e1 10 nejv\u011bt\u0161\u00edch ly\u017ea\u0159sk\u00fdch st\u0159edisek v It\u00e1lii.","inLanguage":"cs"},{"@type":"ImageObject","inLanguage":"cs","@id":"https:\/\/www.snowtrex.cz\/magazin\/top-10\/nejvetsi-lyzarska-strediska-v-italii\/#primaryimage","url":"https:\/\/www.snowtrex.cz\/magazin\/files\/2023\/08\/RS5341_shutterstock_572325634-scr.jpg","contentUrl":"https:\/\/www.snowtrex.cz\/magazin\/files\/2023\/08\/RS5341_shutterstock_572325634-scr.jpg","width":1440,"height":960},{"@type":"WebSite","@id":"https:\/\/www.snowtrex.cz\/magazin\/#website","url":"https:\/\/www.snowtrex.cz\/magazin\/","name":"SnowTrex Ski-Magaz\u00edn","description":"V\u0161e o ly\u017eov\u00e1n\u00ed, snowboardingu a zimn\u00ed dovolen\u00e9!","publisher":{"@id":"https:\/\/www.snowtrex.cz\/magazin\/#organization"},"inLanguage":"cs"},{"@type":"Organization","@id":"https:\/\/www.snowtrex.cz\/magazin\/#organization","name":"TravelTrex GmbH","url":"https:\/\/www.snowtrex.cz\/magazin\/","logo":{"@type":"ImageObject","inLanguage":"cs","@id":"https:\/\/www.snowtrex.cz\/magazin\/#\/schema\/logo\/image\/","url":"https:\/\/www.snowtrex.cz\/magazin\/files\/2025\/09\/TravelTrex-Logo_RGB_transp.png","contentUrl":"https:\/\/www.snowtrex.cz\/magazin\/files\/2025\/09\/TravelTrex-Logo_RGB_transp.png","width":1080,"height":282,"caption":"TravelTrex GmbH"},"image":{"@id":"https:\/\/www.snowtrex.cz\/magazin\/#\/schema\/logo\/image\/"},"sameAs":["https:\/\/www.facebook.com\/snowtrex","https:\/\/www.instagram.com\/snowtrex_ski"],"description":"Od roku 1999 je SnowTrex p\u0159edn\u00edm n\u011bmeck\u00fdm cestovn\u00edm kancel\u00e1\u0159\u00edm pro ly\u017ea\u0159sk\u00e9 dovolen\u00e9. Spole\u010dnost nab\u00edz\u00ed sv\u00e9 slu\u017eby ve 13 jazyc\u00edch a ka\u017edoro\u010dn\u011b doprav\u00ed v\u00edce ne\u017e 100 000 host\u016f do obl\u00edben\u00fdch destinac\u00ed, jako je Rakousko, Francie, It\u00e1lie, \u0160v\u00fdcarsko a N\u011bmecko.","email":"info-cz@snowtrex.com","telephone":"234 495 495","legalName":"TravelTrex GmbH","foundingDate":"1999-07-01","vatID":"DE 813 076 768","numberOfEmployees":{"@type":"QuantitativeValue","minValue":"51","maxValue":"200"}},{"@type":"Person","@id":"https:\/\/www.snowtrex.cz\/magazin\/#\/schema\/person\/ad1887a4d155ef6b5b8b4fc8990d92dd","name":"SnowTrex","description":"Redakce \u010dasopisu SnowTrex sdru\u017euje zku\u0161en\u00e9 zimn\u00ed sportovce a cestovn\u00ed experty, kte\u0159\u00ed svou v\u00e1\u0161e\u0148 prom\u00edtaj\u00ed do fundovan\u00fdch \u010dl\u00e1nk\u016f o ly\u017ea\u0159sk\u00fdch st\u0159edisc\u00edch, vybaven\u00ed a cestovn\u00edch tipech. Od roku 1999 je SnowTrex p\u0159edn\u00edm n\u011bmeck\u00fdm cestovn\u00edm kancel\u00e1\u0159em pro ly\u017ea\u0159sk\u00e9 dovolen\u00e9. Spole\u010dnost nab\u00edz\u00ed sv\u00e9 slu\u017eby ve 13 jazyc\u00edch a ka\u017edoro\u010dn\u011b doprav\u00ed p\u0159es 100 000 host\u016f do obl\u00edben\u00fdch destinac\u00ed, jako je Rakousko, Francie, It\u00e1lie, \u0160v\u00fdcarsko a N\u011bmecko.","sameAs":["https:\/\/www.snowtrex.cz\/","https:\/\/www.facebook.com\/snowtrex\/","https:\/\/www.instagram.com\/snowtrex_ski\/","https:\/\/www.youtube.com\/c\/SnowTrex"]}]}},"wp-worthy-pixel":{"ignored":false,"public":null,"server":null,"url":null},"wp-worthy-type":"normal","_links":{"self":[{"href":"https:\/\/www.snowtrex.cz\/magazin\/wp-json\/wp\/v2\/posts\/31716","targetHints":{"allow":["GET"]}}],"collection":[{"href":"https:\/\/www.snowtrex.cz\/magazin\/wp-json\/wp\/v2\/posts"}],"about":[{"href":"https:\/\/www.snowtrex.cz\/magazin\/wp-json\/wp\/v2\/types\/post"}],"author":[{"embeddable":true,"href":"https:\/\/www.snowtrex.cz\/magazin\/wp-json\/wp\/v2\/users\/178"}],"replies":[{"embeddable":true,"href":"https:\/\/www.snowtrex.cz\/magazin\/wp-json\/wp\/v2\/comments?post=31716"}],"version-history":[{"count":9,"href":"https:\/\/www.snowtrex.cz\/magazin\/wp-json\/wp\/v2\/posts\/31716\/revisions"}],"predecessor-version":[{"id":63563,"href":"https:\/\/www.snowtrex.cz\/magazin\/wp-json\/wp\/v2\/posts\/31716\/revisions\/63563"}],"wp:featuredmedia":[{"embeddable":true,"href":"https:\/\/www.snowtrex.cz\/magazin\/wp-json\/wp\/v2\/media\/48461"}],"wp:attachment":[{"href":"https:\/\/www.snowtrex.cz\/magazin\/wp-json\/wp\/v2\/media?parent=31716"}],"wp:term":[{"taxonomy":"category","embeddable":true,"href":"https:\/\/www.snowtrex.cz\/magazin\/wp-json\/wp\/v2\/categories?post=31716"},{"taxonomy":"post_tag","embeddable":true,"href":"https:\/\/www.snowtrex.cz\/magazin\/wp-json\/wp\/v2\/tags?post=31716"}],"curies":[{"name":"wp","href":"https:\/\/api.w.org\/{rel}","templated":true}]}}