{"id":16950,"date":"2025-05-14T12:46:56","date_gmt":"2025-05-14T10:46:56","guid":{"rendered":"http:\/\/blog.snowtrex.com\/de\/?p=10628"},"modified":"2025-06-26T15:09:29","modified_gmt":"2025-06-26T13:09:29","slug":"lyzovani-v-recku","status":"publish","type":"post","link":"https:\/\/www.snowtrex.cz\/magazin\/top-10\/lyzovani-v-recku\/","title":{"rendered":"5 dobr\u00fdch d\u016fvod\u016f pro ly\u017eov\u00e1n\u00ed v \u0158ecku"},"content":{"rendered":"<p><strong>Skok v \u010dase &#8211; takov\u00fd je pocit, kdy\u017e se proch\u00e1z\u00edte po proslun\u011bn\u00e9 pl\u00e1\u017ei a te\u010f jste po kolena ve sn\u011bhu. Na prvn\u00ed pohled m\u00e1 zem\u011b antick\u00fdch boh\u016f se zimn\u00edmi sporty pram\u00e1lo spole\u010dn\u00e9ho. Alespo\u0148 si to m\u016f\u017ee myslet ka\u017ed\u00fd, kdo nebyl v \u0159eck\u00fdch hor\u00e1ch vysok\u00fdch p\u0159es 2 000 metr\u016f. Ve skute\u010dnosti je v\u0161ak v \u0159eck\u00fdch ly\u017ea\u0159sk\u00fdch st\u0159edisc\u00edch v\u00edce ne\u017e 197 kilometr\u016f sjezdovek a 122 ly\u017ea\u0159sk\u00fdch vlek\u016f. <a href=\"https:\/\/www.snowtrex.cz\/\" target=\"_blank\" rel=\"noopener\">SnowTrex<\/a> zn\u00e1 5 dobr\u00fdch d\u016fvod\u016f, pro\u010d se ly\u017eov\u00e1n\u00ed v \u0158ecku rozhodn\u011b vyplat\u00ed.<\/strong><\/p>\n<div class=\"tt-post-image-wrapper tt-post-image-wrapper-full\">\n            <div class=\"tt-image-copyright-container\">\n                <a href=\"https:\/\/www.snowtrex.cz\/magazin\/files\/2019\/05\/RS26651_shutterstock_2102551033-hsc.jpg\" target=\"_blank\" rel=\"noopener\"><img loading=\"lazy\" decoding=\"async\" data-wrapped=\"true\" class=\"wp-image-58876 size-Artikelbild_gro\u00df\" title=\"Ly\u017ea\u0159sk\u00e9 st\u0159edisko Kellaria nedaleko Parnasu je mezi m\u00edstn\u00edmi obyvateli obzvl\u00e1\u0161t\u011b obl\u00edben\u00e9\" src=\"https:\/\/www.snowtrex.cz\/magazin\/files\/2019\/05\/RS26651_shutterstock_2102551033-hsc-729x486.jpg\" alt=\"Ly\u017ea\u0159sk\u00e9 st\u0159edisko Kellaria nedaleko Parnasu je mezi m\u00edstn\u00edmi obyvateli obzvl\u00e1\u0161t\u011b obl\u00edben\u00e9\" width=\"729\" height=\"486\" srcset=\"https:\/\/www.snowtrex.cz\/magazin\/files\/2019\/05\/RS26651_shutterstock_2102551033-hsc-729x486.jpg 729w, https:\/\/www.snowtrex.cz\/magazin\/files\/2019\/05\/RS26651_shutterstock_2102551033-hsc-290x193.jpg 290w, https:\/\/www.snowtrex.cz\/magazin\/files\/2019\/05\/RS26651_shutterstock_2102551033-hsc-728x486.jpg 728w, https:\/\/www.snowtrex.cz\/magazin\/files\/2019\/05\/RS26651_shutterstock_2102551033-hsc-768x512.jpg 768w, https:\/\/www.snowtrex.cz\/magazin\/files\/2019\/05\/RS26651_shutterstock_2102551033-hsc-1536x1025.jpg 1536w, https:\/\/www.snowtrex.cz\/magazin\/files\/2019\/05\/RS26651_shutterstock_2102551033-hsc-468x312.jpg 468w, https:\/\/www.snowtrex.cz\/magazin\/files\/2019\/05\/RS26651_shutterstock_2102551033-hsc-300x200.jpg 300w, https:\/\/www.snowtrex.cz\/magazin\/files\/2019\/05\/RS26651_shutterstock_2102551033-hsc-999x666.jpg 999w, https:\/\/www.snowtrex.cz\/magazin\/files\/2019\/05\/RS26651_shutterstock_2102551033-hsc-645x430.jpg 645w, https:\/\/www.snowtrex.cz\/magazin\/files\/2019\/05\/RS26651_shutterstock_2102551033-hsc-552x368.jpg 552w, https:\/\/www.snowtrex.cz\/magazin\/files\/2019\/05\/RS26651_shutterstock_2102551033-hsc-405x270.jpg 405w, https:\/\/www.snowtrex.cz\/magazin\/files\/2019\/05\/RS26651_shutterstock_2102551033-hsc-336x224.jpg 336w, https:\/\/www.snowtrex.cz\/magazin\/files\/2019\/05\/RS26651_shutterstock_2102551033-hsc-276x184.jpg 276w, https:\/\/www.snowtrex.cz\/magazin\/files\/2019\/05\/RS26651_shutterstock_2102551033-hsc-234x156.jpg 234w, https:\/\/www.snowtrex.cz\/magazin\/files\/2019\/05\/RS26651_shutterstock_2102551033-hsc-192x128.jpg 192w, https:\/\/www.snowtrex.cz\/magazin\/files\/2019\/05\/RS26651_shutterstock_2102551033-hsc-120x80.jpg 120w, https:\/\/www.snowtrex.cz\/magazin\/files\/2019\/05\/RS26651_shutterstock_2102551033-hsc-774x516.jpg 774w, https:\/\/www.snowtrex.cz\/magazin\/files\/2019\/05\/RS26651_shutterstock_2102551033-hsc-1x1.jpg 1w, https:\/\/www.snowtrex.cz\/magazin\/files\/2019\/05\/RS26651_shutterstock_2102551033-hsc.jpg 1920w\" sizes=\"(min-width: 1009px) 729px, (min-width: 819px) 594px, (min-width: 569px) 729px, (min-width: 449px) 468px, 348px\" \/><\/a><div class=\"tt-image-copyright\" data-image-id=\"58876\">\u00a9 Sven Hansche\/Shutterstock<\/div>\n            <\/div>\n            <div class=\"tt-post-caption\">Ly\u017ea\u0159sk\u00e9 st\u0159edisko Kellaria nedaleko Parnasu je mezi m\u00edstn\u00edmi obyvateli obzvl\u00e1\u0161t\u011b obl\u00edben\u00e9<\/div>\n         <\/div > \n<p><div class=\"tt-table-of-content\">\n                <span class=\"tt-icon-circle-up tt-table-of-content-button\"><\/span><\/p>\n<div class=\"tt-table-of-content-caption\">\n                    Obsah\n                <\/div>\n<div class=\"tt-table-of-content-body\">\n                    <a href=\"#1-ly\u017eov\u00e1n\u00ed-s-v\u00fdhledem-na-mo\u0159e\"><span class=\"layer-0\">1. Ly\u017eov\u00e1n\u00ed s v\u00fdhledem na mo\u0159e<\/span><\/a><a href=\"#2-dopoledne-sjezdovka-odpoledne-pob\u0159e\u017e\u00ed\"><span class=\"layer-0\">2. Dopoledne sjezdovka, odpoledne pob\u0159e\u017e\u00ed<\/span><\/a><a href=\"#3-sjezdovky-pro-ka\u017edou-\u00farove\u0148\"><span class=\"layer-0\">3. Sjezdovky pro ka\u017edou \u00farove\u0148<\/span><\/a><a href=\"#4-adrenalinov\u00fd-n\u00e1\u0159ez-s-v\u00fdlety-na-ly\u017e\u00edch-a-vrtuln\u00edkem\"><span class=\"layer-0\">4. Adrenalinov\u00fd n\u00e1\u0159ez s v\u00fdlety na ly\u017e\u00edch a vrtuln\u00edkem<\/span><\/a><a href=\"#5-objevte-bohat\u00e9-kulturn\u00ed-d\u011bdictv\u00ed\"><span class=\"layer-0\">5. Objevte bohat\u00e9 kulturn\u00ed d\u011bdictv\u00ed<\/span><\/a>\n                 <\/div>\n<\/p><\/div>\n<hr>\n<h2 id=\"1-ly\u017eov\u00e1n\u00ed-s-v\u00fdhledem-na-mo\u0159e\">1. Ly\u017eov\u00e1n\u00ed s v\u00fdhledem na mo\u0159e<\/h2>\n<p>Ly\u017ea\u0159sk\u00e1 dovolen\u00e1 v \u0158ecku je ide\u00e1ln\u00ed p\u0159\u00edle\u017eitost\u00ed objevit n\u011bco zcela nov\u00e9ho a vym\u011bnit obvykl\u00e9 ly\u017eov\u00e1n\u00ed v Alp\u00e1ch za exotick\u00fd z\u00e1\u017eitek. P\u016fsobiv\u00fd v\u00fdhled na mo\u0159e z n\u011bkter\u00fdch sjezdovek vytv\u00e1\u0159\u00ed t\u00e9m\u011b\u0159 surrealistick\u00fd kontrast mezi horami a mo\u0159em. Tento dechberouc\u00ed z\u00e1\u017eitek si m\u016f\u017eete vychutnat nap\u0159\u00edklad v ly\u017ea\u0159sk\u00e9m st\u0159edisku Kalavryta a v ly\u017ea\u0159sk\u00e9m centru Pelion. Ly\u017ea\u0159sk\u00e9 st\u0159edisko Kalavryta (2 340 m) je jedn\u00edm z nejv\u00fd\u0161e polo\u017een\u00fdch ly\u017ea\u0159sk\u00fdch st\u0159edisek v \u0158ecku a m\u00e1 12 kilometr\u016f sjezdovek.<\/p>\n<p>Zasn\u011b\u017een\u00e9 hory v \u0158ecku? Ano, a m\u016f\u017ee to vypadat i takto:<\/p>\n<figure class=\"wp-block-embed-youtube wp-block-embed is-type-video is-provider-youtube wp-embed-aspect-16-9 wp-has-aspect-ratio\"><div class=\"lyte-wrapper\" title=\"Kalavrita Ski Center (Ski in Greece)\" style=\"width:853px;max-width:100%;margin:5px auto;\"><div class=\"lyMe\" id=\"WYL_uzBU-PDssBU\" itemprop=\"video\" itemscope itemtype=\"https:\/\/schema.org\/VideoObject\"><div><meta itemprop=\"thumbnailUrl\" content=\"https:\/\/i.ytimg.com\/vi\/uzBU-PDssBU\/hqdefault.jpg\" \/><meta itemprop=\"embedURL\" content=\"https:\/\/www.youtube.com\/embed\/uzBU-PDssBU\" \/><meta itemprop=\"duration\" content=\"PT3M13S\" \/><meta itemprop=\"uploadDate\" content=\"2018-02-06T18:52:27Z\" \/><\/div><div id=\"lyte_uzBU-PDssBU\" data-src=\"https:\/\/i.ytimg.com\/vi\/uzBU-PDssBU\/hqdefault.jpg\" class=\"pL\"><div class=\"tC\"><div class=\"tT\" itemprop=\"name\">Kalavrita Ski Center (Ski in Greece)<\/div><\/div><div class=\"play\"><\/div><div class=\"ctrl\"><div class=\"Lctrl\"><\/div><div class=\"Rctrl\"><\/div><\/div><\/div><noscript><a href=\"http:\/\/youtu.be\/uzBU-PDssBU\" rel=\"nofollow\"><img loading=\"lazy\" decoding=\"async\" src=\"http:\/\/i.ytimg.com\/vi\/uzBU-PDssBU\/0.jpg\" alt=\"Kalavrita Ski Center (Ski in Greece)\" width=\"853\" height=\"460\" \/><br \/>Watch this video on YouTube<\/a><\/noscript><meta itemprop=\"description\" content=\"What do you mean Ski in Greece?? Guess what!! Beyond the beautiful islands and the famous Greek summer in Greece you can experience unforgettable winter holidays.If you are looking for a place that you can ski in the mountain and have an outstanding view of the sea Kalavrita is the place to be.\"><\/div><\/div><div class=\"lL\" style=\"max-width:100%;width:853px;margin:5px auto;\"><br\/><span class=\"lyte_disclaimer\">Upozor\u0148ujeme tak\u00e9, \u017ee pou\u017e\u00edv\u00e1n\u00edm na\u0161ich slu\u017eeb a integrac\u00ed slu\u017eeb YouTube API plat\u00ed <a href=\"https:\/\/www.youtube.com\/t\/terms\">Smluvn\u00ed podm\u00ednky YouTube<\/a> a <a href=\"https:\/\/developers.google.com\/youtube\/terms\/api-services-terms-of-service-emea-de\">Smluvn\u00ed podm\u00ednky YouTube API<\/a> a va\u0161e pou\u017e\u00edv\u00e1n\u00ed na\u0161ich webov\u00fdch str\u00e1nek se pova\u017euje za souhlas s t\u011bmito podm\u00ednkami.<\/span><\/div><figcaption><\/figcaption><\/figure>\n<h2 id=\"2-dopoledne-sjezdovka-odpoledne-pob\u0159e\u017e\u00ed\">2. Dopoledne sjezdovka, odpoledne pob\u0159e\u017e\u00ed<\/h2>\n<p>Nemus\u00ed to b\u00fdt jen v\u00fdhled na mo\u0159e! Z n\u011bkter\u00fdch ly\u017ea\u0159sk\u00fdch st\u0159edisek, jako je nap\u0159\u00edklad ly\u017ea\u0159sk\u00e9 centrum Pelion, je pob\u0159e\u017e\u00ed a mo\u0159e vzd\u00e1leno jen asi 30 minut j\u00edzdy autem. Proto se mnoho rekreant\u016f po ly\u017eov\u00e1n\u00ed vyd\u00e1v\u00e1 k mo\u0159i a nav\u0161t\u011bvuje jednu z mnoha ryb\u00e1\u0159sk\u00fdch vesnic nebo si b\u011bhem p\u0159est\u00e1vky v p\u0159\u00edstavn\u00ed restauraci vychutn\u00e1v\u00e1 \u010derstv\u00e9 mo\u0159sk\u00e9 plody s olivami a v\u00ednem.<\/p>\n<h2 id=\"3-sjezdovky-pro-ka\u017edou-\u00farove\u0148\">3. Sjezdovky pro ka\u017edou \u00farove\u0148<\/h2>\n<p>24 ly\u017ea\u0159sk\u00fdch st\u0159edisek v \u0158ecku, z nich\u017e n\u011bkter\u00e1 se skl\u00e1daj\u00ed pouze z jedn\u00e9 sjezdovky, nab\u00edz\u00ed trasy s r\u016fzn\u00fdmi stupni obt\u00ed\u017enosti. Na sv\u00e9 si tak p\u0159ijdou za\u010d\u00e1te\u010dn\u00edci, pokro\u010dil\u00ed ly\u017ea\u0159i i profesion\u00e1lov\u00e9. Za\u010d\u00e1te\u010dn\u00edci maj\u00ed mo\u017enost nau\u010dit se um\u011bn\u00ed ly\u017eov\u00e1n\u00ed s pomoc\u00ed kurzu ly\u017ea\u0159sk\u00e9 \u0161koly, zat\u00edmco profesion\u00e1lov\u00e9 mohou naopak v\u00ed\u0159it pra\u0161an na nedot\u010den\u00fdch svaz\u00edch mimo sjezdovky. Nejv\u011bt\u0161\u00edm ly\u017ea\u0159sk\u00fdm are\u00e1lem v \u0158ecku se sjezdovkami v\u0161eho druhu je are\u00e1l Fterolakka (2 300 m) v Kellarii s v\u00edce ne\u017e 34 kilometry sjezdovek.<\/p>\n<div class=\"tt-post-image-wrapper tt-post-image-wrapper-full\">\n            <div class=\"tt-image-copyright-container\">\n                <a href=\"https:\/\/www.snowtrex.cz\/magazin\/files\/2019\/05\/RS5345_shutterstock_578394004-hsc.jpg\" target=\"_blank\" rel=\"noopener\"><img loading=\"lazy\" decoding=\"async\" data-wrapped=\"true\" class=\"wp-image-58877 size-Artikelbild_gro\u00df\" title=\"Pohled z hory Helmos v ly\u017ea\u0159sk\u00e9m st\u0159edisku Kalavrita\" src=\"https:\/\/www.snowtrex.cz\/magazin\/files\/2019\/05\/RS5345_shutterstock_578394004-hsc-729x486.jpg\" alt=\"Pohled z hory Helmos v ly\u017ea\u0159sk\u00e9m st\u0159edisku Kalavrita\" width=\"729\" height=\"486\" srcset=\"https:\/\/www.snowtrex.cz\/magazin\/files\/2019\/05\/RS5345_shutterstock_578394004-hsc-729x486.jpg 729w, https:\/\/www.snowtrex.cz\/magazin\/files\/2019\/05\/RS5345_shutterstock_578394004-hsc-468x312.jpg 468w, https:\/\/www.snowtrex.cz\/magazin\/files\/2019\/05\/RS5345_shutterstock_578394004-hsc-300x200.jpg 300w, https:\/\/www.snowtrex.cz\/magazin\/files\/2019\/05\/RS5345_shutterstock_578394004-hsc-645x430.jpg 645w, https:\/\/www.snowtrex.cz\/magazin\/files\/2019\/05\/RS5345_shutterstock_578394004-hsc-552x368.jpg 552w, https:\/\/www.snowtrex.cz\/magazin\/files\/2019\/05\/RS5345_shutterstock_578394004-hsc-405x270.jpg 405w, https:\/\/www.snowtrex.cz\/magazin\/files\/2019\/05\/RS5345_shutterstock_578394004-hsc-336x224.jpg 336w, https:\/\/www.snowtrex.cz\/magazin\/files\/2019\/05\/RS5345_shutterstock_578394004-hsc-276x184.jpg 276w, https:\/\/www.snowtrex.cz\/magazin\/files\/2019\/05\/RS5345_shutterstock_578394004-hsc-234x156.jpg 234w, https:\/\/www.snowtrex.cz\/magazin\/files\/2019\/05\/RS5345_shutterstock_578394004-hsc-192x128.jpg 192w, https:\/\/www.snowtrex.cz\/magazin\/files\/2019\/05\/RS5345_shutterstock_578394004-hsc-120x80.jpg 120w, https:\/\/www.snowtrex.cz\/magazin\/files\/2019\/05\/RS5345_shutterstock_578394004-hsc-774x516.jpg 774w, https:\/\/www.snowtrex.cz\/magazin\/files\/2019\/05\/RS5345_shutterstock_578394004-hsc-3x1.jpg 3w\" sizes=\"(min-width: 1009px) 729px, (min-width: 819px) 594px, (min-width: 569px) 729px, (min-width: 449px) 468px, 348px\" \/><\/a><div class=\"tt-image-copyright\" data-image-id=\"58877\">\u00a9 smoxx\/shutterstock.de<\/div>\n            <\/div>\n            <div class=\"tt-post-caption\">Pohled z hory Helmos v ly\u017ea\u0159sk\u00e9m st\u0159edisku Kalavrita<\/div>\n         <\/div > \n<h2 id=\"4-adrenalinov\u00fd-n\u00e1\u0159ez-s-v\u00fdlety-na-ly\u017e\u00edch-a-vrtuln\u00edkem\">4. Adrenalinov\u00fd n\u00e1\u0159ez s v\u00fdlety na ly\u017e\u00edch a vrtuln\u00edkem<\/h2>\n<p>Krom\u011b klasick\u00e9ho alpsk\u00e9ho ly\u017eov\u00e1n\u00ed nab\u00edz\u00ed \u0158ecko tak\u00e9 mo\u017enost skialpinismu a heli-skiingu. Pokud jde o skialpinismus, rozhodn\u011b byste se m\u011bli rozhodnout pro t\u00faru s pr\u016fvodcem, kter\u00e1 se \u010dasto odehr\u00e1v\u00e1 na zasn\u011b\u017een\u00fdch svaz\u00edch a zaru\u010duje velk\u00e9 dobrodru\u017estv\u00ed. Tot\u00e9\u017e plat\u00ed pro heli-skiing, kter\u00fd je mo\u017en\u00fd v oblasti hory Olymp (2 450 m n. m.).<\/p>\n<p>Tyto sn\u00edmky ukazuj\u00ed, \u017ee \u0158ecko m\u016f\u017ee freerider\u016fm za ur\u010dit\u00fdch okolnost\u00ed nab\u00eddnout ide\u00e1ln\u00ed podm\u00ednky pro j\u00edzdu v hlubok\u00e9m sn\u011bhu:<\/p>\n<figure class=\"wp-block-embed-youtube wp-block-embed is-type-video is-provider-youtube wp-embed-aspect-16-9 wp-has-aspect-ratio\"><div class=\"lyte-wrapper\" title=\"Freeride Skiing in Greece! | Outdoor Sports Show | EDGEsport\" style=\"width:853px;max-width:100%;margin:5px auto;\"><div class=\"lyMe\" id=\"WYL_khNyauESINo\" itemprop=\"video\" itemscope itemtype=\"https:\/\/schema.org\/VideoObject\"><div><meta itemprop=\"thumbnailUrl\" content=\"https:\/\/i.ytimg.com\/vi\/khNyauESINo\/hqdefault.jpg\" \/><meta itemprop=\"embedURL\" content=\"https:\/\/www.youtube.com\/embed\/khNyauESINo\" \/><meta itemprop=\"duration\" content=\"PT4M12S\" \/><meta itemprop=\"uploadDate\" content=\"2018-12-14T12:00:13Z\" \/><\/div><div id=\"lyte_khNyauESINo\" data-src=\"https:\/\/i.ytimg.com\/vi\/khNyauESINo\/hqdefault.jpg\" class=\"pL\"><div class=\"tC\"><div class=\"tT\" itemprop=\"name\">Freeride Skiing in Greece! | Outdoor Sports Show | EDGEsport<\/div><\/div><div class=\"play\"><\/div><div class=\"ctrl\"><div class=\"Lctrl\"><\/div><div class=\"Rctrl\"><\/div><\/div><\/div><noscript><a href=\"http:\/\/youtu.be\/khNyauESINo\" rel=\"nofollow\"><img loading=\"lazy\" decoding=\"async\" src=\"http:\/\/i.ytimg.com\/vi\/khNyauESINo\/0.jpg\" alt=\"Freeride Skiing in Greece! | Outdoor Sports Show | EDGEsport\" width=\"853\" height=\"460\" \/><br \/>Watch this video on YouTube<\/a><\/noscript><meta itemprop=\"description\" content=\"We join skier and filmmaker Fabian Lentsch as he goes on a two-month freeride skiing tour of the four biggest mountains in Greece. Subscribe for more: https:\/\/www.youtube.com\/user\/EdgeSportTV\/\"><\/div><\/div><div class=\"lL\" style=\"max-width:100%;width:853px;margin:5px auto;\"><br\/><span class=\"lyte_disclaimer\">Upozor\u0148ujeme tak\u00e9, \u017ee pou\u017e\u00edv\u00e1n\u00edm na\u0161ich slu\u017eeb a integrac\u00ed slu\u017eeb YouTube API plat\u00ed <a href=\"https:\/\/www.youtube.com\/t\/terms\">Smluvn\u00ed podm\u00ednky YouTube<\/a> a <a href=\"https:\/\/developers.google.com\/youtube\/terms\/api-services-terms-of-service-emea-de\">Smluvn\u00ed podm\u00ednky YouTube API<\/a> a va\u0161e pou\u017e\u00edv\u00e1n\u00ed na\u0161ich webov\u00fdch str\u00e1nek se pova\u017euje za souhlas s t\u011bmito podm\u00ednkami.<\/span><\/div><figcaption><\/figcaption><\/figure>\n<h2 id=\"5-objevte-bohat\u00e9-kulturn\u00ed-d\u011bdictv\u00ed\">5. Objevte bohat\u00e9 kulturn\u00ed d\u011bdictv\u00ed<\/h2>\n<p>Dovolen\u00e1 v \u0158ecku je samoz\u0159ejm\u011b m\u00e1lokdy jen o zimn\u00edch sportech, ale tak\u00e9 o pozn\u00e1v\u00e1n\u00ed jin\u00e9 nebo nov\u00e9 kultury &#8211; a \u0158ecko m\u00e1 co nab\u00eddnout! Pro milovn\u00edky historie a p\u0159\u00edrody je v okol\u00ed v\u0161ech ly\u017ea\u0159sk\u00fdch st\u0159edisek p\u0159ipraveno mnoho pam\u00e1tek a aktivit na jednodenn\u00ed v\u00fdlety. Pat\u0159\u00ed mezi n\u011b r\u016fzn\u00e9 kl\u00e1\u0161tery, jako je &#8222;Hosios Lukas&#8220; nedaleko ly\u017ea\u0159sk\u00e9ho st\u0159ediska Fterolaka, nebo okoln\u00ed historick\u00e9 vesnice se staletou histori\u00ed. Dal\u0161\u00ed obl\u00edbenou atrakc\u00ed v bl\u00edzkosti ly\u017ea\u0159sk\u00e9ho st\u0159ediska je Odontotos Rack Railway &#8211; vl\u00e1\u010dek, kter\u00fd se vine sout\u011bskami a \u00fatesy na okraji hor a nab\u00edz\u00ed \u00fachvatn\u00e9 v\u00fdhledy. Dal\u0161\u00edm zasv\u011bcen\u00fdm tipem pro rekreanty v ly\u017ea\u0159sk\u00e9m st\u0159edisku Kalavryta je 13 podzemn\u00edch jezer v kr\u00e1pn\u00edkov\u00e9 jeskyni &#8222;Kastria Cave&#8220;.<\/p>\n<p>M\u00e1te chu\u0165 na dal\u0161\u00ed <a href=\"https:\/\/www.snowtrex.cz\/magazin\/lyzarska-strediska\/lyzarska-strediska-evropa\/\" target=\"_blank\" rel=\"noopener noreferrer\">ly\u017ea\u0159sk\u00e1 st\u0159ediska v Evrop\u011b<\/a>?<\/p>\n","protected":false},"excerpt":{"rendered":"<p>Skok v \u010dase &#8211; takov\u00fd je pocit, kdy\u017e se proch\u00e1z\u00edte po proslun\u011bn\u00e9 pl\u00e1\u017ei a te\u010f jste po kolena ve sn\u011bhu. Na prvn\u00ed pohled m\u00e1 zem\u011b antick\u00fdch boh\u016f se zimn\u00edmi sporty pram\u00e1lo spole\u010dn\u00e9ho. Alespo\u0148 si to m\u016f\u017ee myslet ka\u017ed\u00fd, kdo nebyl v \u0159eck\u00fdch hor\u00e1ch vysok\u00fdch p\u0159es 2 000 metr\u016f. Ve skute\u010dnosti je v\u0161ak v \u0159eck\u00fdch ly\u017ea\u0159sk\u00fdch st\u0159edisc\u00edch v\u00edce ne\u017e 197 kilometr\u016f sjezdovek a 122 ly\u017ea\u0159sk\u00fdch vlek\u016f. SnowTrex zn\u00e1 5 dobr\u00fdch d\u016fvod\u016f, pro\u010d se ly\u017eov\u00e1n\u00ed v \u0158ecku rozhodn\u011b vyplat\u00ed:<\/p>\n","protected":false},"author":178,"featured_media":58876,"comment_status":"closed","ping_status":"closed","sticky":false,"template":"","format":"standard","meta":{"footnotes":""},"categories":[11],"tags":[],"class_list":["post-16950","post","type-post","status-publish","format-standard","has-post-thumbnail","hentry","category-top-10"],"yoast_head":"<!-- This site is optimized with the Yoast SEO Premium plugin v27.3 (Yoast SEO v27.3) - https:\/\/yoast.com\/product\/yoast-seo-premium-wordpress\/ -->\n<title>Ly\u017eov\u00e1n\u00ed v \u0158ecku - 5 dobr\u00fdch d\u016fvod\u016f<\/title>\n<meta name=\"description\" content=\"Ly\u017ea\u0159sk\u00e1 dovolen\u00e1 v \u0158ecku: SnowTrex zn\u00e1 5 dobr\u00fdch d\u016fvod\u016f, pro\u010d se ly\u017eov\u00e1n\u00ed v \u0158ecku rozhodn\u011b vyplat\u00ed.\" \/>\n<meta name=\"robots\" content=\"index, follow, max-snippet:-1, max-image-preview:large, max-video-preview:-1\" \/>\n<link rel=\"canonical\" href=\"https:\/\/www.snowtrex.cz\/magazin\/top-10\/lyzovani-v-recku\/\" \/>\n<meta property=\"og:locale\" content=\"cs_CZ\" \/>\n<meta property=\"og:type\" content=\"article\" \/>\n<meta property=\"og:title\" content=\"5 dobr\u00fdch d\u016fvod\u016f pro ly\u017eov\u00e1n\u00ed v \u0158ecku\" \/>\n<meta property=\"og:description\" content=\"Skok v \u010dase - takov\u00fd je pocit, kdy\u017e se proch\u00e1z\u00edte po proslun\u011bn\u00e9 pl\u00e1\u017ei a te\u010f jste po kolena ve sn\u011bhu. Na prvn\u00ed pohled m\u00e1 zem\u011b antick\u00fdch boh\u016f se zimn\u00edmi sporty pram\u00e1lo spole\u010dn\u00e9ho. Alespo\u0148 si to m\u016f\u017ee myslet ka\u017ed\u00fd, kdo nebyl v \u0159eck\u00fdch hor\u00e1ch vysok\u00fdch p\u0159es 2 000 metr\u016f. Ve skute\u010dnosti je v\u0161ak v \u0159eck\u00fdch ly\u017ea\u0159sk\u00fdch st\u0159edisc\u00edch v\u00edce ne\u017e 197 kilometr\u016f sjezdovek a 122 ly\u017ea\u0159sk\u00fdch vlek\u016f. SnowTrex zn\u00e1 5 dobr\u00fdch d\u016fvod\u016f, pro\u010d se ly\u017eov\u00e1n\u00ed v \u0158ecku rozhodn\u011b vyplat\u00ed:\" \/>\n<meta property=\"og:url\" content=\"https:\/\/www.snowtrex.cz\/magazin\/top-10\/lyzovani-v-recku\/\" \/>\n<meta property=\"og:site_name\" content=\"SnowTrex Ski-Magaz\u00edn\" \/>\n<meta property=\"article:publisher\" content=\"https:\/\/www.facebook.com\/snowtrex\" \/>\n<meta property=\"article:author\" content=\"https:\/\/www.facebook.com\/snowtrex\/\" \/>\n<meta property=\"article:published_time\" content=\"2025-05-14T10:46:56+00:00\" \/>\n<meta property=\"article:modified_time\" content=\"2025-06-26T13:09:29+00:00\" \/>\n<meta property=\"og:image\" content=\"https:\/\/www.snowtrex.cz\/magazin\/files\/2019\/05\/RS26651_shutterstock_2102551033-hsc.jpg\" \/>\n\t<meta property=\"og:image:width\" content=\"1920\" \/>\n\t<meta property=\"og:image:height\" content=\"1281\" \/>\n\t<meta property=\"og:image:type\" content=\"image\/jpeg\" \/>\n<meta name=\"author\" content=\"SnowTrex\" \/>\n<meta name=\"twitter:card\" content=\"summary_large_image\" \/>\n<meta name=\"twitter:label1\" content=\"Napsal(a)\" \/>\n\t<meta name=\"twitter:data1\" content=\"SnowTrex\" \/>\n\t<meta name=\"twitter:label2\" content=\"Odhadovan\u00e1 doba \u010dten\u00ed\" \/>\n\t<meta name=\"twitter:data2\" content=\"4 minuty\" \/>\n<script type=\"application\/ld+json\" class=\"yoast-schema-graph\">{\"@context\":\"https:\\\/\\\/schema.org\",\"@graph\":[{\"@type\":\"Article\",\"@id\":\"http:\\\/\\\/wp-magazin.snowtrex.cz\\\/top-10\\\/lyzovani-v-recku\\\/#article\",\"isPartOf\":{\"@id\":\"http:\\\/\\\/wp-magazin.snowtrex.cz\\\/top-10\\\/lyzovani-v-recku\\\/\"},\"author\":{\"name\":\"SnowTrex\",\"@id\":\"http:\\\/\\\/wp-magazin.snowtrex.cz\\\/#\\\/schema\\\/person\\\/ad1887a4d155ef6b5b8b4fc8990d92dd\"},\"headline\":\"5 dobr\u00fdch d\u016fvod\u016f pro ly\u017eov\u00e1n\u00ed v \u0158ecku\",\"datePublished\":\"2025-05-14T10:46:56+00:00\",\"dateModified\":\"2025-06-26T13:09:29+00:00\",\"mainEntityOfPage\":{\"@id\":\"http:\\\/\\\/wp-magazin.snowtrex.cz\\\/top-10\\\/lyzovani-v-recku\\\/\"},\"wordCount\":783,\"publisher\":{\"@id\":\"http:\\\/\\\/wp-magazin.snowtrex.cz\\\/#organization\"},\"image\":{\"@id\":\"http:\\\/\\\/wp-magazin.snowtrex.cz\\\/top-10\\\/lyzovani-v-recku\\\/#primaryimage\"},\"thumbnailUrl\":\"http:\\\/\\\/wp-magazin.snowtrex.cz\\\/files\\\/2019\\\/05\\\/RS26651_shutterstock_2102551033-hsc.jpg\",\"articleSection\":[\"Top 10\"],\"inLanguage\":\"cs\"},{\"@type\":\"WebPage\",\"@id\":\"http:\\\/\\\/wp-magazin.snowtrex.cz\\\/top-10\\\/lyzovani-v-recku\\\/\",\"url\":\"http:\\\/\\\/wp-magazin.snowtrex.cz\\\/top-10\\\/lyzovani-v-recku\\\/\",\"name\":\"Ly\u017eov\u00e1n\u00ed v \u0158ecku - 5 dobr\u00fdch d\u016fvod\u016f\",\"primaryImageOfPage\":{\"@id\":\"http:\\\/\\\/wp-magazin.snowtrex.cz\\\/top-10\\\/lyzovani-v-recku\\\/#primaryimage\"},\"image\":{\"@id\":\"http:\\\/\\\/wp-magazin.snowtrex.cz\\\/top-10\\\/lyzovani-v-recku\\\/#primaryimage\"},\"thumbnailUrl\":\"http:\\\/\\\/wp-magazin.snowtrex.cz\\\/files\\\/2019\\\/05\\\/RS26651_shutterstock_2102551033-hsc.jpg\",\"datePublished\":\"2025-05-14T10:46:56+00:00\",\"dateModified\":\"2025-06-26T13:09:29+00:00\",\"description\":\"Ly\u017ea\u0159sk\u00e1 dovolen\u00e1 v \u0158ecku: SnowTrex zn\u00e1 5 dobr\u00fdch d\u016fvod\u016f, pro\u010d se ly\u017eov\u00e1n\u00ed v \u0158ecku rozhodn\u011b vyplat\u00ed.\",\"inLanguage\":\"cs\"},{\"@type\":\"ImageObject\",\"inLanguage\":\"cs\",\"@id\":\"http:\\\/\\\/wp-magazin.snowtrex.cz\\\/top-10\\\/lyzovani-v-recku\\\/#primaryimage\",\"url\":\"http:\\\/\\\/wp-magazin.snowtrex.cz\\\/files\\\/2019\\\/05\\\/RS26651_shutterstock_2102551033-hsc.jpg\",\"contentUrl\":\"http:\\\/\\\/wp-magazin.snowtrex.cz\\\/files\\\/2019\\\/05\\\/RS26651_shutterstock_2102551033-hsc.jpg\",\"width\":1920,\"height\":1281,\"caption\":\"Quelle: Shutterstock (Standard Lizenz); Frei (Web, Print, SocialMedia) RED+ \u00a9\"},{\"@type\":\"WebSite\",\"@id\":\"http:\\\/\\\/wp-magazin.snowtrex.cz\\\/#website\",\"url\":\"http:\\\/\\\/wp-magazin.snowtrex.cz\\\/\",\"name\":\"SnowTrex Ski-Magaz\u00edn\",\"description\":\"V\u0161e o ly\u017eov\u00e1n\u00ed, snowboardingu a zimn\u00ed dovolen\u00e9!\",\"publisher\":{\"@id\":\"http:\\\/\\\/wp-magazin.snowtrex.cz\\\/#organization\"},\"inLanguage\":\"cs\"},{\"@type\":\"Organization\",\"@id\":\"http:\\\/\\\/wp-magazin.snowtrex.cz\\\/#organization\",\"name\":\"TravelTrex GmbH\",\"url\":\"http:\\\/\\\/wp-magazin.snowtrex.cz\\\/\",\"logo\":{\"@type\":\"ImageObject\",\"inLanguage\":\"cs\",\"@id\":\"http:\\\/\\\/wp-magazin.snowtrex.cz\\\/#\\\/schema\\\/logo\\\/image\\\/\",\"url\":\"http:\\\/\\\/wp-magazin.snowtrex.cz\\\/files\\\/2025\\\/09\\\/TravelTrex-Logo_RGB_transp.png\",\"contentUrl\":\"http:\\\/\\\/wp-magazin.snowtrex.cz\\\/files\\\/2025\\\/09\\\/TravelTrex-Logo_RGB_transp.png\",\"width\":1080,\"height\":282,\"caption\":\"TravelTrex GmbH\"},\"image\":{\"@id\":\"http:\\\/\\\/wp-magazin.snowtrex.cz\\\/#\\\/schema\\\/logo\\\/image\\\/\"},\"sameAs\":[\"https:\\\/\\\/www.facebook.com\\\/snowtrex\",\"https:\\\/\\\/www.instagram.com\\\/snowtrex_ski\"],\"description\":\"Od roku 1999 je SnowTrex p\u0159edn\u00edm n\u011bmeck\u00fdm cestovn\u00edm kancel\u00e1\u0159\u00edm pro ly\u017ea\u0159sk\u00e9 dovolen\u00e9. Spole\u010dnost nab\u00edz\u00ed sv\u00e9 slu\u017eby ve 13 jazyc\u00edch a ka\u017edoro\u010dn\u011b doprav\u00ed v\u00edce ne\u017e 100 000 host\u016f do obl\u00edben\u00fdch destinac\u00ed, jako je Rakousko, Francie, It\u00e1lie, \u0160v\u00fdcarsko a N\u011bmecko.\",\"email\":\"info-cz@snowtrex.com\",\"telephone\":\"234 495 495\",\"legalName\":\"TravelTrex GmbH\",\"foundingDate\":\"1999-07-01\",\"vatID\":\"DE 813 076 768\",\"numberOfEmployees\":{\"@type\":\"QuantitativeValue\",\"minValue\":\"51\",\"maxValue\":\"200\"}},{\"@type\":\"Person\",\"@id\":\"http:\\\/\\\/wp-magazin.snowtrex.cz\\\/#\\\/schema\\\/person\\\/ad1887a4d155ef6b5b8b4fc8990d92dd\",\"name\":\"SnowTrex\",\"description\":\"Redakce \u010dasopisu SnowTrex sdru\u017euje zku\u0161en\u00e9 zimn\u00ed sportovce a cestovn\u00ed experty, kte\u0159\u00ed svou v\u00e1\u0161e\u0148 prom\u00edtaj\u00ed do fundovan\u00fdch \u010dl\u00e1nk\u016f o ly\u017ea\u0159sk\u00fdch st\u0159edisc\u00edch, vybaven\u00ed a cestovn\u00edch tipech. Od roku 1999 je SnowTrex p\u0159edn\u00edm n\u011bmeck\u00fdm cestovn\u00edm kancel\u00e1\u0159em pro ly\u017ea\u0159sk\u00e9 dovolen\u00e9. Spole\u010dnost nab\u00edz\u00ed sv\u00e9 slu\u017eby ve 13 jazyc\u00edch a ka\u017edoro\u010dn\u011b doprav\u00ed p\u0159es 100 000 host\u016f do obl\u00edben\u00fdch destinac\u00ed, jako je Rakousko, Francie, It\u00e1lie, \u0160v\u00fdcarsko a N\u011bmecko.\",\"sameAs\":[\"https:\\\/\\\/www.snowtrex.cz\\\/\",\"https:\\\/\\\/www.facebook.com\\\/snowtrex\\\/\",\"https:\\\/\\\/www.instagram.com\\\/snowtrex_ski\\\/\",\"https:\\\/\\\/www.youtube.com\\\/c\\\/SnowTrex\"]}]}<\/script>\n<!-- \/ Yoast SEO Premium plugin. -->","yoast_head_json":{"title":"Ly\u017eov\u00e1n\u00ed v \u0158ecku - 5 dobr\u00fdch d\u016fvod\u016f","description":"Ly\u017ea\u0159sk\u00e1 dovolen\u00e1 v \u0158ecku: SnowTrex zn\u00e1 5 dobr\u00fdch d\u016fvod\u016f, pro\u010d se ly\u017eov\u00e1n\u00ed v \u0158ecku rozhodn\u011b vyplat\u00ed.","robots":{"index":"index","follow":"follow","max-snippet":"max-snippet:-1","max-image-preview":"max-image-preview:large","max-video-preview":"max-video-preview:-1"},"canonical":"https:\/\/www.snowtrex.cz\/magazin\/top-10\/lyzovani-v-recku\/","og_locale":"cs_CZ","og_type":"article","og_title":"5 dobr\u00fdch d\u016fvod\u016f pro ly\u017eov\u00e1n\u00ed v \u0158ecku","og_description":"Skok v \u010dase - takov\u00fd je pocit, kdy\u017e se proch\u00e1z\u00edte po proslun\u011bn\u00e9 pl\u00e1\u017ei a te\u010f jste po kolena ve sn\u011bhu. Na prvn\u00ed pohled m\u00e1 zem\u011b antick\u00fdch boh\u016f se zimn\u00edmi sporty pram\u00e1lo spole\u010dn\u00e9ho. Alespo\u0148 si to m\u016f\u017ee myslet ka\u017ed\u00fd, kdo nebyl v \u0159eck\u00fdch hor\u00e1ch vysok\u00fdch p\u0159es 2 000 metr\u016f. Ve skute\u010dnosti je v\u0161ak v \u0159eck\u00fdch ly\u017ea\u0159sk\u00fdch st\u0159edisc\u00edch v\u00edce ne\u017e 197 kilometr\u016f sjezdovek a 122 ly\u017ea\u0159sk\u00fdch vlek\u016f. SnowTrex zn\u00e1 5 dobr\u00fdch d\u016fvod\u016f, pro\u010d se ly\u017eov\u00e1n\u00ed v \u0158ecku rozhodn\u011b vyplat\u00ed:","og_url":"https:\/\/www.snowtrex.cz\/magazin\/top-10\/lyzovani-v-recku\/","og_site_name":"SnowTrex Ski-Magaz\u00edn","article_publisher":"https:\/\/www.facebook.com\/snowtrex","article_author":"https:\/\/www.facebook.com\/snowtrex\/","article_published_time":"2025-05-14T10:46:56+00:00","article_modified_time":"2025-06-26T13:09:29+00:00","og_image":[{"width":1920,"height":1281,"url":"https:\/\/www.snowtrex.cz\/magazin\/files\/2019\/05\/RS26651_shutterstock_2102551033-hsc.jpg","type":"image\/jpeg"}],"author":"SnowTrex","twitter_card":"summary_large_image","twitter_misc":{"Napsal(a)":"SnowTrex","Odhadovan\u00e1 doba \u010dten\u00ed":"4 minuty"},"schema":{"@context":"https:\/\/schema.org","@graph":[{"@type":"Article","@id":"https:\/\/www.snowtrex.cz\/magazin\/top-10\/lyzovani-v-recku\/#article","isPartOf":{"@id":"https:\/\/www.snowtrex.cz\/magazin\/top-10\/lyzovani-v-recku\/"},"author":{"name":"SnowTrex","@id":"https:\/\/www.snowtrex.cz\/magazin\/#\/schema\/person\/ad1887a4d155ef6b5b8b4fc8990d92dd"},"headline":"5 dobr\u00fdch d\u016fvod\u016f pro ly\u017eov\u00e1n\u00ed v \u0158ecku","datePublished":"2025-05-14T10:46:56+00:00","dateModified":"2025-06-26T13:09:29+00:00","mainEntityOfPage":{"@id":"https:\/\/www.snowtrex.cz\/magazin\/top-10\/lyzovani-v-recku\/"},"wordCount":783,"publisher":{"@id":"https:\/\/www.snowtrex.cz\/magazin\/#organization"},"image":{"@id":"https:\/\/www.snowtrex.cz\/magazin\/top-10\/lyzovani-v-recku\/#primaryimage"},"thumbnailUrl":"https:\/\/www.snowtrex.cz\/magazin\/files\/2019\/05\/RS26651_shutterstock_2102551033-hsc.jpg","articleSection":["Top 10"],"inLanguage":"cs"},{"@type":"WebPage","@id":"https:\/\/www.snowtrex.cz\/magazin\/top-10\/lyzovani-v-recku\/","url":"https:\/\/www.snowtrex.cz\/magazin\/top-10\/lyzovani-v-recku\/","name":"Ly\u017eov\u00e1n\u00ed v \u0158ecku - 5 dobr\u00fdch d\u016fvod\u016f","primaryImageOfPage":{"@id":"https:\/\/www.snowtrex.cz\/magazin\/top-10\/lyzovani-v-recku\/#primaryimage"},"image":{"@id":"https:\/\/www.snowtrex.cz\/magazin\/top-10\/lyzovani-v-recku\/#primaryimage"},"thumbnailUrl":"https:\/\/www.snowtrex.cz\/magazin\/files\/2019\/05\/RS26651_shutterstock_2102551033-hsc.jpg","datePublished":"2025-05-14T10:46:56+00:00","dateModified":"2025-06-26T13:09:29+00:00","description":"Ly\u017ea\u0159sk\u00e1 dovolen\u00e1 v \u0158ecku: SnowTrex zn\u00e1 5 dobr\u00fdch d\u016fvod\u016f, pro\u010d se ly\u017eov\u00e1n\u00ed v \u0158ecku rozhodn\u011b vyplat\u00ed.","inLanguage":"cs"},{"@type":"ImageObject","inLanguage":"cs","@id":"https:\/\/www.snowtrex.cz\/magazin\/top-10\/lyzovani-v-recku\/#primaryimage","url":"https:\/\/www.snowtrex.cz\/magazin\/files\/2019\/05\/RS26651_shutterstock_2102551033-hsc.jpg","contentUrl":"https:\/\/www.snowtrex.cz\/magazin\/files\/2019\/05\/RS26651_shutterstock_2102551033-hsc.jpg","width":1920,"height":1281,"caption":"Quelle: Shutterstock (Standard Lizenz); Frei (Web, Print, SocialMedia) RED+ \u00a9"},{"@type":"WebSite","@id":"https:\/\/www.snowtrex.cz\/magazin\/#website","url":"https:\/\/www.snowtrex.cz\/magazin\/","name":"SnowTrex Ski-Magaz\u00edn","description":"V\u0161e o ly\u017eov\u00e1n\u00ed, snowboardingu a zimn\u00ed dovolen\u00e9!","publisher":{"@id":"https:\/\/www.snowtrex.cz\/magazin\/#organization"},"inLanguage":"cs"},{"@type":"Organization","@id":"https:\/\/www.snowtrex.cz\/magazin\/#organization","name":"TravelTrex GmbH","url":"https:\/\/www.snowtrex.cz\/magazin\/","logo":{"@type":"ImageObject","inLanguage":"cs","@id":"https:\/\/www.snowtrex.cz\/magazin\/#\/schema\/logo\/image\/","url":"https:\/\/www.snowtrex.cz\/magazin\/files\/2025\/09\/TravelTrex-Logo_RGB_transp.png","contentUrl":"https:\/\/www.snowtrex.cz\/magazin\/files\/2025\/09\/TravelTrex-Logo_RGB_transp.png","width":1080,"height":282,"caption":"TravelTrex GmbH"},"image":{"@id":"https:\/\/www.snowtrex.cz\/magazin\/#\/schema\/logo\/image\/"},"sameAs":["https:\/\/www.facebook.com\/snowtrex","https:\/\/www.instagram.com\/snowtrex_ski"],"description":"Od roku 1999 je SnowTrex p\u0159edn\u00edm n\u011bmeck\u00fdm cestovn\u00edm kancel\u00e1\u0159\u00edm pro ly\u017ea\u0159sk\u00e9 dovolen\u00e9. Spole\u010dnost nab\u00edz\u00ed sv\u00e9 slu\u017eby ve 13 jazyc\u00edch a ka\u017edoro\u010dn\u011b doprav\u00ed v\u00edce ne\u017e 100 000 host\u016f do obl\u00edben\u00fdch destinac\u00ed, jako je Rakousko, Francie, It\u00e1lie, \u0160v\u00fdcarsko a N\u011bmecko.","email":"info-cz@snowtrex.com","telephone":"234 495 495","legalName":"TravelTrex GmbH","foundingDate":"1999-07-01","vatID":"DE 813 076 768","numberOfEmployees":{"@type":"QuantitativeValue","minValue":"51","maxValue":"200"}},{"@type":"Person","@id":"https:\/\/www.snowtrex.cz\/magazin\/#\/schema\/person\/ad1887a4d155ef6b5b8b4fc8990d92dd","name":"SnowTrex","description":"Redakce \u010dasopisu SnowTrex sdru\u017euje zku\u0161en\u00e9 zimn\u00ed sportovce a cestovn\u00ed experty, kte\u0159\u00ed svou v\u00e1\u0161e\u0148 prom\u00edtaj\u00ed do fundovan\u00fdch \u010dl\u00e1nk\u016f o ly\u017ea\u0159sk\u00fdch st\u0159edisc\u00edch, vybaven\u00ed a cestovn\u00edch tipech. Od roku 1999 je SnowTrex p\u0159edn\u00edm n\u011bmeck\u00fdm cestovn\u00edm kancel\u00e1\u0159em pro ly\u017ea\u0159sk\u00e9 dovolen\u00e9. Spole\u010dnost nab\u00edz\u00ed sv\u00e9 slu\u017eby ve 13 jazyc\u00edch a ka\u017edoro\u010dn\u011b doprav\u00ed p\u0159es 100 000 host\u016f do obl\u00edben\u00fdch destinac\u00ed, jako je Rakousko, Francie, It\u00e1lie, \u0160v\u00fdcarsko a N\u011bmecko.","sameAs":["https:\/\/www.snowtrex.cz\/","https:\/\/www.facebook.com\/snowtrex\/","https:\/\/www.instagram.com\/snowtrex_ski\/","https:\/\/www.youtube.com\/c\/SnowTrex"]}]}},"wp-worthy-pixel":{"ignored":false,"public":null,"server":null,"url":null},"wp-worthy-type":"normal","_links":{"self":[{"href":"https:\/\/www.snowtrex.cz\/magazin\/wp-json\/wp\/v2\/posts\/16950","targetHints":{"allow":["GET"]}}],"collection":[{"href":"https:\/\/www.snowtrex.cz\/magazin\/wp-json\/wp\/v2\/posts"}],"about":[{"href":"https:\/\/www.snowtrex.cz\/magazin\/wp-json\/wp\/v2\/types\/post"}],"author":[{"embeddable":true,"href":"https:\/\/www.snowtrex.cz\/magazin\/wp-json\/wp\/v2\/users\/178"}],"replies":[{"embeddable":true,"href":"https:\/\/www.snowtrex.cz\/magazin\/wp-json\/wp\/v2\/comments?post=16950"}],"version-history":[{"count":4,"href":"https:\/\/www.snowtrex.cz\/magazin\/wp-json\/wp\/v2\/posts\/16950\/revisions"}],"predecessor-version":[{"id":58878,"href":"https:\/\/www.snowtrex.cz\/magazin\/wp-json\/wp\/v2\/posts\/16950\/revisions\/58878"}],"wp:featuredmedia":[{"embeddable":true,"href":"https:\/\/www.snowtrex.cz\/magazin\/wp-json\/wp\/v2\/media\/58876"}],"wp:attachment":[{"href":"https:\/\/www.snowtrex.cz\/magazin\/wp-json\/wp\/v2\/media?parent=16950"}],"wp:term":[{"taxonomy":"category","embeddable":true,"href":"https:\/\/www.snowtrex.cz\/magazin\/wp-json\/wp\/v2\/categories?post=16950"},{"taxonomy":"post_tag","embeddable":true,"href":"https:\/\/www.snowtrex.cz\/magazin\/wp-json\/wp\/v2\/tags?post=16950"}],"curies":[{"name":"wp","href":"https:\/\/api.w.org\/{rel}","templated":true}]}}