{"id":16221,"date":"2026-02-03T01:00:00","date_gmt":"2026-02-03T00:00:00","guid":{"rendered":"https:\/\/www.snowtrex.de\/magazin\/?p=16221"},"modified":"2026-03-11T11:34:17","modified_gmt":"2026-03-11T10:34:17","slug":"nejvetsi-lyzarska-strediska-ve-francii","status":"publish","type":"post","link":"https:\/\/www.snowtrex.cz\/magazin\/top-10\/nejvetsi-lyzarska-strediska-ve-francii\/","title":{"rendered":"10 nejv\u011bt\u0161\u00edch ly\u017ea\u0159sk\u00fdch st\u0159edisek ve Francii"},"content":{"rendered":"<p><strong>Francouzsk\u00e9 Alpy jsou domovem n\u011bkter\u00fdch nejvy\u0161\u0161\u00edch vrchol\u016f Evropy a zem\u011b je zn\u00e1m\u00e1 sv\u00fdmi ly\u017ea\u0159sk\u00fdmi st\u0159edisky. <a href=\"https:\/\/www.snowtrex.cz\/\" target=\"_blank\" rel=\"noopener\">SnowTrex<\/a> p\u0159edstavuje 10 nejv\u011bt\u0161\u00edch propojen\u00fdch ly\u017ea\u0159sk\u00fdch st\u0159edisek ve Francii, v\u010detn\u011b nejv\u011bt\u0161\u00edho na sv\u011bt\u011b!<\/strong><\/p>\n<div class=\"tt-post-image-wrapper tt-post-image-wrapper-full\">\n            <div class=\"tt-image-copyright-container\">\n                <a href=\"https:\/\/www.snowtrex.cz\/magazin\/files\/2024\/09\/RS5220_shutterstock_496194094-hsc.jpg\" target=\"_blank\" rel=\"noopener\"><img loading=\"lazy\" decoding=\"async\" data-wrapped=\"true\" class=\"wp-image-52211 size-Artikelbild_gro\u00df\" title=\"Francouzsk\u00e1 ly\u017ea\u0159sk\u00e1 st\u0159ediska nab\u00edzej\u00ed masivn\u011b kilometry sjezdovek!\" src=\"https:\/\/www.snowtrex.cz\/magazin\/files\/2024\/09\/RS5220_shutterstock_496194094-hsc-729x486.jpg\" alt=\"Francouzsk\u00e1 ly\u017ea\u0159sk\u00e1 st\u0159ediska nab\u00edzej\u00ed masivn\u011b kilometry sjezdovek!\" width=\"729\" height=\"486\" srcset=\"https:\/\/www.snowtrex.cz\/magazin\/files\/2024\/09\/RS5220_shutterstock_496194094-hsc-729x486.jpg 729w, https:\/\/www.snowtrex.cz\/magazin\/files\/2024\/09\/RS5220_shutterstock_496194094-hsc-468x312.jpg 468w, https:\/\/www.snowtrex.cz\/magazin\/files\/2024\/09\/RS5220_shutterstock_496194094-hsc-300x200.jpg 300w, https:\/\/www.snowtrex.cz\/magazin\/files\/2024\/09\/RS5220_shutterstock_496194094-hsc-999x666.jpg 999w, https:\/\/www.snowtrex.cz\/magazin\/files\/2024\/09\/RS5220_shutterstock_496194094-hsc-645x430.jpg 645w, https:\/\/www.snowtrex.cz\/magazin\/files\/2024\/09\/RS5220_shutterstock_496194094-hsc-552x368.jpg 552w, https:\/\/www.snowtrex.cz\/magazin\/files\/2024\/09\/RS5220_shutterstock_496194094-hsc-405x270.jpg 405w, https:\/\/www.snowtrex.cz\/magazin\/files\/2024\/09\/RS5220_shutterstock_496194094-hsc-336x224.jpg 336w, https:\/\/www.snowtrex.cz\/magazin\/files\/2024\/09\/RS5220_shutterstock_496194094-hsc-276x184.jpg 276w, https:\/\/www.snowtrex.cz\/magazin\/files\/2024\/09\/RS5220_shutterstock_496194094-hsc-234x156.jpg 234w, https:\/\/www.snowtrex.cz\/magazin\/files\/2024\/09\/RS5220_shutterstock_496194094-hsc-192x128.jpg 192w, https:\/\/www.snowtrex.cz\/magazin\/files\/2024\/09\/RS5220_shutterstock_496194094-hsc-120x80.jpg 120w, https:\/\/www.snowtrex.cz\/magazin\/files\/2024\/09\/RS5220_shutterstock_496194094-hsc-774x516.jpg 774w, https:\/\/www.snowtrex.cz\/magazin\/files\/2024\/09\/RS5220_shutterstock_496194094-hsc-1x1.jpg 1w\" sizes=\"(min-width: 1009px) 729px, (min-width: 819px) 594px, (min-width: 569px) 729px, (min-width: 449px) 468px, 348px\" \/><\/a><div class=\"tt-image-copyright\" data-image-id=\"52211\">\u00a9 Delpixel\/shutterstock.de<\/div>\n            <\/div>\n            <div class=\"tt-post-caption\">Francouzsk\u00e1 ly\u017ea\u0159sk\u00e1 st\u0159ediska nab\u00edzej\u00ed masivn\u011b kilometry sjezdovek!<\/div>\n         <\/div > \n<div class=\"tt-table-of-content\">\n                <span class=\"tt-icon-circle-up tt-table-of-content-button\"><\/span><\/p>\n<div class=\"tt-table-of-content-caption\">\n                    Obsah\n                <\/div>\n<div class=\"tt-table-of-content-body\">\n                    <a href=\"#p\u0159ehled-10-nejv\u011bt\u0161\u00edch-ly\u017ea\u0159sk\u00fdch-st\u0159edisek-ve-francii\"><span class=\"layer-0\">P\u0159ehled 10 nejv\u011bt\u0161\u00edch ly\u017ea\u0159sk\u00fdch st\u0159edisek ve Francii<\/span><\/a><a href=\"#1-ly\u017ea\u0159sk\u00e1-oblast-les-3-vall\u00e9es\"><span class=\"layer-0\">1. Ly\u017ea\u0159sk\u00e1 oblast Les 3 Vall\u00e9es<\/span><\/a><a href=\"#2-ly\u017ea\u0159sk\u00e1-oblast-les-portes-du-soleil\"><span class=\"layer-0\">2. Ly\u017ea\u0159sk\u00e1 oblast Les Portes du Soleil<\/span><\/a><a href=\"#3-ly\u017ea\u0159sk\u00fd-region-paradiski\"><span class=\"layer-0\">3. Ly\u017ea\u0159sk\u00fd region Paradiski<\/span><\/a><a href=\"#4-ly\u017ea\u0159sk\u00fd-are\u00e1l-via-lattea\"><span class=\"layer-0\">4. Ly\u017ea\u0159sk\u00fd are\u00e1l Via Lattea<\/span><\/a><a href=\"#5-ly\u017ea\u0159sk\u00e1-oblast-les-sybelles\"><span class=\"layer-0\">5. Ly\u017ea\u0159sk\u00e1 oblast Les Sybelles<\/span><\/a><a href=\"#6-ly\u017ea\u0159sk\u00e1-oblast-val-d'is\u00e8retignes\"><span class=\"layer-0\">6. Ly\u017ea\u0159sk\u00e1 oblast Val d&#8217;Is\u00e8re\/Tignes<\/span><\/a><a href=\"#7-ly\u017ea\u0159sk\u00e1-oblast-grand-massif\"><span class=\"layer-0\">7. Ly\u017ea\u0159sk\u00e1 oblast Grand Massif<\/span><\/a><a href=\"#8-ly\u017ea\u0159sk\u00e1-oblast-evasion-mont-blanc\"><span class=\"layer-0\">8. Ly\u017ea\u0159sk\u00e1 oblast Evasion Mont-Blanc<\/span><\/a><a href=\"#9-ly\u017ea\u0159sk\u00e9-st\u0159edisko-serre-chevalier\"><span class=\"layer-0\">9. Ly\u017ea\u0159sk\u00e9 st\u0159edisko Serre Chevalier<\/span><\/a><a href=\"#10-ly\u017ea\u0159sk\u00e1-oblast-alpe-d'huez\"><span class=\"layer-0\">10. Ly\u017ea\u0159sk\u00e1 oblast Alpe d&#8217;Huez<\/span><\/a><a href=\"#nej\u010dast\u011bj\u0161\u00ed-dotazy-k-nejv\u011bt\u0161\u00edm-ly\u017ea\u0159sk\u00fdm-st\u0159edisk\u016fm-ve-francii\"><span class=\"layer-0\">Nej\u010dast\u011bj\u0161\u00ed dotazy k nejv\u011bt\u0161\u00edm ly\u017ea\u0159sk\u00fdm st\u0159edisk\u016fm ve Francii<\/span><\/a>\n                 <\/div>\n<\/p><\/div>\n<hr>\n<h2 id=\"p\u0159ehled-10-nejv\u011bt\u0161\u00edch-ly\u017ea\u0159sk\u00fdch-st\u0159edisek-ve-francii\">P\u0159ehled 10 nejv\u011bt\u0161\u00edch ly\u017ea\u0159sk\u00fdch st\u0159edisek ve Francii<\/h2>\n\n<table id=\"tablepress-10\" class=\"tablepress tablepress-id-10\">\n<thead>\n<tr class=\"row-1\">\n\t<th class=\"column-1\"><strong>Ly\u017ea\u0159sk\u00e1 oblast\/region<\/strong><\/th><th class=\"column-2\"><strong>Kilometry sjezdovek<\/strong><\/th><th class=\"column-3\"><strong>Nejvy\u0161\u0161\u00ed bod<\/strong><\/th>\n<\/tr>\n<\/thead>\n<tbody class=\"row-striping row-hover\">\n<tr class=\"row-2\">\n\t<td class=\"column-1\"><a href=\"https:\/\/www.snowtrex.cz\/francie\/les_3_vallees_tri_udoli\/lyzarsky-region.html\" target=\"_blank\" rel=\"noopener noreferrer\">Les 3 Vall\u00e9es\/T\u0159i \u00fadol\u00ed<\/a><\/td><td class=\"column-2\">600 km<\/td><td class=\"column-3\">3.230 m<\/td>\n<\/tr>\n<tr class=\"row-3\">\n\t<td class=\"column-1\"><a href=\"https:\/\/www.snowtrex.cz\/francie\/avoriaz\/lyzarsky-region.html\" target=\"_blank\" rel=\"noopener noreferrer\">Les Portes du Soleil<\/a><\/td><td class=\"column-2\">580 km<\/td><td class=\"column-3\">2.254 m<\/td>\n<\/tr>\n<tr class=\"row-4\">\n\t<td class=\"column-1\"><a href=\"https:\/\/www.snowtrex.cz\/francie\/la_plagne\/lyzarsky-region.html\" target=\"_blank\" rel=\"noopener noreferrer\">Paradiski<\/a><\/td><td class=\"column-2\">425 km<\/td><td class=\"column-3\">3.250 m<\/td>\n<\/tr>\n<tr class=\"row-5\">\n\t<td class=\"column-1\"><a href=\"https:\/\/www.snowtrex.cz\/italie\/sestriere\/lyzarske-stredisko.html\" target=\"_blank\" rel=\"noopener noreferrer\">Via Lattea<\/a><\/td><td class=\"column-2\">400 km<\/td><td class=\"column-3\">2.800 m<\/td>\n<\/tr>\n<tr class=\"row-6\">\n\t<td class=\"column-1\"><a href=\"https:\/\/www.snowtrex.cz\/francie\/saint_sorlin_les_sybelles\/lyzarske-stredisko.html\" target=\"_blank\" rel=\"noopener noreferrer\">Les Sybelles<\/a><\/td><td class=\"column-2\">310 km<\/td><td class=\"column-3\">2.620 m<\/td>\n<\/tr>\n<tr class=\"row-7\">\n\t<td class=\"column-1\"><a href=\"https:\/\/www.snowtrex.cz\/francie\/val_disere\/lyzarske-stredisko.html\" target=\"_blank\" rel=\"noopener noreferrer\">Val d\u2019Is\u00e8re\/Tignes<\/a><\/td><td class=\"column-2\">300 km<\/td><td class=\"column-3\">3.656 m<\/td>\n<\/tr>\n<tr class=\"row-8\">\n\t<td class=\"column-1\"><a href=\"https:\/\/www.snowtrex.cz\/francie\/flaine\/lyzarske-stredisko.html\" target=\"_blank\" rel=\"noopener noreferrer\">Grand Massif<\/a><\/td><td class=\"column-2\">265 km<\/td><td class=\"column-3\">2.561 m<\/td>\n<\/tr>\n<tr class=\"row-9\">\n\t<td class=\"column-1\"><a href=\"https:\/\/www.snowtrex.de\/frankreich\/megeve\/skigebiet.html\" target=\"_blank\" rel=\"noopener noreferrer\">Evasion Mont-Blanc<\/a><\/td><td class=\"column-2\">468 km<\/td><td class=\"column-3\">2.350 m<\/td>\n<\/tr>\n<tr class=\"row-10\">\n\t<td class=\"column-1\"><a href=\"https:\/\/www.snowtrex.cz\/francie\/serre_chevalier\/lyzarske-stredisko.html\" target=\"_blank\" rel=\"noopener noreferrer\">Serre Chevalier<\/a><\/td><td class=\"column-2\">250 km<\/td><td class=\"column-3\">2.800 m<\/td>\n<\/tr>\n<tr class=\"row-11\">\n\t<td class=\"column-1\"><a href=\"https:\/\/www.snowtrex.cz\/francie\/alpe_dhuez\/lyzarske-stredisko.html\" target=\"_blank\" rel=\"noopener noreferrer\">Alpe d\u2019Huez<\/a><\/td><td class=\"column-2\">249 km<\/td><td class=\"column-3\">3.330 m<\/td>\n<\/tr>\n<\/tbody>\n<\/table>\n<!-- #tablepress-10 from cache -->\n<p>P\u0159ehled: <a href=\"https:\/\/www.snowtrex.cz\/francie\/lyzarska_strediska.html\" target=\"_blank\" rel=\"noopener noreferrer\">V\u0161echna ly\u017ea\u0159sk\u00e1 st\u0159ediska ve Francii<\/a><\/p>\n<h2 id=\"1-ly\u017ea\u0159sk\u00e1-oblast-les-3-vall\u00e9es\">1. Ly\u017ea\u0159sk\u00e1 oblast Les 3 Vall\u00e9es<\/h2>\n<p>Sjezdovky: 600 km<\/p>\n<p>Nadmo\u0159sk\u00e1 v\u00fd\u0161ka: a\u017e 3 230 m n. m.<\/p>\n<p><a href=\"https:\/\/www.snowtrex.cz\/francie\/courchevel\/lyzovani.html\" target=\"_blank\" rel=\"noopener noreferrer\">Courchevel<\/a>, <a href=\"https:\/\/www.snowtrex.cz\/francie\/meribel\/lyzovani.html\" target=\"_blank\" rel=\"noopener noreferrer\">M\u00e9ribel<\/a>, <a href=\"https:\/\/www.snowtrex.cz\/francie\/val_thorens\/lyzovani.html\" target=\"_blank\" rel=\"noopener noreferrer\">Val Thorens<\/a>, <a href=\"https:\/\/www.snowtrex.cz\/francie\/les_menuires\/lyzovani.html\" target=\"_blank\" rel=\"noopener noreferrer\">Les Menuires<\/a> &#8211; v\u0161echna tato obl\u00edben\u00e1 ly\u017ea\u0159sk\u00e1 st\u0159ediska jsou dostupn\u00e1 na jeden skipas, proto\u017ee se nach\u00e1zej\u00ed v \u00fadol\u00ed \u00fadol\u00ed &#8211; nebo sp\u00ed\u0161e ve t\u0159ech \u00fadol\u00edch: <a href=\"https:\/\/www.snowtrex.cz\/francie\/les_3_vallees_tri_udoli\/lyzarsky-region.html\" target=\"_blank\" rel=\"noopener noreferrer\">3 Vall\u00e9es<\/a> pat\u0159\u00ed k tomu nejlep\u0161\u00edmu, co alpsk\u00fd region nab\u00edz\u00ed. A v neposledn\u00ed \u0159ad\u011b i co se t\u00fd\u010de velikosti. 600 kilometr\u016f sjezdovek v propojen\u00e9 s\u00edti lanovek d\u011bl\u00e1 z t\u011bchto hor v nejkr\u00e1sn\u011bj\u0161\u00ed \u010d\u00e1sti masivu Vanoise nejv\u011bt\u0161\u00ed ly\u017ea\u0159skou oblast na sv\u011bt\u011b. Vrcholy se ty\u010d\u00ed do v\u00fd\u0161ky od 2 129 do 3 230 metr\u016f. Nejvy\u0161\u0161\u00ed hora poho\u0159\u00ed Vanoise, Grande Casse, dosahuje v\u00fd\u0161ky 3 852 metr\u016f. Nad Val Thorens se nach\u00e1zej\u00ed fantastick\u00e9 ledovcov\u00e9 sjezdovky st\u0159edn\u00ed obt\u00ed\u017enosti, na strm\u00fdch svaz\u00edch La Saulire (2 738 m n. m.) \u010dek\u00e1 na freeridov\u00e9 profesion\u00e1ly n\u011bkolik strm\u00fdch \u017eleb\u016f a na svaz\u00edch nad ly\u017ea\u0159sk\u00fdmi vesnicemi jsou d\u011btsk\u00e9 are\u00e1ly a atraktivn\u00ed snowparky.<\/p>\n<div class=\"lyte-wrapper\" title=\"Les 3 Vall&eacute;es 2018\/19\" style=\"width:853px;max-width:100%;margin:5px auto;\"><div class=\"lyMe\" id=\"WYL_zxbQbFgpXwE\" itemprop=\"video\" itemscope itemtype=\"https:\/\/schema.org\/VideoObject\"><div><meta itemprop=\"thumbnailUrl\" content=\"https:\/\/i.ytimg.com\/vi\/zxbQbFgpXwE\/hqdefault.jpg\" \/><meta itemprop=\"embedURL\" content=\"https:\/\/www.youtube.com\/embed\/zxbQbFgpXwE\" \/><meta itemprop=\"duration\" content=\"PT1M9S\" \/><meta itemprop=\"uploadDate\" content=\"2018-12-11T12:57:37Z\" \/><\/div><div id=\"lyte_zxbQbFgpXwE\" data-src=\"https:\/\/i.ytimg.com\/vi\/zxbQbFgpXwE\/hqdefault.jpg\" class=\"pL\"><div class=\"tC\"><div class=\"tT\" itemprop=\"name\">Les 3 Vall\u00e9es 2018\/19<\/div><\/div><div class=\"play\"><\/div><div class=\"ctrl\"><div class=\"Lctrl\"><\/div><div class=\"Rctrl\"><\/div><\/div><\/div><noscript><a href=\"http:\/\/youtu.be\/zxbQbFgpXwE\" rel=\"nofollow\"><img loading=\"lazy\" decoding=\"async\" src=\"http:\/\/i.ytimg.com\/vi\/zxbQbFgpXwE\/0.jpg\" alt=\"Les 3 Vall&eacute;es 2018\/19\" width=\"853\" height=\"460\" \/><br \/>Watch this video on YouTube<\/a><\/noscript><meta itemprop=\"description\" content=\"Les 3 Vall\u00e9es 2018\/19\"><\/div><\/div><div class=\"lL\" style=\"max-width:100%;width:853px;margin:5px auto;\"><br\/><span class=\"lyte_disclaimer\">Upozor\u0148ujeme tak\u00e9, \u017ee pou\u017e\u00edv\u00e1n\u00edm na\u0161ich slu\u017eeb a integrac\u00ed slu\u017eeb YouTube API plat\u00ed <a href=\"https:\/\/www.youtube.com\/t\/terms\">Smluvn\u00ed podm\u00ednky YouTube<\/a> a <a href=\"https:\/\/developers.google.com\/youtube\/terms\/api-services-terms-of-service-emea-de\">Smluvn\u00ed podm\u00ednky YouTube API<\/a> a va\u0161e pou\u017e\u00edv\u00e1n\u00ed na\u0161ich webov\u00fdch str\u00e1nek se pova\u017euje za souhlas s t\u011bmito podm\u00ednkami.<\/span><\/div><\/p>\n<h2 id=\"2-ly\u017ea\u0159sk\u00e1-oblast-les-portes-du-soleil\">2. Ly\u017ea\u0159sk\u00e1 oblast Les Portes du Soleil<\/h2>\n<p>Sjezdovky: 580 km<\/p>\n<p>Nadmo\u0159sk\u00e1 v\u00fd\u0161ka: a\u017e 2 254 m n. m.<\/p>\n<p>T\u00e9m\u011b\u0159 stejn\u011b rozs\u00e1hl\u00e1 je i megalomansk\u00e1 ly\u017ea\u0159sk\u00e1 oblast na francouzsko-\u0161v\u00fdcarsk\u00e9 hranici. V <a href=\"https:\/\/www.snowtrex.cz\/francie\/avoriaz\/lyzarsky-region.html\" target=\"_blank\" rel=\"noopener noreferrer\">Portes du Soleil <\/a>(Br\u00e1ny slunce) je na v\u00fdb\u011br 580 kilometr\u016f sjezdovek, z nich\u017e v\u011bt\u0161ina se nach\u00e1z\u00ed na francouzsk\u00e9m \u00fazem\u00ed. K nejzn\u00e1m\u011bj\u0161\u00edm ly\u017ea\u0159sk\u00fdm vesnic\u00edm pat\u0159\u00ed ur\u010dit\u011b <a href=\"https:\/\/www.snowtrex.cz\/francie\/avoriaz\/lyzovani.html\" target=\"_blank\" rel=\"noopener noreferrer\">Avoriaz<\/a>, <a href=\"https:\/\/www.snowtrex.cz\/francie\/chatel\/lyzovani.html\" target=\"_blank\" rel=\"noopener noreferrer\">Ch\u00e2tel<\/a>, Champ\u00e9ry a Les Crosets. Posledn\u00ed dv\u011b jmenovan\u00e9 le\u017e\u00ed na \u0161v\u00fdcarsk\u00e9 stran\u011b, tak\u017ee p\u0159i p\u0159ejezdu byste m\u011bli m\u00edt v\u017edy u sebe pas nebo ob\u010dansk\u00fd pr\u016fkaz. O z\u00e1bavu nen\u00ed nouze ani v obrovsk\u00e9 oblasti zimn\u00edch sport\u016f, kde je na v\u00fdb\u011br z v\u00edce ne\u017e des\u00edtky snowpark\u016f a boarder crossov\u00fdch trat\u00ed. Francouzsk\u00e9 vesnice, p\u0159edev\u0161\u00edm centr\u00e1ln\u011b polo\u017een\u00fd Avoriaz a sousedn\u00ed Morzine, si zachovaly sv\u016fj p\u016fvodn\u00ed savojsk\u00fd \u0161arm a jsou dobr\u00fdm v\u00fdchoz\u00edm bodem pro \u010detn\u00e9 volno\u010dasov\u00e9 aktivity v \u00fadol\u00edch.<\/p>\n<div class=\"lyte-wrapper\" title=\"Portes du Soleil - Premi&egrave;re neige 2019\" style=\"width:853px;max-width:100%;margin:5px auto;\"><div class=\"lyMe\" id=\"WYL_-bLH29Jupwg\" itemprop=\"video\" itemscope itemtype=\"https:\/\/schema.org\/VideoObject\"><div><meta itemprop=\"thumbnailUrl\" content=\"https:\/\/i.ytimg.com\/vi\/-bLH29Jupwg\/hqdefault.jpg\" \/><meta itemprop=\"embedURL\" content=\"https:\/\/www.youtube.com\/embed\/-bLH29Jupwg\" \/><meta itemprop=\"duration\" content=\"PT1M10S\" \/><meta itemprop=\"uploadDate\" content=\"2018-12-12T09:52:19Z\" \/><\/div><div id=\"lyte_-bLH29Jupwg\" data-src=\"https:\/\/i.ytimg.com\/vi\/-bLH29Jupwg\/hqdefault.jpg\" class=\"pL\"><div class=\"tC\"><div class=\"tT\" itemprop=\"name\">Portes du Soleil - Premi\u00e8re neige 2019<\/div><\/div><div class=\"play\"><\/div><div class=\"ctrl\"><div class=\"Lctrl\"><\/div><div class=\"Rctrl\"><\/div><\/div><\/div><noscript><a href=\"http:\/\/youtu.be\/-bLH29Jupwg\" rel=\"nofollow\"><img loading=\"lazy\" decoding=\"async\" src=\"http:\/\/i.ytimg.com\/vi\/-bLH29Jupwg\/0.jpg\" alt=\"Portes du Soleil - Premi&egrave;re neige 2019\" width=\"853\" height=\"460\" \/><br \/>Watch this video on YouTube<\/a><\/noscript><meta itemprop=\"description\" content=\"Portes du Soleil - Premi\u00e8re neige 2019\"><\/div><\/div><div class=\"lL\" style=\"max-width:100%;width:853px;margin:5px auto;\"><br\/><span class=\"lyte_disclaimer\">Upozor\u0148ujeme tak\u00e9, \u017ee pou\u017e\u00edv\u00e1n\u00edm na\u0161ich slu\u017eeb a integrac\u00ed slu\u017eeb YouTube API plat\u00ed <a href=\"https:\/\/www.youtube.com\/t\/terms\">Smluvn\u00ed podm\u00ednky YouTube<\/a> a <a href=\"https:\/\/developers.google.com\/youtube\/terms\/api-services-terms-of-service-emea-de\">Smluvn\u00ed podm\u00ednky YouTube API<\/a> a va\u0161e pou\u017e\u00edv\u00e1n\u00ed na\u0161ich webov\u00fdch str\u00e1nek se pova\u017euje za souhlas s t\u011bmito podm\u00ednkami.<\/span><\/div><\/p>\n<h2 id=\"3-ly\u017ea\u0159sk\u00fd-region-paradiski\">3. Ly\u017ea\u0159sk\u00fd region Paradiski<\/h2>\n<p>Sjezdovky: 425 km<\/p>\n<p>Nadmo\u0159sk\u00e1 v\u00fd\u0161ka: a\u017e 3 250 m n. m.<\/p>\n<p><a href=\"https:\/\/www.snowtrex.cz\/francie\/les_arcs\/lyzovani.html\" target=\"_blank\" rel=\"noopener noreferrer\">Les Arcs<\/a> a Peisey-Vallandry na jedn\u00e9 stran\u011b, <a href=\"https:\/\/www.snowtrex.cz\/francie\/la_plagne\/lyzovani.html\" target=\"_blank\" rel=\"noopener noreferrer\">La Plagne<\/a> na stran\u011b druh\u00e9 &#8211; spole\u010dn\u011b tvo\u0159\u00ed ly\u017ea\u0159skou oblast <a href=\"https:\/\/www.snowtrex.cz\/francie\/la_plagne\/lyzarsky-region.html\" target=\"_blank\" rel=\"noopener noreferrer\">Paradiski<\/a>. Ob\u011b ly\u017ea\u0159sk\u00e1 st\u0159ediska vd\u011b\u010d\u00ed za sv\u00e9 bezprobl\u00e9mov\u00e9 spojen\u00ed rychl\u00edku Vanoise Express. Od roku 2003 je tato obrovsk\u00e1 lanovka propojuje a vytv\u00e1\u0159\u00ed tak souvislou oblast zimn\u00edch sport\u016f s rajsk\u00fdmi 425 kilometry sjezdovek. Paradiski se nach\u00e1z\u00ed v malebn\u00e9m \u00fadol\u00ed Is\u00e8re v severn\u00ed \u010d\u00e1sti masivu Vanoise, a tedy v sousedstv\u00ed mohutn\u00fdch horsk\u00fdch masiv\u016f, jejich\u017e vrcholy se zvedaj\u00ed a\u017e do ledovcov\u00fdch oblast\u00ed. Zvl\u00e1\u0161t\u011b atraktivn\u00ed jsou ledovcov\u00e9 sjezdovky v nadmo\u0159sk\u00e9 v\u00fd\u0161ce p\u0159es 3 000 metr\u016f, kter\u00e9 nab\u00edzej\u00ed fantastick\u00e9 v\u00fdhledy na okoln\u00ed horsk\u00e9 velik\u00e1ny, jako je nap\u0159\u00edklad ty\u010d\u00edc\u00ed se Mont Blanc. Na ledovci Bellec\u00f4te v La Plagne p\u0159ekon\u00e1v\u00e1 15 km dlouh\u00fd sjezd 2 000 v\u00fd\u0161kov\u00fdch metr\u016f. Celkem region nab\u00edz\u00ed v\u00edce ne\u017e 250 r\u016fzn\u011b dlouh\u00fdch sjezdovek.<\/p>\n<div class=\"tt-post-image-wrapper tt-post-image-wrapper-full\">\n            <div class=\"tt-image-copyright-container\">\n                <a href=\"https:\/\/www.snowtrex.cz\/magazin\/files\/2024\/09\/RS15036_La-Plagne2018-20180112_124008-scr.jpg\" target=\"_blank\" rel=\"noopener\"><img loading=\"lazy\" decoding=\"async\" data-wrapped=\"true\" class=\"wp-image-52212 size-Artikelbild_gro\u00df\" title=\"V La Plagne \u010dekaj\u00ed na ly\u017ea\u0159e a snowboardisty dechberouc\u00ed panoramata\" src=\"https:\/\/www.snowtrex.cz\/magazin\/files\/2024\/09\/RS15036_La-Plagne2018-20180112_124008-scr-729x486.jpg\" alt=\"V La Plagne \u010dekaj\u00ed na ly\u017ea\u0159e a snowboardisty dechberouc\u00ed panoramata\" width=\"729\" height=\"486\" srcset=\"https:\/\/www.snowtrex.cz\/magazin\/files\/2024\/09\/RS15036_La-Plagne2018-20180112_124008-scr-729x486.jpg 729w, https:\/\/www.snowtrex.cz\/magazin\/files\/2024\/09\/RS15036_La-Plagne2018-20180112_124008-scr-468x312.jpg 468w, https:\/\/www.snowtrex.cz\/magazin\/files\/2024\/09\/RS15036_La-Plagne2018-20180112_124008-scr-300x200.jpg 300w, https:\/\/www.snowtrex.cz\/magazin\/files\/2024\/09\/RS15036_La-Plagne2018-20180112_124008-scr-999x666.jpg 999w, https:\/\/www.snowtrex.cz\/magazin\/files\/2024\/09\/RS15036_La-Plagne2018-20180112_124008-scr-645x430.jpg 645w, https:\/\/www.snowtrex.cz\/magazin\/files\/2024\/09\/RS15036_La-Plagne2018-20180112_124008-scr-552x368.jpg 552w, https:\/\/www.snowtrex.cz\/magazin\/files\/2024\/09\/RS15036_La-Plagne2018-20180112_124008-scr-405x270.jpg 405w, https:\/\/www.snowtrex.cz\/magazin\/files\/2024\/09\/RS15036_La-Plagne2018-20180112_124008-scr-336x224.jpg 336w, https:\/\/www.snowtrex.cz\/magazin\/files\/2024\/09\/RS15036_La-Plagne2018-20180112_124008-scr-276x184.jpg 276w, https:\/\/www.snowtrex.cz\/magazin\/files\/2024\/09\/RS15036_La-Plagne2018-20180112_124008-scr-234x156.jpg 234w, https:\/\/www.snowtrex.cz\/magazin\/files\/2024\/09\/RS15036_La-Plagne2018-20180112_124008-scr-192x128.jpg 192w, https:\/\/www.snowtrex.cz\/magazin\/files\/2024\/09\/RS15036_La-Plagne2018-20180112_124008-scr-120x80.jpg 120w, https:\/\/www.snowtrex.cz\/magazin\/files\/2024\/09\/RS15036_La-Plagne2018-20180112_124008-scr-774x516.jpg 774w, https:\/\/www.snowtrex.cz\/magazin\/files\/2024\/09\/RS15036_La-Plagne2018-20180112_124008-scr-1x1.jpg 1w\" sizes=\"(min-width: 1009px) 729px, (min-width: 819px) 594px, (min-width: 569px) 729px, (min-width: 449px) 468px, 348px\" \/><\/a><div class=\"tt-image-copyright\" data-image-id=\"52212\">\u00a9 TravelTrex<\/div>\n            <\/div>\n            <div class=\"tt-post-caption\">V La Plagne \u010dekaj\u00ed na ly\u017ea\u0159e a snowboardisty dechberouc\u00ed panoramata.<\/div>\n         <\/div > \n<h2 id=\"4-ly\u017ea\u0159sk\u00fd-are\u00e1l-via-lattea\">4. Ly\u017ea\u0159sk\u00fd are\u00e1l Via Lattea<\/h2>\n<p>Sjezdovky: 400 km<\/p>\n<p>Nadmo\u0159sk\u00e1 v\u00fd\u0161ka: a\u017e 2 800 m n. m.<\/p>\n<p>V\u011bd\u011bli jste, \u017ee? Ml\u00e9\u010dn\u00e1 dr\u00e1ha se t\u00e1hne mezi Piemontem a Horn\u00edmi Alpami &#8211; i kdy\u017e jako b\u00edl\u00e1 n\u00e1dhera sn\u011bhu a ledu. Ly\u017ea\u0159sk\u00e1 oblast <a href=\"https:\/\/www.snowtrex.cz\/italie\/sestriere\/lyzovani.html\" target=\"_blank\" rel=\"noopener noreferrer\">Via Lattea<\/a>, stejn\u011b jako <a href=\"https:\/\/www.snowtrex.cz\/francie\/portes_du_soleil\/lyzovani.html\" target=\"_blank\" rel=\"noopener noreferrer\">Portes du Soleil<\/a>, le\u017e\u00ed na st\u00e1tn\u00ed hranici. V\u011bt\u0161ina ze 400 kilometr\u016f sjezdovek se nach\u00e1z\u00ed v It\u00e1lii, kousek od Tur\u00edna v regionu Piemont. P\u0159ibli\u017en\u011b 20 % le\u017e\u00ed za francouzskou hranic\u00ed v okol\u00ed st\u0159ediska zimn\u00edch sport\u016f Montgen\u00e8vre. To se nach\u00e1z\u00ed v nadmo\u0159sk\u00e9 v\u00fd\u0161ce 1 860 metr\u016f a nab\u00edz\u00ed kr\u00e1sn\u00e9 sjezdovky lehk\u00e9 a st\u0159edn\u00ed obt\u00ed\u017enosti. V podoblastech Sauze d&#8217;Oulx a Sestriere na druh\u00e9 stran\u011b t\u00e9to rozs\u00e1hl\u00e9 oblasti se nach\u00e1z\u00ed velk\u00fd v\u00fdb\u011br atraktivn\u00edch \u010derven\u00fdch sjezdovek.<\/p>\n<div class=\"lyte-wrapper\" title=\"Montgen&egrave;vre Ski, France | 2019 [GoPro7 Black - 4K]\" style=\"width:853px;max-width:100%;margin:5px auto;\"><div class=\"lyMe\" id=\"WYL_zrRmKZO64EQ\" itemprop=\"video\" itemscope itemtype=\"https:\/\/schema.org\/VideoObject\"><div><meta itemprop=\"thumbnailUrl\" content=\"https:\/\/i.ytimg.com\/vi\/zrRmKZO64EQ\/hqdefault.jpg\" \/><meta itemprop=\"embedURL\" content=\"https:\/\/www.youtube.com\/embed\/zrRmKZO64EQ\" \/><meta itemprop=\"duration\" content=\"PT4M31S\" \/><meta itemprop=\"uploadDate\" content=\"2019-05-10T10:30:05Z\" \/><\/div><div id=\"lyte_zrRmKZO64EQ\" data-src=\"https:\/\/i.ytimg.com\/vi\/zrRmKZO64EQ\/hqdefault.jpg\" class=\"pL\"><div class=\"tC\"><div class=\"tT\" itemprop=\"name\">Montgen\u00e8vre Ski, France | 2019 [GoPro7 Black - 4K]<\/div><\/div><div class=\"play\"><\/div><div class=\"ctrl\"><div class=\"Lctrl\"><\/div><div class=\"Rctrl\"><\/div><\/div><\/div><noscript><a href=\"http:\/\/youtu.be\/zrRmKZO64EQ\" rel=\"nofollow\"><img loading=\"lazy\" decoding=\"async\" src=\"http:\/\/i.ytimg.com\/vi\/zrRmKZO64EQ\/0.jpg\" alt=\"Montgen&egrave;vre Ski, France | 2019 [GoPro7 Black - 4K]\" width=\"853\" height=\"460\" \/><br \/>Watch this video on YouTube<\/a><\/noscript><meta itemprop=\"description\" content=\"\ud83c\uddeb\ud83c\uddf7 Montgen\u00e8vre 2019, film\u00e9e en 4K \u00e0 l&#039;aide d&#039;une cam\u00e9ra GoPro Hero 7 Black. \ud83c\uddec\ud83c\udde7 Footage from Montgen\u00e8vre, shot in 4K with GoPro Hero 7 Black camera. __________ Filmed &amp; edited by SB-GRAPH : https:\/\/sb-graph.com\"><\/div><\/div><div class=\"lL\" style=\"max-width:100%;width:853px;margin:5px auto;\"><br\/><span class=\"lyte_disclaimer\">Upozor\u0148ujeme tak\u00e9, \u017ee pou\u017e\u00edv\u00e1n\u00edm na\u0161ich slu\u017eeb a integrac\u00ed slu\u017eeb YouTube API plat\u00ed <a href=\"https:\/\/www.youtube.com\/t\/terms\">Smluvn\u00ed podm\u00ednky YouTube<\/a> a <a href=\"https:\/\/developers.google.com\/youtube\/terms\/api-services-terms-of-service-emea-de\">Smluvn\u00ed podm\u00ednky YouTube API<\/a> a va\u0161e pou\u017e\u00edv\u00e1n\u00ed na\u0161ich webov\u00fdch str\u00e1nek se pova\u017euje za souhlas s t\u011bmito podm\u00ednkami.<\/span><\/div><\/p>\n<h2 id=\"5-ly\u017ea\u0159sk\u00e1-oblast-les-sybelles\">5. Ly\u017ea\u0159sk\u00e1 oblast Les Sybelles<\/h2>\n<p>Sjezdovky: 310 km<\/p>\n<p>Nadmo\u0159sk\u00e1 v\u00fd\u0161ka: a\u017e 2 620 m n. m.<\/p>\n<p>P\u011btici nejv\u011bt\u0161\u00edch ly\u017ea\u0159sk\u00fdch st\u0159edisek ve Francii uzav\u00edr\u00e1 <a href=\"https:\/\/www.snowtrex.cz\/francie\/saint_sorlin_les_sybelles\/lyzarske-stredisko.html\" target=\"_blank\" rel=\"noopener noreferrer\">Les Sybelles<\/a> v srdci Savojska. Na 310 kilometrech sjezdovek se rozv\u011btvuje celkem \u0161est ly\u017ea\u0159sk\u00fdch vesnic, z nich\u017e<a href=\"https:\/\/www.snowtrex.cz\/francie\/saint_sorlin_les_sybelles\/lyzovani.html\" target=\"_blank\" rel=\"noopener noreferrer\"> Saint Sorlin d&#8217;Arves<\/a> a <a href=\"https:\/\/www.snowtrex.cz\/francie\/le_corbier_les_sybelles\/lyzovani.html\" target=\"_blank\" rel=\"noopener noreferrer\">Le Corbier<\/a> pat\u0159\u00ed k nejatraktivn\u011bj\u0161\u00edm. Krom\u011b kr\u00e1sn\u00e9ho prost\u0159ed\u00ed zaujmou p\u0159edev\u0161\u00edm svou dobrou polohou, p\u0159\u00edmo v centru ly\u017ea\u0159sk\u00e9ho koloto\u010de mezi La Balme (2 240 m n. m.) a L&#8217;Ouillon (2 431 m n. m.). Zejm\u00e9na \u00fatuln\u00e1 vesni\u010dka Saint Sorlin s p\u011bkn\u00fdmi d\u0159ev\u011bn\u00fdmi chatami je ide\u00e1ln\u00edm v\u00fdchoz\u00edm bodem pro \u00fasp\u011b\u0161nou celodenn\u00ed ly\u017eova\u010dku. Plusem pro rodiny v Les Sybelles jsou \u010detn\u00e9 modr\u00e9 sjezdovky, kter\u00e9 umo\u017e\u0148uj\u00ed za\u010d\u00e1te\u010dn\u00edk\u016fm a d\u011btem snadn\u00fd \u00favod do ly\u017ea\u0159sk\u00e9 z\u00e1bavy. N\u011bkter\u00e9 \u010d\u00e1sti ly\u017ea\u0159sk\u00e9ho regionu jsou dokonce ozna\u010deny zna\u010dkou kvality &#8222;Famille Plus&#8220;, kter\u00e1 zaji\u0161\u0165uje obzvl\u00e1\u0161t\u011b pestr\u00fd rodinn\u00fd program. Samoz\u0159ejm\u011b jsou zde tak\u00e9 vhodn\u00e9 sjezdovky pro experty, jako nap\u0159\u00edklad n\u011bkter\u00e9 strm\u00e9 \u010dern\u00e9 sjezdovky, sjezdovky pro j\u00edzdu na boul\u00edch a plnohodnotn\u00fd snowpark.<\/p>\n<div class=\"tt-post-image-wrapper tt-post-image-wrapper-full\">\n            <div class=\"tt-image-copyright-container\">\n                <a href=\"https:\/\/www.snowtrex.cz\/magazin\/files\/2024\/09\/RS14307_SORL_-Januar-2016_TT-52-scr.jpg\" target=\"_blank\" rel=\"noopener\"><img loading=\"lazy\" decoding=\"async\" data-wrapped=\"true\" class=\"wp-image-52213 size-Artikelbild_gro\u00df\" title=\"Milovn\u00edci zimn\u00edch sport\u016f se do ly\u017ea\u0159sk\u00e9 oblasti Les Sybelles dostanou p\u0159\u00edmo ze St Sorlin d'Arves\" src=\"https:\/\/www.snowtrex.cz\/magazin\/files\/2024\/09\/RS14307_SORL_-Januar-2016_TT-52-scr-729x486.jpg\" alt=\"Milovn\u00edci zimn\u00edch sport\u016f se do ly\u017ea\u0159sk\u00e9 oblasti Les Sybelles dostanou p\u0159\u00edmo ze St Sorlin d'Arves\" width=\"729\" height=\"486\" srcset=\"https:\/\/www.snowtrex.cz\/magazin\/files\/2024\/09\/RS14307_SORL_-Januar-2016_TT-52-scr-729x486.jpg 729w, https:\/\/www.snowtrex.cz\/magazin\/files\/2024\/09\/RS14307_SORL_-Januar-2016_TT-52-scr-468x312.jpg 468w, https:\/\/www.snowtrex.cz\/magazin\/files\/2024\/09\/RS14307_SORL_-Januar-2016_TT-52-scr-300x200.jpg 300w, https:\/\/www.snowtrex.cz\/magazin\/files\/2024\/09\/RS14307_SORL_-Januar-2016_TT-52-scr-999x666.jpg 999w, https:\/\/www.snowtrex.cz\/magazin\/files\/2024\/09\/RS14307_SORL_-Januar-2016_TT-52-scr-645x430.jpg 645w, https:\/\/www.snowtrex.cz\/magazin\/files\/2024\/09\/RS14307_SORL_-Januar-2016_TT-52-scr-552x368.jpg 552w, https:\/\/www.snowtrex.cz\/magazin\/files\/2024\/09\/RS14307_SORL_-Januar-2016_TT-52-scr-405x270.jpg 405w, https:\/\/www.snowtrex.cz\/magazin\/files\/2024\/09\/RS14307_SORL_-Januar-2016_TT-52-scr-336x224.jpg 336w, https:\/\/www.snowtrex.cz\/magazin\/files\/2024\/09\/RS14307_SORL_-Januar-2016_TT-52-scr-276x184.jpg 276w, https:\/\/www.snowtrex.cz\/magazin\/files\/2024\/09\/RS14307_SORL_-Januar-2016_TT-52-scr-234x156.jpg 234w, https:\/\/www.snowtrex.cz\/magazin\/files\/2024\/09\/RS14307_SORL_-Januar-2016_TT-52-scr-192x128.jpg 192w, https:\/\/www.snowtrex.cz\/magazin\/files\/2024\/09\/RS14307_SORL_-Januar-2016_TT-52-scr-120x80.jpg 120w, https:\/\/www.snowtrex.cz\/magazin\/files\/2024\/09\/RS14307_SORL_-Januar-2016_TT-52-scr-774x516.jpg 774w, https:\/\/www.snowtrex.cz\/magazin\/files\/2024\/09\/RS14307_SORL_-Januar-2016_TT-52-scr-1x1.jpg 1w\" sizes=\"(min-width: 1009px) 729px, (min-width: 819px) 594px, (min-width: 569px) 729px, (min-width: 449px) 468px, 348px\" \/><\/a><div class=\"tt-image-copyright\" data-image-id=\"52213\">\u00a9 TravelTrex<\/div>\n            <\/div>\n            <div class=\"tt-post-caption\">Milovn\u00edci zimn\u00edch sport\u016f se do ly\u017ea\u0159sk\u00e9 oblasti Les Sybelles dostanou p\u0159\u00edmo ze St Sorlin d&#8217;Arves.<\/div>\n         <\/div > \n<h2 id=\"6-ly\u017ea\u0159sk\u00e1-oblast-val-d'is\u00e8retignes\">6. Ly\u017ea\u0159sk\u00e1 oblast Val d&#8217;Is\u00e8re\/Tignes<\/h2>\n<p>Sjezdovky: 300 km<\/p>\n<p>Nadmo\u0159sk\u00e1 v\u00fd\u0161ka: a\u017e 3 656 m n. m.<\/p>\n<p>Ly\u017ea\u0159sk\u00e1 oblast kolem obl\u00edben\u00fdch ly\u017ea\u0159sk\u00fdch st\u0159edisek <a href=\"https:\/\/www.snowtrex.cz\/francie\/val_disere\/lyzovani.html\" target=\"_blank\" rel=\"noopener noreferrer\">Val d&#8217;Is\u00e8re <\/a>a <a href=\"https:\/\/www.snowtrex.cz\/francie\/tignes\/lyzovani.html\" target=\"_blank\" rel=\"noopener noreferrer\">Tignes<\/a> byla dlouho zn\u00e1m\u00e1 jako <a href=\"https:\/\/www.snowtrex.cz\/francie\/val_disere\/lyzovani.html\" target=\"_blank\" rel=\"noopener noreferrer\">Espace Killy<\/a> podle olympijsk\u00e9ho v\u00edt\u011bze Jeana-Clauda Killyho. Val d&#8217;Is\u00e8re je st\u00e1l\u00fdm d\u011bji\u0161t\u011bm Sv\u011btov\u00e9ho poh\u00e1ru v ly\u017eov\u00e1n\u00ed a m\u00f3dn\u00ed ly\u017ea\u0159skou vesnic\u00ed t\u011bsn\u011b p\u0159ed italsk\u00fdmi hranicemi. Tignes je modern\u00ed ly\u017ea\u0159sk\u00e9 st\u0159edisko v nadmo\u0159sk\u00e9 v\u00fd\u0161ce 2 100 metr\u016f se zaru\u010den\u00fdm sn\u011bhem, kter\u00e9 host\u016fm nab\u00edz\u00ed dobrou gastronomii a rozmanit\u00e9 apr\u00e9s-ski. Nad ob\u011bma st\u0159edisky se rozv\u011btvuje 300 kilometr\u016f nejlep\u0161\u00edch sjezdovek. Od ledovce v Grande Motte (3 656 m n. m.) a\u017e po Val d&#8217;Is\u00e8re ve v\u00fd\u0161ce 1 850 m n. m. nab\u00edz\u00ed ly\u017ea\u0159sk\u00e1 oblast spoustu dlouh\u00fdch sjezdovek. Jsou zde olympijsk\u00e9 sjezdovky a trasy mimo sjezdovky, stejn\u011b jako svahy pro za\u010d\u00e1te\u010dn\u00edky a lesn\u00ed sjezdovky.<\/p>\n<div class=\"lyte-wrapper\" title=\"Tignes | La premi&egrave;re station de ski &agrave; ouvrir et la derni&egrave;re &agrave; fermer\" style=\"width:853px;max-width:100%;margin:5px auto;\"><div class=\"lyMe\" id=\"WYL_G_lh3XTlu08\" itemprop=\"video\" itemscope itemtype=\"https:\/\/schema.org\/VideoObject\"><div><meta itemprop=\"thumbnailUrl\" content=\"https:\/\/i.ytimg.com\/vi\/G_lh3XTlu08\/hqdefault.jpg\" \/><meta itemprop=\"embedURL\" content=\"https:\/\/www.youtube.com\/embed\/G_lh3XTlu08\" \/><meta itemprop=\"duration\" content=\"PT55S\" \/><meta itemprop=\"uploadDate\" content=\"2018-10-09T09:41:19Z\" \/><\/div><div id=\"lyte_G_lh3XTlu08\" data-src=\"https:\/\/i.ytimg.com\/vi\/G_lh3XTlu08\/hqdefault.jpg\" class=\"pL\"><div class=\"tC\"><div class=\"tT\" itemprop=\"name\">Tignes | La premi\u00e8re station de ski \u00e0 ouvrir et la derni\u00e8re \u00e0 fermer<\/div><\/div><div class=\"play\"><\/div><div class=\"ctrl\"><div class=\"Lctrl\"><\/div><div class=\"Rctrl\"><\/div><\/div><\/div><noscript><a href=\"http:\/\/youtu.be\/G_lh3XTlu08\" rel=\"nofollow\"><img loading=\"lazy\" decoding=\"async\" src=\"http:\/\/i.ytimg.com\/vi\/G_lh3XTlu08\/0.jpg\" alt=\"Tignes | La premi&egrave;re station de ski &agrave; ouvrir et la derni&egrave;re &agrave; fermer\" width=\"853\" height=\"460\" \/><br \/>Watch this video on YouTube<\/a><\/noscript><meta itemprop=\"description\" content=\"Au c\u0153ur des Alpes, en Savoie, Tignes fait parti du domaine skiable reliant les stations de ski Tignes &amp; Val d\u2019Is\u00e8re. Ces deux stations cr\u00e9ent naturellement l&#039;un des plus beaux et grands domaines skiables d&#039;Europe... Plus d&#039;information : www.tignes.net\"><\/div><\/div><div class=\"lL\" style=\"max-width:100%;width:853px;margin:5px auto;\"><br\/><span class=\"lyte_disclaimer\">Upozor\u0148ujeme tak\u00e9, \u017ee pou\u017e\u00edv\u00e1n\u00edm na\u0161ich slu\u017eeb a integrac\u00ed slu\u017eeb YouTube API plat\u00ed <a href=\"https:\/\/www.youtube.com\/t\/terms\">Smluvn\u00ed podm\u00ednky YouTube<\/a> a <a href=\"https:\/\/developers.google.com\/youtube\/terms\/api-services-terms-of-service-emea-de\">Smluvn\u00ed podm\u00ednky YouTube API<\/a> a va\u0161e pou\u017e\u00edv\u00e1n\u00ed na\u0161ich webov\u00fdch str\u00e1nek se pova\u017euje za souhlas s t\u011bmito podm\u00ednkami.<\/span><\/div><\/p>\n<h2 id=\"7-ly\u017ea\u0159sk\u00e1-oblast-grand-massif\">7. Ly\u017ea\u0159sk\u00e1 oblast Grand Massif<\/h2>\n<p>Sjezdovky: 265 km<\/p>\n<p>Nadmo\u0159sk\u00e1 v\u00fd\u0161ka: a\u017e 2 561 m n. m.<\/p>\n<p>S Grand Massif v Haute Savoie se znovu a znovu ukazuj\u00ed proporce francouzsk\u00fdch ly\u017ea\u0159sk\u00fdch oblast\u00ed: nejv\u011bt\u0161\u00ed ly\u017ea\u0159sk\u00e1 oblast v Rakousku je sotva v\u011bt\u0161\u00ed ne\u017e <a href=\"https:\/\/www.snowtrex.cz\/francie\/flaine\/lyzarske-stredisko.html\" target=\"_blank\" rel=\"noopener noreferrer\">Domaine Grand Massif<\/a>. Se sv\u00fdmi 265 kilometry sjezdovek je jen sedmou nejv\u011bt\u0161\u00ed ly\u017ea\u0159skou oblast\u00ed ve Francii. Dv\u011b d\u00edl\u010d\u00ed oblasti <a href=\"https:\/\/www.snowtrex.cz\/francie\/flaine\/lyzovani.html\" target=\"_blank\" rel=\"noopener noreferrer\">Flaine<\/a> a <a href=\"https:\/\/www.snowtrex.cz\/francie\/grand_massif\/lyzovani.html\" target=\"_blank\" rel=\"noopener noreferrer\">Massif<\/a> spole\u010dn\u011b tvo\u0159\u00ed Grand Massif, p\u0159i\u010dem\u017e Flaine tvo\u0159\u00ed centrum d\u011bn\u00ed ve v\u00fd\u0161ce 1 600 metr\u016f. Obzvl\u00e1\u0161t\u011b kr\u00e1sn\u00e9 jsou dlouh\u00e9 \u010derven\u00e9 sjezdovky ve v\u00fd\u0161ce p\u0159es 2 500 metr\u016f nad obc\u00ed. Odtud je panoramatick\u00fd v\u00fdhled a\u017e na Mont Blanc.<\/p>\n<h2 id=\"8-ly\u017ea\u0159sk\u00e1-oblast-evasion-mont-blanc\">8. Ly\u017ea\u0159sk\u00e1 oblast Evasion Mont-Blanc<\/h2>\n<p>Sjezdovky: 468 km<\/p>\n<p>Nadmo\u0159sk\u00e1 v\u00fd\u0161ka: a\u017e 2 350 m n. m.<\/p>\n<p>Perla ly\u017ea\u0159sk\u00e9ho st\u0159ediska Evasion Mont-Blanc ve Vysok\u00e9m Savojsku le\u017e\u00ed ve st\u00ednu nejv\u011bt\u0161\u00ed hory Evropy &#8211; proto\u017ee tich\u00fdm sousedem dob\u0159e rozvinut\u00e9 krajiny sjezdovek nen\u00ed nikdo jin\u00fd ne\u017e Mont Blanc (4 810 m n. m.). V jeho st\u00ednu le\u017e\u00ed Meg\u00e8ve, nedot\u010den\u00e1 horsk\u00e1 vesnice a z\u00e1rove\u0148 elegantn\u00ed ly\u017ea\u0159sk\u00e9 st\u0159edisko, kter\u00e9 m\u016f\u017ee konkurovat i t\u011bm nejvybaven\u011bj\u0161\u00edm \u0161v\u00fdcarsk\u00fdm st\u0159edisk\u016fm. Ne nadarmo pat\u0159\u00ed mezi destinace &#8222;Best of the Alps&#8220; s obzvl\u00e1\u0161t\u011b exkluzivn\u00edmi standardy, pokud jde o polohu a ly\u017ea\u0159skou oblast. Krajina m\u011bste\u010dka se vyzna\u010duje tradi\u010dn\u00ed a elegantn\u00ed architekturou i autentickou idylou horsk\u00e9 vesnice. N\u011bkter\u00e9 sjezdovky vedou zalesn\u011bn\u00fdmi oblastmi, ale ze svah\u016f nad hranic\u00ed strom\u016f je fantastick\u00fd v\u00fdhled na Mont Blanc, kter\u00fd je t\u00e9m\u011b\u0159 tak bl\u00edzko, \u017ee se ho lze dotknout.<\/p>\n<div class=\"lyte-wrapper\" title=\"Rochebrune - Meg&egrave;ve - Au coeur du domaine skiable Evasion Mont Blanc\" style=\"width:853px;max-width:100%;margin:5px auto;\"><div class=\"lyMe\" id=\"WYL_ubZYmzramd0\" itemprop=\"video\" itemscope itemtype=\"https:\/\/schema.org\/VideoObject\"><div><meta itemprop=\"thumbnailUrl\" content=\"https:\/\/i.ytimg.com\/vi\/ubZYmzramd0\/hqdefault.jpg\" \/><meta itemprop=\"embedURL\" content=\"https:\/\/www.youtube.com\/embed\/ubZYmzramd0\" \/><meta itemprop=\"duration\" content=\"PT1M19S\" \/><meta itemprop=\"uploadDate\" content=\"2018-10-11T09:54:38Z\" \/><\/div><div id=\"lyte_ubZYmzramd0\" data-src=\"https:\/\/i.ytimg.com\/vi\/ubZYmzramd0\/hqdefault.jpg\" class=\"pL\"><div class=\"tC\"><div class=\"tT\" itemprop=\"name\">Rochebrune - Meg\u00e8ve - Au coeur du domaine skiable Evasion Mont Blanc<\/div><\/div><div class=\"play\"><\/div><div class=\"ctrl\"><div class=\"Lctrl\"><\/div><div class=\"Rctrl\"><\/div><\/div><\/div><noscript><a href=\"http:\/\/youtu.be\/ubZYmzramd0\" rel=\"nofollow\"><img loading=\"lazy\" decoding=\"async\" src=\"http:\/\/i.ytimg.com\/vi\/ubZYmzramd0\/0.jpg\" alt=\"Rochebrune - Meg&egrave;ve - Au coeur du domaine skiable Evasion Mont Blanc\" width=\"853\" height=\"460\" \/><br \/>Watch this video on YouTube<\/a><\/noscript><meta itemprop=\"description\" content=\"Meg\u00e8ve, au coeur du domaine skiable Evasion Mont Blanc. D\u00e9part depuis le t\u00e9l\u00e9ph\u00e9rique de Rochebrune, berceau du ski fran\u00e7ais. Toutes les informations, bons plans et achat de forfaits sur https:\/\/forfaits.megeve.com\"><\/div><\/div><div class=\"lL\" style=\"max-width:100%;width:853px;margin:5px auto;\"><br\/><span class=\"lyte_disclaimer\">Upozor\u0148ujeme tak\u00e9, \u017ee pou\u017e\u00edv\u00e1n\u00edm na\u0161ich slu\u017eeb a integrac\u00ed slu\u017eeb YouTube API plat\u00ed <a href=\"https:\/\/www.youtube.com\/t\/terms\">Smluvn\u00ed podm\u00ednky YouTube<\/a> a <a href=\"https:\/\/developers.google.com\/youtube\/terms\/api-services-terms-of-service-emea-de\">Smluvn\u00ed podm\u00ednky YouTube API<\/a> a va\u0161e pou\u017e\u00edv\u00e1n\u00ed na\u0161ich webov\u00fdch str\u00e1nek se pova\u017euje za souhlas s t\u011bmito podm\u00ednkami.<\/span><\/div><\/p>\n<h2 id=\"9-ly\u017ea\u0159sk\u00e9-st\u0159edisko-serre-chevalier\">9. Ly\u017ea\u0159sk\u00e9 st\u0159edisko Serre Chevalier<\/h2>\n<p>Sjezdovky: 250 km<\/p>\n<p>Nadmo\u0159sk\u00e1 v\u00fd\u0161ka: a\u017e 2 800 m n. m.<\/p>\n<p>Hned vedle n\u00e1rodn\u00edho parku Les \u00c9crins se nach\u00e1z\u00ed vysokohorsk\u00e1 ly\u017ea\u0159sk\u00e1 oblast <a href=\"https:\/\/www.snowtrex.cz\/francie\/serre_chevalier\/lyzarske-stredisko.html\" target=\"_blank\" rel=\"noopener noreferrer\">Serre Chevalier<\/a>, kter\u00e1 spojuje 250 km nejlep\u0161\u00edch sjezdovek. Ty se nach\u00e1zej\u00ed v nadmo\u0159sk\u00e9 v\u00fd\u0161ce 2 800 m a vedou \u00fadoln\u00edmi sjezdovkami a\u017e do v\u00fd\u0161ky 1 200 m n. m. V doln\u00ed \u010d\u00e1sti vedou sjezdovky p\u0159ev\u00e1\u017en\u011b kr\u00e1sn\u00fdmi mod\u0159\u00ednov\u00fdmi a borovicov\u00fdmi lesy. Ly\u017ea\u0159sk\u00e9 trasy, snowparky, ve\u010dern\u00ed ly\u017eov\u00e1n\u00ed, ly\u017ea\u0159sk\u00e9 \u0161koly &#8211; je zde k dispozici v\u0161e, co si jen m\u016f\u017eete p\u0159\u00e1t. Hlavn\u00edm m\u011bstem v \u00fadol\u00ed, kde se nach\u00e1zej\u00ed \u0161irok\u00e9 sjezdovky, je ru\u0161n\u00fd Brian\u00e7on. Pod\u00e9l \u00fadol\u00ed se nach\u00e1zej\u00ed tak\u00e9 t\u0159i dal\u0161\u00ed p\u0159\u00edstupov\u00e9 body do ly\u017ea\u0159sk\u00e9 ar\u00e9ny: Chantemerle, Villeneuve a Mon\u00eatier-les-Bains.<\/p>\n<div class=\"lyte-wrapper\" title=\"Lancement de la saison saison de ski 2017-2018 Serre Chevalier Domaine Skiable\" style=\"width:853px;max-width:100%;margin:5px auto;\"><div class=\"lyMe\" id=\"WYL_d1nrbfTT370\" itemprop=\"video\" itemscope itemtype=\"https:\/\/schema.org\/VideoObject\"><div><meta itemprop=\"thumbnailUrl\" content=\"https:\/\/i.ytimg.com\/vi\/d1nrbfTT370\/hqdefault.jpg\" \/><meta itemprop=\"embedURL\" content=\"https:\/\/www.youtube.com\/embed\/d1nrbfTT370\" \/><meta itemprop=\"duration\" content=\"PT1M44S\" \/><meta itemprop=\"uploadDate\" content=\"2017-09-22T12:24:21Z\" \/><\/div><div id=\"lyte_d1nrbfTT370\" data-src=\"https:\/\/i.ytimg.com\/vi\/d1nrbfTT370\/hqdefault.jpg\" class=\"pL\"><div class=\"tC\"><div class=\"tT\" itemprop=\"name\">Lancement de la saison saison de ski 2017-2018 Serre Chevalier Domaine Skiable<\/div><\/div><div class=\"play\"><\/div><div class=\"ctrl\"><div class=\"Lctrl\"><\/div><div class=\"Rctrl\"><\/div><\/div><\/div><noscript><a href=\"http:\/\/youtu.be\/d1nrbfTT370\" rel=\"nofollow\"><img loading=\"lazy\" decoding=\"async\" src=\"http:\/\/i.ytimg.com\/vi\/d1nrbfTT370\/0.jpg\" alt=\"Lancement de la saison saison de ski 2017-2018 Serre Chevalier Domaine Skiable\" width=\"853\" height=\"460\" \/><br \/>Watch this video on YouTube<\/a><\/noscript><meta itemprop=\"description\" content=\"Des images somptueuses qui donnent envie de rechausser les skis \u2603\u2744\ud83d\ude0e https:\/\/www.serre-chevalier.com\/hiver\/ski-alpes\/le-domaine-skiable\/\"><\/div><\/div><div class=\"lL\" style=\"max-width:100%;width:853px;margin:5px auto;\"><br\/><span class=\"lyte_disclaimer\">Upozor\u0148ujeme tak\u00e9, \u017ee pou\u017e\u00edv\u00e1n\u00edm na\u0161ich slu\u017eeb a integrac\u00ed slu\u017eeb YouTube API plat\u00ed <a href=\"https:\/\/www.youtube.com\/t\/terms\">Smluvn\u00ed podm\u00ednky YouTube<\/a> a <a href=\"https:\/\/developers.google.com\/youtube\/terms\/api-services-terms-of-service-emea-de\">Smluvn\u00ed podm\u00ednky YouTube API<\/a> a va\u0161e pou\u017e\u00edv\u00e1n\u00ed na\u0161ich webov\u00fdch str\u00e1nek se pova\u017euje za souhlas s t\u011bmito podm\u00ednkami.<\/span><\/div><\/p>\n<h2 id=\"10-ly\u017ea\u0159sk\u00e1-oblast-alpe-d'huez\">10. Ly\u017ea\u0159sk\u00e1 oblast Alpe d&#8217;Huez<\/h2>\n<p>Sjezdovky: 249 km<\/p>\n<p>Nadmo\u0159sk\u00e1 v\u00fd\u0161ka: a\u017e 3 330 m n. m.<\/p>\n<p>Sportovn\u00ed nad\u0161enci znaj\u00ed <a href=\"https:\/\/www.snowtrex.cz\/francie\/alpe_dhuez\/lyzovani.html\" target=\"_blank\" rel=\"noopener noreferrer\">Alpe d&#8217;Huez<\/a> jako c\u00edl etapy Tour de France &#8211; milovn\u00edci zimn\u00edch sport\u016f si m\u011bsto obl\u00edbili pro jeho jedine\u010dn\u00fd ly\u017ea\u0159sk\u00fd are\u00e1l v masivu Grandes Rousses: <a href=\"https:\/\/www.snowtrex.cz\/francie\/alpe_dhuez\/lyzarske-stredisko.html\" target=\"_blank\" rel=\"noopener noreferrer\">ly\u017ea\u0159sk\u00fd are\u00e1l Alpe d&#8217;Huez<\/a> m\u00e1 249 kilometr\u016f sjezdovek a je jedn\u00edm z nejobl\u00edben\u011bj\u0161\u00edch velk\u00fdch ly\u017ea\u0159sk\u00fdch are\u00e1l\u016f ve Francii. V nadmo\u0159sk\u00e9 v\u00fd\u0161ce p\u0159esahuj\u00edc\u00ed 3 300 metr\u016f m\u016f\u017eete ly\u017eovat doslova nad mraky na Pic Blancu (3 330 m n. m.) a ledovci Sarenne. Naho\u0159e za\u010d\u00edn\u00e1 sjezdovka Sarenne, kter\u00e1 je se sv\u00fdmi 16 kilometry pova\u017eov\u00e1na za nejdel\u0161\u00ed \u010dernou sjezdovku v Alp\u00e1ch.<\/p>\n<div class=\"tt-post-image-wrapper tt-post-image-wrapper-full\">\n            <div class=\"tt-image-copyright-container\">\n                <a href=\"https:\/\/www.snowtrex.cz\/magazin\/files\/2024\/09\/RS5124_shutterstock_404740432-scr.jpg\" target=\"_blank\" rel=\"noopener\"><img loading=\"lazy\" decoding=\"async\" data-wrapped=\"true\" class=\"wp-image-52214 size-Artikelbild_gro\u00df\" title=\"Na sjezdovk\u00e1ch nad slavnou alpskou vesnic\u00ed Alpe d'Huez je z\u00e1bava na svaz\u00edch neomezen\u00e1\" src=\"https:\/\/www.snowtrex.cz\/magazin\/files\/2024\/09\/RS5124_shutterstock_404740432-scr-729x486.jpg\" alt=\"Na sjezdovk\u00e1ch nad slavnou alpskou vesnic\u00ed Alpe d'Huez je z\u00e1bava na svaz\u00edch neomezen\u00e1\" width=\"729\" height=\"486\" srcset=\"https:\/\/www.snowtrex.cz\/magazin\/files\/2024\/09\/RS5124_shutterstock_404740432-scr-729x486.jpg 729w, https:\/\/www.snowtrex.cz\/magazin\/files\/2024\/09\/RS5124_shutterstock_404740432-scr-290x193.jpg 290w, https:\/\/www.snowtrex.cz\/magazin\/files\/2024\/09\/RS5124_shutterstock_404740432-scr-728x485.jpg 728w, https:\/\/www.snowtrex.cz\/magazin\/files\/2024\/09\/RS5124_shutterstock_404740432-scr-768x512.jpg 768w, https:\/\/www.snowtrex.cz\/magazin\/files\/2024\/09\/RS5124_shutterstock_404740432-scr-468x312.jpg 468w, https:\/\/www.snowtrex.cz\/magazin\/files\/2024\/09\/RS5124_shutterstock_404740432-scr-300x200.jpg 300w, https:\/\/www.snowtrex.cz\/magazin\/files\/2024\/09\/RS5124_shutterstock_404740432-scr-999x666.jpg 999w, https:\/\/www.snowtrex.cz\/magazin\/files\/2024\/09\/RS5124_shutterstock_404740432-scr-645x430.jpg 645w, https:\/\/www.snowtrex.cz\/magazin\/files\/2024\/09\/RS5124_shutterstock_404740432-scr-552x368.jpg 552w, https:\/\/www.snowtrex.cz\/magazin\/files\/2024\/09\/RS5124_shutterstock_404740432-scr-405x270.jpg 405w, https:\/\/www.snowtrex.cz\/magazin\/files\/2024\/09\/RS5124_shutterstock_404740432-scr-336x224.jpg 336w, https:\/\/www.snowtrex.cz\/magazin\/files\/2024\/09\/RS5124_shutterstock_404740432-scr-276x184.jpg 276w, https:\/\/www.snowtrex.cz\/magazin\/files\/2024\/09\/RS5124_shutterstock_404740432-scr-234x156.jpg 234w, https:\/\/www.snowtrex.cz\/magazin\/files\/2024\/09\/RS5124_shutterstock_404740432-scr-192x128.jpg 192w, https:\/\/www.snowtrex.cz\/magazin\/files\/2024\/09\/RS5124_shutterstock_404740432-scr-120x80.jpg 120w, https:\/\/www.snowtrex.cz\/magazin\/files\/2024\/09\/RS5124_shutterstock_404740432-scr-774x516.jpg 774w, https:\/\/www.snowtrex.cz\/magazin\/files\/2024\/09\/RS5124_shutterstock_404740432-scr-2x1.jpg 2w, https:\/\/www.snowtrex.cz\/magazin\/files\/2024\/09\/RS5124_shutterstock_404740432-scr.jpg 1440w\" sizes=\"(min-width: 1009px) 729px, (min-width: 819px) 594px, (min-width: 569px) 729px, (min-width: 449px) 468px, 348px\" \/><\/a><div class=\"tt-image-copyright\" data-image-id=\"52214\">\u00a9 MPSPhotography\/shutterstock.de<\/div>\n            <\/div>\n            <div class=\"tt-post-caption\">Na sjezdovk\u00e1ch nad slavnou alpskou vesnic\u00ed Alpe d&#8217;Huez je z\u00e1bava na svaz\u00edch neomezen\u00e1.<\/div>\n         <\/div > \n<p><strong>M\u00e1te chu\u0165 <a href=\"https:\/\/www.snowtrex.cz\/francie\/lyzovani.html\" target=\"_blank\" rel=\"noopener\">si zaly\u017eovat ve Francii<\/a>? <\/strong><\/p>\n<h2 id=\"nej\u010dast\u011bj\u0161\u00ed-dotazy-k-nejv\u011bt\u0161\u00edm-ly\u017ea\u0159sk\u00fdm-st\u0159edisk\u016fm-ve-francii\">Nej\u010dast\u011bj\u0161\u00ed dotazy k nejv\u011bt\u0161\u00edm ly\u017ea\u0159sk\u00fdm st\u0159edisk\u016fm ve Francii<\/h2>\n<h3>Kter\u00e9 je nejv\u011bt\u0161\u00ed ly\u017ea\u0159sk\u00e9 st\u0159edisko ve Francii?<\/h3>\n<p>Nejv\u011bt\u0161\u00ed francouzskou ly\u017ea\u0159skou oblast\u00ed je propojen\u00fd ly\u017ea\u0159sk\u00fd region Les 3 Vall\u00e9es. Tato oblast se py\u0161n\u00ed p\u0159ibli\u017en\u011b 600 kilometry sjezdovek, dosahuje v\u00fd\u0161ky a\u017e 3 230 m n. m. a rozkl\u00e1d\u00e1 se v t\u011bchto 3 \u00fadol\u00edch: Vall\u00e9e de Belleville, Vall\u00e9e de M\u00e9ribel a Vall\u00e9e de Courchevel.<\/p>\n<h3>Kter\u00e1 je nejv\u011bt\u0161\u00ed nadn\u00e1rodn\u00ed ly\u017ea\u0159sk\u00e1 oblast ve Francii?<\/h3>\n<p>Nejv\u011bt\u0161\u00ed nadn\u00e1rodn\u00ed a souvislou ly\u017ea\u0159skou oblast\u00ed ve Francii je ly\u017ea\u0159sk\u00fd region Les Portes du Soleil. Tato oblast se rozkl\u00e1d\u00e1 na francouzsk\u00e9m a \u0161v\u00fdcarsk\u00e9m \u00fazem\u00ed, zahrnuje p\u0159ibli\u017en\u011b 580 kilometr\u016f sjezdovek a dosahuje v\u00fd\u0161ky a\u017e 2 254 metr\u016f.<\/p>\n<h3>Kolik je ve Francii ly\u017ea\u0159sk\u00fdch st\u0159edisek s v\u00edce ne\u017e 300 kilometry sjezdovek?<\/h3>\n<p>Francie se m\u016f\u017ee pochlubit 5 ly\u017ea\u0159sk\u00fdmi st\u0159edisky, ve kter\u00fdch maj\u00ed ly\u017ea\u0159i a snowboardist\u00e9 na v\u00fdb\u011br z v\u00edce ne\u017e 300 kilometr\u016f sjezdovek. P\u0159\u00edkladem jsou ly\u017ea\u0159sk\u00e1 st\u0159ediska Via Lattea, Les Sybelles a Val d&#8217;Is\u00e8re\/Tignes.<\/p>\n","protected":false},"excerpt":{"rendered":"<p>Francouzsk\u00e9 Alpy jsou domovem jedn\u011bch z nejvy\u0161\u0161\u00edch vrchol\u016f Evropy a zem\u011b je zn\u00e1m\u00e1 sv\u00fdmi ly\u017ea\u0159sk\u00fdmi st\u0159edisky. SnowTrex p\u0159edstavuje 10 nejv\u011bt\u0161\u00edch propojen\u00fdch ly\u017ea\u0159sk\u00fdch st\u0159edisek ve Francii, v\u010detn\u011b nejv\u011bt\u0161\u00edho na sv\u011bt\u011b!<\/p>\n","protected":false},"author":178,"featured_media":52211,"comment_status":"closed","ping_status":"closed","sticky":false,"template":"","format":"standard","meta":{"footnotes":""},"categories":[11],"tags":[17,112,114,108,162,370,439,441,379,163,442,443,165,166,167,444,168,169,413,170,171,257,172,445,406,446,447,369,174,450,148,448,176,449,397,130,39,412,451,440],"class_list":["post-16221","post","type-post","status-publish","format-standard","has-post-thumbnail","hentry","category-top-10","tag-alpe_dhuez","tag-avoriaz","tag-chatel","tag-courchevel","tag-flaine","tag-francie","tag-grand_massif","tag-isere","tag-italie","tag-la_plagne","tag-le_corbier","tag-les_3_vallees_tri_udoli","tag-les_arcs","tag-les_carroz_daraches","tag-les_menuires","tag-les-sybelles","tag-megeve","tag-meribel","tag-mont_blanc","tag-morillon","tag-morzine","tag-oisans","tag-orelle","tag-paradiski","tag-piemont","tag-portes_du_soleil","tag-saint_sorlin","tag-savojsko","tag-serre_chevalier","tag-serre_chevalier_vallee","tag-sestriere_via_lattea","tag-st-_martin","tag-tignes","tag-tignes-val-disere","tag-val-daosta","tag-val_disere","tag-val_thorens","tag-via-lattea","tag-vysoke-alpy","tag-vysoke-savojsko"],"yoast_head":"<!-- This site is optimized with the Yoast SEO Premium plugin v27.3 (Yoast SEO v27.3) - https:\/\/yoast.com\/product\/yoast-seo-premium-wordpress\/ -->\n<title>10 nejv\u011bt\u0161\u00edch ly\u017ea\u0159sk\u00fdch st\u0159edisek ve Francii<\/title>\n<meta name=\"description\" content=\"Z nejv\u011bt\u0161\u00edho ly\u017ea\u0159sk\u00e9ho st\u0159ediska na sv\u011bt\u011b a dal\u0161\u00edch ly\u017ea\u0159sk\u00fdch megaoblast\u00ed: SnowTrex p\u0159edstavuje 10 nejv\u011bt\u0161\u00edch ly\u017ea\u0159sk\u00fdch st\u0159edisek ve Francii.\" \/>\n<meta name=\"robots\" content=\"index, follow, max-snippet:-1, max-image-preview:large, max-video-preview:-1\" \/>\n<link rel=\"canonical\" href=\"https:\/\/www.snowtrex.cz\/magazin\/top-10\/nejvetsi-lyzarska-strediska-ve-francii\/\" \/>\n<meta property=\"og:locale\" content=\"cs_CZ\" \/>\n<meta property=\"og:type\" content=\"article\" \/>\n<meta property=\"og:title\" content=\"10 nejv\u011bt\u0161\u00edch ly\u017ea\u0159sk\u00fdch st\u0159edisek ve Francii\" \/>\n<meta property=\"og:description\" content=\"Francouzsk\u00e9 Alpy jsou domovem jedn\u011bch z nejvy\u0161\u0161\u00edch vrchol\u016f Evropy a zem\u011b je zn\u00e1m\u00e1 sv\u00fdmi ly\u017ea\u0159sk\u00fdmi st\u0159edisky. SnowTrex p\u0159edstavuje 10 nejv\u011bt\u0161\u00edch propojen\u00fdch ly\u017ea\u0159sk\u00fdch st\u0159edisek ve Francii, v\u010detn\u011b nejv\u011bt\u0161\u00edho na sv\u011bt\u011b!\" \/>\n<meta property=\"og:url\" content=\"https:\/\/www.snowtrex.cz\/magazin\/top-10\/nejvetsi-lyzarska-strediska-ve-francii\/\" \/>\n<meta property=\"og:site_name\" content=\"SnowTrex Ski-Magaz\u00edn\" \/>\n<meta property=\"article:publisher\" content=\"https:\/\/www.facebook.com\/snowtrex\" \/>\n<meta property=\"article:author\" content=\"https:\/\/www.facebook.com\/snowtrex\/\" \/>\n<meta property=\"article:published_time\" content=\"2026-02-03T00:00:00+00:00\" \/>\n<meta property=\"article:modified_time\" content=\"2026-03-11T10:34:17+00:00\" \/>\n<meta name=\"author\" content=\"SnowTrex\" \/>\n<meta name=\"twitter:card\" content=\"summary_large_image\" \/>\n<meta name=\"twitter:image\" content=\"https:\/\/www.snowtrex.cz\/magazin\/files\/2024\/09\/RS5220_shutterstock_496194094-hsc.jpg\" \/>\n<meta name=\"twitter:label1\" content=\"Napsal(a)\" \/>\n\t<meta name=\"twitter:data1\" content=\"SnowTrex\" \/>\n\t<meta name=\"twitter:label2\" content=\"Odhadovan\u00e1 doba \u010dten\u00ed\" \/>\n\t<meta name=\"twitter:data2\" content=\"10 minut\" \/>\n<script type=\"application\/ld+json\" class=\"yoast-schema-graph\">{\"@context\":\"https:\\\/\\\/schema.org\",\"@graph\":[{\"@type\":\"Article\",\"@id\":\"http:\\\/\\\/blog.snowtrex.com\\\/cz-magazin\\\/top-10\\\/nejvetsi-lyzarska-strediska-ve-francii\\\/#article\",\"isPartOf\":{\"@id\":\"http:\\\/\\\/blog.snowtrex.com\\\/cz-magazin\\\/top-10\\\/nejvetsi-lyzarska-strediska-ve-francii\\\/\"},\"author\":{\"name\":\"SnowTrex\",\"@id\":\"http:\\\/\\\/wp-magazin.snowtrex.cz\\\/#\\\/schema\\\/person\\\/ad1887a4d155ef6b5b8b4fc8990d92dd\"},\"headline\":\"10 nejv\u011bt\u0161\u00edch ly\u017ea\u0159sk\u00fdch st\u0159edisek ve Francii\",\"datePublished\":\"2026-02-03T00:00:00+00:00\",\"dateModified\":\"2026-03-11T10:34:17+00:00\",\"mainEntityOfPage\":{\"@id\":\"http:\\\/\\\/blog.snowtrex.com\\\/cz-magazin\\\/top-10\\\/nejvetsi-lyzarska-strediska-ve-francii\\\/\"},\"wordCount\":2066,\"publisher\":{\"@id\":\"http:\\\/\\\/wp-magazin.snowtrex.cz\\\/#organization\"},\"image\":{\"@id\":\"http:\\\/\\\/blog.snowtrex.com\\\/cz-magazin\\\/top-10\\\/nejvetsi-lyzarska-strediska-ve-francii\\\/#primaryimage\"},\"thumbnailUrl\":\"http:\\\/\\\/wp-magazin.snowtrex.cz\\\/files\\\/2024\\\/09\\\/RS5220_shutterstock_496194094-hsc.jpg\",\"keywords\":[\"Alpe d'Huez\",\"Avoriaz\",\"Chatel\",\"Courchevel\",\"Flaine\",\"Francie\",\"Grand Massif\",\"Is\u00e8re\",\"It\u00e1lie\",\"La Plagne\",\"Le Corbier\",\"Les 3 Vall\u00e9es (T\u0159i \u00fadol\u00ed)\",\"Les Arcs\",\"Les Carroz d'Ar\u00e2ches\",\"Les Menuires\",\"Les Sybelles\",\"Meg\u00e8ve\",\"M\u00e9ribel\",\"Mont Blanc\",\"Morillon\",\"Morzine\",\"Oisans\",\"Orelle\",\"Paradiski\",\"Piemont\",\"Portes du Soleil\",\"Saint Sorlin\",\"Savojsko\",\"Serre Chevalier\",\"Serre Chevalier Vall\u00e9e\",\"Sestriere (Via Lattea)\",\"St. Martin\",\"Tignes\",\"Tignes \u2013 Val d\u2019Is\u00e8re\",\"Val d'Aosta\",\"Val d'Is\u00e8re\",\"Val Thorens\",\"Via Lattea\",\"Vysok\u00e9 Alpy\",\"Vysok\u00e9 Savojsko\"],\"articleSection\":[\"Top 10\"],\"inLanguage\":\"cs\"},{\"@type\":\"WebPage\",\"@id\":\"http:\\\/\\\/blog.snowtrex.com\\\/cz-magazin\\\/top-10\\\/nejvetsi-lyzarska-strediska-ve-francii\\\/\",\"url\":\"http:\\\/\\\/blog.snowtrex.com\\\/cz-magazin\\\/top-10\\\/nejvetsi-lyzarska-strediska-ve-francii\\\/\",\"name\":\"10 nejv\u011bt\u0161\u00edch ly\u017ea\u0159sk\u00fdch st\u0159edisek ve Francii\",\"primaryImageOfPage\":{\"@id\":\"http:\\\/\\\/blog.snowtrex.com\\\/cz-magazin\\\/top-10\\\/nejvetsi-lyzarska-strediska-ve-francii\\\/#primaryimage\"},\"image\":{\"@id\":\"http:\\\/\\\/blog.snowtrex.com\\\/cz-magazin\\\/top-10\\\/nejvetsi-lyzarska-strediska-ve-francii\\\/#primaryimage\"},\"thumbnailUrl\":\"http:\\\/\\\/wp-magazin.snowtrex.cz\\\/files\\\/2024\\\/09\\\/RS5220_shutterstock_496194094-hsc.jpg\",\"datePublished\":\"2026-02-03T00:00:00+00:00\",\"dateModified\":\"2026-03-11T10:34:17+00:00\",\"description\":\"Z nejv\u011bt\u0161\u00edho ly\u017ea\u0159sk\u00e9ho st\u0159ediska na sv\u011bt\u011b a dal\u0161\u00edch ly\u017ea\u0159sk\u00fdch megaoblast\u00ed: SnowTrex p\u0159edstavuje 10 nejv\u011bt\u0161\u00edch ly\u017ea\u0159sk\u00fdch st\u0159edisek ve Francii.\",\"inLanguage\":\"cs\"},{\"@type\":\"ImageObject\",\"inLanguage\":\"cs\",\"@id\":\"http:\\\/\\\/blog.snowtrex.com\\\/cz-magazin\\\/top-10\\\/nejvetsi-lyzarska-strediska-ve-francii\\\/#primaryimage\",\"url\":\"http:\\\/\\\/wp-magazin.snowtrex.cz\\\/files\\\/2024\\\/09\\\/RS5220_shutterstock_496194094-hsc.jpg\",\"contentUrl\":\"http:\\\/\\\/wp-magazin.snowtrex.cz\\\/files\\\/2024\\\/09\\\/RS5220_shutterstock_496194094-hsc.jpg\",\"width\":1920,\"height\":1440,\"caption\":\"Quelle: Shutterstock (Standard Lizenz); Frei (Web, Print, SocialMedia) RED+ \u00a9\"},{\"@type\":\"WebSite\",\"@id\":\"http:\\\/\\\/wp-magazin.snowtrex.cz\\\/#website\",\"url\":\"http:\\\/\\\/wp-magazin.snowtrex.cz\\\/\",\"name\":\"SnowTrex Ski-Magaz\u00edn\",\"description\":\"V\u0161e o ly\u017eov\u00e1n\u00ed, snowboardingu a zimn\u00ed dovolen\u00e9!\",\"publisher\":{\"@id\":\"http:\\\/\\\/wp-magazin.snowtrex.cz\\\/#organization\"},\"inLanguage\":\"cs\"},{\"@type\":\"Organization\",\"@id\":\"http:\\\/\\\/wp-magazin.snowtrex.cz\\\/#organization\",\"name\":\"TravelTrex GmbH\",\"url\":\"http:\\\/\\\/wp-magazin.snowtrex.cz\\\/\",\"logo\":{\"@type\":\"ImageObject\",\"inLanguage\":\"cs\",\"@id\":\"http:\\\/\\\/wp-magazin.snowtrex.cz\\\/#\\\/schema\\\/logo\\\/image\\\/\",\"url\":\"http:\\\/\\\/wp-magazin.snowtrex.cz\\\/files\\\/2025\\\/09\\\/TravelTrex-Logo_RGB_transp.png\",\"contentUrl\":\"http:\\\/\\\/wp-magazin.snowtrex.cz\\\/files\\\/2025\\\/09\\\/TravelTrex-Logo_RGB_transp.png\",\"width\":1080,\"height\":282,\"caption\":\"TravelTrex GmbH\"},\"image\":{\"@id\":\"http:\\\/\\\/wp-magazin.snowtrex.cz\\\/#\\\/schema\\\/logo\\\/image\\\/\"},\"sameAs\":[\"https:\\\/\\\/www.facebook.com\\\/snowtrex\",\"https:\\\/\\\/www.instagram.com\\\/snowtrex_ski\"],\"description\":\"Od roku 1999 je SnowTrex p\u0159edn\u00edm n\u011bmeck\u00fdm cestovn\u00edm kancel\u00e1\u0159\u00edm pro ly\u017ea\u0159sk\u00e9 dovolen\u00e9. Spole\u010dnost nab\u00edz\u00ed sv\u00e9 slu\u017eby ve 13 jazyc\u00edch a ka\u017edoro\u010dn\u011b doprav\u00ed v\u00edce ne\u017e 100 000 host\u016f do obl\u00edben\u00fdch destinac\u00ed, jako je Rakousko, Francie, It\u00e1lie, \u0160v\u00fdcarsko a N\u011bmecko.\",\"email\":\"info-cz@snowtrex.com\",\"telephone\":\"234 495 495\",\"legalName\":\"TravelTrex GmbH\",\"foundingDate\":\"1999-07-01\",\"vatID\":\"DE 813 076 768\",\"numberOfEmployees\":{\"@type\":\"QuantitativeValue\",\"minValue\":\"51\",\"maxValue\":\"200\"}},{\"@type\":\"Person\",\"@id\":\"http:\\\/\\\/wp-magazin.snowtrex.cz\\\/#\\\/schema\\\/person\\\/ad1887a4d155ef6b5b8b4fc8990d92dd\",\"name\":\"SnowTrex\",\"description\":\"Redakce \u010dasopisu SnowTrex sdru\u017euje zku\u0161en\u00e9 zimn\u00ed sportovce a cestovn\u00ed experty, kte\u0159\u00ed svou v\u00e1\u0161e\u0148 prom\u00edtaj\u00ed do fundovan\u00fdch \u010dl\u00e1nk\u016f o ly\u017ea\u0159sk\u00fdch st\u0159edisc\u00edch, vybaven\u00ed a cestovn\u00edch tipech. Od roku 1999 je SnowTrex p\u0159edn\u00edm n\u011bmeck\u00fdm cestovn\u00edm kancel\u00e1\u0159em pro ly\u017ea\u0159sk\u00e9 dovolen\u00e9. Spole\u010dnost nab\u00edz\u00ed sv\u00e9 slu\u017eby ve 13 jazyc\u00edch a ka\u017edoro\u010dn\u011b doprav\u00ed p\u0159es 100 000 host\u016f do obl\u00edben\u00fdch destinac\u00ed, jako je Rakousko, Francie, It\u00e1lie, \u0160v\u00fdcarsko a N\u011bmecko.\",\"sameAs\":[\"https:\\\/\\\/www.snowtrex.cz\\\/\",\"https:\\\/\\\/www.facebook.com\\\/snowtrex\\\/\",\"https:\\\/\\\/www.instagram.com\\\/snowtrex_ski\\\/\",\"https:\\\/\\\/www.youtube.com\\\/c\\\/SnowTrex\"]}]}<\/script>\n<!-- \/ Yoast SEO Premium plugin. -->","yoast_head_json":{"title":"10 nejv\u011bt\u0161\u00edch ly\u017ea\u0159sk\u00fdch st\u0159edisek ve Francii","description":"Z nejv\u011bt\u0161\u00edho ly\u017ea\u0159sk\u00e9ho st\u0159ediska na sv\u011bt\u011b a dal\u0161\u00edch ly\u017ea\u0159sk\u00fdch megaoblast\u00ed: SnowTrex p\u0159edstavuje 10 nejv\u011bt\u0161\u00edch ly\u017ea\u0159sk\u00fdch st\u0159edisek ve Francii.","robots":{"index":"index","follow":"follow","max-snippet":"max-snippet:-1","max-image-preview":"max-image-preview:large","max-video-preview":"max-video-preview:-1"},"canonical":"https:\/\/www.snowtrex.cz\/magazin\/top-10\/nejvetsi-lyzarska-strediska-ve-francii\/","og_locale":"cs_CZ","og_type":"article","og_title":"10 nejv\u011bt\u0161\u00edch ly\u017ea\u0159sk\u00fdch st\u0159edisek ve Francii","og_description":"Francouzsk\u00e9 Alpy jsou domovem jedn\u011bch z nejvy\u0161\u0161\u00edch vrchol\u016f Evropy a zem\u011b je zn\u00e1m\u00e1 sv\u00fdmi ly\u017ea\u0159sk\u00fdmi st\u0159edisky. SnowTrex p\u0159edstavuje 10 nejv\u011bt\u0161\u00edch propojen\u00fdch ly\u017ea\u0159sk\u00fdch st\u0159edisek ve Francii, v\u010detn\u011b nejv\u011bt\u0161\u00edho na sv\u011bt\u011b!","og_url":"https:\/\/www.snowtrex.cz\/magazin\/top-10\/nejvetsi-lyzarska-strediska-ve-francii\/","og_site_name":"SnowTrex Ski-Magaz\u00edn","article_publisher":"https:\/\/www.facebook.com\/snowtrex","article_author":"https:\/\/www.facebook.com\/snowtrex\/","article_published_time":"2026-02-03T00:00:00+00:00","article_modified_time":"2026-03-11T10:34:17+00:00","author":"SnowTrex","twitter_card":"summary_large_image","twitter_image":"https:\/\/www.snowtrex.cz\/magazin\/files\/2024\/09\/RS5220_shutterstock_496194094-hsc.jpg","twitter_misc":{"Napsal(a)":"SnowTrex","Odhadovan\u00e1 doba \u010dten\u00ed":"10 minut"},"schema":{"@context":"https:\/\/schema.org","@graph":[{"@type":"Article","@id":"https:\/\/www.snowtrex.cz\/magazin\/top-10\/nejvetsi-lyzarska-strediska-ve-francii\/#article","isPartOf":{"@id":"https:\/\/www.snowtrex.cz\/magazin\/top-10\/nejvetsi-lyzarska-strediska-ve-francii\/"},"author":{"name":"SnowTrex","@id":"https:\/\/www.snowtrex.cz\/magazin\/#\/schema\/person\/ad1887a4d155ef6b5b8b4fc8990d92dd"},"headline":"10 nejv\u011bt\u0161\u00edch ly\u017ea\u0159sk\u00fdch st\u0159edisek ve Francii","datePublished":"2026-02-03T00:00:00+00:00","dateModified":"2026-03-11T10:34:17+00:00","mainEntityOfPage":{"@id":"https:\/\/www.snowtrex.cz\/magazin\/top-10\/nejvetsi-lyzarska-strediska-ve-francii\/"},"wordCount":2066,"publisher":{"@id":"https:\/\/www.snowtrex.cz\/magazin\/#organization"},"image":{"@id":"https:\/\/www.snowtrex.cz\/magazin\/top-10\/nejvetsi-lyzarska-strediska-ve-francii\/#primaryimage"},"thumbnailUrl":"https:\/\/www.snowtrex.cz\/magazin\/files\/2024\/09\/RS5220_shutterstock_496194094-hsc.jpg","keywords":["Alpe d'Huez","Avoriaz","Chatel","Courchevel","Flaine","Francie","Grand Massif","Is\u00e8re","It\u00e1lie","La Plagne","Le Corbier","Les 3 Vall\u00e9es (T\u0159i \u00fadol\u00ed)","Les Arcs","Les Carroz d'Ar\u00e2ches","Les Menuires","Les Sybelles","Meg\u00e8ve","M\u00e9ribel","Mont Blanc","Morillon","Morzine","Oisans","Orelle","Paradiski","Piemont","Portes du Soleil","Saint Sorlin","Savojsko","Serre Chevalier","Serre Chevalier Vall\u00e9e","Sestriere (Via Lattea)","St. Martin","Tignes","Tignes \u2013 Val d\u2019Is\u00e8re","Val d'Aosta","Val d'Is\u00e8re","Val Thorens","Via Lattea","Vysok\u00e9 Alpy","Vysok\u00e9 Savojsko"],"articleSection":["Top 10"],"inLanguage":"cs"},{"@type":"WebPage","@id":"https:\/\/www.snowtrex.cz\/magazin\/top-10\/nejvetsi-lyzarska-strediska-ve-francii\/","url":"https:\/\/www.snowtrex.cz\/magazin\/top-10\/nejvetsi-lyzarska-strediska-ve-francii\/","name":"10 nejv\u011bt\u0161\u00edch ly\u017ea\u0159sk\u00fdch st\u0159edisek ve Francii","primaryImageOfPage":{"@id":"https:\/\/www.snowtrex.cz\/magazin\/top-10\/nejvetsi-lyzarska-strediska-ve-francii\/#primaryimage"},"image":{"@id":"https:\/\/www.snowtrex.cz\/magazin\/top-10\/nejvetsi-lyzarska-strediska-ve-francii\/#primaryimage"},"thumbnailUrl":"https:\/\/www.snowtrex.cz\/magazin\/files\/2024\/09\/RS5220_shutterstock_496194094-hsc.jpg","datePublished":"2026-02-03T00:00:00+00:00","dateModified":"2026-03-11T10:34:17+00:00","description":"Z nejv\u011bt\u0161\u00edho ly\u017ea\u0159sk\u00e9ho st\u0159ediska na sv\u011bt\u011b a dal\u0161\u00edch ly\u017ea\u0159sk\u00fdch megaoblast\u00ed: SnowTrex p\u0159edstavuje 10 nejv\u011bt\u0161\u00edch ly\u017ea\u0159sk\u00fdch st\u0159edisek ve Francii.","inLanguage":"cs"},{"@type":"ImageObject","inLanguage":"cs","@id":"https:\/\/www.snowtrex.cz\/magazin\/top-10\/nejvetsi-lyzarska-strediska-ve-francii\/#primaryimage","url":"https:\/\/www.snowtrex.cz\/magazin\/files\/2024\/09\/RS5220_shutterstock_496194094-hsc.jpg","contentUrl":"https:\/\/www.snowtrex.cz\/magazin\/files\/2024\/09\/RS5220_shutterstock_496194094-hsc.jpg","width":1920,"height":1440,"caption":"Quelle: Shutterstock (Standard Lizenz); Frei (Web, Print, SocialMedia) RED+ \u00a9"},{"@type":"WebSite","@id":"https:\/\/www.snowtrex.cz\/magazin\/#website","url":"https:\/\/www.snowtrex.cz\/magazin\/","name":"SnowTrex Ski-Magaz\u00edn","description":"V\u0161e o ly\u017eov\u00e1n\u00ed, snowboardingu a zimn\u00ed dovolen\u00e9!","publisher":{"@id":"https:\/\/www.snowtrex.cz\/magazin\/#organization"},"inLanguage":"cs"},{"@type":"Organization","@id":"https:\/\/www.snowtrex.cz\/magazin\/#organization","name":"TravelTrex GmbH","url":"https:\/\/www.snowtrex.cz\/magazin\/","logo":{"@type":"ImageObject","inLanguage":"cs","@id":"https:\/\/www.snowtrex.cz\/magazin\/#\/schema\/logo\/image\/","url":"https:\/\/www.snowtrex.cz\/magazin\/files\/2025\/09\/TravelTrex-Logo_RGB_transp.png","contentUrl":"https:\/\/www.snowtrex.cz\/magazin\/files\/2025\/09\/TravelTrex-Logo_RGB_transp.png","width":1080,"height":282,"caption":"TravelTrex GmbH"},"image":{"@id":"https:\/\/www.snowtrex.cz\/magazin\/#\/schema\/logo\/image\/"},"sameAs":["https:\/\/www.facebook.com\/snowtrex","https:\/\/www.instagram.com\/snowtrex_ski"],"description":"Od roku 1999 je SnowTrex p\u0159edn\u00edm n\u011bmeck\u00fdm cestovn\u00edm kancel\u00e1\u0159\u00edm pro ly\u017ea\u0159sk\u00e9 dovolen\u00e9. Spole\u010dnost nab\u00edz\u00ed sv\u00e9 slu\u017eby ve 13 jazyc\u00edch a ka\u017edoro\u010dn\u011b doprav\u00ed v\u00edce ne\u017e 100 000 host\u016f do obl\u00edben\u00fdch destinac\u00ed, jako je Rakousko, Francie, It\u00e1lie, \u0160v\u00fdcarsko a N\u011bmecko.","email":"info-cz@snowtrex.com","telephone":"234 495 495","legalName":"TravelTrex GmbH","foundingDate":"1999-07-01","vatID":"DE 813 076 768","numberOfEmployees":{"@type":"QuantitativeValue","minValue":"51","maxValue":"200"}},{"@type":"Person","@id":"https:\/\/www.snowtrex.cz\/magazin\/#\/schema\/person\/ad1887a4d155ef6b5b8b4fc8990d92dd","name":"SnowTrex","description":"Redakce \u010dasopisu SnowTrex sdru\u017euje zku\u0161en\u00e9 zimn\u00ed sportovce a cestovn\u00ed experty, kte\u0159\u00ed svou v\u00e1\u0161e\u0148 prom\u00edtaj\u00ed do fundovan\u00fdch \u010dl\u00e1nk\u016f o ly\u017ea\u0159sk\u00fdch st\u0159edisc\u00edch, vybaven\u00ed a cestovn\u00edch tipech. Od roku 1999 je SnowTrex p\u0159edn\u00edm n\u011bmeck\u00fdm cestovn\u00edm kancel\u00e1\u0159em pro ly\u017ea\u0159sk\u00e9 dovolen\u00e9. Spole\u010dnost nab\u00edz\u00ed sv\u00e9 slu\u017eby ve 13 jazyc\u00edch a ka\u017edoro\u010dn\u011b doprav\u00ed p\u0159es 100 000 host\u016f do obl\u00edben\u00fdch destinac\u00ed, jako je Rakousko, Francie, It\u00e1lie, \u0160v\u00fdcarsko a N\u011bmecko.","sameAs":["https:\/\/www.snowtrex.cz\/","https:\/\/www.facebook.com\/snowtrex\/","https:\/\/www.instagram.com\/snowtrex_ski\/","https:\/\/www.youtube.com\/c\/SnowTrex"]}]}},"wp-worthy-pixel":{"ignored":false,"public":null,"server":null,"url":null},"wp-worthy-type":"normal","_links":{"self":[{"href":"https:\/\/www.snowtrex.cz\/magazin\/wp-json\/wp\/v2\/posts\/16221","targetHints":{"allow":["GET"]}}],"collection":[{"href":"https:\/\/www.snowtrex.cz\/magazin\/wp-json\/wp\/v2\/posts"}],"about":[{"href":"https:\/\/www.snowtrex.cz\/magazin\/wp-json\/wp\/v2\/types\/post"}],"author":[{"embeddable":true,"href":"https:\/\/www.snowtrex.cz\/magazin\/wp-json\/wp\/v2\/users\/178"}],"replies":[{"embeddable":true,"href":"https:\/\/www.snowtrex.cz\/magazin\/wp-json\/wp\/v2\/comments?post=16221"}],"version-history":[{"count":14,"href":"https:\/\/www.snowtrex.cz\/magazin\/wp-json\/wp\/v2\/posts\/16221\/revisions"}],"predecessor-version":[{"id":63472,"href":"https:\/\/www.snowtrex.cz\/magazin\/wp-json\/wp\/v2\/posts\/16221\/revisions\/63472"}],"wp:featuredmedia":[{"embeddable":true,"href":"https:\/\/www.snowtrex.cz\/magazin\/wp-json\/wp\/v2\/media\/52211"}],"wp:attachment":[{"href":"https:\/\/www.snowtrex.cz\/magazin\/wp-json\/wp\/v2\/media?parent=16221"}],"wp:term":[{"taxonomy":"category","embeddable":true,"href":"https:\/\/www.snowtrex.cz\/magazin\/wp-json\/wp\/v2\/categories?post=16221"},{"taxonomy":"post_tag","embeddable":true,"href":"https:\/\/www.snowtrex.cz\/magazin\/wp-json\/wp\/v2\/tags?post=16221"}],"curies":[{"name":"wp","href":"https:\/\/api.w.org\/{rel}","templated":true}]}}