{"id":16179,"date":"2026-03-24T01:00:00","date_gmt":"2026-03-24T00:00:00","guid":{"rendered":"https:\/\/www.snowtrex.de\/magazin\/?p=16179"},"modified":"2026-04-09T11:35:59","modified_gmt":"2026-04-09T09:35:59","slug":"nejvetsi-lyzarska-strediska-v-rakousku","status":"publish","type":"post","link":"https:\/\/www.snowtrex.cz\/magazin\/top-10\/nejvetsi-lyzarska-strediska-v-rakousku\/","title":{"rendered":"10 nejv\u011bt\u0161\u00edch ly\u017ea\u0159sk\u00fdch st\u0159edisek v Rakousku"},"content":{"rendered":"<p><strong>Pokud m\u00e1te chu\u0165 na opravdu mnoho kilometr\u016f sjezdovek, rakousk\u00e1 ly\u017ea\u0159sk\u00e1 st\u0159ediska jsou pro v\u00e1s ide\u00e1ln\u00edm m\u00edstem. <a href=\"https:\/\/www.snowtrex.cz\/\" target=\"_blank\" rel=\"noopener noreferrer\">SnowTrex<\/a> p\u0159edstavuje 10 nejv\u011bt\u0161\u00edch ly\u017ea\u0159sk\u00fdch st\u0159edisek v Rakousku s nejv\u011bt\u0161\u00edm po\u010dtem kilometr\u016f sjezdovek.<\/strong><\/p>\n<div class=\"tt-post-image-wrapper tt-post-image-wrapper-full\">\n            <div class=\"tt-image-copyright-container\">\n                <a href=\"https:\/\/www.snowtrex.cz\/magazin\/files\/2023\/11\/RS16397_shutterstock_78915928-hsc.jpg\" target=\"_blank\" rel=\"noopener\"><img loading=\"lazy\" decoding=\"async\" data-wrapped=\"true\" class=\"wp-image-52189 size-Artikelbild_gro\u00df\" title=\"Deset nejv\u011bt\u0161\u00edch ly\u017ea\u0159sk\u00fdch st\u0159edisek v Rakousku, jako zde v S\u00f6ldenu, nab\u00edz\u00ed milovn\u00edk\u016fm zimn\u00edch sport\u016f dokonal\u00fd ly\u017ea\u0159sk\u00fd z\u00e1\u017eitek\" src=\"https:\/\/www.snowtrex.cz\/magazin\/files\/2023\/11\/RS16397_shutterstock_78915928-hsc-729x486.jpg\" alt=\"Deset nejv\u011bt\u0161\u00edch ly\u017ea\u0159sk\u00fdch st\u0159edisek v Rakousku, jako zde v S\u00f6ldenu, nab\u00edz\u00ed milovn\u00edk\u016fm zimn\u00edch sport\u016f dokonal\u00fd ly\u017ea\u0159sk\u00fd z\u00e1\u017eitek\" width=\"729\" height=\"486\" srcset=\"https:\/\/www.snowtrex.cz\/magazin\/files\/2023\/11\/RS16397_shutterstock_78915928-hsc-729x486.jpg 729w, https:\/\/www.snowtrex.cz\/magazin\/files\/2023\/11\/RS16397_shutterstock_78915928-hsc-290x193.jpg 290w, https:\/\/www.snowtrex.cz\/magazin\/files\/2023\/11\/RS16397_shutterstock_78915928-hsc-728x485.jpg 728w, https:\/\/www.snowtrex.cz\/magazin\/files\/2023\/11\/RS16397_shutterstock_78915928-hsc-768x512.jpg 768w, https:\/\/www.snowtrex.cz\/magazin\/files\/2023\/11\/RS16397_shutterstock_78915928-hsc-1536x1024.jpg 1536w, https:\/\/www.snowtrex.cz\/magazin\/files\/2023\/11\/RS16397_shutterstock_78915928-hsc-468x312.jpg 468w, https:\/\/www.snowtrex.cz\/magazin\/files\/2023\/11\/RS16397_shutterstock_78915928-hsc-300x200.jpg 300w, https:\/\/www.snowtrex.cz\/magazin\/files\/2023\/11\/RS16397_shutterstock_78915928-hsc-999x666.jpg 999w, https:\/\/www.snowtrex.cz\/magazin\/files\/2023\/11\/RS16397_shutterstock_78915928-hsc-645x430.jpg 645w, https:\/\/www.snowtrex.cz\/magazin\/files\/2023\/11\/RS16397_shutterstock_78915928-hsc-552x368.jpg 552w, https:\/\/www.snowtrex.cz\/magazin\/files\/2023\/11\/RS16397_shutterstock_78915928-hsc-405x270.jpg 405w, https:\/\/www.snowtrex.cz\/magazin\/files\/2023\/11\/RS16397_shutterstock_78915928-hsc-336x224.jpg 336w, https:\/\/www.snowtrex.cz\/magazin\/files\/2023\/11\/RS16397_shutterstock_78915928-hsc-276x184.jpg 276w, https:\/\/www.snowtrex.cz\/magazin\/files\/2023\/11\/RS16397_shutterstock_78915928-hsc-234x156.jpg 234w, https:\/\/www.snowtrex.cz\/magazin\/files\/2023\/11\/RS16397_shutterstock_78915928-hsc-192x128.jpg 192w, https:\/\/www.snowtrex.cz\/magazin\/files\/2023\/11\/RS16397_shutterstock_78915928-hsc-120x80.jpg 120w, https:\/\/www.snowtrex.cz\/magazin\/files\/2023\/11\/RS16397_shutterstock_78915928-hsc-774x516.jpg 774w, https:\/\/www.snowtrex.cz\/magazin\/files\/2023\/11\/RS16397_shutterstock_78915928-hsc-2x1.jpg 2w, https:\/\/www.snowtrex.cz\/magazin\/files\/2023\/11\/RS16397_shutterstock_78915928-hsc.jpg 1920w\" sizes=\"(min-width: 1009px) 729px, (min-width: 819px) 594px, (min-width: 569px) 729px, (min-width: 449px) 468px, 348px\" \/><\/a><div class=\"tt-image-copyright\" data-image-id=\"52189\">\u00a9 nikolpetr\/shutterstock.de<\/div>\n            <\/div>\n            <div class=\"tt-post-caption\">Deset nejv\u011bt\u0161\u00edch ly\u017ea\u0159sk\u00fdch st\u0159edisek v Rakousku, jako zde v S\u00f6ldenu, nab\u00edz\u00ed milovn\u00edk\u016fm zimn\u00edch sport\u016f dokonal\u00fd ly\u017ea\u0159sk\u00fd z\u00e1\u017eitek.<\/div>\n         <\/div > \n<p><div class=\"tt-table-of-content\">\n                <span class=\"tt-icon-circle-up tt-table-of-content-button\"><\/span><\/p>\n<div class=\"tt-table-of-content-caption\">\n                    Obsah\n                <\/div>\n<div class=\"tt-table-of-content-body\">\n                    <a href=\"#p\u0159ehled-deseti-nejv\u011bt\u0161\u00edch-ly\u017ea\u0159sk\u00fdch-st\u0159edisek-v-rakousku\"><span class=\"layer-0\">P\u0159ehled deseti nejv\u011bt\u0161\u00edch ly\u017ea\u0159sk\u00fdch st\u0159edisek v Rakousku<\/span><\/a><a href=\"#1-ly\u017ea\u0159sk\u00e9-st\u0159edisko-ski-arlberg\"><span class=\"layer-0\">1. Ly\u017ea\u0159sk\u00e9 st\u0159edisko Ski Arlberg<\/span><\/a><a href=\"#2-ly\u017ea\u0159sk\u00e9-st\u0159edisko-skicircus-saalbach-hinterglemm-leogang-fieberbrunn\"><span class=\"layer-0\">2. Ly\u017ea\u0159sk\u00e9 st\u0159edisko Skicircus Saalbach-Hinterglemm Leogang Fieberbrunn<\/span><\/a><a href=\"#3-ly\u017ea\u0159sk\u00e9-st\u0159edisko-skiwelt-wilder-kaiser-brixental\"><span class=\"layer-0\">3. Ly\u017ea\u0159sk\u00e9 st\u0159edisko SkiWelt Wilder Kaiser-Brixental<\/span><\/a><a href=\"#4-ly\u017ea\u0159sk\u00e9-st\u0159edisko-silvretta-arena-ischgl-samnaun\"><span class=\"layer-0\">4. Ly\u017ea\u0159sk\u00e9 st\u0159edisko Silvretta Arena Ischgl-Samnaun<\/span><\/a><a href=\"#5-ly\u017ea\u0159sk\u00e9-st\u0159edisko-serfaus-fiss-ladis\"><span class=\"layer-0\">5. Ly\u017ea\u0159sk\u00e9 st\u0159edisko Serfaus-Fiss-Ladis<\/span><\/a><a href=\"#6-ly\u017ea\u0159sk\u00e9-st\u0159edisko-kitzb\u00fchel\"><span class=\"layer-0\">6. Ly\u017ea\u0159sk\u00e9 st\u0159edisko Kitzb\u00fchel<\/span><\/a><a href=\"#7-ly\u017ea\u0159sk\u00e9-st\u0159edisko-zillertal-arena\"><span class=\"layer-0\">7. Ly\u017ea\u0159sk\u00e9 st\u0159edisko Zillertal Arena<\/span><\/a><a href=\"#8-ly\u017ea\u0159sk\u00e9-st\u0159edisko-s\u00f6lden\"><span class=\"layer-0\">8. Ly\u017ea\u0159sk\u00e9 st\u0159edisko S\u00f6lden<\/span><\/a><a href=\"#9-ly\u017ea\u0159sk\u00e9-st\u0159edisko-mayrhofen\"><span class=\"layer-0\">9. Ly\u017ea\u0159sk\u00e9 st\u0159edisko Mayrhofen<\/span><\/a><a href=\"#10-ly\u017ea\u0159sk\u00e9-st\u0159edisko-4-berge-skischaukel-schladming-planai\"><span class=\"layer-0\">10. Ly\u017ea\u0159sk\u00e9 st\u0159edisko 4 Berge-Skischaukel Schladming-Planai<\/span><\/a><a href=\"#nej\u010dast\u011bj\u0161\u00ed-dotazy-k-nejv\u011bt\u0161\u00edm-ly\u017ea\u0159sk\u00fdm-st\u0159edisk\u016fm-v-rakousku\"><span class=\"layer-0\">Nej\u010dast\u011bj\u0161\u00ed dotazy k nejv\u011bt\u0161\u00edm ly\u017ea\u0159sk\u00fdm st\u0159edisk\u016fm v Rakousku<\/span><\/a>\n                 <\/div>\n<\/p><\/div>\n<hr>\n<h2 id=\"p\u0159ehled-deseti-nejv\u011bt\u0161\u00edch-ly\u017ea\u0159sk\u00fdch-st\u0159edisek-v-rakousku\">P\u0159ehled deseti nejv\u011bt\u0161\u00edch ly\u017ea\u0159sk\u00fdch st\u0159edisek v Rakousku<\/h2>\n\n<table id=\"tablepress-9\" class=\"tablepress tablepress-id-9\">\n<thead>\n<tr class=\"row-1\">\n\t<th class=\"column-1\"><strong>Ly\u017ea\u0159sk\u00e9 st\u0159edisko<\/strong><\/th><th class=\"column-2\"><strong>Kilometry sjezdovek<\/strong><\/th><th class=\"column-3\"><strong>Nejvy\u0161\u0161\u00ed bod<\/strong><\/th>\n<\/tr>\n<\/thead>\n<tbody class=\"row-striping row-hover\">\n<tr class=\"row-2\">\n\t<td class=\"column-1\"><a href=\"https:\/\/www.snowtrex.cz\/rakousko\/st._anton\/lyzarske-stredisko.html\" target=\"_blank\" rel=\"noopener noreferrer\">Ski Arlberg<\/a><\/td><td class=\"column-2\">302 km<\/td><td class=\"column-3\">2.806 m<\/td>\n<\/tr>\n<tr class=\"row-3\">\n\t<td class=\"column-1\"><a href=\"https:\/\/www.snowtrex.cz\/rakousko\/saalbach\/lyzarske-stredisko.html\" target=\"_blank\" rel=\"noopener noreferrer\">Skicircus Saalbach Hinterglemm Leogang Fieberbrunn<\/a><\/td><td class=\"column-2\">270 km<\/td><td class=\"column-3\">2.096 m<\/td>\n<\/tr>\n<tr class=\"row-4\">\n\t<td class=\"column-1\"><a href=\"https:\/\/www.snowtrex.cz\/rakousko\/hopfgarten\/lyzarske-stredisko.html\" target=\"_blank\" rel=\"noopener noreferrer\">SkiWelt Wilder Kaiser-Brixenthal<\/a><\/td><td class=\"column-2\">270 km<\/td><td class=\"column-3\">1.869 m<\/td>\n<\/tr>\n<tr class=\"row-5\">\n\t<td class=\"column-1\"><a href=\"https:\/\/www.snowtrex.cz\/rakousko\/ischgl\/lyzarske-stredisko.html\" target=\"_blank\" rel=\"noopener noreferrer\">Silvretta Arena Ischgl-Samnaun<\/a><\/td><td class=\"column-2\">239 km<\/td><td class=\"column-3\">2.872 m<\/td>\n<\/tr>\n<tr class=\"row-6\">\n\t<td class=\"column-1\"><a href=\"https:\/\/www.snowtrex.cz\/rakousko\/serfaus-fiss-ladis\/lyzarske-stredisko.html\" target=\"_blank\" rel=\"noopener noreferrer\">Serfaus-Fiss-Ladis<\/a><\/td><td class=\"column-2\">214 km<\/td><td class=\"column-3\">2.828 m<\/td>\n<\/tr>\n<tr class=\"row-7\">\n\t<td class=\"column-1\"><a href=\"https:\/\/www.snowtrex.cz\/rakousko\/kitzbuhel\/lyzarske-stredisko.html\" target=\"_blank\" rel=\"noopener noreferrer\">Kitzb\u00fchel<\/a><\/td><td class=\"column-2\">188 km<\/td><td class=\"column-3\">2.000 m<\/td>\n<\/tr>\n<tr class=\"row-8\">\n\t<td class=\"column-1\"><a href=\"https:\/\/www.snowtrex.cz\/rakousko\/zell_am_ziller\/lyzarske-stredisko.html\" target=\"_blank\" rel=\"noopener noreferrer\">Zillertal Arena<\/a><\/td><td class=\"column-2\">150 km<\/td><td class=\"column-3\">2.500 m<\/td>\n<\/tr>\n<tr class=\"row-9\">\n\t<td class=\"column-1\"><a href=\"https:\/\/www.snowtrex.cz\/rakousko\/solden\/lyzarske-stredisko.html\" target=\"_blank\" rel=\"noopener noreferrer\">S\u00f6lden<\/a><\/td><td class=\"column-2\">143 km<\/td><td class=\"column-3\">3.340 m<\/td>\n<\/tr>\n<tr class=\"row-10\">\n\t<td class=\"column-1\"><a href=\"https:\/\/www.snowtrex.cz\/rakousko\/mayrhofen\/lyzarske-stredisko.html\" target=\"_blank\" rel=\"noopener noreferrer\">Mayrhofen-Hippach<\/a><\/td><td class=\"column-2\">142 km<\/td><td class=\"column-3\">2.500 m<\/td>\n<\/tr>\n<tr class=\"row-11\">\n\t<td class=\"column-1\"><a href=\"https:\/\/www.snowtrex.cz\/rakousko\/pichl\/lyzarske-stredisko.html\" target=\"_blank\" rel=\"noopener noreferrer\">4 Berge-Skischaukel Schladming-Planai<\/a><\/td><td class=\"column-2\">123 km<\/td><td class=\"column-3\">2.015 m<\/td>\n<\/tr>\n<\/tbody>\n<\/table>\n<!-- #tablepress-9 from cache -->\n<p>P\u0159ehled: <a href=\"https:\/\/www.snowtrex.cz\/rakousko\/lyzarska_strediska.html\" target=\"_blank\" rel=\"noopener noreferrer\">V\u0161echna ly\u017ea\u0159sk\u00e1 st\u0159ediska v Rakousku<\/a><\/p>\n<h2 id=\"1-ly\u017ea\u0159sk\u00e9-st\u0159edisko-ski-arlberg\">1. Ly\u017ea\u0159sk\u00e9 st\u0159edisko Ski Arlberg<\/h2>\n<p>Kilometry sjezdovek: 302 km<\/p>\n<p>Nadmo\u0159sk\u00e1 v\u00fd\u0161ka: a\u017e 2 806 m n. m.<\/p>\n<figure class=\"wp-block-embed-youtube wp-block-embed is-type-video is-provider-youtube wp-embed-aspect-16-9 wp-has-aspect-ratio\"><div class=\"lyte-wrapper\" title=\"SkiArlberg Imageclip Winter 2022\/23\" style=\"width:853px;max-width:100%;margin:5px auto;\"><div class=\"lyMe\" id=\"WYL_ifKzNzGHjKw\" itemprop=\"video\" itemscope itemtype=\"https:\/\/schema.org\/VideoObject\"><div><meta itemprop=\"thumbnailUrl\" content=\"https:\/\/i.ytimg.com\/vi\/ifKzNzGHjKw\/hqdefault.jpg\" \/><meta itemprop=\"embedURL\" content=\"https:\/\/www.youtube.com\/embed\/ifKzNzGHjKw\" \/><meta itemprop=\"duration\" content=\"PT1M4S\" \/><meta itemprop=\"uploadDate\" content=\"2022-09-21T14:05:28Z\" \/><\/div><div id=\"lyte_ifKzNzGHjKw\" data-src=\"https:\/\/i.ytimg.com\/vi\/ifKzNzGHjKw\/hqdefault.jpg\" class=\"pL\"><div class=\"tC\"><div class=\"tT\" itemprop=\"name\">SkiArlberg Imageclip Winter 2022\/23<\/div><\/div><div class=\"play\"><\/div><div class=\"ctrl\"><div class=\"Lctrl\"><\/div><div class=\"Rctrl\"><\/div><\/div><\/div><noscript><a href=\"http:\/\/youtu.be\/ifKzNzGHjKw\" rel=\"nofollow\"><img loading=\"lazy\" decoding=\"async\" src=\"http:\/\/i.ytimg.com\/vi\/ifKzNzGHjKw\/0.jpg\" alt=\"SkiArlberg Imageclip Winter 2022\/23\" width=\"853\" height=\"460\" \/><br \/>Watch this video on YouTube<\/a><\/noscript><meta itemprop=\"description\" content=\"Skifahren am Arlberg ist Skifahren in einer neuen Dimension. Denn Ski Arlberg \u00fcberzeugt nicht nur durch seine gigantische Gr\u00f6\u00dfe, sondern auch durch h\u00f6chste Qualit\u00e4t in allen Belangen.\"><\/div><\/div><div class=\"lL\" style=\"max-width:100%;width:853px;margin:5px auto;\"><br\/><span class=\"lyte_disclaimer\">Upozor\u0148ujeme tak\u00e9, \u017ee pou\u017e\u00edv\u00e1n\u00edm na\u0161ich slu\u017eeb a integrac\u00ed slu\u017eeb YouTube API plat\u00ed <a href=\"https:\/\/www.youtube.com\/t\/terms\">Smluvn\u00ed podm\u00ednky YouTube<\/a> a <a href=\"https:\/\/developers.google.com\/youtube\/terms\/api-services-terms-of-service-emea-de\">Smluvn\u00ed podm\u00ednky YouTube API<\/a> a va\u0161e pou\u017e\u00edv\u00e1n\u00ed na\u0161ich webov\u00fdch str\u00e1nek se pova\u017euje za souhlas s t\u011bmito podm\u00ednkami.<\/span><\/div><figcaption><\/figcaption><\/figure>\n<p><a href=\"https:\/\/www.snowtrex.cz\/rakousko\/st._anton\/lyzarske-stredisko.html\" target=\"_blank\" rel=\"noopener noreferrer\">Arlberg<\/a> je pova\u017eov\u00e1n za kol\u00e9bku alpsk\u00fdch zimn\u00edch sport\u016f v Rakousku a je jedn\u00edm z nejobl\u00edben\u011bj\u0161\u00edch <a href=\"https:\/\/www.snowtrex.cz\/rakousko\/lyzarska_strediska.html\" target=\"_blank\" rel=\"noopener noreferrer\">ly\u017ea\u0159sk\u00fdch st\u0159edisek v Rakousku<\/a>. Ji\u017e n\u011bkolik let nab\u00edz\u00ed nejv\u011bt\u0161\u00ed propojen\u00fd ly\u017ea\u0159sk\u00fd are\u00e1l v Rakousku s 302 kilometry sjezdovek.<\/p>\n<p>Arlberg je zn\u00e1m\u00fd a obl\u00edben\u00fd p\u0159edev\u0161\u00edm pro sv\u00e9 rozmanit\u00e9 sjezdovky, kter\u00e9 se pohybuj\u00ed od modr\u00fdch a\u017e po neupraven\u00e9, a nab\u00edzej\u00ed tak skute\u010dn\u00e9 v\u00fdzvy pro freeridery a ly\u017ea\u0159e v hlubok\u00e9m sn\u011bhu. Nechyb\u00ed samoz\u0159ejm\u011b ani funparky. Na druhou stranu, pokud hled\u00e1te p\u00e1rty atmosf\u00e9ru, je Svat\u00fd Anton t\u00edm prav\u00fdm m\u00edstem, proto\u017ee apr\u00e8s-ski je zde stejnou sou\u010d\u00e1st\u00ed ly\u017eov\u00e1n\u00ed jako samotn\u00fd sn\u00edh a po posledn\u00edm sjezdu dne se n\u00e1le\u017eit\u011b oslavuje.<\/p>\n<p>Celkem \u010dty\u0159i lanovky (Flexenbahn, Trittkopfbahn I a II a Albonabahn II) spojuj\u00ed kdysi samostatn\u00e9 ly\u017ea\u0159sk\u00e9 oblasti St. Anton\/St. Christoph\/Stuben a Lech-Z\u00fcrs\/Warth-Schr\u00f6cken.<\/p>\n<div class=\"tt-post-image-wrapper tt-post-image-wrapper-full\">\n            <div class=\"tt-image-copyright-container\">\n                <a href=\"https:\/\/www.snowtrex.cz\/magazin\/files\/2023\/11\/RS26746_shutterstock_2143455773-scr.jpg\" target=\"_blank\" rel=\"noopener\"><img loading=\"lazy\" decoding=\"async\" data-wrapped=\"true\" class=\"wp-image-52190 size-Artikelbild_gro\u00df\" title=\"Krom\u011b fantastick\u00fdch sjezdovek boduje Svat\u00fd Anton na Arlbergu tak\u00e9 sv\u00fdmi hluboce zasn\u011b\u017een\u00fdmi oblastmi\" src=\"https:\/\/www.snowtrex.cz\/magazin\/files\/2023\/11\/RS26746_shutterstock_2143455773-scr-729x486.jpg\" alt=\"Krom\u011b fantastick\u00fdch sjezdovek boduje Svat\u00fd Anton na Arlbergu tak\u00e9 sv\u00fdmi hluboce zasn\u011b\u017een\u00fdmi oblastmi\" width=\"729\" height=\"486\" srcset=\"https:\/\/www.snowtrex.cz\/magazin\/files\/2023\/11\/RS26746_shutterstock_2143455773-scr-729x486.jpg 729w, https:\/\/www.snowtrex.cz\/magazin\/files\/2023\/11\/RS26746_shutterstock_2143455773-scr-290x194.jpg 290w, https:\/\/www.snowtrex.cz\/magazin\/files\/2023\/11\/RS26746_shutterstock_2143455773-scr-728x486.jpg 728w, https:\/\/www.snowtrex.cz\/magazin\/files\/2023\/11\/RS26746_shutterstock_2143455773-scr-768x513.jpg 768w, https:\/\/www.snowtrex.cz\/magazin\/files\/2023\/11\/RS26746_shutterstock_2143455773-scr-468x312.jpg 468w, https:\/\/www.snowtrex.cz\/magazin\/files\/2023\/11\/RS26746_shutterstock_2143455773-scr-727x486.jpg 727w, https:\/\/www.snowtrex.cz\/magazin\/files\/2023\/11\/RS26746_shutterstock_2143455773-scr-300x200.jpg 300w, https:\/\/www.snowtrex.cz\/magazin\/files\/2023\/11\/RS26746_shutterstock_2143455773-scr-999x666.jpg 999w, https:\/\/www.snowtrex.cz\/magazin\/files\/2023\/11\/RS26746_shutterstock_2143455773-scr-645x430.jpg 645w, https:\/\/www.snowtrex.cz\/magazin\/files\/2023\/11\/RS26746_shutterstock_2143455773-scr-552x368.jpg 552w, https:\/\/www.snowtrex.cz\/magazin\/files\/2023\/11\/RS26746_shutterstock_2143455773-scr-405x270.jpg 405w, https:\/\/www.snowtrex.cz\/magazin\/files\/2023\/11\/RS26746_shutterstock_2143455773-scr-336x224.jpg 336w, https:\/\/www.snowtrex.cz\/magazin\/files\/2023\/11\/RS26746_shutterstock_2143455773-scr-276x184.jpg 276w, https:\/\/www.snowtrex.cz\/magazin\/files\/2023\/11\/RS26746_shutterstock_2143455773-scr-234x156.jpg 234w, https:\/\/www.snowtrex.cz\/magazin\/files\/2023\/11\/RS26746_shutterstock_2143455773-scr-192x128.jpg 192w, https:\/\/www.snowtrex.cz\/magazin\/files\/2023\/11\/RS26746_shutterstock_2143455773-scr-120x80.jpg 120w, https:\/\/www.snowtrex.cz\/magazin\/files\/2023\/11\/RS26746_shutterstock_2143455773-scr-774x516.jpg 774w, https:\/\/www.snowtrex.cz\/magazin\/files\/2023\/11\/RS26746_shutterstock_2143455773-scr-1x1.jpg 1w, https:\/\/www.snowtrex.cz\/magazin\/files\/2023\/11\/RS26746_shutterstock_2143455773-scr.jpg 1440w\" sizes=\"(min-width: 1009px) 729px, (min-width: 819px) 594px, (min-width: 569px) 729px, (min-width: 449px) 468px, 348px\" \/><\/a><div class=\"tt-image-copyright\" data-image-id=\"52190\">\u00a9 Ingus Kruklitis\/Shutterstock<\/div>\n            <\/div>\n            <div class=\"tt-post-caption\">Krom\u011b fantastick\u00fdch sjezdovek boduje Svat\u00fd Anton na Arlbergu tak\u00e9 sv\u00fdmi hluboce zasn\u011b\u017een\u00fdmi oblastmi.<\/div>\n         <\/div > \n<h2 id=\"2-ly\u017ea\u0159sk\u00e9-st\u0159edisko-skicircus-saalbach-hinterglemm-leogang-fieberbrunn\">2. Ly\u017ea\u0159sk\u00e9 st\u0159edisko Skicircus Saalbach-Hinterglemm Leogang Fieberbrunn<\/h2>\n<p>Kilometry sjezdovek: 270 km<\/p>\n<p>Nadmo\u0159sk\u00e1 v\u00fd\u0161ka: a\u017e 2 096 m n. m.<\/p>\n<figure class=\"wp-block-embed-youtube wp-block-embed is-type-video is-provider-youtube wp-embed-aspect-16-9 wp-has-aspect-ratio\"><div class=\"lyte-wrapper\" title=\"One Day Is Not Enough in Saalbach Hinterglemm Leogang Fieberbrunn\" style=\"width:853px;max-width:100%;margin:5px auto;\"><div class=\"lyMe\" id=\"WYL_vdFnHmtVtkQ\" itemprop=\"video\" itemscope itemtype=\"https:\/\/schema.org\/VideoObject\"><div><meta itemprop=\"thumbnailUrl\" content=\"https:\/\/i.ytimg.com\/vi\/vdFnHmtVtkQ\/hqdefault.jpg\" \/><meta itemprop=\"embedURL\" content=\"https:\/\/www.youtube.com\/embed\/vdFnHmtVtkQ\" \/><meta itemprop=\"duration\" content=\"PT31S\" \/><meta itemprop=\"uploadDate\" content=\"2022-10-17T06:36:48Z\" \/><\/div><div id=\"lyte_vdFnHmtVtkQ\" data-src=\"https:\/\/i.ytimg.com\/vi\/vdFnHmtVtkQ\/hqdefault.jpg\" class=\"pL\"><div class=\"tC\"><div class=\"tT\" itemprop=\"name\">One Day Is Not Enough in Saalbach Hinterglemm Leogang Fieberbrunn<\/div><\/div><div class=\"play\"><\/div><div class=\"ctrl\"><div class=\"Lctrl\"><\/div><div class=\"Rctrl\"><\/div><\/div><\/div><noscript><a href=\"http:\/\/youtu.be\/vdFnHmtVtkQ\" rel=\"nofollow\"><img loading=\"lazy\" decoding=\"async\" src=\"http:\/\/i.ytimg.com\/vi\/vdFnHmtVtkQ\/0.jpg\" alt=\"One Day Is Not Enough in Saalbach Hinterglemm Leogang Fieberbrunn\" width=\"853\" height=\"460\" \/><br \/>Watch this video on YouTube<\/a><\/noscript><meta itemprop=\"description\" content=\"Ein Tag reicht bei Weitem nicht, um die Vielfalt des Skicircus Saalbach Hinterglemm Leogang Fieberbrunn zu erleben! One day is not enough to explore the Skicircus Saalbach Hinterglemm Leogang Fieberbrunn! https:\/\/www.saalbach.com\/winter\"><\/div><\/div><div class=\"lL\" style=\"max-width:100%;width:853px;margin:5px auto;\"><br\/><span class=\"lyte_disclaimer\">Upozor\u0148ujeme tak\u00e9, \u017ee pou\u017e\u00edv\u00e1n\u00edm na\u0161ich slu\u017eeb a integrac\u00ed slu\u017eeb YouTube API plat\u00ed <a href=\"https:\/\/www.youtube.com\/t\/terms\">Smluvn\u00ed podm\u00ednky YouTube<\/a> a <a href=\"https:\/\/developers.google.com\/youtube\/terms\/api-services-terms-of-service-emea-de\">Smluvn\u00ed podm\u00ednky YouTube API<\/a> a va\u0161e pou\u017e\u00edv\u00e1n\u00ed na\u0161ich webov\u00fdch str\u00e1nek se pova\u017euje za souhlas s t\u011bmito podm\u00ednkami.<\/span><\/div><figcaption><\/figcaption><\/figure>\n<p><a href=\"https:\/\/www.snowtrex.cz\/rakousko\/saalbach\/lyzarske-stredisko.html\" target=\"_blank\" rel=\"noopener noreferrer\">Skicirkus Saalbach-Hinterglemm<\/a> je ji\u017e n\u011bkolik let spojen s Fieberbrunnem. D\u00edky spojen\u00ed Glemmtalu a Pillerseetalu se ly\u017ea\u0159sk\u00fd are\u00e1l rozrostl na 270 kilometr\u016f, \u010d\u00edm\u017e se stal nejv\u011bt\u0161\u00ed ly\u017ea\u0159skou oblast\u00ed v Salcbursku. Oblast\u00ed vede n\u011bkolik atraktivn\u00edch ly\u017ea\u0159sk\u00fdch okruh\u016f, nap\u0159\u00edklad 40 km dlouh\u00fd okruh Skicircus, kter\u00fd vede kolem v\u0161ech d\u016fle\u017eit\u00fdch (vyhl\u00eddkov\u00fdch) stanic.<\/p>\n<p>N\u00e1stupy na Skicircus jsou v Saalbachu a Hinterglemmu, v Leogangu a tak\u00e9 ve Fieberbrunnu. \u00dadoln\u00ed sjezdy vedou tak\u00e9 zp\u011bt do v\u0161ech hlavn\u00edch st\u0159edisek.<\/p>\n<h2 id=\"3-ly\u017ea\u0159sk\u00e9-st\u0159edisko-skiwelt-wilder-kaiser-brixental\">3. Ly\u017ea\u0159sk\u00e9 st\u0159edisko SkiWelt Wilder Kaiser-Brixental<\/h2>\n<p>Kilometry sjezdovek: 244 km<\/p>\n<p>Nadmo\u0159sk\u00e1 v\u00fd\u0161ka: a\u017e 1 829 m n. m.<\/p>\n<div class=\"lyte-wrapper\" title=\"Real Big. Real Close.\" style=\"width:853px;max-width:100%;margin:5px auto;\"><div class=\"lyMe\" id=\"WYL_9tZgPW8gEeg\" itemprop=\"video\" itemscope itemtype=\"https:\/\/schema.org\/VideoObject\"><div><meta itemprop=\"thumbnailUrl\" content=\"https:\/\/i.ytimg.com\/vi\/9tZgPW8gEeg\/hqdefault.jpg\" \/><meta itemprop=\"embedURL\" content=\"https:\/\/www.youtube.com\/embed\/9tZgPW8gEeg\" \/><meta itemprop=\"duration\" content=\"PT1M49S\" \/><meta itemprop=\"uploadDate\" content=\"2016-11-11T11:07:17Z\" \/><\/div><div id=\"lyte_9tZgPW8gEeg\" data-src=\"https:\/\/i.ytimg.com\/vi\/9tZgPW8gEeg\/hqdefault.jpg\" class=\"pL\"><div class=\"tC\"><div class=\"tT\" itemprop=\"name\">Real Big. Real Close.<\/div><\/div><div class=\"play\"><\/div><div class=\"ctrl\"><div class=\"Lctrl\"><\/div><div class=\"Rctrl\"><\/div><\/div><\/div><noscript><a href=\"http:\/\/youtu.be\/9tZgPW8gEeg\" rel=\"nofollow\"><img loading=\"lazy\" decoding=\"async\" src=\"http:\/\/i.ytimg.com\/vi\/9tZgPW8gEeg\/0.jpg\" alt=\"Real Big. Real Close.\" width=\"853\" height=\"460\" \/><br \/>Watch this video on YouTube<\/a><\/noscript><meta itemprop=\"description\" content=\"Over 288 km of ski runs, 90 modern cable cars and lifts, 80 rustic Alpine huts are all easily accessed from the villages of Brixen im Thale, Ellmau, Going, Hopfgarten, Itter, Kelchsau, Scheffau, S\u00f6ll and Westendorf.\"><\/div><\/div><div class=\"lL\" style=\"max-width:100%;width:853px;margin:5px auto;\"><br\/><span class=\"lyte_disclaimer\">Upozor\u0148ujeme tak\u00e9, \u017ee pou\u017e\u00edv\u00e1n\u00edm na\u0161ich slu\u017eeb a integrac\u00ed slu\u017eeb YouTube API plat\u00ed <a href=\"https:\/\/www.youtube.com\/t\/terms\">Smluvn\u00ed podm\u00ednky YouTube<\/a> a <a href=\"https:\/\/developers.google.com\/youtube\/terms\/api-services-terms-of-service-emea-de\">Smluvn\u00ed podm\u00ednky YouTube API<\/a> a va\u0161e pou\u017e\u00edv\u00e1n\u00ed na\u0161ich webov\u00fdch str\u00e1nek se pova\u017euje za souhlas s t\u011bmito podm\u00ednkami.<\/span><\/div><\/p>\n<p><a href=\"https:\/\/www.snowtrex.cz\/rakousko\/hopfgarten\/lyzarske-stredisko.html\" target=\"_blank\" rel=\"noopener noreferrer\">SkiWelt Wilder Kaiser-Brixental<\/a> je s 244 kilometry sjezdovek nejv\u011bt\u0161\u00ed ly\u017ea\u0159skou oblast\u00ed v Tyrolsku a jednou z nejv\u011bt\u0161\u00edch propojen\u00fdch ly\u017ea\u0159sk\u00fdch oblast\u00ed v Rakousku.<\/p>\n<p>90 vlek\u016f, n\u011bkolik d\u011btsk\u00fdch are\u00e1l\u016f pro nejmen\u0161\u00ed, snowparky pro freestylisty, ly\u017ea\u0159sk\u00e9 trasy pro milovn\u00edky hlubok\u00e9ho sn\u011bhu a modern\u00ed zasn\u011b\u017eovac\u00ed za\u0159\u00edzen\u00ed, to v\u0161e je sou\u010d\u00e1st\u00ed receptu na \u00fasp\u011bch t\u00e9to obl\u00edben\u00e9 ly\u017ea\u0159sk\u00e9 oblasti. Pod\u00e9l obou \u00fadol\u00ed se nach\u00e1z\u00ed n\u011bkolik p\u0159\u00edstupov\u00fdch bod\u016f, nap\u0159\u00edklad v <a href=\"https:\/\/www.snowtrex.cz\/rakousko\/brixen_im_thale\/lyzovani.html\" target=\"_blank\" rel=\"noopener noreferrer\">Brixen im Thale<\/a> a <a href=\"https:\/\/www.snowtrex.cz\/rakousko\/westendorf\/lyzovani.html\" target=\"_blank\" rel=\"noopener\">Westendorfu<\/a>. Na severn\u00ed stran\u011b hory jsou \u00fadoln\u00ed stanice v <a href=\"https:\/\/www.snowtrex.cz\/rakousko\/going\/lyzovani.html\" target=\"_blank\" rel=\"noopener\">Goingu<\/a>, <a href=\"https:\/\/www.snowtrex.cz\/rakousko\/ellmau\/lyzovani.html\" target=\"_blank\" rel=\"noopener\">Ellmau<\/a>, <a href=\"https:\/\/www.snowtrex.cz\/rakousko\/scheffau\/lyzovani.html\" target=\"_blank\" rel=\"noopener\">Scheffau<\/a>, <a href=\"https:\/\/www.snowtrex.cz\/rakousko\/soll\/lyzovani.html\" target=\"_blank\" rel=\"noopener\">S\u00f6llu<\/a> a <a href=\"https:\/\/www.snowtrex.cz\/rakousko\/itter\/lyzovani.html\" target=\"_blank\" rel=\"noopener\">Itteru<\/a>.<\/p>\n<p>Po ly\u017eov\u00e1n\u00ed se n\u011bkter\u00fdm lidem chce j\u00edt sp\u00e1t, zat\u00edmco jin\u00ed jsou je\u0161t\u011b pln\u00ed energie. Rodiny si mohou u\u017e\u00edt jednu ze t\u0159\u00ed osv\u011btlen\u00fdch ve\u010dern\u00edch s\u00e1\u0148ka\u0159sk\u00fdch drah, zat\u00edmco pa\u0159meni najdou v n\u011bkter\u00e9 z \u010detn\u00fdch horsk\u00fdch chat hudbu v\u0161ech \u017e\u00e1nr\u016f.<\/p>\n<div class=\"tt-post-image-wrapper tt-post-image-wrapper-full\">\n            <div class=\"tt-image-copyright-container\">\n                <a href=\"https:\/\/www.snowtrex.cz\/magazin\/files\/2023\/11\/RS20995_shutterstock_254053483-bearbeitet-scr.jpg\" target=\"_blank\" rel=\"noopener\"><img loading=\"lazy\" decoding=\"async\" data-wrapped=\"true\" class=\"wp-image-52191 size-Artikelbild_gro\u00df\" title=\"V ly\u017ea\u0159sk\u00e9 oblasti SkiWelt Wilder Kaiser-Brixental mohou milovn\u00edci zimn\u00edch sport\u016f upustit p\u00e1ru na 244 kilometrech sjezdovek\" src=\"https:\/\/www.snowtrex.cz\/magazin\/files\/2023\/11\/RS20995_shutterstock_254053483-bearbeitet-scr-729x486.jpg\" alt=\"V ly\u017ea\u0159sk\u00e9 oblasti SkiWelt Wilder Kaiser-Brixental mohou milovn\u00edci zimn\u00edch sport\u016f upustit p\u00e1ru na 244 kilometrech sjezdovek\" width=\"729\" height=\"486\" srcset=\"https:\/\/www.snowtrex.cz\/magazin\/files\/2023\/11\/RS20995_shutterstock_254053483-bearbeitet-scr-729x486.jpg 729w, https:\/\/www.snowtrex.cz\/magazin\/files\/2023\/11\/RS20995_shutterstock_254053483-bearbeitet-scr-290x193.jpg 290w, https:\/\/www.snowtrex.cz\/magazin\/files\/2023\/11\/RS20995_shutterstock_254053483-bearbeitet-scr-728x485.jpg 728w, https:\/\/www.snowtrex.cz\/magazin\/files\/2023\/11\/RS20995_shutterstock_254053483-bearbeitet-scr-768x512.jpg 768w, https:\/\/www.snowtrex.cz\/magazin\/files\/2023\/11\/RS20995_shutterstock_254053483-bearbeitet-scr-468x312.jpg 468w, https:\/\/www.snowtrex.cz\/magazin\/files\/2023\/11\/RS20995_shutterstock_254053483-bearbeitet-scr-300x200.jpg 300w, https:\/\/www.snowtrex.cz\/magazin\/files\/2023\/11\/RS20995_shutterstock_254053483-bearbeitet-scr-999x666.jpg 999w, https:\/\/www.snowtrex.cz\/magazin\/files\/2023\/11\/RS20995_shutterstock_254053483-bearbeitet-scr-645x430.jpg 645w, https:\/\/www.snowtrex.cz\/magazin\/files\/2023\/11\/RS20995_shutterstock_254053483-bearbeitet-scr-552x368.jpg 552w, https:\/\/www.snowtrex.cz\/magazin\/files\/2023\/11\/RS20995_shutterstock_254053483-bearbeitet-scr-405x270.jpg 405w, https:\/\/www.snowtrex.cz\/magazin\/files\/2023\/11\/RS20995_shutterstock_254053483-bearbeitet-scr-336x224.jpg 336w, https:\/\/www.snowtrex.cz\/magazin\/files\/2023\/11\/RS20995_shutterstock_254053483-bearbeitet-scr-276x184.jpg 276w, https:\/\/www.snowtrex.cz\/magazin\/files\/2023\/11\/RS20995_shutterstock_254053483-bearbeitet-scr-234x156.jpg 234w, https:\/\/www.snowtrex.cz\/magazin\/files\/2023\/11\/RS20995_shutterstock_254053483-bearbeitet-scr-192x128.jpg 192w, https:\/\/www.snowtrex.cz\/magazin\/files\/2023\/11\/RS20995_shutterstock_254053483-bearbeitet-scr-120x80.jpg 120w, https:\/\/www.snowtrex.cz\/magazin\/files\/2023\/11\/RS20995_shutterstock_254053483-bearbeitet-scr-774x516.jpg 774w, https:\/\/www.snowtrex.cz\/magazin\/files\/2023\/11\/RS20995_shutterstock_254053483-bearbeitet-scr-2x1.jpg 2w, https:\/\/www.snowtrex.cz\/magazin\/files\/2023\/11\/RS20995_shutterstock_254053483-bearbeitet-scr.jpg 1440w\" sizes=\"(min-width: 1009px) 729px, (min-width: 819px) 594px, (min-width: 569px) 729px, (min-width: 449px) 468px, 348px\" \/><\/a><div class=\"tt-image-copyright\" data-image-id=\"52191\">\u00a9 Val Thoermer\/shutterstock.de<\/div>\n            <\/div>\n            <div class=\"tt-post-caption\">V ly\u017ea\u0159sk\u00e9 oblasti SkiWelt Wilder Kaiser-Brixental mohou milovn\u00edci zimn\u00edch sport\u016f upustit p\u00e1ru na 244 kilometrech sjezdovek.<\/div>\n         <\/div > \n<h2 id=\"4-ly\u017ea\u0159sk\u00e9-st\u0159edisko-silvretta-arena-ischgl-samnaun\">4. Ly\u017ea\u0159sk\u00e9 st\u0159edisko Silvretta Arena Ischgl-Samnaun<\/h2>\n<p>Kilometry sjezdovek: 239 km<\/p>\n<p>Nadmo\u0159sk\u00e1 v\u00fd\u0161ka: a\u017e 2 872 m n. m.<\/p>\n<figure class=\"wp-block-embed-youtube wp-block-embed is-type-video is-provider-youtube wp-embed-aspect-16-9 wp-has-aspect-ratio\"><div class=\"lyte-wrapper\" title=\"Winter - Ischgl - 2020\/21\" style=\"width:853px;max-width:100%;margin:5px auto;\"><div class=\"lyMe\" id=\"WYL_MfBC7G_zbgc\" itemprop=\"video\" itemscope itemtype=\"https:\/\/schema.org\/VideoObject\"><div><meta itemprop=\"thumbnailUrl\" content=\"https:\/\/i.ytimg.com\/vi\/MfBC7G_zbgc\/hqdefault.jpg\" \/><meta itemprop=\"embedURL\" content=\"https:\/\/www.youtube.com\/embed\/MfBC7G_zbgc\" \/><meta itemprop=\"duration\" content=\"PT57S\" \/><meta itemprop=\"uploadDate\" content=\"2020-10-14T11:26:31Z\" \/><\/div><div id=\"lyte_MfBC7G_zbgc\" data-src=\"https:\/\/i.ytimg.com\/vi\/MfBC7G_zbgc\/hqdefault.jpg\" class=\"pL\"><div class=\"tC\"><div class=\"tT\" itemprop=\"name\">Winter - Ischgl - 2020\/21<\/div><\/div><div class=\"play\"><\/div><div class=\"ctrl\"><div class=\"Lctrl\"><\/div><div class=\"Rctrl\"><\/div><\/div><\/div><noscript><a href=\"http:\/\/youtu.be\/MfBC7G_zbgc\" rel=\"nofollow\"><img loading=\"lazy\" decoding=\"async\" src=\"http:\/\/i.ytimg.com\/vi\/MfBC7G_zbgc\/0.jpg\" alt=\"Winter - Ischgl - 2020\/21\" width=\"853\" height=\"460\" \/><br \/>Watch this video on YouTube<\/a><\/noscript><meta itemprop=\"description\" content=\"#loveischgl #ischgl #winteriscoming Das erwartet euch diese Wintersaison 2020\/21 in Ischgl! Neben unseren Atemberaubenden Pisten gibt es noch so einiges zu erleben\"><\/div><\/div><div class=\"lL\" style=\"max-width:100%;width:853px;margin:5px auto;\"><br\/><span class=\"lyte_disclaimer\">Upozor\u0148ujeme tak\u00e9, \u017ee pou\u017e\u00edv\u00e1n\u00edm na\u0161ich slu\u017eeb a integrac\u00ed slu\u017eeb YouTube API plat\u00ed <a href=\"https:\/\/www.youtube.com\/t\/terms\">Smluvn\u00ed podm\u00ednky YouTube<\/a> a <a href=\"https:\/\/developers.google.com\/youtube\/terms\/api-services-terms-of-service-emea-de\">Smluvn\u00ed podm\u00ednky YouTube API<\/a> a va\u0161e pou\u017e\u00edv\u00e1n\u00ed na\u0161ich webov\u00fdch str\u00e1nek se pova\u017euje za souhlas s t\u011bmito podm\u00ednkami.<\/span><\/div><figcaption><\/figcaption><\/figure>\n<p>Ischgl nab\u00edz\u00ed nejen apr\u00e9s-ski, ale tak\u00e9 rozs\u00e1hl\u00fd ly\u017ea\u0159sk\u00fd are\u00e1l nejvy\u0161\u0161\u00ed kvality v <a href=\"https:\/\/www.snowtrex.cz\/rakousko\/ischgl\/lyzarske-stredisko.html\" target=\"_blank\" rel=\"noopener noreferrer\">Silvretta Aren\u011b<\/a>. Obec se nach\u00e1z\u00ed v nadmo\u0159sk\u00e9 v\u00fd\u0161ce 1 400 metr\u016f, p\u0159i\u010dem\u017e nejvy\u0161\u0161\u00ed lanovka vede a\u017e do v\u00fd\u0161ky t\u00e9m\u011b\u0159 2 900 metr\u016f. P\u0159\u00edstup do t\u00e9to ly\u017ea\u0159sk\u00e9 oblasti je p\u0159es Ischgl a Samnaun.<\/p>\n<p>T\u00e9m\u011b\u0159 239 kilometr\u016f sjezdovek se rozkl\u00e1d\u00e1 v tyrolsk\u00e9m Paznaunu a za hranicemi ve \u0161v\u00fdcarsk\u00e9m Samnaunu. Lanovka Flimjochbahn v\u00e1s vyveze ze zn\u00e1m\u00e9ho Idalpu a\u017e k hranic\u00edm a d\u00e1le do Samnaunu.<\/p>\n<p>Mimochodem, na horsk\u00e9m pr\u016fsmyku se nach\u00e1z\u00ed nejv\u00fd\u0161e polo\u017een\u00fd celn\u00ed \u00fa\u0159ad v Evrop\u011b ve v\u00fd\u0161ce 2 756 metr\u016f. Vzhledem k tomu, \u017ee v Samnaunu m\u016f\u017eete bezceln\u011b nakupovat v p\u0159ibli\u017en\u011b 50 bezceln\u00edch obchodech, mohli byste p\u0159i zp\u00e1te\u010dn\u00ed cest\u011b do Ischglu skon\u010dit na sjezdovce na celn\u00ed kontrole &#8211; a to i s ly\u017eemi na nohou.<\/p>\n<h2 id=\"5-ly\u017ea\u0159sk\u00e9-st\u0159edisko-serfaus-fiss-ladis\">5. Ly\u017ea\u0159sk\u00e9 st\u0159edisko Serfaus-Fiss-Ladis<\/h2>\n<p>Kilometry sjezdovek: 214 km<\/p>\n<p>Nadmo\u0159sk\u00e1 v\u00fd\u0161ka: a\u017e 2 828 m n. m.<\/p>\n<div class=\"lyte-wrapper\" title=\"Winter in Serfaus-Fiss-Ladis\" style=\"width:853px;max-width:100%;margin:5px auto;\"><div class=\"lyMe\" id=\"WYL_NwXKKQAfnNY\" itemprop=\"video\" itemscope itemtype=\"https:\/\/schema.org\/VideoObject\"><div><meta itemprop=\"thumbnailUrl\" content=\"https:\/\/i.ytimg.com\/vi\/NwXKKQAfnNY\/hqdefault.jpg\" \/><meta itemprop=\"embedURL\" content=\"https:\/\/www.youtube.com\/embed\/NwXKKQAfnNY\" \/><meta itemprop=\"duration\" content=\"PT1M44S\" \/><meta itemprop=\"uploadDate\" content=\"2019-10-25T08:19:37Z\" \/><\/div><div id=\"lyte_NwXKKQAfnNY\" data-src=\"https:\/\/i.ytimg.com\/vi\/NwXKKQAfnNY\/hqdefault.jpg\" class=\"pL\"><div class=\"tC\"><div class=\"tT\" itemprop=\"name\">Winter in Serfaus-Fiss-Ladis<\/div><\/div><div class=\"play\"><\/div><div class=\"ctrl\"><div class=\"Lctrl\"><\/div><div class=\"Rctrl\"><\/div><\/div><\/div><noscript><a href=\"http:\/\/youtu.be\/NwXKKQAfnNY\" rel=\"nofollow\"><img loading=\"lazy\" decoding=\"async\" src=\"http:\/\/i.ytimg.com\/vi\/NwXKKQAfnNY\/0.jpg\" alt=\"Winter in Serfaus-Fiss-Ladis\" width=\"853\" height=\"460\" \/><br \/>Watch this video on YouTube<\/a><\/noscript><meta itemprop=\"description\" content=\"Die Wintersportregion Serfaus-Fiss-Ladis wird der \u201eFamilienwinter in Perfektion\u201c im w\u00f6rtlichen Sinne erf\u00fcllt: So wird nicht nur Kindern ein vollkommenes Wintererlebnis geboten, auch die Erwachsenen finden ein Angebot vor, das h\u00f6chsten Anspr\u00fcchen \u2013 von bester Pistenqualit\u00e4t bis unvergessliche Skiabenteuer mit kulinarischen H\u00f6henfl\u00fcgen \u2013 gen\u00fcgt. 214 Kilometer voller Gl\u00fccksgef\u00fchle, 68 modernste Liftanlagen, 125.000 m3 eigene Kinder-Schneeareale \u2026 Was will man mehr? Mehr dazu: https:\/\/www.serfaus-fiss-ladis.at\/de\/Winterurlaub Alle Covid-19 Infos f\u00fcr SFL: https:\/\/www.serfaus-fiss-ladis.at\/de\/Live\/Aktuelle-Informationen-Winter Urlaub buchen: https:\/\/www.serfaus-fiss-ladis.at\/de\/Unterkuenfte Erlebnisse schenken: https:\/\/www.serfaus-fiss-ladis.at\/de\/Gutscheine-schenken ***** The winter sport region Serfaus-Fiss-Ladis is a true winter paradise for families: children are supervised and entertained, while their parents devote their energies to winter sports or enjoy unforgettable skiing experience with culinary delights. 214 kilometres of bliss, 68 state-of-the-art lifts and 125,000 square metres exclusively reserved for children \u2026 What do you want more? More: https:\/\/www.serfaus-fiss-ladis.at\/en\/Winter-holiday Covid-19 information: https:\/\/www.serfaus-fiss-ladis.at\/en\/Accommodation-list\/Cancellation-Guarantee-Winter-2020-2021 Accommodations: https:\/\/www.serfaus-fiss-ladis.at\/en\/Accommodation-list Voucher: https:\/\/www.serfaus-fiss-ladis.at\/en\/Gift-vouchers\"><\/div><\/div><div class=\"lL\" style=\"max-width:100%;width:853px;margin:5px auto;\"><br\/><span class=\"lyte_disclaimer\">Upozor\u0148ujeme tak\u00e9, \u017ee pou\u017e\u00edv\u00e1n\u00edm na\u0161ich slu\u017eeb a integrac\u00ed slu\u017eeb YouTube API plat\u00ed <a href=\"https:\/\/www.youtube.com\/t\/terms\">Smluvn\u00ed podm\u00ednky YouTube<\/a> a <a href=\"https:\/\/developers.google.com\/youtube\/terms\/api-services-terms-of-service-emea-de\">Smluvn\u00ed podm\u00ednky YouTube API<\/a> a va\u0161e pou\u017e\u00edv\u00e1n\u00ed na\u0161ich webov\u00fdch str\u00e1nek se pova\u017euje za souhlas s t\u011bmito podm\u00ednkami.<\/span><\/div><\/p>\n<p>V Oberinntalu jsou v\u00edt\u00e1ni p\u0159edev\u0161\u00edm nejmlad\u0161\u00ed host\u00e9. V\u017edy\u0165 <a href=\"https:\/\/www.snowtrex.cz\/rakousko\/serfaus-fiss-ladis\/lyzarske-stredisko.html\" target=\"_blank\" rel=\"noopener noreferrer\">ly\u017ea\u0159sk\u00e1 oblast kolem obc\u00ed Serfaus, Fiss a Ladis<\/a> nab\u00edz\u00ed nespo\u010det za\u0159\u00edzen\u00ed pro rodi\u010de a d\u011bti, od d\u011btsk\u00e9ho ly\u017ea\u0159sk\u00e9ho are\u00e1lu a\u017e po p\u016fj\u010dovnu elektronick\u00fdch voz\u00edtek.<\/p>\n<p>Na sv\u00e9 si tu ale p\u0159ijdou i &#8222;dosp\u011bl\u00ed&#8220; milovn\u00edci zimn\u00edch sport\u016f: na ly\u017ea\u0159e a snowboardisty tu \u010dek\u00e1 z\u00e1bavn\u00e9 sportovn\u00ed vybaven\u00ed na sjezdovku, snowparky pro mlad\u00e9 i divok\u00e9 a \u010detn\u00e9 panoramatick\u00e9 sjezdovky. K ly\u017eov\u00e1n\u00ed je zde celkem 214 kilometr\u016f sjezdovek, z nich\u017e v\u011bt\u0161ina je ozna\u010dena mod\u0159e a \u010derven\u011b.<\/p>\n<div class=\"tt-post-image-wrapper tt-post-image-wrapper-full\">\n            <div class=\"tt-image-copyright-container\">\n                <a href=\"https:\/\/www.snowtrex.cz\/magazin\/files\/2023\/11\/RS26543_shutterstock_1321233503-scr.jpg\" target=\"_blank\" rel=\"noopener\"><img loading=\"lazy\" decoding=\"async\" data-wrapped=\"true\" class=\"wp-image-52192 size-Artikelbild_gro\u00df\" title=\"V Serfaus-Fiss-Ladis si mal\u00ed i velc\u00ed mohou u\u017e\u00edvat perfektn\u011b upraven\u00e9 sjezdovky a p\u016fsobiv\u00e9 horsk\u00e9 panorama\" src=\"https:\/\/www.snowtrex.cz\/magazin\/files\/2023\/11\/RS26543_shutterstock_1321233503-scr-729x486.jpg\" alt=\"V Serfaus-Fiss-Ladis si mal\u00ed i velc\u00ed mohou u\u017e\u00edvat perfektn\u011b upraven\u00e9 sjezdovky a p\u016fsobiv\u00e9 horsk\u00e9 panorama\" width=\"729\" height=\"486\" srcset=\"https:\/\/www.snowtrex.cz\/magazin\/files\/2023\/11\/RS26543_shutterstock_1321233503-scr-729x486.jpg 729w, https:\/\/www.snowtrex.cz\/magazin\/files\/2023\/11\/RS26543_shutterstock_1321233503-scr-290x193.jpg 290w, https:\/\/www.snowtrex.cz\/magazin\/files\/2023\/11\/RS26543_shutterstock_1321233503-scr-728x485.jpg 728w, https:\/\/www.snowtrex.cz\/magazin\/files\/2023\/11\/RS26543_shutterstock_1321233503-scr-768x512.jpg 768w, https:\/\/www.snowtrex.cz\/magazin\/files\/2023\/11\/RS26543_shutterstock_1321233503-scr-468x312.jpg 468w, https:\/\/www.snowtrex.cz\/magazin\/files\/2023\/11\/RS26543_shutterstock_1321233503-scr-300x200.jpg 300w, https:\/\/www.snowtrex.cz\/magazin\/files\/2023\/11\/RS26543_shutterstock_1321233503-scr-999x666.jpg 999w, https:\/\/www.snowtrex.cz\/magazin\/files\/2023\/11\/RS26543_shutterstock_1321233503-scr-645x430.jpg 645w, https:\/\/www.snowtrex.cz\/magazin\/files\/2023\/11\/RS26543_shutterstock_1321233503-scr-552x368.jpg 552w, https:\/\/www.snowtrex.cz\/magazin\/files\/2023\/11\/RS26543_shutterstock_1321233503-scr-405x270.jpg 405w, https:\/\/www.snowtrex.cz\/magazin\/files\/2023\/11\/RS26543_shutterstock_1321233503-scr-336x224.jpg 336w, https:\/\/www.snowtrex.cz\/magazin\/files\/2023\/11\/RS26543_shutterstock_1321233503-scr-276x184.jpg 276w, https:\/\/www.snowtrex.cz\/magazin\/files\/2023\/11\/RS26543_shutterstock_1321233503-scr-234x156.jpg 234w, https:\/\/www.snowtrex.cz\/magazin\/files\/2023\/11\/RS26543_shutterstock_1321233503-scr-192x128.jpg 192w, https:\/\/www.snowtrex.cz\/magazin\/files\/2023\/11\/RS26543_shutterstock_1321233503-scr-120x80.jpg 120w, https:\/\/www.snowtrex.cz\/magazin\/files\/2023\/11\/RS26543_shutterstock_1321233503-scr-774x516.jpg 774w, https:\/\/www.snowtrex.cz\/magazin\/files\/2023\/11\/RS26543_shutterstock_1321233503-scr-2x1.jpg 2w, https:\/\/www.snowtrex.cz\/magazin\/files\/2023\/11\/RS26543_shutterstock_1321233503-scr.jpg 1440w\" sizes=\"(min-width: 1009px) 729px, (min-width: 819px) 594px, (min-width: 569px) 729px, (min-width: 449px) 468px, 348px\" \/><\/a><div class=\"tt-image-copyright\" data-image-id=\"52192\">\u00a9 Pawel Kazmierczak\/Shutterstock<\/div>\n            <\/div>\n            <div class=\"tt-post-caption\">V Serfaus-Fiss-Ladis si mal\u00ed i velc\u00ed mohou u\u017e\u00edvat perfektn\u011b upraven\u00e9 sjezdovky a p\u016fsobiv\u00e9 horsk\u00e9 panorama.<\/div>\n         <\/div > \n<h2 id=\"6-ly\u017ea\u0159sk\u00e9-st\u0159edisko-kitzb\u00fchel\">6. Ly\u017ea\u0159sk\u00e9 st\u0159edisko Kitzb\u00fchel<\/h2>\n<p>Kilometry sjezdovek: 188 km<\/p>\n<p>Nadmo\u0159sk\u00e1 v\u00fd\u0161ka: a\u017e 2 000 m n. m.<\/p>\n<div class=\"lyte-wrapper\" title=\"Exploring KitzSki - Your perfect Skiday\" style=\"width:853px;max-width:100%;margin:5px auto;\"><div class=\"lyMe\" id=\"WYL_sVskxRzJVUw\" itemprop=\"video\" itemscope itemtype=\"https:\/\/schema.org\/VideoObject\"><div><meta itemprop=\"thumbnailUrl\" content=\"https:\/\/i.ytimg.com\/vi\/sVskxRzJVUw\/hqdefault.jpg\" \/><meta itemprop=\"embedURL\" content=\"https:\/\/www.youtube.com\/embed\/sVskxRzJVUw\" \/><meta itemprop=\"duration\" content=\"PT1M52S\" \/><meta itemprop=\"uploadDate\" content=\"2022-02-01T15:10:00Z\" \/><\/div><div id=\"lyte_sVskxRzJVUw\" data-src=\"https:\/\/i.ytimg.com\/vi\/sVskxRzJVUw\/hqdefault.jpg\" class=\"pL\"><div class=\"tC\"><div class=\"tT\" itemprop=\"name\">Exploring KitzSki - Your perfect Skiday<\/div><\/div><div class=\"play\"><\/div><div class=\"ctrl\"><div class=\"Lctrl\"><\/div><div class=\"Rctrl\"><\/div><\/div><\/div><noscript><a href=\"http:\/\/youtu.be\/sVskxRzJVUw\" rel=\"nofollow\"><img loading=\"lazy\" decoding=\"async\" src=\"http:\/\/i.ytimg.com\/vi\/sVskxRzJVUw\/0.jpg\" alt=\"Exploring KitzSki - Your perfect Skiday\" width=\"853\" height=\"460\" \/><br \/>Watch this video on YouTube<\/a><\/noscript><meta itemprop=\"description\" content=\"Horn, Hahnenkamm, Fleckalm sowie der Pass Thurn bieten perfekt pr\u00e4parierte Pisten, viel Abwechslung und nat\u00fcrlich gem\u00fctliche, urige Skih\u00fctten f\u00fcr den Einkehrschwung. Die Tiroler Skiregion Kitzb\u00fchel | Kirchberg wartet mit bestens pr\u00e4parierten und markierten Abfahrtskilometern f\u00fcr Ski-Einsteiger, Genussskifahrer und ambitionierte Skifahrer auf. Die Seilbahnen bieten h\u00f6chsten Komfort inklusive Sitzheizung. Sie sind angenehm, modern und stressfrei.\"><\/div><\/div><div class=\"lL\" style=\"max-width:100%;width:853px;margin:5px auto;\"><br\/><span class=\"lyte_disclaimer\">Upozor\u0148ujeme tak\u00e9, \u017ee pou\u017e\u00edv\u00e1n\u00edm na\u0161ich slu\u017eeb a integrac\u00ed slu\u017eeb YouTube API plat\u00ed <a href=\"https:\/\/www.youtube.com\/t\/terms\">Smluvn\u00ed podm\u00ednky YouTube<\/a> a <a href=\"https:\/\/developers.google.com\/youtube\/terms\/api-services-terms-of-service-emea-de\">Smluvn\u00ed podm\u00ednky YouTube API<\/a> a va\u0161e pou\u017e\u00edv\u00e1n\u00ed na\u0161ich webov\u00fdch str\u00e1nek se pova\u017euje za souhlas s t\u011bmito podm\u00ednkami.<\/span><\/div><\/p>\n<p>V srdci Kitzb\u00fchelsk\u00fdch Alp le\u017e\u00ed <a href=\"https:\/\/www.snowtrex.cz\/rakousko\/kitzbuhel\/lyzovani.html\" target=\"_blank\" rel=\"noopener noreferrer\">Kitzb\u00fchel<\/a>, obl\u00edben\u00e9 ly\u017ea\u0159sk\u00e9 st\u0159edisko celebrit a d\u011bji\u0161t\u011b legend\u00e1rn\u00edho z\u00e1vodu Hahnenkamm. Na hor\u00e1ch Kitzb\u00fcheler Horn, Resterh\u00f6he, Pengelstein a Hahnenkamm se t\u00e1hne 188 kilometr\u016f perfektn\u011b upraven\u00fdch sjezdovek p\u0159es Ehrenbachh\u00f6he a Gaisberg. Sou\u010d\u00e1st\u00ed celku je samoz\u0159ejm\u011b i sv\u011btozn\u00e1m\u00e1 sjezdovka &#8222;Streif&#8220;, i kdy\u017e milovn\u00edci zimn\u00edch sport\u016f mohou b\u011bhem sez\u00f3ny ly\u017eovat jen na n\u011bkter\u00fdch jej\u00edch \u00fasec\u00edch.<\/p>\n<p>Mimochodem: spojovac\u00ed lanovka v \u00fadol\u00ed, kter\u00e1 vede z Kitzb\u00fchelu do Westendorfu, se p\u0159\u00edzna\u010dn\u011b jmenuje &#8222;Streifzug&#8220;. V <a href=\"https:\/\/www.snowtrex.cz\/rakousko\/jochberg_in_tirol\/lyzovani.html\" target=\"_blank\" rel=\"noopener\">Jochbergu<\/a>, Aurachu, Kitzb\u00fchelu a <a href=\"https:\/\/www.snowtrex.cz\/rakousko\/kirchberg\/lyzovani.html\" target=\"_blank\" rel=\"noopener\">Kirchbergu<\/a> jsou p\u0159\u00edstupov\u00e9 body do impozantn\u00ed <a href=\"https:\/\/www.snowtrex.cz\/rakousko\/kitzbuhel\/lyzarske-stredisko.html\" target=\"_blank\" rel=\"noopener noreferrer\">ly\u017ea\u0159sk\u00e9 oblasti Kitzb\u00fchel<\/a>.<\/p>\n<h2 id=\"7-ly\u017ea\u0159sk\u00e9-st\u0159edisko-zillertal-arena\">7. Ly\u017ea\u0159sk\u00e9 st\u0159edisko Zillertal Arena<\/h2>\n<p>Kilometry sjezdovek: 150 km<\/p>\n<p>Nadmo\u0159sk\u00e1 v\u00fd\u0161ka: a\u017e 2 500 m n. m.<\/p>\n<figure class=\"wp-block-embed-youtube wp-block-embed is-type-video is-provider-youtube wp-embed-aspect-16-9 wp-has-aspect-ratio\"><div class=\"lyte-wrapper\" title=\"Best of Winter 2021\/22\" style=\"width:853px;max-width:100%;margin:5px auto;\"><div class=\"lyMe\" id=\"WYL_jdFhpCRXWgY\" itemprop=\"video\" itemscope itemtype=\"https:\/\/schema.org\/VideoObject\"><div><meta itemprop=\"thumbnailUrl\" content=\"https:\/\/i.ytimg.com\/vi\/jdFhpCRXWgY\/hqdefault.jpg\" \/><meta itemprop=\"embedURL\" content=\"https:\/\/www.youtube.com\/embed\/jdFhpCRXWgY\" \/><meta itemprop=\"duration\" content=\"PT2M26S\" \/><meta itemprop=\"uploadDate\" content=\"2022-04-27T07:15:35Z\" \/><\/div><div id=\"lyte_jdFhpCRXWgY\" data-src=\"https:\/\/i.ytimg.com\/vi\/jdFhpCRXWgY\/hqdefault.jpg\" class=\"pL\"><div class=\"tC\"><div class=\"tT\" itemprop=\"name\">Best of Winter 2021\/22<\/div><\/div><div class=\"play\"><\/div><div class=\"ctrl\"><div class=\"Lctrl\"><\/div><div class=\"Rctrl\"><\/div><\/div><\/div><noscript><a href=\"http:\/\/youtu.be\/jdFhpCRXWgY\" rel=\"nofollow\"><img loading=\"lazy\" decoding=\"async\" src=\"http:\/\/i.ytimg.com\/vi\/jdFhpCRXWgY\/0.jpg\" alt=\"Best of Winter 2021\/22\" width=\"853\" height=\"460\" \/><br \/>Watch this video on YouTube<\/a><\/noscript><meta itemprop=\"description\" content=\"Magic Moments aus der Zillertal Arena \ud83d\udc9b, blickt mit uns zur\u00fcck auf eine traumhafte und atemberaubende Wintersaison \u26f7\u26f7\"><\/div><\/div><div class=\"lL\" style=\"max-width:100%;width:853px;margin:5px auto;\"><br\/><span class=\"lyte_disclaimer\">Upozor\u0148ujeme tak\u00e9, \u017ee pou\u017e\u00edv\u00e1n\u00edm na\u0161ich slu\u017eeb a integrac\u00ed slu\u017eeb YouTube API plat\u00ed <a href=\"https:\/\/www.youtube.com\/t\/terms\">Smluvn\u00ed podm\u00ednky YouTube<\/a> a <a href=\"https:\/\/developers.google.com\/youtube\/terms\/api-services-terms-of-service-emea-de\">Smluvn\u00ed podm\u00ednky YouTube API<\/a> a va\u0161e pou\u017e\u00edv\u00e1n\u00ed na\u0161ich webov\u00fdch str\u00e1nek se pova\u017euje za souhlas s t\u011bmito podm\u00ednkami.<\/span><\/div><figcaption><\/figcaption><\/figure>\n<p>Do prvn\u00ed des\u00edtky nejv\u011bt\u0161\u00edch ly\u017ea\u0159sk\u00fdch are\u00e1l\u016f se dostala i dal\u0161\u00ed ly\u017ea\u0159sk\u00e1 oblast vhodn\u00e1 pro rodiny: <a href=\"https:\/\/www.snowtrex.cz\/rakousko\/zell_am_ziller\/lyzarske-stredisko.html\" target=\"_blank\" rel=\"noopener noreferrer\">Zillertal Arena<\/a> v p\u0159edn\u00edm Zillertalu. Po\u010dtem kilometr\u016f se t\u00e9m\u011b\u0159 vyrovn\u00e1 S\u00f6ldenu a stejn\u011b jako ly\u017ea\u0159sk\u00e1 oblast \u00d6tztal je ur\u010dena p\u0159edev\u0161\u00edm pro rodiny a rekrea\u010dn\u00ed ly\u017ea\u0159e. V\u0161ichni \u010dlenov\u00e9 rodiny se zde c\u00edt\u00ed jako doma: maminka s tat\u00ednkem odlo\u017e\u00ed nejmen\u0161\u00ed d\u011bti v hostuj\u00edc\u00ed \u0161kolce a star\u0161\u00ed d\u011bti v ly\u017ea\u0159sk\u00e9 \u0161kole, aby mimo jin\u00e9 za\u017eily nejdel\u0161\u00ed sjezdovku v rakousk\u00e9m \u00fadol\u00ed. Teenage\u0159i se mezit\u00edm mohou bavit ve snowparku nebo sout\u011b\u017eit v &#8222;Ar\u00e9n\u011b \u0161ampion\u016f&#8220;.<\/p>\n<p>Vstup do t\u011bchto ly\u017ea\u0159sk\u00fdch are\u00e1l\u016f najdete v <a href=\"https:\/\/www.snowtrex.cz\/rakousko\/zell_am_ziller\/lyzovani.html\" target=\"_blank\" rel=\"noopener\">Zell am Ziller<\/a>, <a href=\"https:\/\/www.snowtrex.cz\/rakousko\/gerlos\/lyzovani.html\" target=\"_blank\" rel=\"noopener\">Gerlos<\/a>, <a href=\"https:\/\/www.snowtrex.cz\/rakousko\/krimml\/lyzovani.html\" target=\"_blank\" rel=\"noopener\">Hochkrimml-Gerlosplatte<\/a> a <a href=\"https:\/\/www.snowtrex.cz\/rakousko\/wald-konigsleiten\/lyzovani.html\" target=\"_blank\" rel=\"noopener\">K\u00f6nigsleiten<\/a>. Zell am Ziller se nach\u00e1z\u00ed v \u00fadol\u00ed a nab\u00edz\u00ed nejv\u00edce autobusov\u00fdch a vlakov\u00fdch spoj\u016f do ostatn\u00edch st\u0159edisek.<\/p>\n<h2 id=\"8-ly\u017ea\u0159sk\u00e9-st\u0159edisko-s\u00f6lden\">8. Ly\u017ea\u0159sk\u00e9 st\u0159edisko S\u00f6lden<\/h2>\n<p>Kilometry sjezdovek: 143 km<\/p>\n<p>Nadmo\u0159sk\u00e1 v\u00fd\u0161ka: a\u017e 3 340 m n. m.<\/p>\n<figure class=\"wp-block-embed-youtube wp-block-embed is-type-video is-provider-youtube wp-embed-aspect-16-9 wp-has-aspect-ratio\"><div class=\"lyte-wrapper\" title=\"S&ouml;lden. Heartbeat of the Alps.\" style=\"width:853px;max-width:100%;margin:5px auto;\"><div class=\"lyMe\" id=\"WYL_0qhkhkjSyVs\" itemprop=\"video\" itemscope itemtype=\"https:\/\/schema.org\/VideoObject\"><div><meta itemprop=\"thumbnailUrl\" content=\"https:\/\/i.ytimg.com\/vi\/0qhkhkjSyVs\/hqdefault.jpg\" \/><meta itemprop=\"embedURL\" content=\"https:\/\/www.youtube.com\/embed\/0qhkhkjSyVs\" \/><meta itemprop=\"duration\" content=\"PT1M37S\" \/><meta itemprop=\"uploadDate\" content=\"2022-12-02T09:31:57Z\" \/><\/div><div id=\"lyte_0qhkhkjSyVs\" data-src=\"https:\/\/i.ytimg.com\/vi\/0qhkhkjSyVs\/hqdefault.jpg\" class=\"pL\"><div class=\"tC\"><div class=\"tT\" itemprop=\"name\">S\u00f6lden. Heartbeat of the Alps.<\/div><\/div><div class=\"play\"><\/div><div class=\"ctrl\"><div class=\"Lctrl\"><\/div><div class=\"Rctrl\"><\/div><\/div><\/div><noscript><a href=\"http:\/\/youtu.be\/0qhkhkjSyVs\" rel=\"nofollow\"><img loading=\"lazy\" decoding=\"async\" src=\"http:\/\/i.ytimg.com\/vi\/0qhkhkjSyVs\/0.jpg\" alt=\"S&ouml;lden. Heartbeat of the Alps.\" width=\"853\" height=\"460\" \/><br \/>Watch this video on YouTube<\/a><\/noscript><meta itemprop=\"description\" content=\"Rise up, smile wide and kick some wax. And don&#039;t forget to throw some snowballs! Plan your Ski-Trip to S\u00f6lden now. S\u00f6lden Webseite: https:\/\/www.soelden.com S\u00f6lden Instagram: https:\/\/soelden.com\/instagram S\u00f6lden Tik Tok Account: https:\/\/www.tiktok.com\/@soelden.official S\u00f6lden Facebook Account: https:\/\/soelden.com\/facebook \u00a9 \u00d6tztal Tourismus\"><\/div><\/div><div class=\"lL\" style=\"max-width:100%;width:853px;margin:5px auto;\"><br\/><span class=\"lyte_disclaimer\">Upozor\u0148ujeme tak\u00e9, \u017ee pou\u017e\u00edv\u00e1n\u00edm na\u0161ich slu\u017eeb a integrac\u00ed slu\u017eeb YouTube API plat\u00ed <a href=\"https:\/\/www.youtube.com\/t\/terms\">Smluvn\u00ed podm\u00ednky YouTube<\/a> a <a href=\"https:\/\/developers.google.com\/youtube\/terms\/api-services-terms-of-service-emea-de\">Smluvn\u00ed podm\u00ednky YouTube API<\/a> a va\u0161e pou\u017e\u00edv\u00e1n\u00ed na\u0161ich webov\u00fdch str\u00e1nek se pova\u017euje za souhlas s t\u011bmito podm\u00ednkami.<\/span><\/div><figcaption><\/figcaption><\/figure>\n<p>S\u00f6lden sice nen\u00ed nejv\u011bt\u0161\u00edm ly\u017ea\u0159sk\u00fdm st\u0159ediskem, ale m\u00e1 dva ledovce a le\u017e\u00ed v nadmo\u0159sk\u00e9 v\u00fd\u0161ce a\u017e 3 340 metr\u016f, kde je sn\u00edh naprosto zaru\u010den. <a href=\"https:\/\/www.snowtrex.cz\/rakousko\/solden\/lyzarske-stredisko.html\" target=\"_blank\" rel=\"noopener noreferrer\">Ly\u017ea\u0159sk\u00fd are\u00e1l S\u00f6lden<\/a> nab\u00edz\u00ed nejr\u016fzn\u011bj\u0161\u00ed sportovn\u00ed vy\u017eit\u00ed, jako jsou z\u00e1vodn\u00ed trat\u011b a fun parky, stejn\u011b jako panoramatick\u00e9 restaurace a fotopointy.<\/p>\n<p>Chcete-li dlouze prozkoumat vrcholov\u00e9 v\u00fdhledy a sjezdovky na ledovci, doporu\u010dujeme &#8222;Big3 Rallye&#8220;. Celodenn\u00ed t\u00fara na Gaislachkogl (3 058 m n. .), Tiefenbachkogl (3 250 m n. m.) a Schwarzer Schneid (3 340 m n. m.) je ur\u010dena p\u0159edev\u0161\u00edm pro zdatn\u00e9 milovn\u00edky zimn\u00edch sport\u016f a odm\u011bn\u00ed v\u00e1s skv\u011bl\u00fdmi horsk\u00fdmi z\u00e1\u017eitky.<\/p>\n<p>V S\u00f6ldenu byl tak\u00e9 James Bond. Nejobl\u00edben\u011bj\u0161\u00edm a nejzn\u00e1m\u011bj\u0161\u00edm m\u00edstem nat\u00e1\u010den\u00ed je pravd\u011bpodobn\u011b restaurace Ice Q na Gaislachkogelu, impozantn\u00ed sklen\u011bn\u00e1 kostka.<\/p>\n<div class=\"tt-post-image-wrapper tt-post-image-wrapper-full\">\n            <div class=\"tt-image-copyright-container\">\n                <a href=\"https:\/\/www.snowtrex.cz\/magazin\/files\/2023\/11\/RS26508_shutterstock_1300199392-scr.jpg\" target=\"_blank\" rel=\"noopener\"><img loading=\"lazy\" decoding=\"async\" data-wrapped=\"true\" class=\"wp-image-52193 size-Artikelbild_gro\u00df\" title=\"Land Rover z filmu o Jamesi Bondovi &quot;Spectre&quot; v S\u00f6ldenu p\u0159ipom\u00edn\u00e1 sc\u00e9ny, kter\u00e9 se zde nat\u00e1\u010dely\" src=\"https:\/\/www.snowtrex.cz\/magazin\/files\/2023\/11\/RS26508_shutterstock_1300199392-scr-729x486.jpg\" alt=\"Land Rover z filmu o Jamesi Bondovi &quot;Spectre&quot; v S\u00f6ldenu p\u0159ipom\u00edn\u00e1 sc\u00e9ny, kter\u00e9 se zde nat\u00e1\u010dely\" width=\"729\" height=\"486\" srcset=\"https:\/\/www.snowtrex.cz\/magazin\/files\/2023\/11\/RS26508_shutterstock_1300199392-scr-729x486.jpg 729w, https:\/\/www.snowtrex.cz\/magazin\/files\/2023\/11\/RS26508_shutterstock_1300199392-scr-290x193.jpg 290w, https:\/\/www.snowtrex.cz\/magazin\/files\/2023\/11\/RS26508_shutterstock_1300199392-scr-728x485.jpg 728w, https:\/\/www.snowtrex.cz\/magazin\/files\/2023\/11\/RS26508_shutterstock_1300199392-scr-768x512.jpg 768w, https:\/\/www.snowtrex.cz\/magazin\/files\/2023\/11\/RS26508_shutterstock_1300199392-scr-468x312.jpg 468w, https:\/\/www.snowtrex.cz\/magazin\/files\/2023\/11\/RS26508_shutterstock_1300199392-scr-300x200.jpg 300w, https:\/\/www.snowtrex.cz\/magazin\/files\/2023\/11\/RS26508_shutterstock_1300199392-scr-999x666.jpg 999w, https:\/\/www.snowtrex.cz\/magazin\/files\/2023\/11\/RS26508_shutterstock_1300199392-scr-645x430.jpg 645w, https:\/\/www.snowtrex.cz\/magazin\/files\/2023\/11\/RS26508_shutterstock_1300199392-scr-552x368.jpg 552w, https:\/\/www.snowtrex.cz\/magazin\/files\/2023\/11\/RS26508_shutterstock_1300199392-scr-405x270.jpg 405w, https:\/\/www.snowtrex.cz\/magazin\/files\/2023\/11\/RS26508_shutterstock_1300199392-scr-336x224.jpg 336w, https:\/\/www.snowtrex.cz\/magazin\/files\/2023\/11\/RS26508_shutterstock_1300199392-scr-276x184.jpg 276w, https:\/\/www.snowtrex.cz\/magazin\/files\/2023\/11\/RS26508_shutterstock_1300199392-scr-234x156.jpg 234w, https:\/\/www.snowtrex.cz\/magazin\/files\/2023\/11\/RS26508_shutterstock_1300199392-scr-192x128.jpg 192w, https:\/\/www.snowtrex.cz\/magazin\/files\/2023\/11\/RS26508_shutterstock_1300199392-scr-120x80.jpg 120w, https:\/\/www.snowtrex.cz\/magazin\/files\/2023\/11\/RS26508_shutterstock_1300199392-scr-774x516.jpg 774w, https:\/\/www.snowtrex.cz\/magazin\/files\/2023\/11\/RS26508_shutterstock_1300199392-scr-2x1.jpg 2w, https:\/\/www.snowtrex.cz\/magazin\/files\/2023\/11\/RS26508_shutterstock_1300199392-scr.jpg 1440w\" sizes=\"(min-width: 1009px) 729px, (min-width: 819px) 594px, (min-width: 569px) 729px, (min-width: 449px) 468px, 348px\" \/><\/a><div class=\"tt-image-copyright\" data-image-id=\"52193\">\u00a9 yakub88\/Shutterstock<\/div>\n            <\/div>\n            <div class=\"tt-post-caption\">Land Rover z filmu o Jamesi Bondovi &#8222;Spectre&#8220; v S\u00f6ldenu p\u0159ipom\u00edn\u00e1 sc\u00e9ny, kter\u00e9 se zde nat\u00e1\u010dely.<\/div>\n         <\/div > \n<h2 id=\"9-ly\u017ea\u0159sk\u00e9-st\u0159edisko-mayrhofen\">9. Ly\u017ea\u0159sk\u00e9 st\u0159edisko Mayrhofen<\/h2>\n<p>Kilometry sjezdovek: 142 km<\/p>\n<p>Nadmo\u0159sk\u00e1 v\u00fd\u0161ka: a\u017e 2 500 m n. m.<\/p>\n<p>142 km sjezdovek v <a href=\"https:\/\/www.snowtrex.cz\/rakousko\/mayrhofen\/lyzarske-stredisko.html\" target=\"_blank\" rel=\"noopener noreferrer\">ly\u017ea\u0159sk\u00e9 oblasti Mayrhofen<\/a> je rozd\u011bleno do dvou z\u00e1bavn\u00edch oblast\u00ed. Na sjezdovce Penken se rozd\u011bluj\u00ed na dv\u011b \u010d\u00e1sti: ak\u010dn\u00ed na Penkenu a z\u00e1bavn\u00ed na Ahornu. Lanovka 3S-Penkenbahn je tak\u00e9 p\u0159edzv\u011bst\u00ed nov\u00e9 \u00e9ry komfortu ly\u017eov\u00e1n\u00ed v Mayrhofenu. V\u017edy\u0165 doprava na Penken m\u016f\u017ee b\u00fdt jen st\u011b\u017e\u00ed jednodu\u0161\u0161\u00ed.<\/p>\n<p>Na vrcholu \u010dekaj\u00ed na ambici\u00f3zn\u00ed milovn\u00edky zimn\u00edch sport\u016f \u010dern\u00e9 sjezdovky Harakiri (\u010d. 34) a \u010certova dr\u00e1ha (\u010d. 12) a Vans Penken Park. Naproti se nach\u00e1z\u00ed Ahorn, z\u00e1bavn\u00ed hora s \u0161irok\u00fdmi rodinn\u00fdmi sjezdovkami a novou sjezdovkou Funslope, kde m\u016f\u017eete celodenn\u00ed ly\u017eov\u00e1n\u00ed zakon\u010dit drinkem v B\u00edl\u00e9m sal\u00f3nku.<\/p>\n<h2 id=\"10-ly\u017ea\u0159sk\u00e9-st\u0159edisko-4-berge-skischaukel-schladming-planai\">10. Ly\u017ea\u0159sk\u00e9 st\u0159edisko 4 Berge-Skischaukel Schladming-Planai<\/h2>\n<p>Kilometry sjezdovek: 123 km<\/p>\n<p>Nadmo\u0159sk\u00e1 v\u00fd\u0161ka: a\u017e 2 015 m n. m.<\/p>\n<div class=\"lyte-wrapper\" title=\"Snow Fun on the Planai in Ski amad&eacute;\" style=\"width:853px;max-width:100%;margin:5px auto;\"><div class=\"lyMe\" id=\"WYL_nXCwbV4PdEU\" itemprop=\"video\" itemscope itemtype=\"https:\/\/schema.org\/VideoObject\"><div><meta itemprop=\"thumbnailUrl\" content=\"https:\/\/i.ytimg.com\/vi\/nXCwbV4PdEU\/hqdefault.jpg\" \/><meta itemprop=\"embedURL\" content=\"https:\/\/www.youtube.com\/embed\/nXCwbV4PdEU\" \/><meta itemprop=\"duration\" content=\"PT31S\" \/><meta itemprop=\"uploadDate\" content=\"2023-12-29T12:39:43Z\" \/><\/div><div id=\"lyte_nXCwbV4PdEU\" data-src=\"https:\/\/i.ytimg.com\/vi\/nXCwbV4PdEU\/hqdefault.jpg\" class=\"pL\"><div class=\"tC\"><div class=\"tT\" itemprop=\"name\">Snow Fun on the Planai in Ski amad\u00e9<\/div><\/div><div class=\"play\"><\/div><div class=\"ctrl\"><div class=\"Lctrl\"><\/div><div class=\"Rctrl\"><\/div><\/div><\/div><noscript><a href=\"http:\/\/youtu.be\/nXCwbV4PdEU\" rel=\"nofollow\"><img loading=\"lazy\" decoding=\"async\" src=\"http:\/\/i.ytimg.com\/vi\/nXCwbV4PdEU\/0.jpg\" alt=\"Snow Fun on the Planai in Ski amad&eacute;\" width=\"853\" height=\"460\" \/><br \/>Watch this video on YouTube<\/a><\/noscript><meta itemprop=\"description\" content=\"Throwback to the first snow this season on the Planai in Schladming. #skiamade\"><\/div><\/div><div class=\"lL\" style=\"max-width:100%;width:853px;margin:5px auto;\"><br\/><span class=\"lyte_disclaimer\">Upozor\u0148ujeme tak\u00e9, \u017ee pou\u017e\u00edv\u00e1n\u00edm na\u0161ich slu\u017eeb a integrac\u00ed slu\u017eeb YouTube API plat\u00ed <a href=\"https:\/\/www.youtube.com\/t\/terms\">Smluvn\u00ed podm\u00ednky YouTube<\/a> a <a href=\"https:\/\/developers.google.com\/youtube\/terms\/api-services-terms-of-service-emea-de\">Smluvn\u00ed podm\u00ednky YouTube API<\/a> a va\u0161e pou\u017e\u00edv\u00e1n\u00ed na\u0161ich webov\u00fdch str\u00e1nek se pova\u017euje za souhlas s t\u011bmito podm\u00ednkami.<\/span><\/div><\/p>\n<p>V ly\u017ea\u0159sk\u00e9 <a href=\"https:\/\/www.snowtrex.cz\/rakousko\/schladming\/region_dachstein\/lyzarska_oblast.html\" target=\"_blank\" rel=\"noopener noreferrer\">oblasti Schladming-Dachstein-Ski-Amad\u00e9<\/a> se nach\u00e1z\u00ed osm ly\u017ea\u0159sk\u00fdch are\u00e1l\u016f, kter\u00e9 dohromady spojuje 232 kilometr\u016f upravovan\u00fdch sjezdovek. Jedn\u00edm z nich je <a href=\"https:\/\/www.snowtrex.cz\/rakousko\/pichl\/lyzarske-stredisko.html\" target=\"_blank\" rel=\"noopener noreferrer\">ly\u017ea\u0159sk\u00e1 oblast Vier-Berge-Skischaukel <\/a>mezi Hauser Kaibling a Reiteralm, kde na sebe plynule navazuje 123 kilometr\u016f sjezdovek. Ka\u017ed\u00e1 ze \u010dty\u0159 nejv\u011bt\u0161\u00edch \u0161t\u00fdrsk\u00fdch ly\u017ea\u0159sk\u00fdch hor nab\u00edz\u00ed jedine\u010dn\u00e9 v\u00fdhledy a r\u016fzn\u00e9 sportovn\u00ed zam\u011b\u0159en\u00ed.<\/p>\n<p>Nab\u00eddka s d\u011btsk\u00fdmi are\u00e1ly, fun parky, cross parkem, ostrovem pot\u011b\u0161en\u00ed s panoramatick\u00fdmi leh\u00e1tky, zvukovou sjezdovkou, sky WC, foto pointem, z\u00e1vodn\u00ed dr\u00e1hou s \u010dasom\u00edrou a n\u011bkolika sjezdovkami v \u00fadol\u00ed je pestr\u00e1 a z\u00e1bavn\u00e1. P\u0159\u00edm\u00e9 spojen\u00ed do ly\u017ea\u0159sk\u00e9ho are\u00e1lu z <a href=\"https:\/\/www.snowtrex.cz\/rakousko\/haus_im_ennstal\/lyzovani.html\" target=\"_blank\" rel=\"noopener\">Haus\/Ennstal<\/a>, <a href=\"https:\/\/www.snowtrex.cz\/rakousko\/schladming\/region_dachstein\/schladming\/lyzovani.html\" target=\"_blank\" rel=\"noopener\">Schladmingu<\/a>, <a href=\"https:\/\/www.snowtrex.cz\/rakousko\/pichl\/lyzovani.html\" target=\"_blank\" rel=\"noopener\">Pichlu<\/a> a Gleimingu zaji\u0161\u0165uj\u00ed vleky a gondoly.<\/p>\n<div class=\"tt-post-image-wrapper tt-post-image-wrapper-full\">\n            <div class=\"tt-image-copyright-container\">\n                <a href=\"https:\/\/www.snowtrex.cz\/magazin\/files\/2023\/08\/RS26675_shutterstock_1885320346-scr.jpg\" target=\"_blank\" rel=\"noopener\"><img loading=\"lazy\" decoding=\"async\" data-wrapped=\"true\" class=\"wp-image-48462 size-Artikelbild_gro\u00df\" title=\"Schladming a Planai jsou zn\u00e1m\u00e9 tak\u00e9 jako d\u011bji\u0161t\u011b mistrovstv\u00ed sv\u011bta v alpsk\u00e9m ly\u017eov\u00e1n\u00ed 2013\" src=\"https:\/\/www.snowtrex.cz\/magazin\/files\/2023\/08\/RS26675_shutterstock_1885320346-scr-729x486.jpg\" alt=\"Schladming a Planai jsou zn\u00e1m\u00e9 tak\u00e9 jako d\u011bji\u0161t\u011b mistrovstv\u00ed sv\u011bta v alpsk\u00e9m ly\u017eov\u00e1n\u00ed 2013\" width=\"729\" height=\"486\" srcset=\"https:\/\/www.snowtrex.cz\/magazin\/files\/2023\/08\/RS26675_shutterstock_1885320346-scr-729x486.jpg 729w, https:\/\/www.snowtrex.cz\/magazin\/files\/2023\/08\/RS26675_shutterstock_1885320346-scr-290x193.jpg 290w, https:\/\/www.snowtrex.cz\/magazin\/files\/2023\/08\/RS26675_shutterstock_1885320346-scr-728x485.jpg 728w, https:\/\/www.snowtrex.cz\/magazin\/files\/2023\/08\/RS26675_shutterstock_1885320346-scr-768x512.jpg 768w, https:\/\/www.snowtrex.cz\/magazin\/files\/2023\/08\/RS26675_shutterstock_1885320346-scr-468x312.jpg 468w, https:\/\/www.snowtrex.cz\/magazin\/files\/2023\/08\/RS26675_shutterstock_1885320346-scr-300x200.jpg 300w, https:\/\/www.snowtrex.cz\/magazin\/files\/2023\/08\/RS26675_shutterstock_1885320346-scr-999x666.jpg 999w, https:\/\/www.snowtrex.cz\/magazin\/files\/2023\/08\/RS26675_shutterstock_1885320346-scr-645x430.jpg 645w, https:\/\/www.snowtrex.cz\/magazin\/files\/2023\/08\/RS26675_shutterstock_1885320346-scr-552x368.jpg 552w, https:\/\/www.snowtrex.cz\/magazin\/files\/2023\/08\/RS26675_shutterstock_1885320346-scr-405x270.jpg 405w, https:\/\/www.snowtrex.cz\/magazin\/files\/2023\/08\/RS26675_shutterstock_1885320346-scr-336x224.jpg 336w, https:\/\/www.snowtrex.cz\/magazin\/files\/2023\/08\/RS26675_shutterstock_1885320346-scr-276x184.jpg 276w, https:\/\/www.snowtrex.cz\/magazin\/files\/2023\/08\/RS26675_shutterstock_1885320346-scr-234x156.jpg 234w, https:\/\/www.snowtrex.cz\/magazin\/files\/2023\/08\/RS26675_shutterstock_1885320346-scr-192x128.jpg 192w, https:\/\/www.snowtrex.cz\/magazin\/files\/2023\/08\/RS26675_shutterstock_1885320346-scr-120x80.jpg 120w, https:\/\/www.snowtrex.cz\/magazin\/files\/2023\/08\/RS26675_shutterstock_1885320346-scr-774x516.jpg 774w, https:\/\/www.snowtrex.cz\/magazin\/files\/2023\/08\/RS26675_shutterstock_1885320346-scr-2x1.jpg 2w, https:\/\/www.snowtrex.cz\/magazin\/files\/2023\/08\/RS26675_shutterstock_1885320346-scr.jpg 1440w\" sizes=\"(min-width: 1009px) 729px, (min-width: 819px) 594px, (min-width: 569px) 729px, (min-width: 449px) 468px, 348px\" \/><\/a><div class=\"tt-image-copyright\" data-image-id=\"48462\">\u00a9 Dietmar Rauscher\/Shutterstock<\/div>\n            <\/div>\n            <div class=\"tt-post-caption\">Schladming a Planai jsou zn\u00e1m\u00e9 tak\u00e9 jako d\u011bji\u0161t\u011b mistrovstv\u00ed sv\u011bta v alpsk\u00e9m ly\u017eov\u00e1n\u00ed 2013.<\/div>\n         <\/div > \n<p><strong>M\u00e1te chu\u0165 <a href=\"https:\/\/www.snowtrex.cz\/rakousko\/lyzovani.html\" target=\"_blank\" rel=\"noopener\">si zaly\u017eovat v Rakousku<\/a>? <\/strong><\/p>\n<h2 id=\"nej\u010dast\u011bj\u0161\u00ed-dotazy-k-nejv\u011bt\u0161\u00edm-ly\u017ea\u0159sk\u00fdm-st\u0159edisk\u016fm-v-rakousku\">Nej\u010dast\u011bj\u0161\u00ed dotazy k nejv\u011bt\u0161\u00edm ly\u017ea\u0159sk\u00fdm st\u0159edisk\u016fm v Rakousku<\/h2>\n<h3>Jak\u00e1 jsou t\u0159i nejv\u011bt\u0161\u00ed ly\u017ea\u0159sk\u00e1 st\u0159ediska v Rakousku?<\/h3>\n<p>Na vrcholu \u017eeb\u0159\u00ed\u010dku t\u0159\u00ed nejv\u011bt\u0161\u00edch ly\u017ea\u0159sk\u00fdch are\u00e1l\u016f v Rakousku stoj\u00ed ly\u017ea\u0159sk\u00fd are\u00e1l Ski Arlberg, kter\u00fd je pova\u017eov\u00e1n za kol\u00e9bku alpsk\u00fdch zimn\u00edch sport\u016f v Rakousku a s 302 kilometry sjezdovek je nejv\u011bt\u0161\u00edm propojen\u00fdm ly\u017ea\u0159sk\u00fdm are\u00e1lem v zemi. Na druh\u00e9m m\u00edst\u011b je Skicircus Saalbach-Hinterglemm Leogang Fieberbrunn, nejv\u011bt\u0161\u00ed ly\u017ea\u0159sk\u00e1 oblast v Salcbursku s 270 kilometry sjezdovek. Trojici nejlep\u0161\u00edch dopl\u0148uje SkiWelt Wilder Kaiser-Brixental s 244 kilometry sjezdovek.<\/p>\n<h3>Kter\u00e9 z nejv\u011bt\u0161\u00edch ly\u017ea\u0159sk\u00fdch are\u00e1l\u016f v Rakousku nab\u00edzej\u00ed jedine\u010dn\u00e9 z\u00e1\u017eitky, nap\u0159\u00edklad ve\u010dern\u00ed ly\u017eov\u00e1n\u00ed nebo ly\u017eov\u00e1n\u00ed na ledovci?<\/h3>\n<p>N\u011bkter\u00e1 z nejv\u011bt\u0161\u00edch rakousk\u00fdch ly\u017ea\u0159sk\u00fdch st\u0159edisek nab\u00edzej\u00ed speci\u00e1ln\u00ed aktivity pro jedine\u010dn\u00e9 z\u00e1\u017eitky z ly\u017eov\u00e1n\u00ed. Nap\u0159\u00edklad SkiWelt Wilder Kaiser-Brixental l\u00e1k\u00e1 n\u00e1v\u0161t\u011bvn\u00edky na osv\u011btlen\u00e9 no\u010dn\u00ed s\u00e1\u0148ka\u0159sk\u00e9 dr\u00e1hy, kter\u00e9 jsou v\u017edy po z\u00e1padu slunce vhodn\u00e9 pro vzru\u0161uj\u00edc\u00ed a ak\u010dn\u00ed z\u00e1\u017eitky na sn\u011bhu. S\u00f6lden se sv\u00fdmi dv\u011bma ledovci nab\u00edz\u00ed ly\u017eov\u00e1n\u00ed na ledovci a\u017e do v\u00fd\u0161ky 3 340 metr\u016f, co\u017e z n\u011bj \u010din\u00ed ide\u00e1ln\u00ed c\u00edl pro vysokohorsk\u00e9 ly\u017ea\u0159e.<\/p>\n<h3>Jak\u00e9 atrakce nab\u00edzej\u00ed nejv\u011bt\u0161\u00ed rakousk\u00e1 ly\u017ea\u0159sk\u00e1 st\u0159ediska mimo sjezdovky?<\/h3>\n<p>Nejv\u011bt\u0161\u00ed rakousk\u00e1 ly\u017ea\u0159sk\u00e1 st\u0159ediska nab\u00edzej\u00ed pestr\u00fd program i mimo sjezdovky. Ly\u017ea\u0159sk\u00e1 oblast Ski Arlberg je zn\u00e1m\u00e1 nejen sv\u00fdmi sjezdovkami, ale tak\u00e9 ru\u0161n\u00fdm apr\u00e9s-ski \u017eivotem ve Svat\u00e9m Antonu. SkiWelt Wilder Kaiser-Brixental nab\u00edz\u00ed krom\u011b ly\u017eov\u00e1n\u00ed tak\u00e9 \u017eivou apr\u00e8s-ski sc\u00e9nu. V Serfaus-Fiss-Ladis jsou rodiny obzvl\u00e1\u0161t\u011b v\u00edt\u00e1ny d\u00edky nab\u00eddk\u00e1m, jako je d\u011btsk\u00fd ly\u017ea\u0159sk\u00fd are\u00e1l a p\u016fj\u010dovna e-buggy. Zillertal Arena je dal\u0161\u00edm m\u00edstem pro rodiny s d\u011btmi s hostuj\u00edc\u00ed \u0161kolkou a \u010detn\u00fdmi aktivitami pro d\u011bti i dosp\u011bl\u00e9.<\/p>\n<h3>Kter\u00e1 z nejv\u011bt\u0161\u00edch rakousk\u00fdch ly\u017ea\u0159sk\u00fdch st\u0159edisek jsou nejv\u00fd\u0161e polo\u017een\u00e1 a nab\u00edzej\u00ed tak nejlep\u0161\u00ed z\u00e1ruku sn\u011bhu?<\/h3>\n<p>N\u011bkter\u00e1 z nejv\u011bt\u0161\u00edch ly\u017ea\u0159sk\u00fdch st\u0159edisek v Rakousku pat\u0159\u00ed tak\u00e9 k nejv\u00fd\u0161e polo\u017een\u00fdm. S\u00f6lden se sv\u00fdmi dv\u011bma ledovci a nadmo\u0159skou v\u00fd\u0161kou a\u017e 3 340 m pat\u0159\u00ed k ly\u017ea\u0159sk\u00fdm st\u0159edisk\u016fm s nejv\u011bt\u0161\u00ed z\u00e1rukou sn\u011bhu pro ly\u017ea\u0159skou dovolenou v Rakousku. Silvretta Arena Ischgl-Samnaun s maxim\u00e1ln\u00ed nadmo\u0159skou v\u00fd\u0161kou 2 872 m a Ski Arlberg s nadmo\u0159skou v\u00fd\u0161kou 2 806 m rovn\u011b\u017e nab\u00edzej\u00ed v zim\u011b zaru\u010den\u00fd sn\u00edh.<\/p>\n","protected":false},"excerpt":{"rendered":"<p>Pokud m\u00e1te chu\u0165 na opravdu mnoho kilometr\u016f sjezdovek, rakousk\u00e1 ly\u017ea\u0159sk\u00e1 st\u0159ediska jsou pro v\u00e1s ide\u00e1ln\u00edm m\u00edstem. SnowTrex p\u0159edstavuje 10 nejv\u011bt\u0161\u00edch ly\u017ea\u0159sk\u00fdch st\u0159edisek v Rakousku s nejv\u011bt\u0161\u00edm po\u010dtem kilometr\u016f sjezdovek.<\/p>\n","protected":false},"author":178,"featured_media":52189,"comment_status":"closed","ping_status":"closed","sticky":false,"template":"","format":"standard","meta":{"footnotes":""},"categories":[11],"tags":[358,430,43,44,45,46,47,48,49,24,377,51,26,52,431,54,28,432,55,56,57,31,362,433,434,58,351,350,59,33,224,364,61,34,435,62,436,35,63,36,437,64,65,438,355,365,66,67,68,383,69],"class_list":["post-16179","post","type-post","status-publish","format-standard","has-post-thumbnail","hentry","category-top-10","tag-arlberg","tag-bregenzerwald","tag-brixen_im_thale","tag-ellmau","tag-fieberbrunn","tag-flirsch","tag-going","tag-grobming","tag-haus_im_ennstal","tag-hinterglemm","tag-hippach_schwendau_ramsau","tag-hopfgarten","tag-ischgl","tag-itter","tag-jochberg_in_tirol","tag-kirchberg","tag-kitzbuhel","tag-kitzbuhelske_alpy","tag-langenfeld","tag-lech","tag-leogang","tag-mayrhofen","tag-oberinntal","tag-otztal","tag-paznauntal","tag-pichl","tag-pillerseetal","tag-rakousko","tag-ramsau_am_dachstein","tag-saalbach","tag-saalbach-hinterglemm","tag-salcbursko","tag-scheffau","tag-schladming","tag-schladming-dachstein","tag-serfaus-fiss-ladis","tag-skiwelt_wilder_kaiser_brixental","tag-solden","tag-soll","tag-st-_anton","tag-st-_anton_am_arlberg","tag-strengen_am_arlberg","tag-stuben","tag-styrsko","tag-tyrolsko","tag-vorarlbersko","tag-warth-schrocken","tag-westendorf","tag-zell_am_ziller","tag-zillertal","tag-zurs"],"yoast_head":"<!-- This site is optimized with the Yoast SEO Premium plugin v27.3 (Yoast SEO v27.3) - https:\/\/yoast.com\/product\/yoast-seo-premium-wordpress\/ -->\n<title>10 nejv\u011bt\u0161\u00edch ly\u017ea\u0159sk\u00fdch st\u0159edisek v Rakousku<\/title>\n<meta name=\"description\" content=\"Ly\u017ea\u0159sk\u00e1 st\u0159ediska se sv\u00fdmi kilometry sjezdovek neust\u00e1le p\u0159edh\u00e1n\u011bj\u00ed. SnowTrex p\u0159edstavuje aktu\u00e1ln\u00edch 10 nejv\u011bt\u0161\u00edch ly\u017ea\u0159sk\u00fdch st\u0159edisek v Rakousku.\" \/>\n<meta name=\"robots\" content=\"index, follow, max-snippet:-1, max-image-preview:large, max-video-preview:-1\" \/>\n<link rel=\"canonical\" href=\"https:\/\/www.snowtrex.cz\/magazin\/top-10\/nejvetsi-lyzarska-strediska-v-rakousku\/\" \/>\n<meta property=\"og:locale\" content=\"cs_CZ\" \/>\n<meta property=\"og:type\" content=\"article\" \/>\n<meta property=\"og:title\" content=\"10 nejv\u011bt\u0161\u00edch ly\u017ea\u0159sk\u00fdch st\u0159edisek v Rakousku\" \/>\n<meta property=\"og:description\" content=\"Pokud m\u00e1te chu\u0165 na opravdu mnoho kilometr\u016f sjezdovek, rakousk\u00e1 ly\u017ea\u0159sk\u00e1 st\u0159ediska jsou pro v\u00e1s ide\u00e1ln\u00edm m\u00edstem. SnowTrex p\u0159edstavuje 10 nejv\u011bt\u0161\u00edch ly\u017ea\u0159sk\u00fdch st\u0159edisek v Rakousku s nejv\u011bt\u0161\u00edm po\u010dtem kilometr\u016f sjezdovek.\" \/>\n<meta property=\"og:url\" content=\"https:\/\/www.snowtrex.cz\/magazin\/top-10\/nejvetsi-lyzarska-strediska-v-rakousku\/\" \/>\n<meta property=\"og:site_name\" content=\"SnowTrex Ski-Magaz\u00edn\" \/>\n<meta property=\"article:publisher\" content=\"https:\/\/www.facebook.com\/snowtrex\" \/>\n<meta property=\"article:author\" content=\"https:\/\/www.facebook.com\/snowtrex\/\" \/>\n<meta property=\"article:published_time\" content=\"2026-03-24T00:00:00+00:00\" \/>\n<meta property=\"article:modified_time\" content=\"2026-04-09T09:35:59+00:00\" \/>\n<meta name=\"author\" content=\"SnowTrex\" \/>\n<meta name=\"twitter:card\" content=\"summary_large_image\" \/>\n<meta name=\"twitter:image\" content=\"https:\/\/www.snowtrex.cz\/magazin\/files\/2023\/11\/RS16397_shutterstock_78915928-hsc.jpg\" \/>\n<meta name=\"twitter:label1\" content=\"Napsal(a)\" \/>\n\t<meta name=\"twitter:data1\" content=\"SnowTrex\" \/>\n\t<meta name=\"twitter:label2\" content=\"Odhadovan\u00e1 doba \u010dten\u00ed\" \/>\n\t<meta name=\"twitter:data2\" content=\"11 minut\" \/>\n<script type=\"application\/ld+json\" class=\"yoast-schema-graph\">{\"@context\":\"https:\\\/\\\/schema.org\",\"@graph\":[{\"@type\":\"Article\",\"@id\":\"http:\\\/\\\/wp-magazin.snowtrex.cz\\\/top-10\\\/nejvetsi-lyzarska-strediska-v-rakousku\\\/#article\",\"isPartOf\":{\"@id\":\"http:\\\/\\\/wp-magazin.snowtrex.cz\\\/top-10\\\/nejvetsi-lyzarska-strediska-v-rakousku\\\/\"},\"author\":{\"name\":\"SnowTrex\",\"@id\":\"http:\\\/\\\/wp-magazin.snowtrex.cz\\\/#\\\/schema\\\/person\\\/ad1887a4d155ef6b5b8b4fc8990d92dd\"},\"headline\":\"10 nejv\u011bt\u0161\u00edch ly\u017ea\u0159sk\u00fdch st\u0159edisek v Rakousku\",\"datePublished\":\"2026-03-24T00:00:00+00:00\",\"dateModified\":\"2026-04-09T09:35:59+00:00\",\"mainEntityOfPage\":{\"@id\":\"http:\\\/\\\/wp-magazin.snowtrex.cz\\\/top-10\\\/nejvetsi-lyzarska-strediska-v-rakousku\\\/\"},\"wordCount\":2414,\"publisher\":{\"@id\":\"http:\\\/\\\/wp-magazin.snowtrex.cz\\\/#organization\"},\"image\":{\"@id\":\"http:\\\/\\\/wp-magazin.snowtrex.cz\\\/top-10\\\/nejvetsi-lyzarska-strediska-v-rakousku\\\/#primaryimage\"},\"thumbnailUrl\":\"http:\\\/\\\/wp-magazin.snowtrex.cz\\\/files\\\/2023\\\/11\\\/RS16397_shutterstock_78915928-hsc.jpg\",\"keywords\":[\"Arlberg\",\"Bregenzerwald\",\"Brixen im Thale\",\"Ellmau\",\"Fieberbrunn\",\"Flirsch\",\"Going\",\"Gr\u00f6bming\",\"Haus im Ennstal\",\"Hinterglemm\",\"Hippach - Schwendau - Ramsau\",\"Hopfgarten\",\"Ischgl\",\"Itter\",\"Jochberg in Tirol\",\"Kirchberg\",\"Kitzb\u00fchel\",\"Kitzb\u00fchelsk\u00e9 Alpy\",\"L\u00e4ngenfeld\",\"Lech\",\"Leogang\",\"Mayrhofen\",\"Oberinntal\",\"\u00d6tztal\",\"Paznauntal\",\"Pichl\",\"Pillerseetal\",\"Rakousko\",\"Ramsau am Dachstein\",\"Saalbach\",\"Saalbach-Hinterglemm\",\"Salcbursko\",\"Scheffau\",\"Schladming\",\"Schladming Dachstein\",\"Serfaus-Fiss-Ladis\",\"SkiWelt Wilder Kaiser-Brixental\",\"S\u00f6lden\",\"S\u00f6ll\",\"St. Anton\",\"St. Anton am Arlberg\",\"Strengen am Arlberg\",\"Stuben\",\"\u0160t\u00fdrsko\",\"Tyrolsko\",\"Vorarlbersko\",\"Warth-Schr\u00f6cken\",\"Westendorf\",\"Zell am Ziller\",\"Zillertal\",\"Z\u00fcrs\"],\"articleSection\":[\"Top 10\"],\"inLanguage\":\"cs\"},{\"@type\":\"WebPage\",\"@id\":\"http:\\\/\\\/wp-magazin.snowtrex.cz\\\/top-10\\\/nejvetsi-lyzarska-strediska-v-rakousku\\\/\",\"url\":\"http:\\\/\\\/wp-magazin.snowtrex.cz\\\/top-10\\\/nejvetsi-lyzarska-strediska-v-rakousku\\\/\",\"name\":\"10 nejv\u011bt\u0161\u00edch ly\u017ea\u0159sk\u00fdch st\u0159edisek v Rakousku\",\"primaryImageOfPage\":{\"@id\":\"http:\\\/\\\/wp-magazin.snowtrex.cz\\\/top-10\\\/nejvetsi-lyzarska-strediska-v-rakousku\\\/#primaryimage\"},\"image\":{\"@id\":\"http:\\\/\\\/wp-magazin.snowtrex.cz\\\/top-10\\\/nejvetsi-lyzarska-strediska-v-rakousku\\\/#primaryimage\"},\"thumbnailUrl\":\"http:\\\/\\\/wp-magazin.snowtrex.cz\\\/files\\\/2023\\\/11\\\/RS16397_shutterstock_78915928-hsc.jpg\",\"datePublished\":\"2026-03-24T00:00:00+00:00\",\"dateModified\":\"2026-04-09T09:35:59+00:00\",\"description\":\"Ly\u017ea\u0159sk\u00e1 st\u0159ediska se sv\u00fdmi kilometry sjezdovek neust\u00e1le p\u0159edh\u00e1n\u011bj\u00ed. SnowTrex p\u0159edstavuje aktu\u00e1ln\u00edch 10 nejv\u011bt\u0161\u00edch ly\u017ea\u0159sk\u00fdch st\u0159edisek v Rakousku.\",\"inLanguage\":\"cs\"},{\"@type\":\"ImageObject\",\"inLanguage\":\"cs\",\"@id\":\"http:\\\/\\\/wp-magazin.snowtrex.cz\\\/top-10\\\/nejvetsi-lyzarska-strediska-v-rakousku\\\/#primaryimage\",\"url\":\"http:\\\/\\\/wp-magazin.snowtrex.cz\\\/files\\\/2023\\\/11\\\/RS16397_shutterstock_78915928-hsc.jpg\",\"contentUrl\":\"http:\\\/\\\/wp-magazin.snowtrex.cz\\\/files\\\/2023\\\/11\\\/RS16397_shutterstock_78915928-hsc.jpg\",\"width\":1920,\"height\":1280,\"caption\":\"Quelle: Shutterstock (Standard Lizenz); Frei (Web, Print, SocialMedia) RED+ \u00a9\"},{\"@type\":\"WebSite\",\"@id\":\"http:\\\/\\\/wp-magazin.snowtrex.cz\\\/#website\",\"url\":\"http:\\\/\\\/wp-magazin.snowtrex.cz\\\/\",\"name\":\"SnowTrex Ski-Magaz\u00edn\",\"description\":\"V\u0161e o ly\u017eov\u00e1n\u00ed, snowboardingu a zimn\u00ed dovolen\u00e9!\",\"publisher\":{\"@id\":\"http:\\\/\\\/wp-magazin.snowtrex.cz\\\/#organization\"},\"inLanguage\":\"cs\"},{\"@type\":\"Organization\",\"@id\":\"http:\\\/\\\/wp-magazin.snowtrex.cz\\\/#organization\",\"name\":\"TravelTrex GmbH\",\"url\":\"http:\\\/\\\/wp-magazin.snowtrex.cz\\\/\",\"logo\":{\"@type\":\"ImageObject\",\"inLanguage\":\"cs\",\"@id\":\"http:\\\/\\\/wp-magazin.snowtrex.cz\\\/#\\\/schema\\\/logo\\\/image\\\/\",\"url\":\"http:\\\/\\\/wp-magazin.snowtrex.cz\\\/files\\\/2025\\\/09\\\/TravelTrex-Logo_RGB_transp.png\",\"contentUrl\":\"http:\\\/\\\/wp-magazin.snowtrex.cz\\\/files\\\/2025\\\/09\\\/TravelTrex-Logo_RGB_transp.png\",\"width\":1080,\"height\":282,\"caption\":\"TravelTrex GmbH\"},\"image\":{\"@id\":\"http:\\\/\\\/wp-magazin.snowtrex.cz\\\/#\\\/schema\\\/logo\\\/image\\\/\"},\"sameAs\":[\"https:\\\/\\\/www.facebook.com\\\/snowtrex\",\"https:\\\/\\\/www.instagram.com\\\/snowtrex_ski\"],\"description\":\"Od roku 1999 je SnowTrex p\u0159edn\u00edm n\u011bmeck\u00fdm cestovn\u00edm kancel\u00e1\u0159\u00edm pro ly\u017ea\u0159sk\u00e9 dovolen\u00e9. Spole\u010dnost nab\u00edz\u00ed sv\u00e9 slu\u017eby ve 13 jazyc\u00edch a ka\u017edoro\u010dn\u011b doprav\u00ed v\u00edce ne\u017e 100 000 host\u016f do obl\u00edben\u00fdch destinac\u00ed, jako je Rakousko, Francie, It\u00e1lie, \u0160v\u00fdcarsko a N\u011bmecko.\",\"email\":\"info-cz@snowtrex.com\",\"telephone\":\"234 495 495\",\"legalName\":\"TravelTrex GmbH\",\"foundingDate\":\"1999-07-01\",\"vatID\":\"DE 813 076 768\",\"numberOfEmployees\":{\"@type\":\"QuantitativeValue\",\"minValue\":\"51\",\"maxValue\":\"200\"}},{\"@type\":\"Person\",\"@id\":\"http:\\\/\\\/wp-magazin.snowtrex.cz\\\/#\\\/schema\\\/person\\\/ad1887a4d155ef6b5b8b4fc8990d92dd\",\"name\":\"SnowTrex\",\"description\":\"Redakce \u010dasopisu SnowTrex sdru\u017euje zku\u0161en\u00e9 zimn\u00ed sportovce a cestovn\u00ed experty, kte\u0159\u00ed svou v\u00e1\u0161e\u0148 prom\u00edtaj\u00ed do fundovan\u00fdch \u010dl\u00e1nk\u016f o ly\u017ea\u0159sk\u00fdch st\u0159edisc\u00edch, vybaven\u00ed a cestovn\u00edch tipech. Od roku 1999 je SnowTrex p\u0159edn\u00edm n\u011bmeck\u00fdm cestovn\u00edm kancel\u00e1\u0159em pro ly\u017ea\u0159sk\u00e9 dovolen\u00e9. Spole\u010dnost nab\u00edz\u00ed sv\u00e9 slu\u017eby ve 13 jazyc\u00edch a ka\u017edoro\u010dn\u011b doprav\u00ed p\u0159es 100 000 host\u016f do obl\u00edben\u00fdch destinac\u00ed, jako je Rakousko, Francie, It\u00e1lie, \u0160v\u00fdcarsko a N\u011bmecko.\",\"sameAs\":[\"https:\\\/\\\/www.snowtrex.cz\\\/\",\"https:\\\/\\\/www.facebook.com\\\/snowtrex\\\/\",\"https:\\\/\\\/www.instagram.com\\\/snowtrex_ski\\\/\",\"https:\\\/\\\/www.youtube.com\\\/c\\\/SnowTrex\"]}]}<\/script>\n<!-- \/ Yoast SEO Premium plugin. -->","yoast_head_json":{"title":"10 nejv\u011bt\u0161\u00edch ly\u017ea\u0159sk\u00fdch st\u0159edisek v Rakousku","description":"Ly\u017ea\u0159sk\u00e1 st\u0159ediska se sv\u00fdmi kilometry sjezdovek neust\u00e1le p\u0159edh\u00e1n\u011bj\u00ed. SnowTrex p\u0159edstavuje aktu\u00e1ln\u00edch 10 nejv\u011bt\u0161\u00edch ly\u017ea\u0159sk\u00fdch st\u0159edisek v Rakousku.","robots":{"index":"index","follow":"follow","max-snippet":"max-snippet:-1","max-image-preview":"max-image-preview:large","max-video-preview":"max-video-preview:-1"},"canonical":"https:\/\/www.snowtrex.cz\/magazin\/top-10\/nejvetsi-lyzarska-strediska-v-rakousku\/","og_locale":"cs_CZ","og_type":"article","og_title":"10 nejv\u011bt\u0161\u00edch ly\u017ea\u0159sk\u00fdch st\u0159edisek v Rakousku","og_description":"Pokud m\u00e1te chu\u0165 na opravdu mnoho kilometr\u016f sjezdovek, rakousk\u00e1 ly\u017ea\u0159sk\u00e1 st\u0159ediska jsou pro v\u00e1s ide\u00e1ln\u00edm m\u00edstem. SnowTrex p\u0159edstavuje 10 nejv\u011bt\u0161\u00edch ly\u017ea\u0159sk\u00fdch st\u0159edisek v Rakousku s nejv\u011bt\u0161\u00edm po\u010dtem kilometr\u016f sjezdovek.","og_url":"https:\/\/www.snowtrex.cz\/magazin\/top-10\/nejvetsi-lyzarska-strediska-v-rakousku\/","og_site_name":"SnowTrex Ski-Magaz\u00edn","article_publisher":"https:\/\/www.facebook.com\/snowtrex","article_author":"https:\/\/www.facebook.com\/snowtrex\/","article_published_time":"2026-03-24T00:00:00+00:00","article_modified_time":"2026-04-09T09:35:59+00:00","author":"SnowTrex","twitter_card":"summary_large_image","twitter_image":"https:\/\/www.snowtrex.cz\/magazin\/files\/2023\/11\/RS16397_shutterstock_78915928-hsc.jpg","twitter_misc":{"Napsal(a)":"SnowTrex","Odhadovan\u00e1 doba \u010dten\u00ed":"11 minut"},"schema":{"@context":"https:\/\/schema.org","@graph":[{"@type":"Article","@id":"https:\/\/www.snowtrex.cz\/magazin\/top-10\/nejvetsi-lyzarska-strediska-v-rakousku\/#article","isPartOf":{"@id":"https:\/\/www.snowtrex.cz\/magazin\/top-10\/nejvetsi-lyzarska-strediska-v-rakousku\/"},"author":{"name":"SnowTrex","@id":"https:\/\/www.snowtrex.cz\/magazin\/#\/schema\/person\/ad1887a4d155ef6b5b8b4fc8990d92dd"},"headline":"10 nejv\u011bt\u0161\u00edch ly\u017ea\u0159sk\u00fdch st\u0159edisek v Rakousku","datePublished":"2026-03-24T00:00:00+00:00","dateModified":"2026-04-09T09:35:59+00:00","mainEntityOfPage":{"@id":"https:\/\/www.snowtrex.cz\/magazin\/top-10\/nejvetsi-lyzarska-strediska-v-rakousku\/"},"wordCount":2414,"publisher":{"@id":"https:\/\/www.snowtrex.cz\/magazin\/#organization"},"image":{"@id":"https:\/\/www.snowtrex.cz\/magazin\/top-10\/nejvetsi-lyzarska-strediska-v-rakousku\/#primaryimage"},"thumbnailUrl":"https:\/\/www.snowtrex.cz\/magazin\/files\/2023\/11\/RS16397_shutterstock_78915928-hsc.jpg","keywords":["Arlberg","Bregenzerwald","Brixen im Thale","Ellmau","Fieberbrunn","Flirsch","Going","Gr\u00f6bming","Haus im Ennstal","Hinterglemm","Hippach - Schwendau - Ramsau","Hopfgarten","Ischgl","Itter","Jochberg in Tirol","Kirchberg","Kitzb\u00fchel","Kitzb\u00fchelsk\u00e9 Alpy","L\u00e4ngenfeld","Lech","Leogang","Mayrhofen","Oberinntal","\u00d6tztal","Paznauntal","Pichl","Pillerseetal","Rakousko","Ramsau am Dachstein","Saalbach","Saalbach-Hinterglemm","Salcbursko","Scheffau","Schladming","Schladming Dachstein","Serfaus-Fiss-Ladis","SkiWelt Wilder Kaiser-Brixental","S\u00f6lden","S\u00f6ll","St. Anton","St. Anton am Arlberg","Strengen am Arlberg","Stuben","\u0160t\u00fdrsko","Tyrolsko","Vorarlbersko","Warth-Schr\u00f6cken","Westendorf","Zell am Ziller","Zillertal","Z\u00fcrs"],"articleSection":["Top 10"],"inLanguage":"cs"},{"@type":"WebPage","@id":"https:\/\/www.snowtrex.cz\/magazin\/top-10\/nejvetsi-lyzarska-strediska-v-rakousku\/","url":"https:\/\/www.snowtrex.cz\/magazin\/top-10\/nejvetsi-lyzarska-strediska-v-rakousku\/","name":"10 nejv\u011bt\u0161\u00edch ly\u017ea\u0159sk\u00fdch st\u0159edisek v Rakousku","primaryImageOfPage":{"@id":"https:\/\/www.snowtrex.cz\/magazin\/top-10\/nejvetsi-lyzarska-strediska-v-rakousku\/#primaryimage"},"image":{"@id":"https:\/\/www.snowtrex.cz\/magazin\/top-10\/nejvetsi-lyzarska-strediska-v-rakousku\/#primaryimage"},"thumbnailUrl":"https:\/\/www.snowtrex.cz\/magazin\/files\/2023\/11\/RS16397_shutterstock_78915928-hsc.jpg","datePublished":"2026-03-24T00:00:00+00:00","dateModified":"2026-04-09T09:35:59+00:00","description":"Ly\u017ea\u0159sk\u00e1 st\u0159ediska se sv\u00fdmi kilometry sjezdovek neust\u00e1le p\u0159edh\u00e1n\u011bj\u00ed. SnowTrex p\u0159edstavuje aktu\u00e1ln\u00edch 10 nejv\u011bt\u0161\u00edch ly\u017ea\u0159sk\u00fdch st\u0159edisek v Rakousku.","inLanguage":"cs"},{"@type":"ImageObject","inLanguage":"cs","@id":"https:\/\/www.snowtrex.cz\/magazin\/top-10\/nejvetsi-lyzarska-strediska-v-rakousku\/#primaryimage","url":"https:\/\/www.snowtrex.cz\/magazin\/files\/2023\/11\/RS16397_shutterstock_78915928-hsc.jpg","contentUrl":"https:\/\/www.snowtrex.cz\/magazin\/files\/2023\/11\/RS16397_shutterstock_78915928-hsc.jpg","width":1920,"height":1280,"caption":"Quelle: Shutterstock (Standard Lizenz); Frei (Web, Print, SocialMedia) RED+ \u00a9"},{"@type":"WebSite","@id":"https:\/\/www.snowtrex.cz\/magazin\/#website","url":"https:\/\/www.snowtrex.cz\/magazin\/","name":"SnowTrex Ski-Magaz\u00edn","description":"V\u0161e o ly\u017eov\u00e1n\u00ed, snowboardingu a zimn\u00ed dovolen\u00e9!","publisher":{"@id":"https:\/\/www.snowtrex.cz\/magazin\/#organization"},"inLanguage":"cs"},{"@type":"Organization","@id":"https:\/\/www.snowtrex.cz\/magazin\/#organization","name":"TravelTrex GmbH","url":"https:\/\/www.snowtrex.cz\/magazin\/","logo":{"@type":"ImageObject","inLanguage":"cs","@id":"https:\/\/www.snowtrex.cz\/magazin\/#\/schema\/logo\/image\/","url":"https:\/\/www.snowtrex.cz\/magazin\/files\/2025\/09\/TravelTrex-Logo_RGB_transp.png","contentUrl":"https:\/\/www.snowtrex.cz\/magazin\/files\/2025\/09\/TravelTrex-Logo_RGB_transp.png","width":1080,"height":282,"caption":"TravelTrex GmbH"},"image":{"@id":"https:\/\/www.snowtrex.cz\/magazin\/#\/schema\/logo\/image\/"},"sameAs":["https:\/\/www.facebook.com\/snowtrex","https:\/\/www.instagram.com\/snowtrex_ski"],"description":"Od roku 1999 je SnowTrex p\u0159edn\u00edm n\u011bmeck\u00fdm cestovn\u00edm kancel\u00e1\u0159\u00edm pro ly\u017ea\u0159sk\u00e9 dovolen\u00e9. Spole\u010dnost nab\u00edz\u00ed sv\u00e9 slu\u017eby ve 13 jazyc\u00edch a ka\u017edoro\u010dn\u011b doprav\u00ed v\u00edce ne\u017e 100 000 host\u016f do obl\u00edben\u00fdch destinac\u00ed, jako je Rakousko, Francie, It\u00e1lie, \u0160v\u00fdcarsko a N\u011bmecko.","email":"info-cz@snowtrex.com","telephone":"234 495 495","legalName":"TravelTrex GmbH","foundingDate":"1999-07-01","vatID":"DE 813 076 768","numberOfEmployees":{"@type":"QuantitativeValue","minValue":"51","maxValue":"200"}},{"@type":"Person","@id":"https:\/\/www.snowtrex.cz\/magazin\/#\/schema\/person\/ad1887a4d155ef6b5b8b4fc8990d92dd","name":"SnowTrex","description":"Redakce \u010dasopisu SnowTrex sdru\u017euje zku\u0161en\u00e9 zimn\u00ed sportovce a cestovn\u00ed experty, kte\u0159\u00ed svou v\u00e1\u0161e\u0148 prom\u00edtaj\u00ed do fundovan\u00fdch \u010dl\u00e1nk\u016f o ly\u017ea\u0159sk\u00fdch st\u0159edisc\u00edch, vybaven\u00ed a cestovn\u00edch tipech. Od roku 1999 je SnowTrex p\u0159edn\u00edm n\u011bmeck\u00fdm cestovn\u00edm kancel\u00e1\u0159em pro ly\u017ea\u0159sk\u00e9 dovolen\u00e9. Spole\u010dnost nab\u00edz\u00ed sv\u00e9 slu\u017eby ve 13 jazyc\u00edch a ka\u017edoro\u010dn\u011b doprav\u00ed p\u0159es 100 000 host\u016f do obl\u00edben\u00fdch destinac\u00ed, jako je Rakousko, Francie, It\u00e1lie, \u0160v\u00fdcarsko a N\u011bmecko.","sameAs":["https:\/\/www.snowtrex.cz\/","https:\/\/www.facebook.com\/snowtrex\/","https:\/\/www.instagram.com\/snowtrex_ski\/","https:\/\/www.youtube.com\/c\/SnowTrex"]}]}},"wp-worthy-pixel":{"ignored":false,"public":null,"server":null,"url":null},"wp-worthy-type":"normal","_links":{"self":[{"href":"https:\/\/www.snowtrex.cz\/magazin\/wp-json\/wp\/v2\/posts\/16179","targetHints":{"allow":["GET"]}}],"collection":[{"href":"https:\/\/www.snowtrex.cz\/magazin\/wp-json\/wp\/v2\/posts"}],"about":[{"href":"https:\/\/www.snowtrex.cz\/magazin\/wp-json\/wp\/v2\/types\/post"}],"author":[{"embeddable":true,"href":"https:\/\/www.snowtrex.cz\/magazin\/wp-json\/wp\/v2\/users\/178"}],"replies":[{"embeddable":true,"href":"https:\/\/www.snowtrex.cz\/magazin\/wp-json\/wp\/v2\/comments?post=16179"}],"version-history":[{"count":17,"href":"https:\/\/www.snowtrex.cz\/magazin\/wp-json\/wp\/v2\/posts\/16179\/revisions"}],"predecessor-version":[{"id":63539,"href":"https:\/\/www.snowtrex.cz\/magazin\/wp-json\/wp\/v2\/posts\/16179\/revisions\/63539"}],"wp:featuredmedia":[{"embeddable":true,"href":"https:\/\/www.snowtrex.cz\/magazin\/wp-json\/wp\/v2\/media\/52189"}],"wp:attachment":[{"href":"https:\/\/www.snowtrex.cz\/magazin\/wp-json\/wp\/v2\/media?parent=16179"}],"wp:term":[{"taxonomy":"category","embeddable":true,"href":"https:\/\/www.snowtrex.cz\/magazin\/wp-json\/wp\/v2\/categories?post=16179"},{"taxonomy":"post_tag","embeddable":true,"href":"https:\/\/www.snowtrex.cz\/magazin\/wp-json\/wp\/v2\/tags?post=16179"}],"curies":[{"name":"wp","href":"https:\/\/api.w.org\/{rel}","templated":true}]}}