{"id":15871,"date":"2024-11-28T15:15:06","date_gmt":"2024-11-28T14:15:06","guid":{"rendered":"http:\/\/blog.snowtrex.com\/de\/?p=15871"},"modified":"2025-10-30T16:37:17","modified_gmt":"2025-10-30T15:37:17","slug":"vanocni-trhy-v-alpach","status":"publish","type":"post","link":"https:\/\/www.snowtrex.cz\/magazin\/udalost\/vanocni-trhy-v-alpach\/","title":{"rendered":"Kouzlo adventu: nejkr\u00e1sn\u011bj\u0161\u00ed v\u00e1no\u010dn\u00ed trhy v Alp\u00e1ch"},"content":{"rendered":"<p><strong>V m\u00e1lokter\u00e9 jin\u00e9 zemi se ka\u017edoro\u010dn\u011b kon\u00e1 tolik kr\u00e1sn\u00fdch v\u00e1no\u010dn\u00edch trh\u016f jako v Rakousku. Na\u0161i soused\u00e9 v\u011bd\u00ed, jak ve m\u011bstech vytvo\u0159it dokonalou p\u0159edv\u00e1no\u010dn\u00ed atmosf\u00e9ru. Okouzluj\u00edc\u00ed v\u00e1no\u010dn\u00ed trhy v Alp\u00e1ch v\u0161ak nab\u00edz\u00ed tak\u00e9 N\u011bmecko a It\u00e1lie. <a href=\"https:\/\/www.snowtrex.cz\/\" target=\"_blank\" rel=\"noopener\">SnowTrex<\/a> p\u0159edstavuje ty nejatmosf\u00e9ri\u010dt\u011bj\u0161\u00ed v\u00e1no\u010dn\u00ed trhy v Alp\u00e1ch.<\/strong><\/p>\n<div class=\"tt-post-image-wrapper tt-post-image-wrapper-full\">\n            <div class=\"tt-image-copyright-container\">\n                <a href=\"https:\/\/www.snowtrex.cz\/magazin\/files\/2019\/11\/RS5433_shutterstock_67820434-hsc-1.jpg\" target=\"_blank\" rel=\"noopener\"><img loading=\"lazy\" decoding=\"async\" data-wrapped=\"true\" class=\"wp-image-53328 size-Artikelbild_gro\u00df\" title=\"V\u00e1no\u010dn\u00ed trhy v Alp\u00e1ch v\u017edy vytv\u00e1\u0159ej\u00ed \u00fatulnou atmosf\u00e9ru\" src=\"https:\/\/www.snowtrex.cz\/magazin\/files\/2019\/11\/RS5433_shutterstock_67820434-hsc-1-729x486.jpg\" alt=\"V\u00e1no\u010dn\u00ed trhy v Alp\u00e1ch v\u017edy vytv\u00e1\u0159ej\u00ed \u00fatulnou atmosf\u00e9ru\" width=\"729\" height=\"486\" srcset=\"https:\/\/www.snowtrex.cz\/magazin\/files\/2019\/11\/RS5433_shutterstock_67820434-hsc-1-729x486.jpg 729w, https:\/\/www.snowtrex.cz\/magazin\/files\/2019\/11\/RS5433_shutterstock_67820434-hsc-1-290x193.jpg 290w, https:\/\/www.snowtrex.cz\/magazin\/files\/2019\/11\/RS5433_shutterstock_67820434-hsc-1-728x485.jpg 728w, https:\/\/www.snowtrex.cz\/magazin\/files\/2019\/11\/RS5433_shutterstock_67820434-hsc-1-768x511.jpg 768w, https:\/\/www.snowtrex.cz\/magazin\/files\/2019\/11\/RS5433_shutterstock_67820434-hsc-1-1536x1022.jpg 1536w, https:\/\/www.snowtrex.cz\/magazin\/files\/2019\/11\/RS5433_shutterstock_67820434-hsc-1-468x312.jpg 468w, https:\/\/www.snowtrex.cz\/magazin\/files\/2019\/11\/RS5433_shutterstock_67820434-hsc-1-300x200.jpg 300w, https:\/\/www.snowtrex.cz\/magazin\/files\/2019\/11\/RS5433_shutterstock_67820434-hsc-1-999x666.jpg 999w, https:\/\/www.snowtrex.cz\/magazin\/files\/2019\/11\/RS5433_shutterstock_67820434-hsc-1-645x430.jpg 645w, https:\/\/www.snowtrex.cz\/magazin\/files\/2019\/11\/RS5433_shutterstock_67820434-hsc-1-552x368.jpg 552w, https:\/\/www.snowtrex.cz\/magazin\/files\/2019\/11\/RS5433_shutterstock_67820434-hsc-1-405x270.jpg 405w, https:\/\/www.snowtrex.cz\/magazin\/files\/2019\/11\/RS5433_shutterstock_67820434-hsc-1-336x224.jpg 336w, https:\/\/www.snowtrex.cz\/magazin\/files\/2019\/11\/RS5433_shutterstock_67820434-hsc-1-276x184.jpg 276w, https:\/\/www.snowtrex.cz\/magazin\/files\/2019\/11\/RS5433_shutterstock_67820434-hsc-1-234x156.jpg 234w, https:\/\/www.snowtrex.cz\/magazin\/files\/2019\/11\/RS5433_shutterstock_67820434-hsc-1-192x128.jpg 192w, https:\/\/www.snowtrex.cz\/magazin\/files\/2019\/11\/RS5433_shutterstock_67820434-hsc-1-120x80.jpg 120w, https:\/\/www.snowtrex.cz\/magazin\/files\/2019\/11\/RS5433_shutterstock_67820434-hsc-1-774x516.jpg 774w, https:\/\/www.snowtrex.cz\/magazin\/files\/2019\/11\/RS5433_shutterstock_67820434-hsc-1-2x1.jpg 2w, https:\/\/www.snowtrex.cz\/magazin\/files\/2019\/11\/RS5433_shutterstock_67820434-hsc-1.jpg 1920w\" sizes=\"(min-width: 1009px) 729px, (min-width: 819px) 594px, (min-width: 569px) 729px, (min-width: 449px) 468px, 348px\" \/><\/a><div class=\"tt-image-copyright\" data-image-id=\"53328\">\u00a9 LianeM\/shutterstock.de<\/div>\n            <\/div>\n            <div class=\"tt-post-caption\">V\u00e1no\u010dn\u00ed trhy v Alp\u00e1ch v\u017edy vytv\u00e1\u0159ej\u00ed \u00fatulnou atmosf\u00e9ru<\/div>\n         <\/div > \n<div class=\"tt-table-of-content\">\n                <span class=\"tt-icon-circle-up tt-table-of-content-button\"><\/span><\/p>\n<div class=\"tt-table-of-content-caption\">\n                    Obsah\n                <\/div>\n<div class=\"tt-table-of-content-body\">\n                    <a href=\"#p\u0159ehled-nejkr\u00e1sn\u011bj\u0161\u00edch-v\u00e1no\u010dn\u00edch-trh\u016f-v-alp\u00e1ch\"><span class=\"layer-0\">P\u0159ehled nejkr\u00e1sn\u011bj\u0161\u00edch v\u00e1no\u010dn\u00edch trh\u016f v Alp\u00e1ch<\/span><\/a><a href=\"#v\u00e1no\u010dn\u00ed-trhy-v-innsbrucku\"><span class=\"layer-0\">V\u00e1no\u010dn\u00ed trhy v Innsbrucku<\/span><\/a><a href=\"#hellbrunn-adventn\u00ed-kouzlo-v-salcburku\"><span class=\"layer-0\">Hellbrunn Adventn\u00ed kouzlo v Salcburku<\/span><\/a><a href=\"#adventn\u00ed-trh-na-z\u00e1mku-esterh\u00e1zy\"><span class=\"layer-0\">Adventn\u00ed trh na z\u00e1mku Esterh\u00e1zy<\/span><\/a><a href=\"#v\u00e1no\u010dn\u00ed-trhy-v-linci\"><span class=\"layer-0\">V\u00e1no\u010dn\u00ed trhy v Linci<\/span><\/a><a href=\"#v\u00e1no\u010dn\u00ed-trhy-v-klagenfurtu\"><span class=\"layer-0\">V\u00e1no\u010dn\u00ed trhy v Klagenfurtu<\/span><\/a><a href=\"#v\u00e1no\u010dn\u00ed-trh-na-schlossbergu-ve-\u0160t\u00fdrsk\u00e9m-hradci\"><span class=\"layer-0\">V\u00e1no\u010dn\u00ed trh na Schlossbergu ve \u0160t\u00fdrsk\u00e9m Hradci<\/span><\/a><a href=\"#v\u00e1no\u010dn\u00ed-trh-ve-schwarzenbergu-v-bregenzerwaldu\"><span class=\"layer-0\">V\u00e1no\u010dn\u00ed trh ve Schwarzenbergu v Bregenzerwaldu<\/span><\/a><a href=\"#v\u00edde\u0148sk\u00e9-v\u00e1no\u010dn\u00ed-trhy-v-museumsquartier\"><span class=\"layer-0\">V\u00edde\u0148sk\u00e9 v\u00e1no\u010dn\u00ed trhy v Museumsquartier<\/span><\/a><a href=\"#v\u00e1no\u010dn\u00ed-trh-v-kitzb\u00fchelu\"><span class=\"layer-0\">V\u00e1no\u010dn\u00ed trh v Kitzb\u00fchelu<\/span><\/a><a href=\"#v\u00e1no\u010dn\u00ed-trh-v-m\u011bstsk\u00e9m-parku-v-kufsteinu\"><span class=\"layer-0\">V\u00e1no\u010dn\u00ed trh v m\u011bstsk\u00e9m parku v Kufsteinu<\/span><\/a><a href=\"#advent-u-jezera-wolfgangsee\"><span class=\"layer-0\">Advent u jezera Wolfgangsee<\/span><\/a><a href=\"#v\u00e1no\u010dn\u00ed-trhy-v-bolzanu\"><span class=\"layer-0\">V\u00e1no\u010dn\u00ed trhy v Bolzanu<\/span><\/a><a href=\"#merano-advent\"><span class=\"layer-0\">Merano Advent<\/span><\/a><a href=\"#horsk\u00e9-v\u00e1noce-v-castelrottu\"><span class=\"layer-0\">Horsk\u00e9 V\u00e1noce v Castelrottu<\/span><\/a><a href=\"#v\u00e1no\u010dn\u00ed-trh-v-kemptenu\"><span class=\"layer-0\">V\u00e1no\u010dn\u00ed trh v Kemptenu<\/span><\/a><a href=\"#dal\u0161\u00ed-skv\u011bl\u00e9-v\u00e1no\u010dn\u00ed-trhy-v-alp\u00e1ch\"><span class=\"layer-0\">Dal\u0161\u00ed skv\u011bl\u00e9 v\u00e1no\u010dn\u00ed trhy v Alp\u00e1ch<\/span><\/a>\n                 <\/div>\n<\/p><\/div>\n<hr>\n<h2 id=\"p\u0159ehled-nejkr\u00e1sn\u011bj\u0161\u00edch-v\u00e1no\u010dn\u00edch-trh\u016f-v-alp\u00e1ch\">P\u0159ehled nejkr\u00e1sn\u011bj\u0161\u00edch v\u00e1no\u010dn\u00edch trh\u016f v Alp\u00e1ch<\/h2>\n\n<table id=\"tablepress-56\" class=\"tablepress tablepress-id-56\">\n<thead>\n<tr class=\"row-1\">\n\t<th class=\"column-1\"><strong>V\u00e1no\u010dn\u00ed trh<\/strong><\/th><th class=\"column-2\"><strong>Zem\u011b<\/strong><\/th>\n<\/tr>\n<\/thead>\n<tbody class=\"row-striping row-hover\">\n<tr class=\"row-2\">\n\t<td class=\"column-1\">Christkindlmarkt Innsbruck<\/td><td class=\"column-2\">Rakousko<\/td>\n<\/tr>\n<tr class=\"row-3\">\n\t<td class=\"column-1\">Heilbrunner Adventszauber in Salzburg<\/td><td class=\"column-2\">Rakousko<\/td>\n<\/tr>\n<tr class=\"row-4\">\n\t<td class=\"column-1\">Adventsmarkt im Schloss Esterh\u00e1zy<\/td><td class=\"column-2\">Rakousko<\/td>\n<\/tr>\n<tr class=\"row-5\">\n\t<td class=\"column-1\">Christkindlmarkt Linz<\/td><td class=\"column-2\">Rakousko<\/td>\n<\/tr>\n<tr class=\"row-6\">\n\t<td class=\"column-1\">Christkindlmarkt Klagenfurt<\/td><td class=\"column-2\">Rakousko<\/td>\n<\/tr>\n<tr class=\"row-7\">\n\t<td class=\"column-1\">Weihnachtsmarkt Graz<\/td><td class=\"column-2\">Rakousko<\/td>\n<\/tr>\n<tr class=\"row-8\">\n\t<td class=\"column-1\">Weihnachtsmarkt Schwarzenberg<\/td><td class=\"column-2\">Rakousko<\/td>\n<\/tr>\n<tr class=\"row-9\">\n\t<td class=\"column-1\">Weihnachtsmarkt Wien<\/td><td class=\"column-2\">Rakousko<\/td>\n<\/tr>\n<tr class=\"row-10\">\n\t<td class=\"column-1\">Christkindlmarkt Kitzb\u00fchel<\/td><td class=\"column-2\">Rakousko<\/td>\n<\/tr>\n<tr class=\"row-11\">\n\t<td class=\"column-1\">Weihnachtsmarkt Kufstein<\/td><td class=\"column-2\">Rakousko<\/td>\n<\/tr>\n<tr class=\"row-12\">\n\t<td class=\"column-1\">Wolfgangseer Advent<\/td><td class=\"column-2\">Rakousko<\/td>\n<\/tr>\n<tr class=\"row-13\">\n\t<td class=\"column-1\">Christkindlmarkt Bozen<\/td><td class=\"column-2\">It\u00e1lie<\/td>\n<\/tr>\n<tr class=\"row-14\">\n\t<td class=\"column-1\">Meraner Advent<\/td><td class=\"column-2\">It\u00e1lie<\/td>\n<\/tr>\n<tr class=\"row-15\">\n\t<td class=\"column-1\">Kastelruther Bergweihnacht<\/td><td class=\"column-2\">It\u00e1lie<\/td>\n<\/tr>\n<tr class=\"row-16\">\n\t<td class=\"column-1\">Weihnachtsmarkt Kempten<\/td><td class=\"column-2\">N\u011bmecko<\/td>\n<\/tr>\n<\/tbody>\n<\/table>\n<!-- #tablepress-56 from cache -->\n<h2 id=\"v\u00e1no\u010dn\u00ed-trhy-v-innsbrucku\">V\u00e1no\u010dn\u00ed trhy v Innsbrucku<\/h2>\n<div class=\"lyte-wrapper\" title=\"Christmas Markets in Innsbruck\" style=\"width:853px;max-width:100%;margin:5px auto;\"><div class=\"lyMe\" id=\"WYL_6shFff2xW8A\" itemprop=\"video\" itemscope itemtype=\"https:\/\/schema.org\/VideoObject\"><div><meta itemprop=\"thumbnailUrl\" content=\"https:\/\/i.ytimg.com\/vi\/6shFff2xW8A\/hqdefault.jpg\" \/><meta itemprop=\"embedURL\" content=\"https:\/\/www.youtube.com\/embed\/6shFff2xW8A\" \/><meta itemprop=\"duration\" content=\"PT48S\" \/><meta itemprop=\"uploadDate\" content=\"2018-11-21T13:49:52Z\" \/><\/div><div id=\"lyte_6shFff2xW8A\" data-src=\"https:\/\/i.ytimg.com\/vi\/6shFff2xW8A\/hqdefault.jpg\" class=\"pL\"><div class=\"tC\"><div class=\"tT\" itemprop=\"name\">Christmas Markets in Innsbruck<\/div><\/div><div class=\"play\"><\/div><div class=\"ctrl\"><div class=\"Lctrl\"><\/div><div class=\"Rctrl\"><\/div><\/div><\/div><noscript><a href=\"http:\/\/youtu.be\/6shFff2xW8A\" rel=\"nofollow\"><img loading=\"lazy\" decoding=\"async\" src=\"http:\/\/i.ytimg.com\/vi\/6shFff2xW8A\/0.jpg\" alt=\"Christmas Markets in Innsbruck\" width=\"853\" height=\"460\" \/><br \/>Watch this video on YouTube<\/a><\/noscript><meta itemprop=\"description\" content=\"The Capital of the Alps is even more magical at Christmas time \ud83d\ude0d The winding city streets are taken over by fairytale-like Christmas Markets, and the cold winter air is perfumed by the spice of steaming Gl\u00fchwein and the scent of delicious treats like Weihnachtsstollen \ud83d\ude0b\ud83d\udc4c There are 6 different markets in different parts of the city. Find out more about them all here: https:\/\/www.innsbruck.info\/en\/innsbruck-city\/events\/advent-and-christmas\/christmas-market.html \ud83c\udfa5: Martin Venier \/\/ mogcollective.com\"><\/div><\/div><div class=\"lL\" style=\"max-width:100%;width:853px;margin:5px auto;\"><br\/><span class=\"lyte_disclaimer\">Upozor\u0148ujeme tak\u00e9, \u017ee pou\u017e\u00edv\u00e1n\u00edm na\u0161ich slu\u017eeb a integrac\u00ed slu\u017eeb YouTube API plat\u00ed <a href=\"https:\/\/www.youtube.com\/t\/terms\">Smluvn\u00ed podm\u00ednky YouTube<\/a> a <a href=\"https:\/\/developers.google.com\/youtube\/terms\/api-services-terms-of-service-emea-de\">Smluvn\u00ed podm\u00ednky YouTube API<\/a> a va\u0161e pou\u017e\u00edv\u00e1n\u00ed na\u0161ich webov\u00fdch str\u00e1nek se pova\u017euje za souhlas s t\u011bmito podm\u00ednkami.<\/span><\/div><\/p>\n<p>Uprost\u0159ed st\u0159edov\u011bk\u00fdch dom\u016f star\u00e9ho m\u011bsta Innsbrucku se nach\u00e1z\u00ed pravd\u011bpodobn\u011b nejtradi\u010dn\u011bj\u0161\u00ed v\u00e1no\u010dn\u00ed trh ve m\u011bst\u011b. Kolem velk\u00e9ho, jasn\u011b osv\u011btlen\u00e9ho v\u00e1no\u010dn\u00edho stromu se nach\u00e1z\u00ed 70 rustik\u00e1ln\u00edch v\u00e1no\u010dn\u00edch st\u00e1nk\u016f s nejr\u016fzn\u011bj\u0161\u00edmi poklady. Rodiny s d\u011btmi by si m\u011bly ud\u011blat zaj\u00ed\u017e\u010fku do Kiebachgasse, nedaleko slavn\u00e9 &#8222;Zlat\u00e9 st\u0159echy&#8220;. B\u011bhem trhu se z n\u00ed st\u00e1v\u00e1 &#8222;M\u00e4rchengasse&#8220;, kde v\u00e1s z pr\u016f\u010del\u00ed dom\u016f v\u00edtaj\u00ed zn\u00e1m\u00e9 poh\u00e1dkov\u00e9 postavy.<\/p>\n<p>Dal\u0161\u00ed trh se nach\u00e1z\u00ed nap\u0159\u00edklad na ulici Maria-Theresien-Stra\u00dfe a zaujme jedine\u010dn\u00fdmi sv\u011bteln\u00fdmi efekty, zat\u00edmco na n\u00e1m\u011bst\u00ed m\u016f\u017eete obdivovat nadrozm\u011brn\u00fd v\u00e1no\u010dn\u00ed strom Swarovski.<\/p>\n<p>Na nejv\u00fd\u0161e polo\u017een\u00fd v\u00e1no\u010dn\u00ed trh s fantastick\u00fdm v\u00fdhledem se dostanete lanovkou Hungerburg (857 m).<\/p>\n<p>Dal\u0161\u00ed v\u00e1no\u010dn\u00ed trhy b\u011bhem &#8222;Bergweihnacht Innsbruck&#8220;:<\/p>\n<ul>\n<li>V\u00e1no\u010dn\u00ed trh Wilten &#8211; Um\u011bleck\u00fd trh<\/li>\n<li>Mikul\u00e1\u0161sk\u00fd v\u00e1no\u010dn\u00ed trh<\/li>\n<\/ul>\n<p><strong>Nejbli\u017e\u0161\u00ed ly\u017ea\u0159sk\u00fd are\u00e1l:<\/strong> <a href=\"https:\/\/www.snowtrex.cz\/rakousko\/lyzarska_oblast_innsbruck\/lyzovani.html\" target=\"_blank\" rel=\"noopener noreferrer\">Olympia SkiWorld Innsbruck<\/a><\/p>\n<h2 id=\"hellbrunn-adventn\u00ed-kouzlo-v-salcburku\">Hellbrunn Adventn\u00ed kouzlo v Salcburku<\/h2>\n<div class=\"lyte-wrapper\" title=\"Hellbrunner Adventzauber\" style=\"width:853px;max-width:100%;margin:5px auto;\"><div class=\"lyMe\" id=\"WYL_bTBHmo-Aofw\" itemprop=\"video\" itemscope itemtype=\"https:\/\/schema.org\/VideoObject\"><div><meta itemprop=\"thumbnailUrl\" content=\"https:\/\/i.ytimg.com\/vi\/bTBHmo-Aofw\/hqdefault.jpg\" \/><meta itemprop=\"embedURL\" content=\"https:\/\/www.youtube.com\/embed\/bTBHmo-Aofw\" \/><meta itemprop=\"duration\" content=\"PT2M36S\" \/><meta itemprop=\"uploadDate\" content=\"2017-07-03T15:14:54Z\" \/><\/div><div id=\"lyte_bTBHmo-Aofw\" data-src=\"https:\/\/i.ytimg.com\/vi\/bTBHmo-Aofw\/hqdefault.jpg\" class=\"pL\"><div class=\"tC\"><div class=\"tT\" itemprop=\"name\">Hellbrunner Adventzauber<\/div><\/div><div class=\"play\"><\/div><div class=\"ctrl\"><div class=\"Lctrl\"><\/div><div class=\"Rctrl\"><\/div><\/div><\/div><noscript><a href=\"http:\/\/youtu.be\/bTBHmo-Aofw\" rel=\"nofollow\"><img loading=\"lazy\" decoding=\"async\" src=\"http:\/\/i.ytimg.com\/vi\/bTBHmo-Aofw\/0.jpg\" alt=\"Hellbrunner Adventzauber\" width=\"853\" height=\"460\" \/><br \/>Watch this video on YouTube<\/a><\/noscript><meta itemprop=\"description\" content=\"Der Hellbrunner Adventzauber vor der malerischen Kulisse von Schloss Hellbrunn, Salzburg. Ein vorweihnachtliches Erlebnis f\u00fcr die ganze Familie! www.hellbrunneradventzauber.at\"><\/div><\/div><div class=\"lL\" style=\"max-width:100%;width:853px;margin:5px auto;\"><br\/><span class=\"lyte_disclaimer\">Upozor\u0148ujeme tak\u00e9, \u017ee pou\u017e\u00edv\u00e1n\u00edm na\u0161ich slu\u017eeb a integrac\u00ed slu\u017eeb YouTube API plat\u00ed <a href=\"https:\/\/www.youtube.com\/t\/terms\">Smluvn\u00ed podm\u00ednky YouTube<\/a> a <a href=\"https:\/\/developers.google.com\/youtube\/terms\/api-services-terms-of-service-emea-de\">Smluvn\u00ed podm\u00ednky YouTube API<\/a> a va\u0161e pou\u017e\u00edv\u00e1n\u00ed na\u0161ich webov\u00fdch str\u00e1nek se pova\u017euje za souhlas s t\u011bmito podm\u00ednkami.<\/span><\/div><\/p>\n<p>Ka\u017ed\u00fd, kdo p\u0159ijede do Mozartova m\u011bsta v dob\u011b V\u00e1noc, by si nem\u011bl nechat uj\u00edt adventn\u00ed kouzlo Hellbrunn. Trh ozdoben\u00fd v\u00edce ne\u017e 700 jehli\u010dnat\u00fdmi stromy se ji\u017e mnoho let kon\u00e1 v kulis\u00e1ch z\u00e1mku Hellbrunn. N\u00e1v\u0161t\u011bvn\u00edky \u010dekaj\u00ed mimo jin\u00e9 st\u00e1nky s tradi\u010dn\u00edmi \u0159emesly, nadrozm\u011brn\u00fd adventn\u00ed kalend\u00e1\u0159, v\u00fdstava betl\u00e9m\u016f a bohat\u00fd program pro d\u011bti. V Salcburku se kon\u00e1 n\u011bkolik dal\u0161\u00edch v\u00e1no\u010dn\u00edch trh\u016f. Klasikou mezi velkom\u011bstsk\u00fdmi trhy je nap\u0159\u00edklad historick\u00fd v\u00e1no\u010dn\u00ed trh na n\u00e1m\u011bst\u00ed u salcbursk\u00e9ho d\u00f3mu.<\/p>\n<p>Dal\u0161\u00ed v\u00e1no\u010dn\u00ed trhy v Salcburku<\/p>\n<ul>\n<li>Salcbursk\u00e9 v\u00e1no\u010dn\u00ed trhy na D\u00f3msk\u00e9m n\u00e1m\u011bst\u00ed a na n\u00e1m\u011bst\u00ed Residenzplatz<\/li>\n<li>Adventn\u00ed trh na pevnosti Hohensalzburg<\/li>\n<li>V\u00e1no\u010dn\u00ed trh na n\u00e1m\u011bst\u00ed Mirabellplatz<\/li>\n<li>Adventn\u00ed trh u svat\u00e9ho Leonharda<\/li>\n<li>Hv\u011bzdn\u00fd advent se zimn\u00edm trhem<\/li>\n<\/ul>\n<p><strong>Nejbli\u017e\u0161\u00ed ly\u017ea\u0159sk\u00e1 oblast:<\/strong> <a href=\"https:\/\/www.snowtrex.cz\/rakousko\/golling\/lyzarske-stredisko.html\" target=\"_blank\" rel=\"noopener noreferrer\">Dachstein West<\/a><\/p>\n<h2 id=\"adventn\u00ed-trh-na-z\u00e1mku-esterh\u00e1zy\">Adventn\u00ed trh na z\u00e1mku Esterh\u00e1zy<\/h2>\n<p>V Eisenstadtu, hlavn\u00edm m\u011bst\u011b Burgenlandu, se na z\u00e1mku Esterh\u00e1zy kon\u00e1 velkolep\u00fd adventn\u00ed trh. Na vzne\u0161en\u00fdch kulis\u00e1ch barokn\u00edho vnit\u0159n\u00edho n\u00e1dvo\u0159\u00ed nab\u00edz\u00ed sv\u00e9 um\u011bleck\u00e9 p\u0159edm\u011bty a rarity p\u0159ibli\u017en\u011b 50 st\u00e1nk\u016f, zat\u00edmco zp\u00edv\u00e1 p\u011bveck\u00fd sbor, hraje dechovka a d\u011bti se bav\u00ed programem. Krom\u011b trhu si n\u00e1v\u0161t\u011bvn\u00edci mohou prohl\u00e9dnout aktu\u00e1ln\u00ed v\u00fdstavy na z\u00e1mku.<\/p>\n<p><strong>Nejbli\u017e\u0161\u00ed ly\u017ea\u0159sk\u00fd are\u00e1l:<\/strong> <a href=\"https:\/\/www.snowtrex.cz\/rakousko\/eisenerz\/lyzarske-stredisko.html\" target=\"_blank\" rel=\"noopener noreferrer\">Pr\u00e4bichl<\/a><\/p>\n<h2 id=\"v\u00e1no\u010dn\u00ed-trhy-v-linci\">V\u00e1no\u010dn\u00ed trhy v Linci<\/h2>\n<div class=\"lyte-wrapper\" title=\"Linzer Weihnachtsm&auml;rkte genie&szlig;en\" style=\"width:853px;max-width:100%;margin:5px auto;\"><div class=\"lyMe\" id=\"WYL_Rem3pDT8xo8\" itemprop=\"video\" itemscope itemtype=\"https:\/\/schema.org\/VideoObject\"><div><meta itemprop=\"thumbnailUrl\" content=\"https:\/\/i.ytimg.com\/vi\/Rem3pDT8xo8\/hqdefault.jpg\" \/><meta itemprop=\"embedURL\" content=\"https:\/\/www.youtube.com\/embed\/Rem3pDT8xo8\" \/><meta itemprop=\"duration\" content=\"PT1M24S\" \/><meta itemprop=\"uploadDate\" content=\"2018-12-17T12:24:08Z\" \/><\/div><div id=\"lyte_Rem3pDT8xo8\" data-src=\"https:\/\/i.ytimg.com\/vi\/Rem3pDT8xo8\/hqdefault.jpg\" class=\"pL\"><div class=\"tC\"><div class=\"tT\" itemprop=\"name\">Linzer Weihnachtsm\u00e4rkte genie\u00dfen<\/div><\/div><div class=\"play\"><\/div><div class=\"ctrl\"><div class=\"Lctrl\"><\/div><div class=\"Rctrl\"><\/div><\/div><\/div><noscript><a href=\"http:\/\/youtu.be\/Rem3pDT8xo8\" rel=\"nofollow\"><img loading=\"lazy\" decoding=\"async\" src=\"http:\/\/i.ytimg.com\/vi\/Rem3pDT8xo8\/0.jpg\" alt=\"Linzer Weihnachtsm&auml;rkte genie&szlig;en\" width=\"853\" height=\"460\" \/><br \/>Watch this video on YouTube<\/a><\/noscript><meta itemprop=\"description\" content=\"Christkindlmarkt, Weihnachtsmarkt, Adventmarkt, Kathrein-Markt,... - besinnlich, traditionell oder kreativ: So vielseitig sind die Linzer Weihnachtsm\u00e4rkte. W\u00e4hrend Punsch, Gl\u00fchwein und Bratw\u00fcrstel zur Adventzeit einfach dazugeh\u00f6ren, gibt es bei den M\u00e4rkten auch viel Kunsthandwerk und regionale Spezialit\u00e4ten. http:\/\/www.linzadvent.at | #visitlinz Video: Jonatan Salgado Romero\"><\/div><\/div><div class=\"lL\" style=\"max-width:100%;width:853px;margin:5px auto;\"><br\/><span class=\"lyte_disclaimer\">Upozor\u0148ujeme tak\u00e9, \u017ee pou\u017e\u00edv\u00e1n\u00edm na\u0161ich slu\u017eeb a integrac\u00ed slu\u017eeb YouTube API plat\u00ed <a href=\"https:\/\/www.youtube.com\/t\/terms\">Smluvn\u00ed podm\u00ednky YouTube<\/a> a <a href=\"https:\/\/developers.google.com\/youtube\/terms\/api-services-terms-of-service-emea-de\">Smluvn\u00ed podm\u00ednky YouTube API<\/a> a va\u0161e pou\u017e\u00edv\u00e1n\u00ed na\u0161ich webov\u00fdch str\u00e1nek se pova\u017euje za souhlas s t\u011bmito podm\u00ednkami.<\/span><\/div><\/p>\n<p>Barokn\u00ed hlavn\u00ed n\u00e1m\u011bst\u00ed v Linci tvo\u0159\u00ed kulisu pro v\u00e1no\u010dn\u00ed trh v hlavn\u00edm m\u011bst\u011b spolkov\u00e9 zem\u011b, kter\u00fd je p\u0159edev\u0161\u00edm trhem um\u011blc\u016f a \u0159emesln\u00edk\u016f. Tomu odpov\u00edd\u00e1 i nab\u00eddka m\u00edstn\u00edch um\u011bleck\u00fdch \u0159emesel, kterou doprov\u00e1z\u00ed vo\u0148av\u00fd sva\u0159en\u00fd pun\u010d a lahodn\u00e9 pern\u00ed\u010dky.<\/p>\n<p><strong>Nejbli\u017e\u0161\u00ed ly\u017ea\u0159sk\u00e1 oblast:<\/strong> Hinterstoder\/Wurzeralm<\/p>\n<h2 id=\"v\u00e1no\u010dn\u00ed-trhy-v-klagenfurtu\">V\u00e1no\u010dn\u00ed trhy v Klagenfurtu<\/h2>\n<div class=\"lyte-wrapper\" title=\"Weihnachten in Klagenfurt\" style=\"width:853px;max-width:100%;margin:5px auto;\"><div class=\"lyMe\" id=\"WYL_Q1AldMafpnc\" itemprop=\"video\" itemscope itemtype=\"https:\/\/schema.org\/VideoObject\"><div><meta itemprop=\"thumbnailUrl\" content=\"https:\/\/i.ytimg.com\/vi\/Q1AldMafpnc\/hqdefault.jpg\" \/><meta itemprop=\"embedURL\" content=\"https:\/\/www.youtube.com\/embed\/Q1AldMafpnc\" \/><meta itemprop=\"duration\" content=\"PT41S\" \/><meta itemprop=\"uploadDate\" content=\"2021-12-25T16:00:10Z\" \/><\/div><div id=\"lyte_Q1AldMafpnc\" data-src=\"https:\/\/i.ytimg.com\/vi\/Q1AldMafpnc\/hqdefault.jpg\" class=\"pL\"><div class=\"tC\"><div class=\"tT\" itemprop=\"name\">Weihnachten in Klagenfurt<\/div><\/div><div class=\"play\"><\/div><div class=\"ctrl\"><div class=\"Lctrl\"><\/div><div class=\"Rctrl\"><\/div><\/div><\/div><noscript><a href=\"http:\/\/youtu.be\/Q1AldMafpnc\" rel=\"nofollow\"><img loading=\"lazy\" decoding=\"async\" src=\"http:\/\/i.ytimg.com\/vi\/Q1AldMafpnc\/0.jpg\" alt=\"Weihnachten in Klagenfurt\" width=\"853\" height=\"460\" \/><br \/>Watch this video on YouTube<\/a><\/noscript><meta itemprop=\"description\" content=\"Weihnachten in Klagenfurt\"><\/div><\/div><div class=\"lL\" style=\"max-width:100%;width:853px;margin:5px auto;\"><br\/><span class=\"lyte_disclaimer\">Upozor\u0148ujeme tak\u00e9, \u017ee pou\u017e\u00edv\u00e1n\u00edm na\u0161ich slu\u017eeb a integrac\u00ed slu\u017eeb YouTube API plat\u00ed <a href=\"https:\/\/www.youtube.com\/t\/terms\">Smluvn\u00ed podm\u00ednky YouTube<\/a> a <a href=\"https:\/\/developers.google.com\/youtube\/terms\/api-services-terms-of-service-emea-de\">Smluvn\u00ed podm\u00ednky YouTube API<\/a> a va\u0161e pou\u017e\u00edv\u00e1n\u00ed na\u0161ich webov\u00fdch str\u00e1nek se pova\u017euje za souhlas s t\u011bmito podm\u00ednkami.<\/span><\/div><\/p>\n<p>Trh na n\u00e1m\u011bst\u00ed Neuer Platz v Klagenfurtu u W\u00f6rthersee pat\u0159\u00ed k nejkr\u00e1sn\u011bj\u0161\u00edm v cel\u00e9m alpsko-jadransk\u00e9m regionu. N\u00e1m\u011bst\u00ed se koupe v mo\u0159i sv\u011btel, st\u00e1nky jsou s l\u00e1skou vyzdoben\u00e9 a cel\u00e9 to doprov\u00e1z\u00ed hudebn\u00ed vystoupen\u00ed sbor\u016f, um\u011blc\u016f a hudebn\u00edch \u0161kol. V\u00e1no\u010dn\u00ed trh na katedr\u00e1ln\u00edm n\u00e1m\u011bst\u00ed nab\u00edz\u00ed tak\u00e9 kr\u00e1sn\u00fd program s lah\u016fdkami, jako je gospelov\u00e1 m\u0161e, dechov\u00e1 hudba a muzik\u00e1lov\u00e9 \u00e1rie.<\/p>\n<p><strong>Nejbli\u017e\u0161\u00ed ly\u017ea\u0159sk\u00e9 st\u0159edisko<\/strong>: ly\u017ea\u0159sk\u00e9 st\u0159edisko Gerlitzen<\/p>\n<h2 id=\"v\u00e1no\u010dn\u00ed-trh-na-schlossbergu-ve-\u0160t\u00fdrsk\u00e9m-hradci\">V\u00e1no\u010dn\u00ed trh na Schlossbergu ve \u0160t\u00fdrsk\u00e9m Hradci<\/h2>\n<div class=\"lyte-wrapper\" title=\"Weihnachtsmarkt am Schlo&szlig;berg - Advent in Graz\" style=\"width:853px;max-width:100%;margin:5px auto;\"><div class=\"lyMe\" id=\"WYL_CL-vCOudjIM\" itemprop=\"video\" itemscope itemtype=\"https:\/\/schema.org\/VideoObject\"><div><meta itemprop=\"thumbnailUrl\" content=\"https:\/\/i.ytimg.com\/vi\/CL-vCOudjIM\/hqdefault.jpg\" \/><meta itemprop=\"embedURL\" content=\"https:\/\/www.youtube.com\/embed\/CL-vCOudjIM\" \/><meta itemprop=\"duration\" content=\"PT1M34S\" \/><meta itemprop=\"uploadDate\" content=\"2016-12-07T15:21:28Z\" \/><\/div><div id=\"lyte_CL-vCOudjIM\" data-src=\"https:\/\/i.ytimg.com\/vi\/CL-vCOudjIM\/hqdefault.jpg\" class=\"pL\"><div class=\"tC\"><div class=\"tT\" itemprop=\"name\">Weihnachtsmarkt am Schlo\u00dfberg - Advent in Graz<\/div><\/div><div class=\"play\"><\/div><div class=\"ctrl\"><div class=\"Lctrl\"><\/div><div class=\"Rctrl\"><\/div><\/div><\/div><noscript><a href=\"http:\/\/youtu.be\/CL-vCOudjIM\" rel=\"nofollow\"><img loading=\"lazy\" decoding=\"async\" src=\"http:\/\/i.ytimg.com\/vi\/CL-vCOudjIM\/0.jpg\" alt=\"Weihnachtsmarkt am Schlo&szlig;berg - Advent in Graz\" width=\"853\" height=\"460\" \/><br \/>Watch this video on YouTube<\/a><\/noscript><meta itemprop=\"description\" content=\"Hoch \u00fcber den D\u00e4chern von Graz liegt einer der sch\u00f6nsten Adventm\u00e4rkte der Stadt: der *Aufsteirern Weihnachtsmarkt am Schlossberg*. \ud83c\udf84\u2728 Hier trifft traditionelle *steirische Handwerkskunst* auf kulinarische Spezialit\u00e4ten aus der Region. Von duftendem Gl\u00fchwein \u00fcber herzhafte Schmankerl bis zu handgemachten Geschenken - der Markt vereint alles, was den *Advent in Graz* so besonders macht. Ein Highlight ist der *atemberaubende Ausblick* auf das festlich beleuchtete Graz. Besonders am Abend, wenn die Stadt im Lichterglanz erstrahlt, bietet der Schlossberg eine einzigartige Atmosph\u00e4re. \ud83d\udcf8 *Mehr Infos &amp; Fotos:* https:\/\/www.stadt-graz.at\/advent\/adventmaerkte-graz.html Erlebe den Zauber des steirischen Advents - mitten in Graz, \u00fcber den Lichtern der Stadt. #Aufsteirern #AdventinGraz #Weihnachtsmarkt #Schlossberg #Graz #Steiermark #InsideGraz #Christkindlmarkt #SehenswertesGraz\"><\/div><\/div><div class=\"lL\" style=\"max-width:100%;width:853px;margin:5px auto;\"><br\/><span class=\"lyte_disclaimer\">Upozor\u0148ujeme tak\u00e9, \u017ee pou\u017e\u00edv\u00e1n\u00edm na\u0161ich slu\u017eeb a integrac\u00ed slu\u017eeb YouTube API plat\u00ed <a href=\"https:\/\/www.youtube.com\/t\/terms\">Smluvn\u00ed podm\u00ednky YouTube<\/a> a <a href=\"https:\/\/developers.google.com\/youtube\/terms\/api-services-terms-of-service-emea-de\">Smluvn\u00ed podm\u00ednky YouTube API<\/a> a va\u0161e pou\u017e\u00edv\u00e1n\u00ed na\u0161ich webov\u00fdch str\u00e1nek se pova\u017euje za souhlas s t\u011bmito podm\u00ednkami.<\/span><\/div><\/p>\n<p>&#8222;Aufsteirern&#8220; je n\u00e1zev v\u00e1no\u010dn\u00edho trhu ve \u0160t\u00fdrsk\u00e9m Hradci &#8211; nebo sp\u00ed\u0161e nad \u0160t\u00fdrsk\u00fdm Hradcem, proto\u017ee tento p\u011bkn\u00fd trh se nach\u00e1z\u00ed na Schlossbergu. N\u00e1v\u0161t\u011bvn\u00edci se vyvezou lanovkou na m\u00edstn\u00ed horu Schlossberg ve \u0160t\u00fdrsk\u00e9m Hradci, kde st\u00e1nky otev\u00edraj\u00ed sv\u00e9 obchody pouze o p\u011bti adventn\u00edch v\u00edkendech. V\u0161e je zde dom\u00e1c\u00ed a typicky \u0161t\u00fdrsk\u00e9, od um\u011bleck\u00fdch \u0159emesel a\u017e po hudebn\u00ed vystoupen\u00ed. Sou\u010d\u00e1st\u00ed programu je atmosf\u00e9rick\u00e1 z\u00e1bava v\u011b\u017en\u00ed dechovky ze zvonice, \u0161t\u00fdrsk\u00e9 Jezul\u00e1tko a proch\u00e1zky s pochodn\u011bmi.<\/p>\n<p>Dal\u0161\u00ed v\u00e1no\u010dn\u00ed trhy ve \u0160t\u00fdrsk\u00e9m Hradci:<\/p>\n<ul>\n<li>V\u00e1no\u010dn\u00ed trhy v Grazu: Altgrazer Christkindlmarkt ve franti\u0161k\u00e1nsk\u00e9 \u010dtvrti<\/li>\n<li>V\u00e1no\u010dn\u00ed trh na hlavn\u00edm n\u00e1m\u011bst\u00ed<\/li>\n<li>Adventn\u00ed radov\u00e1nky u \u017delezn\u00e9 br\u00e1ny<\/li>\n<\/ul>\n<p><strong>Nejbli\u017e\u0161\u00ed ly\u017ea\u0159sk\u00fd are\u00e1l:<\/strong> <a href=\"https:\/\/www.snowtrex.cz\/rakousko\/st._georgen_ob_murau\/lyzarske-stredisko.html\" target=\"_blank\" rel=\"noopener noreferrer\">Kreischberg<\/a><\/p>\n<h2 id=\"v\u00e1no\u010dn\u00ed-trh-ve-schwarzenbergu-v-bregenzerwaldu\">V\u00e1no\u010dn\u00ed trh ve Schwarzenbergu v Bregenzerwaldu<\/h2>\n<div class=\"lyte-wrapper\" title=\"Weihnachtsmarkt in Schwarzenberg 2014\" style=\"width:853px;max-width:100%;margin:5px auto;\"><div class=\"lyMe\" id=\"WYL_WOQdAsUNYAc\" itemprop=\"video\" itemscope itemtype=\"https:\/\/schema.org\/VideoObject\"><div><meta itemprop=\"thumbnailUrl\" content=\"https:\/\/i.ytimg.com\/vi\/WOQdAsUNYAc\/hqdefault.jpg\" \/><meta itemprop=\"embedURL\" content=\"https:\/\/www.youtube.com\/embed\/WOQdAsUNYAc\" \/><meta itemprop=\"duration\" content=\"PT2M12S\" \/><meta itemprop=\"uploadDate\" content=\"2014-12-07T12:45:53Z\" \/><\/div><div id=\"lyte_WOQdAsUNYAc\" data-src=\"https:\/\/i.ytimg.com\/vi\/WOQdAsUNYAc\/hqdefault.jpg\" class=\"pL\"><div class=\"tC\"><div class=\"tT\" itemprop=\"name\">Weihnachtsmarkt in Schwarzenberg 2014<\/div><\/div><div class=\"play\"><\/div><div class=\"ctrl\"><div class=\"Lctrl\"><\/div><div class=\"Rctrl\"><\/div><\/div><\/div><noscript><a href=\"http:\/\/youtu.be\/WOQdAsUNYAc\" rel=\"nofollow\"><img loading=\"lazy\" decoding=\"async\" src=\"http:\/\/i.ytimg.com\/vi\/WOQdAsUNYAc\/0.jpg\" alt=\"Weihnachtsmarkt in Schwarzenberg 2014\" width=\"853\" height=\"460\" \/><br \/>Watch this video on YouTube<\/a><\/noscript><meta itemprop=\"description\" content=\"Die Schwarzenberger k\u00f6nnen mit Fug und Recht behaupten, einen der sch\u00f6nsten Weihnachtsm\u00e4rkte in Sachsen auf die Beine zu stellen. Altstadt-Flair, enge Gassen, kleine Gesch\u00e4fte und mit viel Liebe gestaltete St\u00e4nde lohnen einen Besuch in die Perle des Erzgebirges, wie sich die Stadt auch nennt. Dieses Jahr noch bis zum 14. Dezember. Ge\u00f6ffnet ist t\u00e4glich von 11 bis 20 Uhr.\"><\/div><\/div><div class=\"lL\" style=\"max-width:100%;width:853px;margin:5px auto;\"><br\/><span class=\"lyte_disclaimer\">Upozor\u0148ujeme tak\u00e9, \u017ee pou\u017e\u00edv\u00e1n\u00edm na\u0161ich slu\u017eeb a integrac\u00ed slu\u017eeb YouTube API plat\u00ed <a href=\"https:\/\/www.youtube.com\/t\/terms\">Smluvn\u00ed podm\u00ednky YouTube<\/a> a <a href=\"https:\/\/developers.google.com\/youtube\/terms\/api-services-terms-of-service-emea-de\">Smluvn\u00ed podm\u00ednky YouTube API<\/a> a va\u0161e pou\u017e\u00edv\u00e1n\u00ed na\u0161ich webov\u00fdch str\u00e1nek se pova\u017euje za souhlas s t\u011bmito podm\u00ednkami.<\/span><\/div><\/p>\n<p>V mal\u00e9 horsk\u00e9 vesni\u010dce v Bregenzerwaldu se v p\u0159edv\u00e1no\u010dn\u00edm \u010dase stane venkovsk\u00e1 atmosf\u00e9ra je\u0161t\u011b autenti\u010dt\u011bj\u0161\u00ed. Na pam\u00e1tkov\u011b chr\u00e1n\u011bn\u00e9 n\u00e1vsi ve Schwarzenbergu se nach\u00e1zej\u00ed jasn\u011b osv\u011btlen\u00e9 st\u00e1nky, kde se prod\u00e1vaj\u00ed mimo jin\u00e9 ru\u010dn\u011b vyr\u00e1b\u011bn\u00e9 dekorativn\u00ed p\u0159edm\u011bty a dom\u00e1c\u00ed adventn\u00ed v\u011bnce. V\u011bnce a v\u00e1no\u010dn\u00ed cukrov\u00ed vyr\u00e1b\u011bj\u00ed sami m\u00edstn\u00ed obyvatel\u00e9 a v\u00fdt\u011b\u017eek je v\u011bnov\u00e1n na projekt sirot\u010dince v Africe.<\/p>\n<p><strong>Nejbli\u017e\u0161\u00ed ly\u017ea\u0159sk\u00fd are\u00e1l:<\/strong> <a href=\"https:\/\/www.snowtrex.cz\/rakousko\/damuls\/lyzarske-stredisko.html\" target=\"_blank\" rel=\"noopener noreferrer\">Dam\u00fcls-Mellau<\/a><\/p>\n<h2 id=\"v\u00edde\u0148sk\u00e9-v\u00e1no\u010dn\u00ed-trhy-v-museumsquartier\">V\u00edde\u0148sk\u00e9 v\u00e1no\u010dn\u00ed trhy v Museumsquartier<\/h2>\n<div class=\"lyte-wrapper\" title=\"Weihnachtsmarkt im Museumsquartier - Winter im MQ 2019\" style=\"width:853px;max-width:100%;margin:5px auto;\"><div class=\"lyMe\" id=\"WYL_hapXDbGp7y8\" itemprop=\"video\" itemscope itemtype=\"https:\/\/schema.org\/VideoObject\"><div><meta itemprop=\"thumbnailUrl\" content=\"https:\/\/i.ytimg.com\/vi\/hapXDbGp7y8\/hqdefault.jpg\" \/><meta itemprop=\"embedURL\" content=\"https:\/\/www.youtube.com\/embed\/hapXDbGp7y8\" \/><meta itemprop=\"duration\" content=\"PT2M24S\" \/><meta itemprop=\"uploadDate\" content=\"2019-11-23T18:29:06Z\" \/><\/div><div id=\"lyte_hapXDbGp7y8\" data-src=\"https:\/\/i.ytimg.com\/vi\/hapXDbGp7y8\/hqdefault.jpg\" class=\"pL\"><div class=\"tC\"><div class=\"tT\" itemprop=\"name\">Weihnachtsmarkt im Museumsquartier - Winter im MQ 2019<\/div><\/div><div class=\"play\"><\/div><div class=\"ctrl\"><div class=\"Lctrl\"><\/div><div class=\"Rctrl\"><\/div><\/div><\/div><noscript><a href=\"http:\/\/youtu.be\/hapXDbGp7y8\" rel=\"nofollow\"><img loading=\"lazy\" decoding=\"async\" src=\"http:\/\/i.ytimg.com\/vi\/hapXDbGp7y8\/0.jpg\" alt=\"Weihnachtsmarkt im Museumsquartier - Winter im MQ 2019\" width=\"853\" height=\"460\" \/><br \/>Watch this video on YouTube<\/a><\/noscript><meta itemprop=\"description\" content=\"Sicherlich der coolste Weihnachtsmarkt in Wien im Innenhof vom Museumsquartier. Moderne Lichtinstallationen bei Elektro-Sound und leuchtenden Punschstandln - Come on a tour... Mehr Weihnachtsm\u00e4rkte in Wien entdecken https:\/\/www.stadt-wien.at\/wien\/maerkte\/weihnachtsmaerkte.html Produktion2019 : Robert Ott\/Wien\"><\/div><\/div><div class=\"lL\" style=\"max-width:100%;width:853px;margin:5px auto;\"><br\/><span class=\"lyte_disclaimer\">Upozor\u0148ujeme tak\u00e9, \u017ee pou\u017e\u00edv\u00e1n\u00edm na\u0161ich slu\u017eeb a integrac\u00ed slu\u017eeb YouTube API plat\u00ed <a href=\"https:\/\/www.youtube.com\/t\/terms\">Smluvn\u00ed podm\u00ednky YouTube<\/a> a <a href=\"https:\/\/developers.google.com\/youtube\/terms\/api-services-terms-of-service-emea-de\">Smluvn\u00ed podm\u00ednky YouTube API<\/a> a va\u0161e pou\u017e\u00edv\u00e1n\u00ed na\u0161ich webov\u00fdch str\u00e1nek se pova\u017euje za souhlas s t\u011bmito podm\u00ednkami.<\/span><\/div><\/p>\n<p>Mimo\u0159\u00e1dn\u00fd trh najdete ve v\u00edde\u0148sk\u00e9 \u010dtvrti Museumsquartier. Historick\u00e9 budovy z 18. a 19. stolet\u00ed tvo\u0159\u00ed kontrastn\u00ed kulisu \u0161esti um\u011blecky \u0159e\u0161en\u00fdm ledov\u00fdm pavilon\u016fm, kde si n\u00e1v\u0161t\u011bvn\u00edci mohou vychutnat lahodn\u00fd pun\u010d a ob\u010derstven\u00ed, um\u011bleck\u00e9 sv\u011bteln\u00e9 instalace a m\u011bn\u00edc\u00ed se zvuky DJ. Je zde tak\u00e9 mo\u017en\u00e9 hr\u00e1t curling. \u0160irok\u00fd kulturn\u00ed program nab\u00edzej\u00ed tak\u00e9 okoln\u00ed muzea.<\/p>\n<p><strong>Nejbli\u017e\u0161\u00ed ly\u017ea\u0159sk\u00fd are\u00e1l:<\/strong> <a href=\"https:\/\/www.snowtrex.cz\/rakousko\/eisenerz\/lyzarske-stredisko.html\" target=\"_blank\" rel=\"noopener noreferrer\">Pr\u00e4bichl<\/a><\/p>\n<h2 id=\"v\u00e1no\u010dn\u00ed-trh-v-kitzb\u00fchelu\">V\u00e1no\u010dn\u00ed trh v Kitzb\u00fchelu<\/h2>\n<p>V\u00e1no\u010dn\u00ed trh se samoz\u0159ejm\u011b kon\u00e1 i v exkluzivn\u00edm Kitzb\u00fchelu. Krom\u011b n\u00e1dhern\u00fdch d\u00e1rk\u016f a skv\u011bl\u00fdch \u0159emesln\u00fdch v\u00fdrobk\u016f jsou v nab\u00eddce tak\u00e9 kulin\u00e1\u0159sk\u00e9 speciality. Na parkovi\u0161ti Hahnenkamm se ka\u017edoro\u010dn\u011b kon\u00e1 &#8222;\u010certovsk\u00e1 noc&#8220;, velk\u00e1 Krampus show. Tradi\u010dn\u00ed show je skv\u011bl\u00fdm z\u00e1\u017eitkem pro mal\u00e9 i velk\u00e9. V Reithu je tak\u00e9 k vid\u011bn\u00ed pr\u016fchoz\u00ed adventn\u00ed kalend\u00e1\u0159 a mal\u00fd, ale idylick\u00fd adventn\u00ed trh v Rasmushofu hned vedle slavn\u00e9 sjezdovky Streif.<\/p>\n<p><strong>Nejbli\u017e\u0161\u00ed ly\u017ea\u0159sk\u00e9 st\u0159edisko<\/strong> <a href=\"https:\/\/www.snowtrex.cz\/rakousko\/kitzbuhel\/lyzarske-stredisko.html\" target=\"_blank\" rel=\"noopener noreferrer\">: Kitzb\u00fchel<\/a><\/p>\n<h2 id=\"v\u00e1no\u010dn\u00ed-trh-v-m\u011bstsk\u00e9m-parku-v-kufsteinu\">V\u00e1no\u010dn\u00ed trh v m\u011bstsk\u00e9m parku v Kufsteinu<\/h2>\n<div class=\"lyte-wrapper\" title=\"Einfach bezaubernd der Advent in Kufstein\" style=\"width:853px;max-width:100%;margin:5px auto;\"><div class=\"lyMe\" id=\"WYL_l6C2UkDiDA4\" itemprop=\"video\" itemscope itemtype=\"https:\/\/schema.org\/VideoObject\"><div><meta itemprop=\"thumbnailUrl\" content=\"https:\/\/i.ytimg.com\/vi\/l6C2UkDiDA4\/hqdefault.jpg\" \/><meta itemprop=\"embedURL\" content=\"https:\/\/www.youtube.com\/embed\/l6C2UkDiDA4\" \/><meta itemprop=\"duration\" content=\"PT37S\" \/><meta itemprop=\"uploadDate\" content=\"2015-11-12T12:10:53Z\" \/><\/div><div id=\"lyte_l6C2UkDiDA4\" data-src=\"https:\/\/i.ytimg.com\/vi\/l6C2UkDiDA4\/hqdefault.jpg\" class=\"pL\"><div class=\"tC\"><div class=\"tT\" itemprop=\"name\">Einfach bezaubernd der Advent in Kufstein<\/div><\/div><div class=\"play\"><\/div><div class=\"ctrl\"><div class=\"Lctrl\"><\/div><div class=\"Rctrl\"><\/div><\/div><\/div><noscript><a href=\"http:\/\/youtu.be\/l6C2UkDiDA4\" rel=\"nofollow\"><img loading=\"lazy\" decoding=\"async\" src=\"http:\/\/i.ytimg.com\/vi\/l6C2UkDiDA4\/0.jpg\" alt=\"Einfach bezaubernd der Advent in Kufstein\" width=\"853\" height=\"460\" \/><br \/>Watch this video on YouTube<\/a><\/noscript><meta itemprop=\"description\" content=\"Dem Vorweihnachts-Stress den R\u00fccken kehren, die Mystik der Adventszeit bewusst erleben und den Duft von gebrannten Maroni genie\u00dfen! Den traditionellen Advent feiert man am Weihnachtsmarkt im Kufsteiner Stadtpark sowie beim Weihnachtszauber auf der historischen Festung Kufstein mit Live-Musik, Tiroler Schmankerl und einem abwechslungsreichen Kinderprogramm.\"><\/div><\/div><div class=\"lL\" style=\"max-width:100%;width:853px;margin:5px auto;\"><br\/><span class=\"lyte_disclaimer\">Upozor\u0148ujeme tak\u00e9, \u017ee pou\u017e\u00edv\u00e1n\u00edm na\u0161ich slu\u017eeb a integrac\u00ed slu\u017eeb YouTube API plat\u00ed <a href=\"https:\/\/www.youtube.com\/t\/terms\">Smluvn\u00ed podm\u00ednky YouTube<\/a> a <a href=\"https:\/\/developers.google.com\/youtube\/terms\/api-services-terms-of-service-emea-de\">Smluvn\u00ed podm\u00ednky YouTube API<\/a> a va\u0161e pou\u017e\u00edv\u00e1n\u00ed na\u0161ich webov\u00fdch str\u00e1nek se pova\u017euje za souhlas s t\u011bmito podm\u00ednkami.<\/span><\/div><\/p>\n<p>Do Kufsteinu, kter\u00fd le\u017e\u00ed pouh\u00e9 3 km od n\u011bmeck\u00fdch hranic, l\u00e1kaj\u00ed n\u00e1v\u0161t\u011bvn\u00edky dva v\u00e1no\u010dn\u00ed trhy. Na v\u00e1no\u010dn\u00edm trhu ve Stadtparkmerna si m\u016f\u017eete vybrat d\u00e1rky nebo suven\u00fdry a p\u0159itom si vychutnat \u017eivou hudbu a tyrolsk\u00e9 pochoutky a Bergflunkerer \u010dte zamy\u0161len\u00e9 p\u0159\u00edb\u011bhy. Obzvl\u00e1\u0161\u0165 romantick\u00e9 je v\u00e1no\u010dn\u00ed kouzlo na pevnosti Kufstein. V kasematov\u00fdch chodb\u00e1ch nab\u00edzej\u00ed obchodn\u00edci sv\u00e9 ru\u010dn\u011b vyr\u00e1b\u011bn\u00e9 zbo\u017e\u00ed.<\/p>\n<p><strong>Nejbli\u017e\u0161\u00ed ly\u017ea\u0159sk\u00fd are\u00e1l:<\/strong> <a href=\"https:\/\/www.snowtrex.cz\/rakousko\/skiwelt_wilder_kaiser-brixental\/lyzarska_oblast.html\" target=\"_blank\" rel=\"noopener noreferrer\">SkiWelt Wilder Kaiser<\/a><\/p>\n<h2 id=\"advent-u-jezera-wolfgangsee\">Advent u jezera Wolfgangsee<\/h2>\n<div class=\"lyte-wrapper\" title=\"Salzkammergut Advent\" style=\"width:853px;max-width:100%;margin:5px auto;\"><div class=\"lyMe\" id=\"WYL_IZtn7LJCwNQ\" itemprop=\"video\" itemscope itemtype=\"https:\/\/schema.org\/VideoObject\"><div><meta itemprop=\"thumbnailUrl\" content=\"https:\/\/i.ytimg.com\/vi\/IZtn7LJCwNQ\/hqdefault.jpg\" \/><meta itemprop=\"embedURL\" content=\"https:\/\/www.youtube.com\/embed\/IZtn7LJCwNQ\" \/><meta itemprop=\"duration\" content=\"PT1M45S\" \/><meta itemprop=\"uploadDate\" content=\"2018-10-29T15:52:09Z\" \/><\/div><div id=\"lyte_IZtn7LJCwNQ\" data-src=\"https:\/\/i.ytimg.com\/vi\/IZtn7LJCwNQ\/hqdefault.jpg\" class=\"pL\"><div class=\"tC\"><div class=\"tT\" itemprop=\"name\">Salzkammergut Advent<\/div><\/div><div class=\"play\"><\/div><div class=\"ctrl\"><div class=\"Lctrl\"><\/div><div class=\"Rctrl\"><\/div><\/div><\/div><noscript><a href=\"http:\/\/youtu.be\/IZtn7LJCwNQ\" rel=\"nofollow\"><img loading=\"lazy\" decoding=\"async\" src=\"http:\/\/i.ytimg.com\/vi\/IZtn7LJCwNQ\/0.jpg\" alt=\"Salzkammergut Advent\" width=\"853\" height=\"460\" \/><br \/>Watch this video on YouTube<\/a><\/noscript><meta itemprop=\"description\" content=\"Beim Salzkammergut Advent am Wolfgangsee erwartet die Besucher mehr als nur Punsch und Gl\u00fchwein. Hier feiert man mit dem Christkind und nicht mit dem Weihnachtsmann. Traditionelles Handwerk, stimmige Weisen von regionalen Musikgruppen und feine Veranstaltungen runden das Angebot zu einem besonderen ganzen ab: www.salzkammergut-adven.at\"><\/div><\/div><div class=\"lL\" style=\"max-width:100%;width:853px;margin:5px auto;\"><br\/><span class=\"lyte_disclaimer\">Upozor\u0148ujeme tak\u00e9, \u017ee pou\u017e\u00edv\u00e1n\u00edm na\u0161ich slu\u017eeb a integrac\u00ed slu\u017eeb YouTube API plat\u00ed <a href=\"https:\/\/www.youtube.com\/t\/terms\">Smluvn\u00ed podm\u00ednky YouTube<\/a> a <a href=\"https:\/\/developers.google.com\/youtube\/terms\/api-services-terms-of-service-emea-de\">Smluvn\u00ed podm\u00ednky YouTube API<\/a> a va\u0161e pou\u017e\u00edv\u00e1n\u00ed na\u0161ich webov\u00fdch str\u00e1nek se pova\u017euje za souhlas s t\u011bmito podm\u00ednkami.<\/span><\/div><\/p>\n<p>Na jeze\u0159e Wolfgangsee v oblasti Soln\u00e9 komory se advent slav\u00ed ve t\u0159ech obc\u00edch na b\u0159ehu jezera Strobl, St. Gilgen a St. Wolfgang pod heslem &#8222;Advent jako kdysi&#8220;. Jednou t\u00fddn\u011b se nap\u0159\u00edklad cel\u00fd trh v St. Wolfgangu rozsv\u00edt\u00ed sv\u00ed\u010dkami a lampiony. Vrcholem jsou um\u011bleck\u00e9 betl\u00e9my s postavami v \u017eivotn\u00ed velikosti a n\u011bkdy i s \u017eiv\u00fdmi zv\u00ed\u0159aty, kter\u00e9 div\u00e1ka okouzl\u00ed.<\/p>\n<p>Mezi vesnicemi jezd\u00ed lodn\u00ed p\u0159\u00edvozy, kter\u00e9 k\u0159i\u017euj\u00ed i plovouc\u00ed lucerny m\u00edru, je\u017e vytv\u00e1\u0159ej\u00ed atmosf\u00e9ru i na jeze\u0159e.<\/p>\n<p><strong>Nejbli\u017e\u0161\u00ed ly\u017ea\u0159sk\u00e1 oblast:<\/strong> St. Gilgen\/Zw\u00f6lferhorn<\/p>\n<h2 id=\"v\u00e1no\u010dn\u00ed-trhy-v-bolzanu\">V\u00e1no\u010dn\u00ed trhy v Bolzanu<\/h2>\n<div class=\"lyte-wrapper\" title=\"Mercatino di Natale Bolzano - Bozner Christkindlmarkt 2019\" style=\"width:853px;max-width:100%;margin:5px auto;\"><div class=\"lyMe\" id=\"WYL_VXqXWxoD03Q\" itemprop=\"video\" itemscope itemtype=\"https:\/\/schema.org\/VideoObject\"><div><meta itemprop=\"thumbnailUrl\" content=\"https:\/\/i.ytimg.com\/vi\/VXqXWxoD03Q\/hqdefault.jpg\" \/><meta itemprop=\"embedURL\" content=\"https:\/\/www.youtube.com\/embed\/VXqXWxoD03Q\" \/><meta itemprop=\"duration\" content=\"PT53S\" \/><meta itemprop=\"uploadDate\" content=\"2019-11-18T15:48:28Z\" \/><\/div><div id=\"lyte_VXqXWxoD03Q\" data-src=\"https:\/\/i.ytimg.com\/vi\/VXqXWxoD03Q\/hqdefault.jpg\" class=\"pL\"><div class=\"tC\"><div class=\"tT\" itemprop=\"name\">Mercatino di Natale Bolzano - Bozner Christkindlmarkt 2019<\/div><\/div><div class=\"play\"><\/div><div class=\"ctrl\"><div class=\"Lctrl\"><\/div><div class=\"Rctrl\"><\/div><\/div><\/div><noscript><a href=\"http:\/\/youtu.be\/VXqXWxoD03Q\" rel=\"nofollow\"><img loading=\"lazy\" decoding=\"async\" src=\"http:\/\/i.ytimg.com\/vi\/VXqXWxoD03Q\/0.jpg\" alt=\"Mercatino di Natale Bolzano - Bozner Christkindlmarkt 2019\" width=\"853\" height=\"460\" \/><br \/>Watch this video on YouTube<\/a><\/noscript><meta itemprop=\"description\" content=\"Christmas Market of Bolzano Bozen\"><\/div><\/div><div class=\"lL\" style=\"max-width:100%;width:853px;margin:5px auto;\"><br\/><span class=\"lyte_disclaimer\">Upozor\u0148ujeme tak\u00e9, \u017ee pou\u017e\u00edv\u00e1n\u00edm na\u0161ich slu\u017eeb a integrac\u00ed slu\u017eeb YouTube API plat\u00ed <a href=\"https:\/\/www.youtube.com\/t\/terms\">Smluvn\u00ed podm\u00ednky YouTube<\/a> a <a href=\"https:\/\/developers.google.com\/youtube\/terms\/api-services-terms-of-service-emea-de\">Smluvn\u00ed podm\u00ednky YouTube API<\/a> a va\u0161e pou\u017e\u00edv\u00e1n\u00ed na\u0161ich webov\u00fdch str\u00e1nek se pova\u017euje za souhlas s t\u011bmito podm\u00ednkami.<\/span><\/div><\/p>\n<p>Nejv\u011bt\u0161\u00ed v\u00e1no\u010dn\u00ed trh v It\u00e1lii se nach\u00e1z\u00ed na kr\u00e1sn\u011b vyzdoben\u00e9m n\u00e1m\u011bst\u00ed Waltherplatz v Bolzanu. P\u0159ibli\u017en\u011b 80 st\u00e1nk\u016f nab\u00edz\u00ed v\u00e1no\u010dn\u00ed ozdoby, ru\u010dn\u011b vyr\u00e1b\u011bn\u00e9 v\u00fdrobky ze d\u0159eva, keramiky a skla a gastronomick\u00e9 speciality. Za soumraku je n\u00e1dhern\u011b osv\u011btlen\u00fd trh na pozad\u00ed Dolomit nezapomenuteln\u00fdm z\u00e1\u017eitkem.<\/p>\n<p><strong>Nejbli\u017e\u0161\u00ed ly\u017ea\u0159sk\u00fd are\u00e1l:<\/strong> Rittner Horn<\/p>\n<h2 id=\"merano-advent\">Merano Advent<\/h2>\n<div class=\"lyte-wrapper\" title=\"Weihnachtsmarkt Meran S&uuml;dtirol 2015\" style=\"width:853px;max-width:100%;margin:5px auto;\"><div class=\"lyMe\" id=\"WYL_atJXP-VS6K0\" itemprop=\"video\" itemscope itemtype=\"https:\/\/schema.org\/VideoObject\"><div><meta itemprop=\"thumbnailUrl\" content=\"https:\/\/i.ytimg.com\/vi\/atJXP-VS6K0\/hqdefault.jpg\" \/><meta itemprop=\"embedURL\" content=\"https:\/\/www.youtube.com\/embed\/atJXP-VS6K0\" \/><meta itemprop=\"duration\" content=\"PT2M20S\" \/><meta itemprop=\"uploadDate\" content=\"2015-11-27T21:49:16Z\" \/><\/div><div id=\"lyte_atJXP-VS6K0\" data-src=\"https:\/\/i.ytimg.com\/vi\/atJXP-VS6K0\/hqdefault.jpg\" class=\"pL\"><div class=\"tC\"><div class=\"tT\" itemprop=\"name\">Weihnachtsmarkt Meran S\u00fcdtirol 2015<\/div><\/div><div class=\"play\"><\/div><div class=\"ctrl\"><div class=\"Lctrl\"><\/div><div class=\"Rctrl\"><\/div><\/div><\/div><noscript><a href=\"http:\/\/youtu.be\/atJXP-VS6K0\" rel=\"nofollow\"><img loading=\"lazy\" decoding=\"async\" src=\"http:\/\/i.ytimg.com\/vi\/atJXP-VS6K0\/0.jpg\" alt=\"Weihnachtsmarkt Meran S&uuml;dtirol 2015\" width=\"853\" height=\"460\" \/><br \/>Watch this video on YouTube<\/a><\/noscript><meta itemprop=\"description\" content=\"Christkindlmarkt in Meran\"><\/div><\/div><div class=\"lL\" style=\"max-width:100%;width:853px;margin:5px auto;\"><br\/><span class=\"lyte_disclaimer\">Upozor\u0148ujeme tak\u00e9, \u017ee pou\u017e\u00edv\u00e1n\u00edm na\u0161ich slu\u017eeb a integrac\u00ed slu\u017eeb YouTube API plat\u00ed <a href=\"https:\/\/www.youtube.com\/t\/terms\">Smluvn\u00ed podm\u00ednky YouTube<\/a> a <a href=\"https:\/\/developers.google.com\/youtube\/terms\/api-services-terms-of-service-emea-de\">Smluvn\u00ed podm\u00ednky YouTube API<\/a> a va\u0161e pou\u017e\u00edv\u00e1n\u00ed na\u0161ich webov\u00fdch str\u00e1nek se pova\u017euje za souhlas s t\u011bmito podm\u00ednkami.<\/span><\/div><\/p>\n<p>Na tomto trochu jin\u00e9m v\u00e1no\u010dn\u00edm trhu se nab\u00edzej\u00ed pouze kulin\u00e1\u0159sk\u00e9 pochoutky z m\u00edstn\u00ed oblasti. Nejlep\u0161\u00edm m\u00edstem pro ochutn\u00e1vku jsou nadm\u011brn\u00e9, chod\u00edc\u00ed ba\u0148ky v\u00e1no\u010dn\u00edho stromku na n\u00e1m\u011bst\u00ed Thermenplatz &#8211; doporu\u010dujeme rezervaci! Merano p\u0159ikl\u00e1d\u00e1 velk\u00fd v\u00fdznam star\u00fdm \u0159emesl\u016fm, kter\u00e1 si m\u016f\u017eete na m\u00edst\u011b vyzkou\u0161et na\u017eivo. P\u0159\u00edjemn\u00fdm zpest\u0159en\u00edm jsou sv\u011bt\u00fdlka na velk\u00e9m v\u00e1no\u010dn\u00edm stromu, kter\u00e1 se rozsv\u00edt\u00ed pouze tehdy, kdy\u017e se na kole vyrob\u00ed dostatek elekt\u0159iny. Pokud chcete za\u017e\u00edt v\u00e1no\u010dn\u00ed trh podle prav\u00e9 alpsk\u00e9 tradice, je to to prav\u00e9 m\u00edsto.<\/p>\n<p><strong>Nejbli\u017e\u0161\u00ed ly\u017ea\u0159sk\u00e1 oblast:<\/strong> <a href=\"https:\/\/www.snowtrex.cz\/italie\/meran\/lyzarske-stredisko.html\" target=\"_blank\" rel=\"noopener noreferrer\">Merano 2000<\/a><\/p>\n<h2 id=\"horsk\u00e9-v\u00e1noce-v-castelrottu\">Horsk\u00e9 V\u00e1noce v Castelrottu<\/h2>\n<div class=\"lyte-wrapper\" title=\"Kastelruth S&uuml;dtirol Bergweihnacht\" style=\"width:853px;max-width:100%;margin:5px auto;\"><div class=\"lyMe\" id=\"WYL_aFQsQ2tJrtM\" itemprop=\"video\" itemscope itemtype=\"https:\/\/schema.org\/VideoObject\"><div><meta itemprop=\"thumbnailUrl\" content=\"https:\/\/i.ytimg.com\/vi\/aFQsQ2tJrtM\/hqdefault.jpg\" \/><meta itemprop=\"embedURL\" content=\"https:\/\/www.youtube.com\/embed\/aFQsQ2tJrtM\" \/><meta itemprop=\"duration\" content=\"PT6M3S\" \/><meta itemprop=\"uploadDate\" content=\"2017-01-05T00:14:55Z\" \/><\/div><div id=\"lyte_aFQsQ2tJrtM\" data-src=\"https:\/\/i.ytimg.com\/vi\/aFQsQ2tJrtM\/hqdefault.jpg\" class=\"pL\"><div class=\"tC\"><div class=\"tT\" itemprop=\"name\">Kastelruth S\u00fcdtirol Bergweihnacht<\/div><\/div><div class=\"play\"><\/div><div class=\"ctrl\"><div class=\"Lctrl\"><\/div><div class=\"Rctrl\"><\/div><\/div><\/div><noscript><a href=\"http:\/\/youtu.be\/aFQsQ2tJrtM\" rel=\"nofollow\"><img loading=\"lazy\" decoding=\"async\" src=\"http:\/\/i.ytimg.com\/vi\/aFQsQ2tJrtM\/0.jpg\" alt=\"Kastelruth S&uuml;dtirol Bergweihnacht\" width=\"853\" height=\"460\" \/><br \/>Watch this video on YouTube<\/a><\/noscript><meta itemprop=\"description\" content=\"Dezember 2016 Bergweihnacht in Kastelruth - Italien S\u00fcdtirol\"><\/div><\/div><div class=\"lL\" style=\"max-width:100%;width:853px;margin:5px auto;\"><br\/><span class=\"lyte_disclaimer\">Upozor\u0148ujeme tak\u00e9, \u017ee pou\u017e\u00edv\u00e1n\u00edm na\u0161ich slu\u017eeb a integrac\u00ed slu\u017eeb YouTube API plat\u00ed <a href=\"https:\/\/www.youtube.com\/t\/terms\">Smluvn\u00ed podm\u00ednky YouTube<\/a> a <a href=\"https:\/\/developers.google.com\/youtube\/terms\/api-services-terms-of-service-emea-de\">Smluvn\u00ed podm\u00ednky YouTube API<\/a> a va\u0161e pou\u017e\u00edv\u00e1n\u00ed na\u0161ich webov\u00fdch str\u00e1nek se pova\u017euje za souhlas s t\u011bmito podm\u00ednkami.<\/span><\/div><\/p>\n<p>Nejv\u00fd\u0161e polo\u017een\u00fd v\u00e1no\u010dn\u00ed trh v Ji\u017en\u00edm Tyrolsku otev\u00edr\u00e1 sv\u00e9 br\u00e1ny v Castelrottu b\u011bhem \u010dty\u0159 adventn\u00edch v\u00edkend\u016f. Tu ko\u0161\u00edk\u00e1\u0159, tam bylinky a \u010daje z bylinkov\u00e9 zahr\u00e1dky Marty Mulserov\u00e9 a v pozad\u00ed star\u00e9 uli\u010dky Castelrotta jako romantick\u00e1 kulisa &#8211; to v\u0161e slibuje v\u00e1no\u010dn\u00ed atmosf\u00e9ru par excellence. Kastelrut\u0161t\u00ed farm\u00e1\u0159i a restaurat\u00e9\u0159i serv\u00edruj\u00ed vynikaj\u00edc\u00ed jihotyrolskou kuchyni, \u0159emesln\u00edci a zem\u011bd\u011blci otev\u00edraj\u00ed sv\u00e9 tajn\u00e9 \u0161upl\u00edky a ukazuj\u00ed sv\u00e9 star\u00e9 n\u00e1\u0159ad\u00ed a mal\u00e1, ale znamenit\u00e1 v\u00e1no\u010dn\u00ed tr\u017enice celou akci r\u00e1muje. Dal\u0161\u00edm vrcholem je v\u00e1no\u010dn\u00ed koncert slavn\u00e9 kapely Kastelruther Spatzen.<\/p>\n<p><strong>Nejbli\u017e\u0161\u00ed ly\u017ea\u0159sk\u00e1 oblast:<\/strong> <a href=\"https:\/\/www.snowtrex.cz\/italie\/kastelruth\/lyzarske-stredisko.html\" target=\"_blank\" rel=\"noopener noreferrer\">Val Gardena\/Alpe di Siusi<\/a><\/p>\n<h2 id=\"v\u00e1no\u010dn\u00ed-trh-v-kemptenu\">V\u00e1no\u010dn\u00ed trh v Kemptenu<\/h2>\n<p>V\u00e1no\u010dn\u00ed trh na historick\u00e9m a kr\u00e1sn\u00e9m n\u00e1m\u011bst\u00ed v Kemptenu je jedn\u00edm z nejkr\u00e1sn\u011bj\u0161\u00edch v cel\u00e9m Bavorsku. Krom\u011b mnoha st\u00e1nk\u016f se zde konaj\u00ed v\u00e1no\u010dn\u00ed prohl\u00eddky, v\u00e1no\u010dn\u00ed \u010dten\u00ed a atmosf\u00e9rick\u00e9 aktivity. Jedn\u00edm z vrchol\u016f je kemptensk\u00e1 v\u00e1no\u010dn\u00ed font\u00e1na, pro kterou nejlep\u0161\u00ed um\u011blci z \u0159ezb\u00e1\u0159sk\u00e9 \u0161koly v Oberammergau vytvo\u0159ili v\u00fdjevy z v\u00e1no\u010dn\u00edho p\u0159\u00edb\u011bhu. I kdy\u017e je to do Kemptenu trochu d\u00e1l, rozhodn\u011b se vyplat\u00ed cestovat z Oberstdorfu, Bad Hindelangu, Oberstaufenu a Kleinwalsertalu.<\/p>\n<p><strong>Nejbli\u017e\u0161\u00ed ly\u017ea\u0159sk\u00e9 st\u0159edisko<\/strong>: ly\u017ea\u0159sk\u00e9 st\u0159edisko Nesselwang<\/p>\n<h2 id=\"dal\u0161\u00ed-skv\u011bl\u00e9-v\u00e1no\u010dn\u00ed-trhy-v-alp\u00e1ch\">Dal\u0161\u00ed skv\u011bl\u00e9 v\u00e1no\u010dn\u00ed trhy v Alp\u00e1ch<\/h2>\n<ul>\n<li>V\u00e1no\u010dn\u00ed trh v<a href=\"https:\/\/www.snowtrex.cz\/rakousko\/bludenz\/lyzovani.html\" target=\"_blank\" rel=\"noopener noreferrer\">Bludenzu<\/a><\/li>\n<li>Kouzlo V\u00e1noc v Bregenzu<\/li>\n<li>V\u00e1no\u010dn\u00ed trh ve <a href=\"https:\/\/www.snowtrex.cz\/rakousko\/feldkirch\/lyzovani.html\" target=\"_blank\" rel=\"noopener noreferrer\">Feldkirchu<\/a><\/li>\n<li>Mariazellsk\u00fd advent<\/li>\n<li><a href=\"https:\/\/www.snowtrex.cz\/rakousko\/seefeld\/lyzovani.html\" target=\"_blank\" rel=\"noopener noreferrer\">Seefeld<\/a> Advent a v\u00e1no\u010dn\u00ed trh<\/li>\n<li>Advent v<a href=\"https:\/\/www.snowtrex.cz\/rakousko\/tux\/lyzovani.html\" target=\"_blank\" rel=\"noopener noreferrer\">Tuxu<\/a><\/li>\n<li>Villach Adventn\u00ed trh<\/li>\n<\/ul>\n","protected":false},"excerpt":{"rendered":"<p>V m\u00e1lokter\u00e9 jin\u00e9 zemi se ka\u017edoro\u010dn\u011b kon\u00e1 tolik kr\u00e1sn\u00fdch v\u00e1no\u010dn\u00edch trh\u016f jako v Rakousku. Na\u0161i soused\u00e9 v\u011bd\u00ed, jak ve m\u011bstech vytvo\u0159it dokonalou p\u0159edv\u00e1no\u010dn\u00ed atmosf\u00e9ru. Okouzluj\u00edc\u00ed v\u00e1no\u010dn\u00ed trhy v Alp\u00e1ch v\u0161ak nab\u00edz\u00ed tak\u00e9 N\u011bmecko a It\u00e1lie. SnowTrex p\u0159edstavuje ty nejatmosf\u00e9ri\u010dt\u011bj\u0161\u00ed v\u00e1no\u010dn\u00ed trhy v Alp\u00e1ch.<\/p>\n","protected":false},"author":178,"featured_media":53328,"comment_status":"closed","ping_status":"closed","sticky":false,"template":"","format":"standard","meta":{"footnotes":""},"categories":[6],"tags":[407,496,430,154,126,379,382,221,28,432,280,493,487,497,498,350,355,365],"class_list":["post-15871","post","type-post","status-publish","format-standard","has-post-thumbnail","hentry","category-udalost","tag-alpe_di_siusi","tag-bolzano","tag-bregenzerwald","tag-damuls","tag-innsbruck","tag-italie","tag-jizni-tyrolsko","tag-kastelruth","tag-kitzbuhel","tag-kitzbuhelske_alpy","tag-kufstein","tag-kufsteinerland","tag-lyzarska_oblast_innsbruck","tag-merano","tag-provincie_bolzano","tag-rakousko","tag-tyrolsko","tag-vorarlbersko"],"yoast_head":"<!-- This site is optimized with the Yoast SEO Premium plugin v27.3 (Yoast SEO v27.3) - https:\/\/yoast.com\/product\/yoast-seo-premium-wordpress\/ -->\n<title>Nejkr\u00e1sn\u011bj\u0161\u00ed v\u00e1no\u010dn\u00ed trhy v Alp\u00e1ch<\/title>\n<meta name=\"description\" content=\"Advent, advent! V\u00e1no\u010dn\u00ed trhy v Alp\u00e1ch jsou obzvl\u00e1\u0161t\u011b atmosf\u00e9rick\u00e9. SnowTrex v\u00e1m uk\u00e1\u017ee ty nejkr\u00e1sn\u011bj\u0161\u00ed adventn\u00ed a v\u00e1no\u010dn\u00ed trhy.\" \/>\n<meta name=\"robots\" content=\"index, follow, max-snippet:-1, max-image-preview:large, max-video-preview:-1\" \/>\n<link rel=\"canonical\" href=\"https:\/\/www.snowtrex.cz\/magazin\/udalost\/vanocni-trhy-v-alpach\/\" \/>\n<meta property=\"og:locale\" content=\"cs_CZ\" \/>\n<meta property=\"og:type\" content=\"article\" \/>\n<meta property=\"og:title\" content=\"Kouzlo adventu: nejkr\u00e1sn\u011bj\u0161\u00ed v\u00e1no\u010dn\u00ed trhy v Alp\u00e1ch\" \/>\n<meta property=\"og:description\" content=\"V m\u00e1lokter\u00e9 jin\u00e9 zemi se ka\u017edoro\u010dn\u011b kon\u00e1 tolik kr\u00e1sn\u00fdch v\u00e1no\u010dn\u00edch trh\u016f jako v Rakousku. Na\u0161i soused\u00e9 v\u011bd\u00ed, jak ve m\u011bstech vytvo\u0159it dokonalou p\u0159edv\u00e1no\u010dn\u00ed atmosf\u00e9ru. Okouzluj\u00edc\u00ed v\u00e1no\u010dn\u00ed trhy v Alp\u00e1ch v\u0161ak nab\u00edz\u00ed tak\u00e9 N\u011bmecko a It\u00e1lie. SnowTrex p\u0159edstavuje ty nejatmosf\u00e9ri\u010dt\u011bj\u0161\u00ed v\u00e1no\u010dn\u00ed trhy v Alp\u00e1ch.\" \/>\n<meta property=\"og:url\" content=\"https:\/\/www.snowtrex.cz\/magazin\/udalost\/vanocni-trhy-v-alpach\/\" \/>\n<meta property=\"og:site_name\" content=\"SnowTrex Ski-Magaz\u00edn\" \/>\n<meta property=\"article:publisher\" content=\"https:\/\/www.facebook.com\/snowtrex\" \/>\n<meta property=\"article:author\" content=\"https:\/\/www.facebook.com\/snowtrex\/\" \/>\n<meta property=\"article:published_time\" content=\"2024-11-28T14:15:06+00:00\" \/>\n<meta property=\"article:modified_time\" content=\"2025-10-30T15:37:17+00:00\" \/>\n<meta property=\"og:image\" content=\"https:\/\/www.snowtrex.cz\/magazin\/files\/2019\/11\/RS5433_shutterstock_67820434-hsc-1.jpg\" \/>\n\t<meta property=\"og:image:width\" content=\"1920\" \/>\n\t<meta property=\"og:image:height\" content=\"1278\" \/>\n\t<meta property=\"og:image:type\" content=\"image\/jpeg\" \/>\n<meta name=\"author\" content=\"SnowTrex\" \/>\n<meta name=\"twitter:card\" content=\"summary_large_image\" \/>\n<meta name=\"twitter:label1\" content=\"Napsal(a)\" \/>\n\t<meta name=\"twitter:data1\" content=\"SnowTrex\" \/>\n\t<meta name=\"twitter:label2\" content=\"Odhadovan\u00e1 doba \u010dten\u00ed\" \/>\n\t<meta name=\"twitter:data2\" content=\"8 minut\" \/>\n<script type=\"application\/ld+json\" class=\"yoast-schema-graph\">{\"@context\":\"https:\\\/\\\/schema.org\",\"@graph\":[{\"@type\":\"Article\",\"@id\":\"http:\\\/\\\/wp-magazin.snowtrex.cz\\\/udalost\\\/vanocni-trhy-v-alpach\\\/#article\",\"isPartOf\":{\"@id\":\"http:\\\/\\\/wp-magazin.snowtrex.cz\\\/udalost\\\/vanocni-trhy-v-alpach\\\/\"},\"author\":{\"name\":\"SnowTrex\",\"@id\":\"http:\\\/\\\/wp-magazin.snowtrex.cz\\\/#\\\/schema\\\/person\\\/ad1887a4d155ef6b5b8b4fc8990d92dd\"},\"headline\":\"Kouzlo adventu: nejkr\u00e1sn\u011bj\u0161\u00ed v\u00e1no\u010dn\u00ed trhy v Alp\u00e1ch\",\"datePublished\":\"2024-11-28T14:15:06+00:00\",\"dateModified\":\"2025-10-30T15:37:17+00:00\",\"mainEntityOfPage\":{\"@id\":\"http:\\\/\\\/wp-magazin.snowtrex.cz\\\/udalost\\\/vanocni-trhy-v-alpach\\\/\"},\"wordCount\":2035,\"publisher\":{\"@id\":\"http:\\\/\\\/wp-magazin.snowtrex.cz\\\/#organization\"},\"image\":{\"@id\":\"http:\\\/\\\/wp-magazin.snowtrex.cz\\\/udalost\\\/vanocni-trhy-v-alpach\\\/#primaryimage\"},\"thumbnailUrl\":\"http:\\\/\\\/wp-magazin.snowtrex.cz\\\/files\\\/2019\\\/11\\\/RS5433_shutterstock_67820434-hsc-1.jpg\",\"keywords\":[\"Alpe di Siusi\",\"Bolzano\",\"Bregenzerwald\",\"Dam\u00fcls\",\"Innsbruck\",\"It\u00e1lie\",\"Ji\u017en\u00ed Tyrolsko\",\"Kastelruth\",\"Kitzb\u00fchel\",\"Kitzb\u00fchelsk\u00e9 Alpy\",\"Kufstein\",\"Kufsteinerland\",\"Ly\u017ea\u0159sk\u00e1 oblast Innsbruck\",\"Merano\",\"Provincie Bolzano\",\"Rakousko\",\"Tyrolsko\",\"Vorarlbersko\"],\"articleSection\":[\"Ud\u00e1lost\"],\"inLanguage\":\"cs\"},{\"@type\":\"WebPage\",\"@id\":\"http:\\\/\\\/wp-magazin.snowtrex.cz\\\/udalost\\\/vanocni-trhy-v-alpach\\\/\",\"url\":\"http:\\\/\\\/wp-magazin.snowtrex.cz\\\/udalost\\\/vanocni-trhy-v-alpach\\\/\",\"name\":\"Nejkr\u00e1sn\u011bj\u0161\u00ed v\u00e1no\u010dn\u00ed trhy v Alp\u00e1ch\",\"primaryImageOfPage\":{\"@id\":\"http:\\\/\\\/wp-magazin.snowtrex.cz\\\/udalost\\\/vanocni-trhy-v-alpach\\\/#primaryimage\"},\"image\":{\"@id\":\"http:\\\/\\\/wp-magazin.snowtrex.cz\\\/udalost\\\/vanocni-trhy-v-alpach\\\/#primaryimage\"},\"thumbnailUrl\":\"http:\\\/\\\/wp-magazin.snowtrex.cz\\\/files\\\/2019\\\/11\\\/RS5433_shutterstock_67820434-hsc-1.jpg\",\"datePublished\":\"2024-11-28T14:15:06+00:00\",\"dateModified\":\"2025-10-30T15:37:17+00:00\",\"description\":\"Advent, advent! V\u00e1no\u010dn\u00ed trhy v Alp\u00e1ch jsou obzvl\u00e1\u0161t\u011b atmosf\u00e9rick\u00e9. SnowTrex v\u00e1m uk\u00e1\u017ee ty nejkr\u00e1sn\u011bj\u0161\u00ed adventn\u00ed a v\u00e1no\u010dn\u00ed trhy.\",\"inLanguage\":\"cs\"},{\"@type\":\"ImageObject\",\"inLanguage\":\"cs\",\"@id\":\"http:\\\/\\\/wp-magazin.snowtrex.cz\\\/udalost\\\/vanocni-trhy-v-alpach\\\/#primaryimage\",\"url\":\"http:\\\/\\\/wp-magazin.snowtrex.cz\\\/files\\\/2019\\\/11\\\/RS5433_shutterstock_67820434-hsc-1.jpg\",\"contentUrl\":\"http:\\\/\\\/wp-magazin.snowtrex.cz\\\/files\\\/2019\\\/11\\\/RS5433_shutterstock_67820434-hsc-1.jpg\",\"width\":1920,\"height\":1278,\"caption\":\"Quelle: Shutterstock (Standard Lizenz); Frei (Web, Print, SocialMedia) RED+ \u00a9\"},{\"@type\":\"WebSite\",\"@id\":\"http:\\\/\\\/wp-magazin.snowtrex.cz\\\/#website\",\"url\":\"http:\\\/\\\/wp-magazin.snowtrex.cz\\\/\",\"name\":\"SnowTrex Ski-Magaz\u00edn\",\"description\":\"V\u0161e o ly\u017eov\u00e1n\u00ed, snowboardingu a zimn\u00ed dovolen\u00e9!\",\"publisher\":{\"@id\":\"http:\\\/\\\/wp-magazin.snowtrex.cz\\\/#organization\"},\"inLanguage\":\"cs\"},{\"@type\":\"Organization\",\"@id\":\"http:\\\/\\\/wp-magazin.snowtrex.cz\\\/#organization\",\"name\":\"TravelTrex GmbH\",\"url\":\"http:\\\/\\\/wp-magazin.snowtrex.cz\\\/\",\"logo\":{\"@type\":\"ImageObject\",\"inLanguage\":\"cs\",\"@id\":\"http:\\\/\\\/wp-magazin.snowtrex.cz\\\/#\\\/schema\\\/logo\\\/image\\\/\",\"url\":\"http:\\\/\\\/wp-magazin.snowtrex.cz\\\/files\\\/2025\\\/09\\\/TravelTrex-Logo_RGB_transp.png\",\"contentUrl\":\"http:\\\/\\\/wp-magazin.snowtrex.cz\\\/files\\\/2025\\\/09\\\/TravelTrex-Logo_RGB_transp.png\",\"width\":1080,\"height\":282,\"caption\":\"TravelTrex GmbH\"},\"image\":{\"@id\":\"http:\\\/\\\/wp-magazin.snowtrex.cz\\\/#\\\/schema\\\/logo\\\/image\\\/\"},\"sameAs\":[\"https:\\\/\\\/www.facebook.com\\\/snowtrex\",\"https:\\\/\\\/www.instagram.com\\\/snowtrex_ski\"],\"description\":\"Od roku 1999 je SnowTrex p\u0159edn\u00edm n\u011bmeck\u00fdm cestovn\u00edm kancel\u00e1\u0159\u00edm pro ly\u017ea\u0159sk\u00e9 dovolen\u00e9. Spole\u010dnost nab\u00edz\u00ed sv\u00e9 slu\u017eby ve 13 jazyc\u00edch a ka\u017edoro\u010dn\u011b doprav\u00ed v\u00edce ne\u017e 100 000 host\u016f do obl\u00edben\u00fdch destinac\u00ed, jako je Rakousko, Francie, It\u00e1lie, \u0160v\u00fdcarsko a N\u011bmecko.\",\"email\":\"info-cz@snowtrex.com\",\"telephone\":\"234 495 495\",\"legalName\":\"TravelTrex GmbH\",\"foundingDate\":\"1999-07-01\",\"vatID\":\"DE 813 076 768\",\"numberOfEmployees\":{\"@type\":\"QuantitativeValue\",\"minValue\":\"51\",\"maxValue\":\"200\"}},{\"@type\":\"Person\",\"@id\":\"http:\\\/\\\/wp-magazin.snowtrex.cz\\\/#\\\/schema\\\/person\\\/ad1887a4d155ef6b5b8b4fc8990d92dd\",\"name\":\"SnowTrex\",\"description\":\"Redakce \u010dasopisu SnowTrex sdru\u017euje zku\u0161en\u00e9 zimn\u00ed sportovce a cestovn\u00ed experty, kte\u0159\u00ed svou v\u00e1\u0161e\u0148 prom\u00edtaj\u00ed do fundovan\u00fdch \u010dl\u00e1nk\u016f o ly\u017ea\u0159sk\u00fdch st\u0159edisc\u00edch, vybaven\u00ed a cestovn\u00edch tipech. Od roku 1999 je SnowTrex p\u0159edn\u00edm n\u011bmeck\u00fdm cestovn\u00edm kancel\u00e1\u0159em pro ly\u017ea\u0159sk\u00e9 dovolen\u00e9. Spole\u010dnost nab\u00edz\u00ed sv\u00e9 slu\u017eby ve 13 jazyc\u00edch a ka\u017edoro\u010dn\u011b doprav\u00ed p\u0159es 100 000 host\u016f do obl\u00edben\u00fdch destinac\u00ed, jako je Rakousko, Francie, It\u00e1lie, \u0160v\u00fdcarsko a N\u011bmecko.\",\"sameAs\":[\"https:\\\/\\\/www.snowtrex.cz\\\/\",\"https:\\\/\\\/www.facebook.com\\\/snowtrex\\\/\",\"https:\\\/\\\/www.instagram.com\\\/snowtrex_ski\\\/\",\"https:\\\/\\\/www.youtube.com\\\/c\\\/SnowTrex\"]}]}<\/script>\n<!-- \/ Yoast SEO Premium plugin. -->","yoast_head_json":{"title":"Nejkr\u00e1sn\u011bj\u0161\u00ed v\u00e1no\u010dn\u00ed trhy v Alp\u00e1ch","description":"Advent, advent! V\u00e1no\u010dn\u00ed trhy v Alp\u00e1ch jsou obzvl\u00e1\u0161t\u011b atmosf\u00e9rick\u00e9. SnowTrex v\u00e1m uk\u00e1\u017ee ty nejkr\u00e1sn\u011bj\u0161\u00ed adventn\u00ed a v\u00e1no\u010dn\u00ed trhy.","robots":{"index":"index","follow":"follow","max-snippet":"max-snippet:-1","max-image-preview":"max-image-preview:large","max-video-preview":"max-video-preview:-1"},"canonical":"https:\/\/www.snowtrex.cz\/magazin\/udalost\/vanocni-trhy-v-alpach\/","og_locale":"cs_CZ","og_type":"article","og_title":"Kouzlo adventu: nejkr\u00e1sn\u011bj\u0161\u00ed v\u00e1no\u010dn\u00ed trhy v Alp\u00e1ch","og_description":"V m\u00e1lokter\u00e9 jin\u00e9 zemi se ka\u017edoro\u010dn\u011b kon\u00e1 tolik kr\u00e1sn\u00fdch v\u00e1no\u010dn\u00edch trh\u016f jako v Rakousku. Na\u0161i soused\u00e9 v\u011bd\u00ed, jak ve m\u011bstech vytvo\u0159it dokonalou p\u0159edv\u00e1no\u010dn\u00ed atmosf\u00e9ru. Okouzluj\u00edc\u00ed v\u00e1no\u010dn\u00ed trhy v Alp\u00e1ch v\u0161ak nab\u00edz\u00ed tak\u00e9 N\u011bmecko a It\u00e1lie. SnowTrex p\u0159edstavuje ty nejatmosf\u00e9ri\u010dt\u011bj\u0161\u00ed v\u00e1no\u010dn\u00ed trhy v Alp\u00e1ch.","og_url":"https:\/\/www.snowtrex.cz\/magazin\/udalost\/vanocni-trhy-v-alpach\/","og_site_name":"SnowTrex Ski-Magaz\u00edn","article_publisher":"https:\/\/www.facebook.com\/snowtrex","article_author":"https:\/\/www.facebook.com\/snowtrex\/","article_published_time":"2024-11-28T14:15:06+00:00","article_modified_time":"2025-10-30T15:37:17+00:00","og_image":[{"width":1920,"height":1278,"url":"https:\/\/www.snowtrex.cz\/magazin\/files\/2019\/11\/RS5433_shutterstock_67820434-hsc-1.jpg","type":"image\/jpeg"}],"author":"SnowTrex","twitter_card":"summary_large_image","twitter_misc":{"Napsal(a)":"SnowTrex","Odhadovan\u00e1 doba \u010dten\u00ed":"8 minut"},"schema":{"@context":"https:\/\/schema.org","@graph":[{"@type":"Article","@id":"https:\/\/www.snowtrex.cz\/magazin\/udalost\/vanocni-trhy-v-alpach\/#article","isPartOf":{"@id":"https:\/\/www.snowtrex.cz\/magazin\/udalost\/vanocni-trhy-v-alpach\/"},"author":{"name":"SnowTrex","@id":"https:\/\/www.snowtrex.cz\/magazin\/#\/schema\/person\/ad1887a4d155ef6b5b8b4fc8990d92dd"},"headline":"Kouzlo adventu: nejkr\u00e1sn\u011bj\u0161\u00ed v\u00e1no\u010dn\u00ed trhy v Alp\u00e1ch","datePublished":"2024-11-28T14:15:06+00:00","dateModified":"2025-10-30T15:37:17+00:00","mainEntityOfPage":{"@id":"https:\/\/www.snowtrex.cz\/magazin\/udalost\/vanocni-trhy-v-alpach\/"},"wordCount":2035,"publisher":{"@id":"https:\/\/www.snowtrex.cz\/magazin\/#organization"},"image":{"@id":"https:\/\/www.snowtrex.cz\/magazin\/udalost\/vanocni-trhy-v-alpach\/#primaryimage"},"thumbnailUrl":"https:\/\/www.snowtrex.cz\/magazin\/files\/2019\/11\/RS5433_shutterstock_67820434-hsc-1.jpg","keywords":["Alpe di Siusi","Bolzano","Bregenzerwald","Dam\u00fcls","Innsbruck","It\u00e1lie","Ji\u017en\u00ed Tyrolsko","Kastelruth","Kitzb\u00fchel","Kitzb\u00fchelsk\u00e9 Alpy","Kufstein","Kufsteinerland","Ly\u017ea\u0159sk\u00e1 oblast Innsbruck","Merano","Provincie Bolzano","Rakousko","Tyrolsko","Vorarlbersko"],"articleSection":["Ud\u00e1lost"],"inLanguage":"cs"},{"@type":"WebPage","@id":"https:\/\/www.snowtrex.cz\/magazin\/udalost\/vanocni-trhy-v-alpach\/","url":"https:\/\/www.snowtrex.cz\/magazin\/udalost\/vanocni-trhy-v-alpach\/","name":"Nejkr\u00e1sn\u011bj\u0161\u00ed v\u00e1no\u010dn\u00ed trhy v Alp\u00e1ch","primaryImageOfPage":{"@id":"https:\/\/www.snowtrex.cz\/magazin\/udalost\/vanocni-trhy-v-alpach\/#primaryimage"},"image":{"@id":"https:\/\/www.snowtrex.cz\/magazin\/udalost\/vanocni-trhy-v-alpach\/#primaryimage"},"thumbnailUrl":"https:\/\/www.snowtrex.cz\/magazin\/files\/2019\/11\/RS5433_shutterstock_67820434-hsc-1.jpg","datePublished":"2024-11-28T14:15:06+00:00","dateModified":"2025-10-30T15:37:17+00:00","description":"Advent, advent! V\u00e1no\u010dn\u00ed trhy v Alp\u00e1ch jsou obzvl\u00e1\u0161t\u011b atmosf\u00e9rick\u00e9. SnowTrex v\u00e1m uk\u00e1\u017ee ty nejkr\u00e1sn\u011bj\u0161\u00ed adventn\u00ed a v\u00e1no\u010dn\u00ed trhy.","inLanguage":"cs"},{"@type":"ImageObject","inLanguage":"cs","@id":"https:\/\/www.snowtrex.cz\/magazin\/udalost\/vanocni-trhy-v-alpach\/#primaryimage","url":"https:\/\/www.snowtrex.cz\/magazin\/files\/2019\/11\/RS5433_shutterstock_67820434-hsc-1.jpg","contentUrl":"https:\/\/www.snowtrex.cz\/magazin\/files\/2019\/11\/RS5433_shutterstock_67820434-hsc-1.jpg","width":1920,"height":1278,"caption":"Quelle: Shutterstock (Standard Lizenz); Frei (Web, Print, SocialMedia) RED+ \u00a9"},{"@type":"WebSite","@id":"https:\/\/www.snowtrex.cz\/magazin\/#website","url":"https:\/\/www.snowtrex.cz\/magazin\/","name":"SnowTrex Ski-Magaz\u00edn","description":"V\u0161e o ly\u017eov\u00e1n\u00ed, snowboardingu a zimn\u00ed dovolen\u00e9!","publisher":{"@id":"https:\/\/www.snowtrex.cz\/magazin\/#organization"},"inLanguage":"cs"},{"@type":"Organization","@id":"https:\/\/www.snowtrex.cz\/magazin\/#organization","name":"TravelTrex GmbH","url":"https:\/\/www.snowtrex.cz\/magazin\/","logo":{"@type":"ImageObject","inLanguage":"cs","@id":"https:\/\/www.snowtrex.cz\/magazin\/#\/schema\/logo\/image\/","url":"https:\/\/www.snowtrex.cz\/magazin\/files\/2025\/09\/TravelTrex-Logo_RGB_transp.png","contentUrl":"https:\/\/www.snowtrex.cz\/magazin\/files\/2025\/09\/TravelTrex-Logo_RGB_transp.png","width":1080,"height":282,"caption":"TravelTrex GmbH"},"image":{"@id":"https:\/\/www.snowtrex.cz\/magazin\/#\/schema\/logo\/image\/"},"sameAs":["https:\/\/www.facebook.com\/snowtrex","https:\/\/www.instagram.com\/snowtrex_ski"],"description":"Od roku 1999 je SnowTrex p\u0159edn\u00edm n\u011bmeck\u00fdm cestovn\u00edm kancel\u00e1\u0159\u00edm pro ly\u017ea\u0159sk\u00e9 dovolen\u00e9. Spole\u010dnost nab\u00edz\u00ed sv\u00e9 slu\u017eby ve 13 jazyc\u00edch a ka\u017edoro\u010dn\u011b doprav\u00ed v\u00edce ne\u017e 100 000 host\u016f do obl\u00edben\u00fdch destinac\u00ed, jako je Rakousko, Francie, It\u00e1lie, \u0160v\u00fdcarsko a N\u011bmecko.","email":"info-cz@snowtrex.com","telephone":"234 495 495","legalName":"TravelTrex GmbH","foundingDate":"1999-07-01","vatID":"DE 813 076 768","numberOfEmployees":{"@type":"QuantitativeValue","minValue":"51","maxValue":"200"}},{"@type":"Person","@id":"https:\/\/www.snowtrex.cz\/magazin\/#\/schema\/person\/ad1887a4d155ef6b5b8b4fc8990d92dd","name":"SnowTrex","description":"Redakce \u010dasopisu SnowTrex sdru\u017euje zku\u0161en\u00e9 zimn\u00ed sportovce a cestovn\u00ed experty, kte\u0159\u00ed svou v\u00e1\u0161e\u0148 prom\u00edtaj\u00ed do fundovan\u00fdch \u010dl\u00e1nk\u016f o ly\u017ea\u0159sk\u00fdch st\u0159edisc\u00edch, vybaven\u00ed a cestovn\u00edch tipech. Od roku 1999 je SnowTrex p\u0159edn\u00edm n\u011bmeck\u00fdm cestovn\u00edm kancel\u00e1\u0159em pro ly\u017ea\u0159sk\u00e9 dovolen\u00e9. Spole\u010dnost nab\u00edz\u00ed sv\u00e9 slu\u017eby ve 13 jazyc\u00edch a ka\u017edoro\u010dn\u011b doprav\u00ed p\u0159es 100 000 host\u016f do obl\u00edben\u00fdch destinac\u00ed, jako je Rakousko, Francie, It\u00e1lie, \u0160v\u00fdcarsko a N\u011bmecko.","sameAs":["https:\/\/www.snowtrex.cz\/","https:\/\/www.facebook.com\/snowtrex\/","https:\/\/www.instagram.com\/snowtrex_ski\/","https:\/\/www.youtube.com\/c\/SnowTrex"]}]}},"wp-worthy-pixel":{"ignored":false,"public":null,"server":null,"url":null},"wp-worthy-type":"normal","_links":{"self":[{"href":"https:\/\/www.snowtrex.cz\/magazin\/wp-json\/wp\/v2\/posts\/15871","targetHints":{"allow":["GET"]}}],"collection":[{"href":"https:\/\/www.snowtrex.cz\/magazin\/wp-json\/wp\/v2\/posts"}],"about":[{"href":"https:\/\/www.snowtrex.cz\/magazin\/wp-json\/wp\/v2\/types\/post"}],"author":[{"embeddable":true,"href":"https:\/\/www.snowtrex.cz\/magazin\/wp-json\/wp\/v2\/users\/178"}],"replies":[{"embeddable":true,"href":"https:\/\/www.snowtrex.cz\/magazin\/wp-json\/wp\/v2\/comments?post=15871"}],"version-history":[{"count":7,"href":"https:\/\/www.snowtrex.cz\/magazin\/wp-json\/wp\/v2\/posts\/15871\/revisions"}],"predecessor-version":[{"id":61608,"href":"https:\/\/www.snowtrex.cz\/magazin\/wp-json\/wp\/v2\/posts\/15871\/revisions\/61608"}],"wp:featuredmedia":[{"embeddable":true,"href":"https:\/\/www.snowtrex.cz\/magazin\/wp-json\/wp\/v2\/media\/53328"}],"wp:attachment":[{"href":"https:\/\/www.snowtrex.cz\/magazin\/wp-json\/wp\/v2\/media?parent=15871"}],"wp:term":[{"taxonomy":"category","embeddable":true,"href":"https:\/\/www.snowtrex.cz\/magazin\/wp-json\/wp\/v2\/categories?post=15871"},{"taxonomy":"post_tag","embeddable":true,"href":"https:\/\/www.snowtrex.cz\/magazin\/wp-json\/wp\/v2\/tags?post=15871"}],"curies":[{"name":"wp","href":"https:\/\/api.w.org\/{rel}","templated":true}]}}