{"id":13735,"date":"2026-04-21T01:00:00","date_gmt":"2026-04-20T23:00:00","guid":{"rendered":"http:\/\/blog.snowtrex.com\/de\/?p=13735"},"modified":"2026-04-21T12:01:27","modified_gmt":"2026-04-21T10:01:27","slug":"lyzovani-v-lete","status":"publish","type":"post","link":"https:\/\/www.snowtrex.cz\/magazin\/lyzarska-strediska\/lyzovani-v-lete\/","title":{"rendered":"Ly\u017eov\u00e1n\u00ed v l\u00e9t\u011b &#8211; Kter\u00e9 letn\u00ed ly\u017ea\u0159sk\u00e9 are\u00e1ly jsou v provozu?"},"content":{"rendered":"<p><strong>V mnoha ly\u017ea\u0159sk\u00fdch st\u0159edisc\u00edch kon\u010d\u00ed ly\u017ea\u0159sk\u00e1 sez\u00f3na koncem dubna nebo nejpozd\u011bji v polovin\u011b kv\u011btna. Pro opravdov\u00e9 milovn\u00edky sjezdovek to v\u0161ak neznamen\u00e1, \u017ee od \u010dervna do z\u00e1\u0159\u00ed ji\u017e nemohou ly\u017eovat nebo jezdit na snowboardu. A pro v\u0161echny milovn\u00edky zimn\u00edch sport\u016f, kte\u0159\u00ed necht\u011bj\u00ed p\u0159es letn\u00ed m\u011bs\u00edce pov\u011bsit ly\u017ee na h\u0159eb\u00edk, sestavil <a href=\"https:\/\/www.snowtrex.cz\/\" target=\"_blank\" rel=\"noopener noreferrer\">SnowTrex<\/a> seznam ly\u017ea\u0159sk\u00fdch st\u0159edisek po cel\u00e9m sv\u011bt\u011b, kter\u00e1 sv\u00e9 vleky nezav\u00edraj\u00ed v\u016fbec nebo jen na kr\u00e1tkou dobu. Ly\u017eov\u00e1n\u00ed v l\u00e9t\u011b je tedy mo\u017en\u00e9 i zde!<\/strong><\/p>\n<div class=\"tt-post-image-wrapper tt-post-image-wrapper-full\">\n            <div class=\"tt-image-copyright-container\">\n                <a href=\"https:\/\/www.snowtrex.cz\/magazin\/files\/2024\/06\/RS16344_shutterstock_565639657-hsc.jpg\" target=\"_blank\" rel=\"noopener\"><img loading=\"lazy\" decoding=\"async\" data-wrapped=\"true\" class=\"wp-image-52919 size-Artikelbild_gro\u00df\" title=\"L\u00e9to neznamen\u00e1, \u017ee se rekreanti mus\u00ed vzd\u00e1t ly\u017eov\u00e1n\u00ed\" src=\"https:\/\/www.snowtrex.cz\/magazin\/files\/2024\/06\/RS16344_shutterstock_565639657-hsc-729x486.jpg\" alt=\"L\u00e9to neznamen\u00e1, \u017ee se rekreanti mus\u00ed vzd\u00e1t ly\u017eov\u00e1n\u00ed\" width=\"729\" height=\"486\" srcset=\"https:\/\/www.snowtrex.cz\/magazin\/files\/2024\/06\/RS16344_shutterstock_565639657-hsc-729x486.jpg 729w, https:\/\/www.snowtrex.cz\/magazin\/files\/2024\/06\/RS16344_shutterstock_565639657-hsc-290x193.jpg 290w, https:\/\/www.snowtrex.cz\/magazin\/files\/2024\/06\/RS16344_shutterstock_565639657-hsc-728x485.jpg 728w, https:\/\/www.snowtrex.cz\/magazin\/files\/2024\/06\/RS16344_shutterstock_565639657-hsc-768x512.jpg 768w, https:\/\/www.snowtrex.cz\/magazin\/files\/2024\/06\/RS16344_shutterstock_565639657-hsc-1536x1024.jpg 1536w, https:\/\/www.snowtrex.cz\/magazin\/files\/2024\/06\/RS16344_shutterstock_565639657-hsc-468x312.jpg 468w, https:\/\/www.snowtrex.cz\/magazin\/files\/2024\/06\/RS16344_shutterstock_565639657-hsc-300x200.jpg 300w, https:\/\/www.snowtrex.cz\/magazin\/files\/2024\/06\/RS16344_shutterstock_565639657-hsc-999x666.jpg 999w, https:\/\/www.snowtrex.cz\/magazin\/files\/2024\/06\/RS16344_shutterstock_565639657-hsc-645x430.jpg 645w, https:\/\/www.snowtrex.cz\/magazin\/files\/2024\/06\/RS16344_shutterstock_565639657-hsc-552x368.jpg 552w, https:\/\/www.snowtrex.cz\/magazin\/files\/2024\/06\/RS16344_shutterstock_565639657-hsc-405x270.jpg 405w, https:\/\/www.snowtrex.cz\/magazin\/files\/2024\/06\/RS16344_shutterstock_565639657-hsc-336x224.jpg 336w, https:\/\/www.snowtrex.cz\/magazin\/files\/2024\/06\/RS16344_shutterstock_565639657-hsc-276x184.jpg 276w, https:\/\/www.snowtrex.cz\/magazin\/files\/2024\/06\/RS16344_shutterstock_565639657-hsc-234x156.jpg 234w, https:\/\/www.snowtrex.cz\/magazin\/files\/2024\/06\/RS16344_shutterstock_565639657-hsc-192x128.jpg 192w, https:\/\/www.snowtrex.cz\/magazin\/files\/2024\/06\/RS16344_shutterstock_565639657-hsc-120x80.jpg 120w, https:\/\/www.snowtrex.cz\/magazin\/files\/2024\/06\/RS16344_shutterstock_565639657-hsc-774x516.jpg 774w, https:\/\/www.snowtrex.cz\/magazin\/files\/2024\/06\/RS16344_shutterstock_565639657-hsc-2x1.jpg 2w, https:\/\/www.snowtrex.cz\/magazin\/files\/2024\/06\/RS16344_shutterstock_565639657-hsc.jpg 1920w\" sizes=\"(min-width: 1009px) 729px, (min-width: 819px) 594px, (min-width: 569px) 729px, (min-width: 449px) 468px, 348px\" \/><\/a><div class=\"tt-image-copyright\" data-image-id=\"52919\">\u00a9 gevision\/shutterstock.de<\/div>\n            <\/div>\n            <div class=\"tt-post-caption\">L\u00e9to neznamen\u00e1, \u017ee se rekreanti mus\u00ed vzd\u00e1t ly\u017eov\u00e1n\u00ed<\/div>\n         <\/div > \n<p><div class=\"tt-table-of-content\">\n                <span class=\"tt-icon-circle-up tt-table-of-content-button\"><\/span><\/p>\n<div class=\"tt-table-of-content-caption\">\n                    Obsah\n                <\/div>\n<div class=\"tt-table-of-content-body\">\n                    <a href=\"#ly\u017ea\u0159sk\u00e1-st\u0159ediska-pro-ly\u017eov\u00e1n\u00ed-v-l\u00e9t\u011b---p\u0159ehled\"><span class=\"layer-0\">Ly\u017ea\u0159sk\u00e1 st\u0159ediska pro ly\u017eov\u00e1n\u00ed v l\u00e9t\u011b &#8211; p\u0159ehled<\/span><\/a><a href=\"#zermatt-(\u0160v\u00fdcarsko)\"><span class=\"layer-0\">Zermatt (\u0160v\u00fdcarsko)<\/span><\/a><a href=\"#saas-fee-(\u0160v\u00fdcarsko)\"><span class=\"layer-0\">Saas-Fee (\u0160v\u00fdcarsko)<\/span><\/a><a href=\"#les-2-alpes-(francie)\"><span class=\"layer-0\">Les 2 Alpes (Francie)<\/span><\/a><a href=\"#tignes-(francie)\"><span class=\"layer-0\">Tignes (Francie)<\/span><\/a><a href=\"#pr\u016fsmyk-stelvio-(it\u00e1lie)\"><span class=\"layer-0\">Pr\u016fsmyk Stelvio (It\u00e1lie)<\/span><\/a><a href=\"#mammoth-mountain-(usa)\"><span class=\"layer-0\">Mammoth Mountain (USA)<\/span><\/a><a href=\"#ledovec-hintertux-(rakousko)\"><span class=\"layer-0\">Ledovec Hintertux (Rakousko)<\/span><\/a><a href=\"#palisades-tahoe-(usa)\"><span class=\"layer-0\">Palisades Tahoe (USA)<\/span><\/a><a href=\"#timberline-(usa)\"><span class=\"layer-0\">Timberline (USA)<\/span><\/a><a href=\"#tipy-pro-ly\u017eov\u00e1n\u00ed-v-l\u00e9t\u011b\"><span class=\"layer-0\">Tipy pro ly\u017eov\u00e1n\u00ed v l\u00e9t\u011b<\/span><\/a><a href=\"#nej\u010dast\u011bj\u0161\u00ed-dotazy-o-ly\u017eov\u00e1n\u00ed-v-l\u00e9t\u011b\"><span class=\"layer-0\">Nej\u010dast\u011bj\u0161\u00ed dotazy o ly\u017eov\u00e1n\u00ed v l\u00e9t\u011b<\/span><\/a>\n                 <\/div>\n<\/p><\/div>\n<hr>\n<h2 id=\"skigebiete-zum-skifahren-im-fr\u00fchling--ein-\u00dcberblick\" id=\"ly\u017ea\u0159sk\u00e1-st\u0159ediska-pro-ly\u017eov\u00e1n\u00ed-v-l\u00e9t\u011b---p\u0159ehled\">Ly\u017ea\u0159sk\u00e1 st\u0159ediska pro ly\u017eov\u00e1n\u00ed v l\u00e9t\u011b &#8211; p\u0159ehled<\/h2>\n\n<table id=\"tablepress-38\" class=\"tablepress tablepress-id-38\">\n<thead>\n<tr class=\"row-1\">\n\t<th class=\"column-1\"><strong>Ly\u017ea\u0159sk\u00fd are\u00e1l<\/strong><\/th><th class=\"column-2\"><strong>Zem\u011b<\/strong><\/th><th class=\"column-3\"><strong>Nejvy\u0161\u0161\u00ed bod<\/strong><\/th><th class=\"column-4\"><strong>Kilometry sjezdovek<\/strong><\/th>\n<\/tr>\n<\/thead>\n<tbody class=\"row-striping row-hover\">\n<tr class=\"row-2\">\n\t<td class=\"column-1\"><a href=\"https:\/\/www.snowtrex.cz\/svycarsko\/zermatt\/lyzovani.html\" target=\"_blank\" rel=\"noopener noreferrer\">Zermatt<\/a><\/td><td class=\"column-2\">\u0160v\u00fdcarsko<\/td><td class=\"column-3\">3.899 m<\/td><td class=\"column-4\">20<\/td>\n<\/tr>\n<tr class=\"row-3\">\n\t<td class=\"column-1\"><a href=\"https:\/\/www.snowtrex.cz\/svycarsko\/saas-fee\/saas-fee\/lyzovani.html\" target=\"_blank\" rel=\"noopener noreferrer\">Saas-Fee<\/a><\/td><td class=\"column-2\">\u0160v\u00fdcarsko<\/td><td class=\"column-3\">3.573 m<\/td><td class=\"column-4\">20<\/td>\n<\/tr>\n<tr class=\"row-4\">\n\t<td class=\"column-1\"><a href=\"https:\/\/www.snowtrex.cz\/francie\/les_2_alpes\/lyzovani.html\" target=\"_blank\" rel=\"noopener noreferrer\">Les 2 Alpes<\/a><\/td><td class=\"column-2\">Francie<\/td><td class=\"column-3\">3.523 m<\/td><td class=\"column-4\">5<\/td>\n<\/tr>\n<tr class=\"row-5\">\n\t<td class=\"column-1\"><a href=\"https:\/\/www.snowtrex.cz\/francie\/tignes\/lyzovani.html\" target=\"_blank\" rel=\"noopener noreferrer\">Tignes<\/a><\/td><td class=\"column-2\">Francie<\/td><td class=\"column-3\">3.456 m<\/td><td class=\"column-4\">20<\/td>\n<\/tr>\n<tr class=\"row-6\">\n\t<td class=\"column-1\">Stilfser Joch<\/td><td class=\"column-2\">It\u00e1lie<\/td><td class=\"column-3\">3.450 m<\/td><td class=\"column-4\">9<\/td>\n<\/tr>\n<tr class=\"row-7\">\n\t<td class=\"column-1\">Mammoth Mountain<\/td><td class=\"column-2\">USA<\/td><td class=\"column-3\">3.369 m<\/td><td class=\"column-4\">25<\/td>\n<\/tr>\n<tr class=\"row-8\">\n\t<td class=\"column-1\"><a href=\"https:\/\/www.snowtrex.cz\/rakousko\/hintertux\/lyzarske-stredisko.html\" target=\"_blank\" rel=\"noopener noreferrer\">Hintertuxer Gletscher<\/a><\/td><td class=\"column-2\">Rakousko<\/td><td class=\"column-3\">3.250 m<\/td><td class=\"column-4\">20<\/td>\n<\/tr>\n<tr class=\"row-9\">\n\t<td class=\"column-1\">Palisades Tahoe<\/td><td class=\"column-2\">USA<\/td><td class=\"column-3\">2.745 m<\/td><td class=\"column-4\">10<\/td>\n<\/tr>\n<tr class=\"row-10\">\n\t<td class=\"column-1\">Timberline<\/td><td class=\"column-2\">USA<\/td><td class=\"column-3\">2.603 m<\/td><td class=\"column-4\">10<\/td>\n<\/tr>\n<\/tbody>\n<\/table>\n<!-- #tablepress-38 from cache -->\n<h2 id=\"zermatt-(\u0160v\u00fdcarsko)\">Zermatt (\u0160v\u00fdcarsko)<\/h2>\n<p><strong>Nadmo\u0159sk\u00e1 v\u00fd\u0161ka:<\/strong> 1 562 &#8211; 3 899 m n. m<\/p>\n<p><strong>Konec sez\u00f3ny:<\/strong> otev\u0159eno po cel\u00fd rok<\/p>\n<p><strong>Kilometry sjezdovek<\/strong>: a\u017e 20 km<\/p>\n<p>Oblast Zermatt-Matterhorn v srdci Valaisk\u00fdch Alp je obklopena 38 \u010dty\u0159tis\u00edcov\u00fdmi vrcholy. Na ledovci Theodul v <a href=\"https:\/\/www.snowtrex.cz\/svycarsko\/zermatt\/lyzarsky-region.html\" target=\"_blank\" rel=\"noopener noreferrer\">ly\u017ea\u0159sk\u00e9m r\u00e1ji Matterhorn<\/a> jsou sjezdovky v provozu i b\u011bhem slune\u010dn\u00fdch m\u011bs\u00edc\u016f \u010derven, \u010dervenec a srpen. Horsk\u00e1 stanice se nach\u00e1z\u00ed ve v\u00fd\u0161ce 2 939 metr\u016f, odkud se mohou letn\u00ed ly\u017ea\u0159i p\u0159esunout p\u0159\u00edmo na ledovec a nechat se vyv\u00e9zt a\u017e do v\u00fd\u0161ky 3 899 metr\u016f. Naho\u0159e se ly\u017euje t\u00e9m\u011b\u0159 po cel\u00fd rok &#8211; v z\u00e1vislosti na sn\u011bhov\u00fdch podm\u00ednk\u00e1ch &#8211; na v\u00edce ne\u017e 20 kilometrech sjezdovek.<\/p>\n<div class=\"tt-post-image-wrapper tt-post-image-wrapper-full\">\n            <div class=\"tt-image-copyright-container\">\n                <a href=\"https:\/\/www.snowtrex.cz\/magazin\/files\/2024\/06\/RS26465_Blauherd_Sunrise_Stellisee-scr.jpg\" target=\"_blank\" rel=\"noopener\"><img loading=\"lazy\" decoding=\"async\" data-wrapped=\"true\" class=\"wp-image-52921 size-Artikelbild_gro\u00df\" title=\"U\u017e\u00edt si fantastick\u00fd v\u00fdchod slunce na Matterhornu a pak vyrazit na sjezdovku je ve Valais mo\u017en\u00e9 i v l\u00e9t\u011b\" src=\"https:\/\/www.snowtrex.cz\/magazin\/files\/2024\/06\/RS26465_Blauherd_Sunrise_Stellisee-scr-729x486.jpg\" alt=\"U\u017e\u00edt si fantastick\u00fd v\u00fdchod slunce na Matterhornu a pak vyrazit na sjezdovku je ve Valais mo\u017en\u00e9 i v l\u00e9t\u011b\" width=\"729\" height=\"486\" srcset=\"https:\/\/www.snowtrex.cz\/magazin\/files\/2024\/06\/RS26465_Blauherd_Sunrise_Stellisee-scr-729x486.jpg 729w, https:\/\/www.snowtrex.cz\/magazin\/files\/2024\/06\/RS26465_Blauherd_Sunrise_Stellisee-scr-468x312.jpg 468w, https:\/\/www.snowtrex.cz\/magazin\/files\/2024\/06\/RS26465_Blauherd_Sunrise_Stellisee-scr-300x200.jpg 300w, https:\/\/www.snowtrex.cz\/magazin\/files\/2024\/06\/RS26465_Blauherd_Sunrise_Stellisee-scr-999x666.jpg 999w, https:\/\/www.snowtrex.cz\/magazin\/files\/2024\/06\/RS26465_Blauherd_Sunrise_Stellisee-scr-645x430.jpg 645w, https:\/\/www.snowtrex.cz\/magazin\/files\/2024\/06\/RS26465_Blauherd_Sunrise_Stellisee-scr-552x368.jpg 552w, https:\/\/www.snowtrex.cz\/magazin\/files\/2024\/06\/RS26465_Blauherd_Sunrise_Stellisee-scr-405x270.jpg 405w, https:\/\/www.snowtrex.cz\/magazin\/files\/2024\/06\/RS26465_Blauherd_Sunrise_Stellisee-scr-336x224.jpg 336w, https:\/\/www.snowtrex.cz\/magazin\/files\/2024\/06\/RS26465_Blauherd_Sunrise_Stellisee-scr-276x184.jpg 276w, https:\/\/www.snowtrex.cz\/magazin\/files\/2024\/06\/RS26465_Blauherd_Sunrise_Stellisee-scr-234x156.jpg 234w, https:\/\/www.snowtrex.cz\/magazin\/files\/2024\/06\/RS26465_Blauherd_Sunrise_Stellisee-scr-192x128.jpg 192w, https:\/\/www.snowtrex.cz\/magazin\/files\/2024\/06\/RS26465_Blauherd_Sunrise_Stellisee-scr-120x80.jpg 120w, https:\/\/www.snowtrex.cz\/magazin\/files\/2024\/06\/RS26465_Blauherd_Sunrise_Stellisee-scr-774x516.jpg 774w, https:\/\/www.snowtrex.cz\/magazin\/files\/2024\/06\/RS26465_Blauherd_Sunrise_Stellisee-scr-1x1.jpg 1w\" sizes=\"(min-width: 1009px) 729px, (min-width: 819px) 594px, (min-width: 569px) 729px, (min-width: 449px) 468px, 348px\" \/><\/a><div class=\"tt-image-copyright\" data-image-id=\"52921\">\u00a9 Zermatt Bergbahnen<\/div>\n            <\/div>\n            <div class=\"tt-post-caption\">U\u017e\u00edt si fantastick\u00fd v\u00fdchod slunce na Matterhornu a pak vyrazit na sjezdovku je ve Valais mo\u017en\u00e9 i v l\u00e9t\u011b<\/div>\n         <\/div > \n<h2 id=\"saas-fee-(\u0160v\u00fdcarsko)\">Saas-Fee (\u0160v\u00fdcarsko)<\/h2>\n<p><strong>Nadmo\u0159sk\u00e1 v\u00fd\u0161ka:<\/strong> 1 800 &#8211; 3 573 m n. m<\/p>\n<p><strong>Konec sez\u00f3ny:<\/strong> Konec \u0159\u00edjna<\/p>\n<p><strong>Kilometry sjezdovek<\/strong>: a\u017e 20 km<\/p>\n<p>V l\u00e9t\u011b \u010dek\u00e1 na ly\u017ea\u0159e 20 km ledovcov\u00fdch sjezdovek na ledovci Allalin v nadmo\u0159sk\u00e9 v\u00fd\u0161ce a\u017e 3 573 metr\u016f. P\u0159i teplot\u00e1ch, kter\u00e9 jsou v\u00edce ne\u017e jarn\u00ed, vyu\u017e\u00edv\u00e1 ly\u017ea\u0159sk\u00fd are\u00e1l <a href=\"https:\/\/www.snowtrex.cz\/svycarsko\/saas-fee\/lyzarske-stredisko.html\" target=\"_blank\" rel=\"noopener\">Saas-Fee<\/a> jako tr\u00e9ninkovou z\u00e1kladnu tak\u00e9 mnoho mezin\u00e1rodn\u00edch ly\u017ea\u0159sk\u00fdch t\u00fdm\u016f, tak\u017ee i mimo sjezdovky je pro ostatn\u00ed hosty v\u017edy na co se d\u00edvat. Ti, kte\u0159\u00ed necht\u011bj\u00ed sami ly\u017eovat, mohou naopak relaxovat v prostorn\u00e9 chill-out z\u00f3n\u011b s hudbou nebo v ledovcov\u00e9 restauraci. \u00dadol\u00ed Saas, obklopen\u00e9 18 \u010dty\u0159tis\u00edcov\u00fdmi vrcholy, stoj\u00ed za n\u00e1v\u0161t\u011bvu i mimo zimu a nab\u00edz\u00ed ohromuj\u00edc\u00ed panorama.<\/p>\n<h2 id=\"les-2-alpes-(francie)\">Les 2 Alpes (Francie)<\/h2>\n<p><strong>Nadmo\u0159sk\u00e1 v\u00fd\u0161ka:<\/strong> 3 200 &#8211; 3 566 m n. m<\/p>\n<p><strong>Konec sez\u00f3ny:<\/strong> Konec \u010dervna<\/p>\n<p><strong>Kilometry sjezdovek<\/strong>: a\u017e 5 km<\/p>\n<p>Jeden z nejv\u011bt\u0161\u00edch letn\u00edch ly\u017ea\u0159sk\u00fdch are\u00e1l\u016f v Evrop\u011b se nach\u00e1z\u00ed na ledovci Mont-de-Lans ve francouzsk\u00fdch Alp\u00e1ch. Sjezdovky sahaj\u00ed a\u017e do v\u00fd\u0161ky 3 566 metr\u016f, \u010d\u00edm\u017e se tato ledovcov\u00e1 ly\u017ea\u0159sk\u00e1 oblast \u0159ad\u00ed mezi nejv\u00fd\u0161e polo\u017een\u00e9 na sv\u011bt\u011b. Je samoz\u0159ejm\u00e9, \u017ee dobr\u00e9 podm\u00ednky na sjezdovk\u00e1ch zde panuj\u00ed i v l\u00e9t\u011b. Na pokro\u010dil\u00e9 a profesion\u00e1ln\u00ed ly\u017ea\u0159e \u010dek\u00e1 a\u017e osm sjezdovek, kte\u0159\u00ed si nav\u00edc mohou vychutnat trojn\u00e1sobn\u00e9 luxusn\u00ed vrcholov\u00e9 panorama s La Meije, masivem Ecrins a samoz\u0159ejm\u011b mohutn\u00fdm Mont Blancem. Za dobr\u00fdch sn\u011bhov\u00fdch podm\u00ednek je v provozu tak\u00e9 snowpark. Jedinou nev\u00fdhodou je, \u017ee v l\u00e9t\u011b z\u00e1bava netrv\u00e1 cel\u00fd den, proto\u017ee vleky jezd\u00ed jen do poledne. Na\u0161t\u011bst\u00ed <a href=\"https:\/\/www.snowtrex.cz\/francie\/les_2_alpes\/lyzarske-stredisko.html\" target=\"_blank\" rel=\"noopener noreferrer\">Les 2 Alpes<\/a> nab\u00edz\u00ed po ly\u017eov\u00e1n\u00ed bohat\u00fd program aktivit, od ledovcov\u00e9 turistiky a sj\u00ed\u017ed\u011bn\u00ed na kole a\u017e po c\u00e1k\u00e1n\u00ed v rybn\u00edku.<\/p>\n<div class=\"tt-post-image-wrapper tt-post-image-wrapper-full\">\n            <div class=\"tt-image-copyright-container\">\n                <a href=\"https:\/\/www.snowtrex.cz\/magazin\/files\/2023\/08\/RS14262_Les2Alpes_Sophie_Maul-2-scr.jpg\" target=\"_blank\" rel=\"noopener\"><img loading=\"lazy\" decoding=\"async\" data-wrapped=\"true\" class=\"wp-image-52747 size-Artikelbild_gro\u00df\" title=\"V Les 2 Alpes je ledovec pro milovn\u00edky zimn\u00edch sport\u016f otev\u0159en i po za\u010d\u00e1tku l\u00e9ta 21. \u010dervna\" src=\"https:\/\/www.snowtrex.cz\/magazin\/files\/2023\/08\/RS14262_Les2Alpes_Sophie_Maul-2-scr-729x486.jpg\" alt=\"V Les 2 Alpes je ledovec pro milovn\u00edky zimn\u00edch sport\u016f otev\u0159en i po za\u010d\u00e1tku l\u00e9ta 21. \u010dervna\" width=\"729\" height=\"486\" srcset=\"https:\/\/www.snowtrex.cz\/magazin\/files\/2023\/08\/RS14262_Les2Alpes_Sophie_Maul-2-scr-729x486.jpg 729w, https:\/\/www.snowtrex.cz\/magazin\/files\/2023\/08\/RS14262_Les2Alpes_Sophie_Maul-2-scr-290x193.jpg 290w, https:\/\/www.snowtrex.cz\/magazin\/files\/2023\/08\/RS14262_Les2Alpes_Sophie_Maul-2-scr-728x485.jpg 728w, https:\/\/www.snowtrex.cz\/magazin\/files\/2023\/08\/RS14262_Les2Alpes_Sophie_Maul-2-scr-768x512.jpg 768w, https:\/\/www.snowtrex.cz\/magazin\/files\/2023\/08\/RS14262_Les2Alpes_Sophie_Maul-2-scr-468x312.jpg 468w, https:\/\/www.snowtrex.cz\/magazin\/files\/2023\/08\/RS14262_Les2Alpes_Sophie_Maul-2-scr-300x200.jpg 300w, https:\/\/www.snowtrex.cz\/magazin\/files\/2023\/08\/RS14262_Les2Alpes_Sophie_Maul-2-scr-999x666.jpg 999w, https:\/\/www.snowtrex.cz\/magazin\/files\/2023\/08\/RS14262_Les2Alpes_Sophie_Maul-2-scr-645x430.jpg 645w, https:\/\/www.snowtrex.cz\/magazin\/files\/2023\/08\/RS14262_Les2Alpes_Sophie_Maul-2-scr-552x368.jpg 552w, https:\/\/www.snowtrex.cz\/magazin\/files\/2023\/08\/RS14262_Les2Alpes_Sophie_Maul-2-scr-405x270.jpg 405w, https:\/\/www.snowtrex.cz\/magazin\/files\/2023\/08\/RS14262_Les2Alpes_Sophie_Maul-2-scr-336x224.jpg 336w, https:\/\/www.snowtrex.cz\/magazin\/files\/2023\/08\/RS14262_Les2Alpes_Sophie_Maul-2-scr-276x184.jpg 276w, https:\/\/www.snowtrex.cz\/magazin\/files\/2023\/08\/RS14262_Les2Alpes_Sophie_Maul-2-scr-234x156.jpg 234w, https:\/\/www.snowtrex.cz\/magazin\/files\/2023\/08\/RS14262_Les2Alpes_Sophie_Maul-2-scr-192x128.jpg 192w, https:\/\/www.snowtrex.cz\/magazin\/files\/2023\/08\/RS14262_Les2Alpes_Sophie_Maul-2-scr-120x80.jpg 120w, https:\/\/www.snowtrex.cz\/magazin\/files\/2023\/08\/RS14262_Les2Alpes_Sophie_Maul-2-scr-774x516.jpg 774w, https:\/\/www.snowtrex.cz\/magazin\/files\/2023\/08\/RS14262_Les2Alpes_Sophie_Maul-2-scr-2x1.jpg 2w, https:\/\/www.snowtrex.cz\/magazin\/files\/2023\/08\/RS14262_Les2Alpes_Sophie_Maul-2-scr.jpg 1440w\" sizes=\"(min-width: 1009px) 729px, (min-width: 819px) 594px, (min-width: 569px) 729px, (min-width: 449px) 468px, 348px\" \/><\/a><div class=\"tt-image-copyright\" data-image-id=\"52747\">\u00a9 TravelTrex<\/div>\n            <\/div>\n            <div class=\"tt-post-caption\">V Les 2 Alpes je ledovec pro milovn\u00edky zimn\u00edch sport\u016f otev\u0159en i po za\u010d\u00e1tku l\u00e9ta 21. \u010dervna<\/div>\n         <\/div > \n<h2 id=\"tignes-(francie)\">Tignes (Francie)<\/h2>\n<p><strong>Nadmo\u0159sk\u00e1 v\u00fd\u0161ka:<\/strong> 1 550 &#8211; 3 456 m n. m<\/p>\n<p><strong>Konec sez\u00f3ny:<\/strong> Konec \u010dervence<\/p>\n<p><strong>Kilometry sjezdovek<\/strong>: a\u017e 20 km<\/p>\n<p><a href=\"https:\/\/www.snowtrex.cz\/francie\/tignes\/lyzarske-stredisko.html\" target=\"_blank\" rel=\"noopener noreferrer\">Tignes<\/a> a jeho ly\u017ea\u0159sk\u00e1 oblast nab\u00edz\u00ed milovn\u00edk\u016fm zimn\u00edch sport\u016f superlativy francouzsk\u00fdch Alp &#8211; a to i v l\u00e9t\u011b. Masiv Vanoise je mimo\u0159\u00e1dn\u011b obl\u00edben\u00fd u mnoha ly\u017ea\u0159\u016f a snowboardist\u016f d\u00edky tomu, \u017ee se zde ly\u017euje t\u00e9m\u011b\u0159 po cel\u00fd rok. Koneckonc\u016f dobr\u00fd sn\u00edh je d\u00edky nadmo\u0159sk\u00e9 v\u00fd\u0161ce a\u017e 3 456 metr\u016f t\u00e9m\u011b\u0159 zaru\u010den i v \u010dervnu. Sjezdovky na ledovci Grande Motte jsou obvykle v provozu a\u017e do konce \u010dervence.<\/p>\n<h2 id=\"pr\u016fsmyk-stelvio-(it\u00e1lie)\">Pr\u016fsmyk Stelvio (It\u00e1lie)<\/h2>\n<p><strong>Nadmo\u0159sk\u00e1 v\u00fd\u0161ka:<\/strong> 2 760 &#8211; 3 450 m n. m<\/p>\n<p><strong>Konec sez\u00f3ny:<\/strong> Za\u010d\u00e1tek listopadu<\/p>\n<p><strong>Kilometry sjezdovek<\/strong>: a\u017e 9 km<\/p>\n<p>Ledovcov\u00fd ly\u017ea\u0159sk\u00fd are\u00e1l v nejvy\u0161\u0161\u00edm italsk\u00e9m pr\u016fsmyku je v provozu pouze v l\u00e9t\u011b. Jedinou mo\u017enost\u00ed, jak se dostat do pr\u016fsmyku Stelvio, je pr\u016fsmykov\u00e1 silnice se 48 ostr\u00fdmi zat\u00e1\u010dkami a\u017e na vrchol pr\u016fsmyku ve v\u00fd\u0161ce 2 760 metr\u016f. P\u0159esto\u017ee je po cel\u00e9 d\u00e9lce vyasfaltovan\u00e1, v zim\u011b je pro dopravu uzav\u0159ena. Ly\u017eov\u00e1n\u00ed na ledovci je proto mo\u017en\u00e9 pouze v l\u00e9t\u011b. Ob\u00fdv\u00e1 ji v\u0161ak mnoho tr\u00e9ninkov\u00fdch skupin, kter\u00e9 se o 9 km sjezdovek d\u011bl\u00ed s ostatn\u00edmi ly\u017ea\u0159i.<\/p>\n<figure class=\"wp-block-embed-youtube wp-block-embed is-type-video is-provider-youtube wp-embed-aspect-16-9 wp-has-aspect-ratio\"><div class=\"lyte-wrapper\" title=\"Summer skiing in Passo Stelvio - Stilfser Joch\" style=\"width:853px;max-width:100%;margin:5px auto;\"><div class=\"lyMe\" id=\"WYL_u-2omxqYeDo\" itemprop=\"video\" itemscope itemtype=\"https:\/\/schema.org\/VideoObject\"><div><meta itemprop=\"thumbnailUrl\" content=\"https:\/\/i.ytimg.com\/vi\/u-2omxqYeDo\/hqdefault.jpg\" \/><meta itemprop=\"embedURL\" content=\"https:\/\/www.youtube.com\/embed\/u-2omxqYeDo\" \/><meta itemprop=\"duration\" content=\"PT3M13S\" \/><meta itemprop=\"uploadDate\" content=\"2019-08-15T15:36:37Z\" \/><\/div><div id=\"lyte_u-2omxqYeDo\" data-src=\"https:\/\/i.ytimg.com\/vi\/u-2omxqYeDo\/hqdefault.jpg\" class=\"pL\"><div class=\"tC\"><div class=\"tT\" itemprop=\"name\">Summer skiing in Passo Stelvio - Stilfser Joch<\/div><\/div><div class=\"play\"><\/div><div class=\"ctrl\"><div class=\"Lctrl\"><\/div><div class=\"Rctrl\"><\/div><\/div><\/div><noscript><a href=\"http:\/\/youtu.be\/u-2omxqYeDo\" rel=\"nofollow\"><img loading=\"lazy\" decoding=\"async\" src=\"http:\/\/i.ytimg.com\/vi\/u-2omxqYeDo\/0.jpg\" alt=\"Summer skiing in Passo Stelvio - Stilfser Joch\" width=\"853\" height=\"460\" \/><br \/>Watch this video on YouTube<\/a><\/noscript><meta itemprop=\"description\" content=\"August 4th 2019 www.passostelvio.eu\"><\/div><\/div><div class=\"lL\" style=\"max-width:100%;width:853px;margin:5px auto;\"><br\/><span class=\"lyte_disclaimer\">Upozor\u0148ujeme tak\u00e9, \u017ee pou\u017e\u00edv\u00e1n\u00edm na\u0161ich slu\u017eeb a integrac\u00ed slu\u017eeb YouTube API plat\u00ed <a href=\"https:\/\/www.youtube.com\/t\/terms\">Smluvn\u00ed podm\u00ednky YouTube<\/a> a <a href=\"https:\/\/developers.google.com\/youtube\/terms\/api-services-terms-of-service-emea-de\">Smluvn\u00ed podm\u00ednky YouTube API<\/a> a va\u0161e pou\u017e\u00edv\u00e1n\u00ed na\u0161ich webov\u00fdch str\u00e1nek se pova\u017euje za souhlas s t\u011bmito podm\u00ednkami.<\/span><\/div><figcaption><\/figcaption><\/figure>\n<h2 id=\"mammoth-mountain-(usa)\">Mammoth Mountain (USA)<\/h2>\n<p><strong>Nadmo\u0159sk\u00e1 v\u00fd\u0161ka:<\/strong> 2 424 &#8211; 3 369 m n. m<\/p>\n<p><strong>Konec sez\u00f3ny:<\/strong> Za\u010d\u00e1tek \u010dervence<\/p>\n<p><strong>Kilometry sjezdovek<\/strong>: a\u017e 25 km<\/p>\n<p>Ly\u017ea\u0159sk\u00e9 st\u0159edisko Mammoth Mountain v americk\u00e9m st\u00e1t\u011b Kalifornie je d\u00edky rozmarn\u00e9mu po\u010das\u00ed v poho\u0159\u00ed Sierra obda\u0159eno mno\u017estv\u00edm sn\u011bhu. V l\u00e9t\u011b je v nadmo\u0159sk\u00e9 v\u00fd\u0161ce p\u0159es 3 300 m otev\u0159eno neuv\u011b\u0159iteln\u00fdch 25 kilometr\u016f sjezdovek, kter\u00e9 obsluhuje a\u017e deset vlek\u016f! Jak je pro patriotick\u00e9 Ameri\u010dany typick\u00e9, letn\u00ed ly\u017ea\u0159sk\u00e9 radov\u00e1nky kon\u010d\u00ed p\u0159esn\u011b na sv\u00e1tek nez\u00e1vislosti, 4. \u010dervence.<\/p>\n<p>jak u\u017e n\u00e1zev napov\u00edd\u00e1, &#8222;Operation Spring Shred&#8220; ohla\u0161uje z\u00e1v\u011bre\u010dn\u00fd sprint k letn\u00ed sez\u00f3n\u011b v ly\u017ea\u0159sk\u00e9m are\u00e1lu na &#8222;Mammutbergu&#8220; ji\u017e na ja\u0159e:<\/p>\n<figure class=\"wp-block-embed-youtube wp-block-embed is-type-video is-provider-youtube wp-embed-aspect-16-9 wp-has-aspect-ratio\"><div class=\"lyte-wrapper\" title=\"Second Season: Operation Spring Shred\" style=\"width:853px;max-width:100%;margin:5px auto;\"><div class=\"lyMe\" id=\"WYL_W4vYS-xEX6g\" itemprop=\"video\" itemscope itemtype=\"https:\/\/schema.org\/VideoObject\"><div><meta itemprop=\"thumbnailUrl\" content=\"https:\/\/i.ytimg.com\/vi\/W4vYS-xEX6g\/hqdefault.jpg\" \/><meta itemprop=\"embedURL\" content=\"https:\/\/www.youtube.com\/embed\/W4vYS-xEX6g\" \/><meta itemprop=\"duration\" content=\"PT3M39S\" \/><meta itemprop=\"uploadDate\" content=\"2023-05-10T14:00:08Z\" \/><\/div><div id=\"lyte_W4vYS-xEX6g\" data-src=\"https:\/\/i.ytimg.com\/vi\/W4vYS-xEX6g\/hqdefault.jpg\" class=\"pL\"><div class=\"tC\"><div class=\"tT\" itemprop=\"name\">Second Season: Operation Spring Shred<\/div><\/div><div class=\"play\"><\/div><div class=\"ctrl\"><div class=\"Lctrl\"><\/div><div class=\"Rctrl\"><\/div><\/div><\/div><noscript><a href=\"http:\/\/youtu.be\/W4vYS-xEX6g\" rel=\"nofollow\"><img loading=\"lazy\" decoding=\"async\" src=\"http:\/\/i.ytimg.com\/vi\/W4vYS-xEX6g\/0.jpg\" alt=\"Second Season: Operation Spring Shred\" width=\"853\" height=\"460\" \/><br \/>Watch this video on YouTube<\/a><\/noscript><meta itemprop=\"description\" content=\"The Fun Police have hidden the magical Golden Shovel in hopes of delaying spring fun. Agent Woolly must go undercover to find the Golden Shovel and return it so Second Season can finally start. Can our favorite fuzzy hero outsmart and outski the devious thieves and bring spring fun back to the mountain? Watch and find out. And for a deal as fantastic as Woolly&#039;s stunts, check out the 3-Up where you and your crew can ride for just &#36;69 per day.\"><\/div><\/div><div class=\"lL\" style=\"max-width:100%;width:853px;margin:5px auto;\"><br\/><span class=\"lyte_disclaimer\">Upozor\u0148ujeme tak\u00e9, \u017ee pou\u017e\u00edv\u00e1n\u00edm na\u0161ich slu\u017eeb a integrac\u00ed slu\u017eeb YouTube API plat\u00ed <a href=\"https:\/\/www.youtube.com\/t\/terms\">Smluvn\u00ed podm\u00ednky YouTube<\/a> a <a href=\"https:\/\/developers.google.com\/youtube\/terms\/api-services-terms-of-service-emea-de\">Smluvn\u00ed podm\u00ednky YouTube API<\/a> a va\u0161e pou\u017e\u00edv\u00e1n\u00ed na\u0161ich webov\u00fdch str\u00e1nek se pova\u017euje za souhlas s t\u011bmito podm\u00ednkami.<\/span><\/div><figcaption><\/figcaption><\/figure>\n<h2 id=\"ledovec-hintertux-(rakousko)\">Ledovec Hintertux (Rakousko)<\/h2>\n<p><strong>Nadmo\u0159sk\u00e1 v\u00fd\u0161ka:<\/strong> 1 500 &#8211; 3 250 m n. m<\/p>\n<p><strong>Konec sez\u00f3ny:<\/strong> otev\u0159eno po cel\u00fd rok<\/p>\n<p><strong>Kilometry sjezdovek<\/strong>: a\u017e 20 km<\/p>\n<p><a href=\"https:\/\/www.snowtrex.cz\/rakousko\/hintertux\/lyzarske-stredisko.html\" target=\"_blank\" rel=\"noopener noreferrer\">Ledovec Hintertux<\/a> je jedinou ly\u017ea\u0159skou oblast\u00ed v Rakousku, kter\u00e1 je pro milovn\u00edky zimn\u00edch sport\u016f s ly\u017eemi a snowboardy v ruce otev\u0159ena 365 dn\u00ed v roce. Za ide\u00e1ln\u00edch pov\u011btrnostn\u00edch podm\u00ednek lze p\u0159es l\u00e9to ly\u017eovat na v\u00edce ne\u017e 20 kilometrech sjezdovek a\u017e do nadmo\u0159sk\u00e9 v\u00fd\u0161ky 3 250 m, kter\u00e9 obsluhuje v\u00edce ne\u017e deset vlek\u016f.<\/p>\n<p>Chcete sv\u00e9 ly\u017ee po\u0159\u00e1dn\u011b prohnat na sjezdovce? V l\u00e9t\u011b to na ledovci Hintertux nen\u00ed p\u0159i dobr\u00fdch sn\u011bhov\u00fdch podm\u00ednk\u00e1ch \u017e\u00e1dn\u00fd probl\u00e9m:<\/p>\n<div class=\"lyte-wrapper\" title=\"Summer Skiing at the Hintertux Glacier\" style=\"width:853px;max-width:100%;margin:5px auto;\"><div class=\"lyMe\" id=\"WYL_RwuQABu4gmA\" itemprop=\"video\" itemscope itemtype=\"https:\/\/schema.org\/VideoObject\"><div><meta itemprop=\"thumbnailUrl\" content=\"https:\/\/i.ytimg.com\/vi\/RwuQABu4gmA\/hqdefault.jpg\" \/><meta itemprop=\"embedURL\" content=\"https:\/\/www.youtube.com\/embed\/RwuQABu4gmA\" \/><meta itemprop=\"duration\" content=\"PT5M17S\" \/><meta itemprop=\"uploadDate\" content=\"2018-06-07T10:00:22Z\" \/><\/div><div id=\"lyte_RwuQABu4gmA\" data-src=\"https:\/\/i.ytimg.com\/vi\/RwuQABu4gmA\/hqdefault.jpg\" class=\"pL\"><div class=\"tC\"><div class=\"tT\" itemprop=\"name\">Summer Skiing at the Hintertux Glacier<\/div><\/div><div class=\"play\"><\/div><div class=\"ctrl\"><div class=\"Lctrl\"><\/div><div class=\"Rctrl\"><\/div><\/div><\/div><noscript><a href=\"http:\/\/youtu.be\/RwuQABu4gmA\" rel=\"nofollow\"><img loading=\"lazy\" decoding=\"async\" src=\"http:\/\/i.ytimg.com\/vi\/RwuQABu4gmA\/0.jpg\" alt=\"Summer Skiing at the Hintertux Glacier\" width=\"853\" height=\"460\" \/><br \/>Watch this video on YouTube<\/a><\/noscript><meta itemprop=\"description\" content=\"Over the late May bank holiday, we took a trip to Mayrhofen, Austria to experience summer skiing at the Hintertux Glacier. We spent our first few days skiing up on the Glacier and our last day exploring the beautiful alpine area around the town of Mayrhofen, which has so much to offer throughout summer. Read about our experiences - https:\/\/www.inthesnow.com\/summer-skiing-at-the-hintertux-glacier\/\"><\/div><\/div><div class=\"lL\" style=\"max-width:100%;width:853px;margin:5px auto;\"><br\/><span class=\"lyte_disclaimer\">Upozor\u0148ujeme tak\u00e9, \u017ee pou\u017e\u00edv\u00e1n\u00edm na\u0161ich slu\u017eeb a integrac\u00ed slu\u017eeb YouTube API plat\u00ed <a href=\"https:\/\/www.youtube.com\/t\/terms\">Smluvn\u00ed podm\u00ednky YouTube<\/a> a <a href=\"https:\/\/developers.google.com\/youtube\/terms\/api-services-terms-of-service-emea-de\">Smluvn\u00ed podm\u00ednky YouTube API<\/a> a va\u0161e pou\u017e\u00edv\u00e1n\u00ed na\u0161ich webov\u00fdch str\u00e1nek se pova\u017euje za souhlas s t\u011bmito podm\u00ednkami.<\/span><\/div><\/p>\n<h2 id=\"palisades-tahoe-(usa)\">Palisades Tahoe (USA)<\/h2>\n<p><strong>Nadmo\u0159sk\u00e1 v\u00fd\u0161ka:<\/strong> 1 890 &#8211; 2 745 m<\/p>\n<p><strong>Konec sez\u00f3ny:<\/strong> Za\u010d\u00e1tek \u010dervence<\/p>\n<p><strong>Kilometry sjezdovek<\/strong>: a\u017e 10 km<\/p>\n<p>Nechte se ze sjezdovky un\u00e1\u0161et pohledem na sv\u011btozn\u00e1m\u00e9 jezero Tahoe. Nejen v zim\u011b, ale i v letn\u00edch m\u011bs\u00edc\u00edch si mohou ly\u017ea\u0159i v ly\u017ea\u0159sk\u00e9 oblasti Palisades Tahoe vychutnat tento fantastick\u00fd v\u00fdhled. A pokud v\u00e1m n\u00e1zev kalifornsk\u00e9 sn\u011bhov\u00e9 oblasti nic ne\u0159\u00edk\u00e1, pravd\u011bpodobn\u011b je tato oblast st\u00e1le zn\u00e1m\u00e1 pod sv\u00fdm star\u00fdm n\u00e1zvem: Squaw Valley. V roce 1960 se zde v nadmo\u0159sk\u00e9 v\u00fd\u0161ce a\u017e 2745 metr\u016f konaly zimn\u00ed olympijsk\u00e9 hry a ly\u017ea\u0159i a snowboardist\u00e9 se mohou i v letn\u00edch m\u011bs\u00edc\u00edch vy\u0159\u00e1dit na svaz\u00edch, kde se p\u0159ed v\u00edce ne\u017e \u0161esti desetilet\u00edmi psala sportovn\u00ed historie. Zdej\u0161\u00ed ly\u017ea\u0159sk\u00fd are\u00e1l je v\u0161ak v provozu pouze o v\u00edkendech (od p\u00e1tku do ned\u011ble). Mimochodem, samotn\u00e1 sez\u00f3na ka\u017edoro\u010dn\u011b kon\u010d\u00ed na americk\u00fd Den nez\u00e1vislosti, 4. \u010dervence.<\/p>\n<div class=\"tt-post-image-wrapper tt-post-image-wrapper-full\">\n            <div class=\"tt-image-copyright-container\">\n                <a href=\"https:\/\/www.snowtrex.cz\/magazin\/files\/2024\/06\/RS26575_shutterstock_1018905148-scr.jpg\" target=\"_blank\" rel=\"noopener\"><img loading=\"lazy\" decoding=\"async\" data-wrapped=\"true\" class=\"wp-image-52922 size-Artikelbild_gro\u00df\" title=\"I v l\u00e9t\u011b si ly\u017ea\u0159i mohou ze sjezdovek vychutnat jedine\u010dn\u00fd v\u00fdhled na jezero Tahoe\" src=\"https:\/\/www.snowtrex.cz\/magazin\/files\/2024\/06\/RS26575_shutterstock_1018905148-scr-729x486.jpg\" alt=\"I v l\u00e9t\u011b si ly\u017ea\u0159i mohou ze sjezdovek vychutnat jedine\u010dn\u00fd v\u00fdhled na jezero Tahoe\" width=\"729\" height=\"486\" srcset=\"https:\/\/www.snowtrex.cz\/magazin\/files\/2024\/06\/RS26575_shutterstock_1018905148-scr-729x486.jpg 729w, https:\/\/www.snowtrex.cz\/magazin\/files\/2024\/06\/RS26575_shutterstock_1018905148-scr-468x312.jpg 468w, https:\/\/www.snowtrex.cz\/magazin\/files\/2024\/06\/RS26575_shutterstock_1018905148-scr-300x200.jpg 300w, https:\/\/www.snowtrex.cz\/magazin\/files\/2024\/06\/RS26575_shutterstock_1018905148-scr-645x430.jpg 645w, https:\/\/www.snowtrex.cz\/magazin\/files\/2024\/06\/RS26575_shutterstock_1018905148-scr-552x368.jpg 552w, https:\/\/www.snowtrex.cz\/magazin\/files\/2024\/06\/RS26575_shutterstock_1018905148-scr-405x270.jpg 405w, https:\/\/www.snowtrex.cz\/magazin\/files\/2024\/06\/RS26575_shutterstock_1018905148-scr-336x224.jpg 336w, https:\/\/www.snowtrex.cz\/magazin\/files\/2024\/06\/RS26575_shutterstock_1018905148-scr-276x184.jpg 276w, https:\/\/www.snowtrex.cz\/magazin\/files\/2024\/06\/RS26575_shutterstock_1018905148-scr-234x156.jpg 234w, https:\/\/www.snowtrex.cz\/magazin\/files\/2024\/06\/RS26575_shutterstock_1018905148-scr-192x128.jpg 192w, https:\/\/www.snowtrex.cz\/magazin\/files\/2024\/06\/RS26575_shutterstock_1018905148-scr-120x80.jpg 120w, https:\/\/www.snowtrex.cz\/magazin\/files\/2024\/06\/RS26575_shutterstock_1018905148-scr-774x516.jpg 774w, https:\/\/www.snowtrex.cz\/magazin\/files\/2024\/06\/RS26575_shutterstock_1018905148-scr-3x1.jpg 3w\" sizes=\"(min-width: 1009px) 729px, (min-width: 819px) 594px, (min-width: 569px) 729px, (min-width: 449px) 468px, 348px\" \/><\/a><div class=\"tt-image-copyright\" data-image-id=\"52922\">\u00a9 CSNafzger\/Shutterstock<\/div>\n            <\/div>\n            <div class=\"tt-post-caption\">I v l\u00e9t\u011b si ly\u017ea\u0159i mohou ze sjezdovek vychutnat jedine\u010dn\u00fd v\u00fdhled na jezero Tahoe<\/div>\n         <\/div > \n<h2 id=\"timberline-(usa)\">Timberline (USA)<\/h2>\n<p><strong>Nadmo\u0159sk\u00e1 v\u00fd\u0161ka:<\/strong> 1 478 &#8211; 2 603 m n. m<\/p>\n<p><strong>Konec sez\u00f3ny:<\/strong> Konec srpna<\/p>\n<p><strong>Kilometry sjezdovek<\/strong>: a\u017e 10 km<\/p>\n<p>Severn\u011b od Kalifornie, v americk\u00e9m st\u00e1t\u011b Oregon, je ly\u017eov\u00e1n\u00ed povoleno i v letn\u00edch m\u011bs\u00edc\u00edch. Ledovcov\u00e1 ly\u017ea\u0159sk\u00e1 oblast kolem Timberline Lodge, kter\u00e1 v roce 1980 poslou\u017eila jako kulisa pro nat\u00e1\u010den\u00ed klasick\u00e9ho hororu Stevena Kinga &#8222;Osv\u00edcen\u00ed&#8220;, je v provozu a\u017e do konce srpna. V nadmo\u0159sk\u00e9 v\u00fd\u0161ce a\u017e 2 603 metr\u016f si ly\u017ea\u0159i a snowboardist\u00e9 mohou u\u017e\u00edt a\u017e 10 kilometr\u016f sjezdovek a funpark na \u00fabo\u010d\u00ed sopky Mt Hood.<\/p>\n<p>Nejen ve Skalist\u00fdch hor\u00e1ch, ale tak\u00e9 v Oregonu si mohou p\u0159\u00edznivci sn\u011bhu u\u017e\u00edt nejen ly\u017eov\u00e1n\u00ed. Zejm\u00e9na snowboarding je v l\u00e9t\u011b v okol\u00ed &#8222;Hoodu&#8220; mimo\u0159\u00e1dn\u011b popul\u00e1rn\u00ed, a to zejm\u00e9na u profesion\u00e1l\u016f:<\/p>\n<figure class=\"wp-block-embed-youtube wp-block-embed is-type-video is-provider-youtube wp-embed-aspect-16-9 wp-has-aspect-ratio\"><div class=\"lyte-wrapper\" title=\"The Perfect Summer | Shredding Mt. Hood\" style=\"width:853px;max-width:100%;margin:5px auto;\"><div class=\"lyMe\" id=\"WYL_EUpPatr7NmE\" itemprop=\"video\" itemscope itemtype=\"https:\/\/schema.org\/VideoObject\"><div><meta itemprop=\"thumbnailUrl\" content=\"https:\/\/i.ytimg.com\/vi\/EUpPatr7NmE\/hqdefault.jpg\" \/><meta itemprop=\"embedURL\" content=\"https:\/\/www.youtube.com\/embed\/EUpPatr7NmE\" \/><meta itemprop=\"duration\" content=\"PT6M8S\" \/><meta itemprop=\"uploadDate\" content=\"2021-08-06T15:00:06Z\" \/><\/div><div id=\"lyte_EUpPatr7NmE\" data-src=\"https:\/\/i.ytimg.com\/vi\/EUpPatr7NmE\/hqdefault.jpg\" class=\"pL\"><div class=\"tC\"><div class=\"tT\" itemprop=\"name\">The Perfect Summer | Shredding Mt. Hood<\/div><\/div><div class=\"play\"><\/div><div class=\"ctrl\"><div class=\"Lctrl\"><\/div><div class=\"Rctrl\"><\/div><\/div><\/div><noscript><a href=\"http:\/\/youtu.be\/EUpPatr7NmE\" rel=\"nofollow\"><img loading=\"lazy\" decoding=\"async\" src=\"http:\/\/i.ytimg.com\/vi\/EUpPatr7NmE\/0.jpg\" alt=\"The Perfect Summer | Shredding Mt. Hood\" width=\"853\" height=\"460\" \/><br \/>Watch this video on YouTube<\/a><\/noscript><meta itemprop=\"description\" content=\"Mt. Hood is THE place to go for spicy summer hot laps in North America. Strap in and enjoy the absolute best from another insanely good summer on top of the volcano featuring the who is who of our North American squadron and beyond. Lean back and get psyched! Featuring the talent of: Maddie Mastro, Queralt Castellet, Cody LaPlante, Bobby Brown, Hunter Henderson, Mac Forehand, Torin Yater-Wallace, Birk Irving, Nick Goepper, Noah Bowman, Nico Porteous, Toby Miller, Brock Crouch, Jake Canter, Scotty James, Luke Winkelmann, Yuki Kadono ___ Experience the world of Red Bull Snow like you have never seen it before. With the best snow action sports clips on YouTube and original series, from skiing to snowboarding, prepare for your &quot;stoke factor&quot; to be at an all time high. Subscribe to Red Bull Snow on Youtube: https:\/\/win.gs\/SubToRedBullSnow Get the FREE Red Bull TV apps for all your devices: https:\/\/go.onelink.me\/351027264\/35a30660 Red Bull Snow on Facebook: https:\/\/www.facebook.com\/RedBullSnow\/ Red Bull Snow on Instagram: https:\/\/www.instagram.com\/redbullsnow\"><\/div><\/div><div class=\"lL\" style=\"max-width:100%;width:853px;margin:5px auto;\"><br\/><span class=\"lyte_disclaimer\">Upozor\u0148ujeme tak\u00e9, \u017ee pou\u017e\u00edv\u00e1n\u00edm na\u0161ich slu\u017eeb a integrac\u00ed slu\u017eeb YouTube API plat\u00ed <a href=\"https:\/\/www.youtube.com\/t\/terms\">Smluvn\u00ed podm\u00ednky YouTube<\/a> a <a href=\"https:\/\/developers.google.com\/youtube\/terms\/api-services-terms-of-service-emea-de\">Smluvn\u00ed podm\u00ednky YouTube API<\/a> a va\u0161e pou\u017e\u00edv\u00e1n\u00ed na\u0161ich webov\u00fdch str\u00e1nek se pova\u017euje za souhlas s t\u011bmito podm\u00ednkami.<\/span><\/div><figcaption><\/figcaption><\/figure>\n<h2 id=\"tipy-pro-ly\u017eov\u00e1n\u00ed-v-l\u00e9t\u011b\">Tipy pro ly\u017eov\u00e1n\u00ed v l\u00e9t\u011b<\/h2>\n<h3>Zjist\u011bte si p\u0159edem podm\u00ednky na sjezdovk\u00e1ch<\/h3>\n<p>Sn\u011bhov\u00e9 podm\u00ednky jsou v l\u00e9t\u011b \u010dasto velmi prom\u011bnliv\u00e9. Slune\u010dn\u00e9 svahy jsou r\u00e1no je\u0161t\u011b pevn\u011b zmrzl\u00e9, zat\u00edmco odpoledne za\u010d\u00edn\u00e1 sn\u00edh t\u00e1t. V d\u016fsledku toho b\u00fdv\u00e1 sn\u011bhov\u00e1 pokr\u00fdvka velmi mokr\u00e1. V noci v\u0161ak n\u00edzk\u00e9 teploty umo\u017e\u0148uj\u00ed, aby sn\u00edh op\u011bt narostl. Tento cyklus vytv\u00e1\u0159\u00ed kompaktn\u00ed, hladkou sjezdovku a st\u00e1le pevn\u011bj\u0161\u00ed sn\u011bhovou pokr\u00fdvku, kter\u00e1 se nejpozd\u011bji od poledne st\u00e1v\u00e1 st\u00e1le n\u00e1ro\u010dn\u011bj\u0161\u00ed. Sn\u00edh rozmrzl\u00fd sluncem, kter\u00fd ly\u017ea\u0159i stla\u010duj\u00ed k sob\u011b, tak\u00e9 zt\u011b\u017euje sjezdy mnoha vyznava\u010d\u016fm zimn\u00edch sport\u016f.<\/p>\n<h3>Udr\u017eov\u00e1n\u00ed kondice<\/h3>\n<p>Kondice m\u016f\u017ee b\u00fdt v kr\u00e1sn\u00fdch letn\u00edch dnech kl\u00ed\u010dov\u00e1. To proto, \u017ee m\u011bn\u00edc\u00ed se podm\u00ednky na sjezdovk\u00e1ch \u010dasto kladou na milovn\u00edky zimn\u00edch sport\u016f extr\u00e9mn\u00ed n\u00e1roky. Na tvrd\u00e9m a hladk\u00e9m sn\u011bhu pot\u0159ebujete hodn\u011b s\u00edly, abyste dok\u00e1zali spr\u00e1vn\u011b zato\u010dit. Na m\u011bkk\u00e9m rozb\u0159edl\u00e9m sn\u011bhu je naopak zat\u00e1\u010den\u00ed st\u00e1le obt\u00ed\u017en\u011bj\u0161\u00ed. Pro p\u0159\u00edpravu na tuto z\u00e1t\u011b\u017e se doporu\u010duje <a href=\"https:\/\/www.snowtrex.cz\/magazin\/top-10\/lyzarska-gymnastika\/\" target=\"_blank\" rel=\"noopener noreferrer\">ly\u017ea\u0159sk\u00e1 gymnastika<\/a> a <a href=\"https:\/\/www.snowtrex.cz\/magazin\/dovolena-a-zimni-sporty\/odborne-fitness-tipy-dslv\/\" target=\"_blank\" rel=\"noopener noreferrer\">silov\u00fd a vytrvalostn\u00ed tr\u00e9nink<\/a>. T\u00edmto zp\u016fsobem lze p\u0159edej\u00edt p\u0159ed\u010dasn\u00fdm zn\u00e1mk\u00e1m \u00fanavy na sjezdovce. Pokud budete ka\u017ed\u00fd den vyr\u00e1\u017eet na hory dob\u0159e odpo\u010dat\u00ed a zah\u0159\u00e1t\u00ed, m\u016f\u017eete tak\u00e9 p\u0159edch\u00e1zet zran\u011bn\u00edm.<\/p>\n<div class=\"tt-post-image-wrapper tt-post-image-wrapper-full\">\n            <div class=\"tt-image-copyright-container\">\n                <a href=\"https:\/\/www.snowtrex.cz\/magazin\/files\/2024\/06\/RS15698_shutterstock_398462344-hsc.jpg\" target=\"_blank\" rel=\"noopener\"><img loading=\"lazy\" decoding=\"async\" data-wrapped=\"true\" class=\"wp-image-34716 size-Artikelbild_gro\u00df\" title=\"A\u0165 u\u017e v zim\u011b, na ja\u0159e, na podzim nebo v l\u00e9t\u011b, je d\u016fle\u017eit\u00e9, aby se milovn\u00edci zimn\u00edch sport\u016f p\u0159ed prvn\u00edm sestupem zah\u0159\u00e1li\" src=\"https:\/\/www.snowtrex.cz\/magazin\/files\/2024\/06\/RS15698_shutterstock_398462344-hsc-729x486.jpg\" alt=\"A\u0165 u\u017e v zim\u011b, na ja\u0159e, na podzim nebo v l\u00e9t\u011b, je d\u016fle\u017eit\u00e9, aby se milovn\u00edci zimn\u00edch sport\u016f p\u0159ed prvn\u00edm sestupem zah\u0159\u00e1li\" width=\"729\" height=\"486\" srcset=\"https:\/\/www.snowtrex.cz\/magazin\/files\/2024\/06\/RS15698_shutterstock_398462344-hsc-729x486.jpg 729w, https:\/\/www.snowtrex.cz\/magazin\/files\/2024\/06\/RS15698_shutterstock_398462344-hsc-290x193.jpg 290w, https:\/\/www.snowtrex.cz\/magazin\/files\/2024\/06\/RS15698_shutterstock_398462344-hsc-728x485.jpg 728w, https:\/\/www.snowtrex.cz\/magazin\/files\/2024\/06\/RS15698_shutterstock_398462344-hsc-768x512.jpg 768w, https:\/\/www.snowtrex.cz\/magazin\/files\/2024\/06\/RS15698_shutterstock_398462344-hsc-1536x1024.jpg 1536w, https:\/\/www.snowtrex.cz\/magazin\/files\/2024\/06\/RS15698_shutterstock_398462344-hsc-468x312.jpg 468w, https:\/\/www.snowtrex.cz\/magazin\/files\/2024\/06\/RS15698_shutterstock_398462344-hsc-300x200.jpg 300w, https:\/\/www.snowtrex.cz\/magazin\/files\/2024\/06\/RS15698_shutterstock_398462344-hsc-999x666.jpg 999w, https:\/\/www.snowtrex.cz\/magazin\/files\/2024\/06\/RS15698_shutterstock_398462344-hsc-645x430.jpg 645w, https:\/\/www.snowtrex.cz\/magazin\/files\/2024\/06\/RS15698_shutterstock_398462344-hsc-552x368.jpg 552w, https:\/\/www.snowtrex.cz\/magazin\/files\/2024\/06\/RS15698_shutterstock_398462344-hsc-405x270.jpg 405w, https:\/\/www.snowtrex.cz\/magazin\/files\/2024\/06\/RS15698_shutterstock_398462344-hsc-336x224.jpg 336w, https:\/\/www.snowtrex.cz\/magazin\/files\/2024\/06\/RS15698_shutterstock_398462344-hsc-276x184.jpg 276w, https:\/\/www.snowtrex.cz\/magazin\/files\/2024\/06\/RS15698_shutterstock_398462344-hsc-234x156.jpg 234w, https:\/\/www.snowtrex.cz\/magazin\/files\/2024\/06\/RS15698_shutterstock_398462344-hsc-192x128.jpg 192w, https:\/\/www.snowtrex.cz\/magazin\/files\/2024\/06\/RS15698_shutterstock_398462344-hsc-120x80.jpg 120w, https:\/\/www.snowtrex.cz\/magazin\/files\/2024\/06\/RS15698_shutterstock_398462344-hsc-774x516.jpg 774w, https:\/\/www.snowtrex.cz\/magazin\/files\/2024\/06\/RS15698_shutterstock_398462344-hsc-2x1.jpg 2w, https:\/\/www.snowtrex.cz\/magazin\/files\/2024\/06\/RS15698_shutterstock_398462344-hsc.jpg 1920w\" sizes=\"(min-width: 1009px) 729px, (min-width: 819px) 594px, (min-width: 569px) 729px, (min-width: 449px) 468px, 348px\" \/><\/a><div class=\"tt-image-copyright\" data-image-id=\"34716\">\u00a9 gevision\/shutterstock.de<\/div>\n            <\/div>\n            <div class=\"tt-post-caption\">A\u0165 u\u017e v zim\u011b, na ja\u0159e, na podzim nebo v l\u00e9t\u011b, je d\u016fle\u017eit\u00e9, aby se milovn\u00edci zimn\u00edch sport\u016f p\u0159ed prvn\u00edm sestupem zah\u0159\u00e1li<\/div>\n         <\/div > \n<h3>Voskov\u00e1n\u00ed a udr\u017eov\u00e1n\u00ed hran v kondici<\/h3>\n<p>P\u0159i letn\u00edm ly\u017eov\u00e1n\u00ed je velmi d\u016fle\u017eit\u00fd stav ly\u017e\u00ed a snowboard\u016f. Ostr\u00e9 hrany jsou nutnost\u00ed pro rann\u00ed ledov\u00e9 podm\u00ednky, zat\u00edmco dob\u0159e navoskovan\u00fd povrch zvy\u0161uje schopnost zat\u00e1\u010det na mokr\u00e9m sn\u011bhu v odpoledn\u00edch hodin\u00e1ch. Na\u0161e doporu\u010den\u00ed SnowTrex: Hrany denn\u011b o\u0161et\u0159ujte brusn\u00fdm kamenem nebo gumou a denn\u011b je <a href=\"https:\/\/www.snowtrex.cz\/magazin\/vybaveni\/pece-o-lyze\/\" target=\"_blank\" rel=\"noopener noreferrer\">p\u0159evoskujte tekut\u00fdm voskem<\/a>.<\/p>\n<h3>Za\u010dn\u011bte sv\u016fj ly\u017ea\u0159sk\u00fd den r\u00e1no<\/h3>\n<p>Odpoledn\u00ed rozb\u0159edl\u00e9 sjezdovky nejsou \u0161\u00e1lkem \u010daje pro ka\u017ed\u00e9ho, zejm\u00e9na proto, \u017ee n\u011bkter\u00e1 letn\u00ed ly\u017ea\u0159sk\u00e1 st\u0159ediska se v poledne zav\u00edraj\u00ed. Milovn\u00edci zimn\u00edch sport\u016f, kte\u0159\u00ed p\u0159esto cht\u011bj\u00ed vyrazit na sjezdovku, by proto m\u011bli za\u010d\u00edt sv\u016fj ly\u017ea\u0159sk\u00fd den brzy. Mohou tak vyu\u017e\u00edt perfektn\u011b upraven\u00fdch sjezdovek a tvrd\u00e9ho sn\u011bhu. P\u0159ehled otev\u0159en\u00fdch sjezdovek a vlek\u016f naleznete na map\u00e1ch sjezdovek a panoramatick\u00fdch map\u00e1ch v \u00fadoln\u00edch stanic\u00edch a tak\u00e9 na internetov\u00fdch str\u00e1nk\u00e1ch ly\u017ea\u0159sk\u00e9ho st\u0159ediska.<\/p>\n<h3>Nezapome\u0148te na opalovac\u00ed kr\u00e9m a n\u011bco k pit\u00ed<\/h3>\n<p>Dal\u0161\u00edm bodem, kter\u00fd by milovn\u00edci zimn\u00edch sport\u016f nem\u011bli v l\u00e9t\u011b, a tedy i o Velikonoc\u00edch, zanedb\u00e1vat, je ochrana p\u0159ed sluncem. V\u017edy\u0165 intenzita slune\u010dn\u00edch paprsk\u016f je ve v\u00fd\u0161ce 2 500 metr\u016f o 33 procent vy\u0161\u0161\u00ed ne\u017e ve v\u00fd\u0161ce 300 metr\u016f. Ve va\u0161em zavazadle proto nesm\u00ed chyb\u011bt vod\u011bodoln\u00fd opalovac\u00ed kr\u00e9m s co nejvy\u0161\u0161\u00edm ochrann\u00fdm faktorem. Pokud se hodn\u011b pot\u00edte, m\u011bli byste se pravideln\u011b hydratovat. Balz\u00e1m na rty s rostlinn\u00fdmi vosky nebo oleji tak\u00e9 chr\u00e1n\u00ed rty p\u0159ed vysou\u0161en\u00edm a tvorbou puch\u00fd\u0159\u016f. Sou\u010d\u00e1st\u00ed va\u0161\u00ed povinn\u00e9 v\u00fdbavy by m\u011bly b\u00fdt tak\u00e9 ochrann\u00e9 slune\u010dn\u00ed br\u00fdle a ly\u017ea\u0159sk\u00e1 helma.<\/p>\n<div class=\"tt-post-image-wrapper tt-post-image-wrapper-full\">\n            <div class=\"tt-image-copyright-container\">\n                <a href=\"https:\/\/www.snowtrex.cz\/magazin\/files\/2024\/06\/RS15716_shutterstock_491554669-scr.jpg\" target=\"_blank\" rel=\"noopener\"><img loading=\"lazy\" decoding=\"async\" data-wrapped=\"true\" class=\"wp-image-52923 size-Artikelbild_gro\u00df\" title=\"Slunce na hor\u00e1ch sv\u00edt\u00ed velmi intenzivn\u011b, zejm\u00e9na v letn\u00edch m\u011bs\u00edc\u00edch. Proto zde plat\u00ed heslo: v\u017edy se nat\u00edrejte opalovac\u00edm kr\u00e9mem!\" src=\"https:\/\/www.snowtrex.cz\/magazin\/files\/2024\/06\/RS15716_shutterstock_491554669-scr-729x486.jpg\" alt=\"Slunce na hor\u00e1ch sv\u00edt\u00ed velmi intenzivn\u011b, zejm\u00e9na v letn\u00edch m\u011bs\u00edc\u00edch. Proto zde plat\u00ed heslo: v\u017edy se nat\u00edrejte opalovac\u00edm kr\u00e9mem!\" width=\"729\" height=\"486\" srcset=\"https:\/\/www.snowtrex.cz\/magazin\/files\/2024\/06\/RS15716_shutterstock_491554669-scr-729x486.jpg 729w, https:\/\/www.snowtrex.cz\/magazin\/files\/2024\/06\/RS15716_shutterstock_491554669-scr-290x193.jpg 290w, https:\/\/www.snowtrex.cz\/magazin\/files\/2024\/06\/RS15716_shutterstock_491554669-scr-728x485.jpg 728w, https:\/\/www.snowtrex.cz\/magazin\/files\/2024\/06\/RS15716_shutterstock_491554669-scr-768x512.jpg 768w, https:\/\/www.snowtrex.cz\/magazin\/files\/2024\/06\/RS15716_shutterstock_491554669-scr-468x312.jpg 468w, https:\/\/www.snowtrex.cz\/magazin\/files\/2024\/06\/RS15716_shutterstock_491554669-scr-300x200.jpg 300w, https:\/\/www.snowtrex.cz\/magazin\/files\/2024\/06\/RS15716_shutterstock_491554669-scr-999x666.jpg 999w, https:\/\/www.snowtrex.cz\/magazin\/files\/2024\/06\/RS15716_shutterstock_491554669-scr-645x430.jpg 645w, https:\/\/www.snowtrex.cz\/magazin\/files\/2024\/06\/RS15716_shutterstock_491554669-scr-552x368.jpg 552w, https:\/\/www.snowtrex.cz\/magazin\/files\/2024\/06\/RS15716_shutterstock_491554669-scr-405x270.jpg 405w, https:\/\/www.snowtrex.cz\/magazin\/files\/2024\/06\/RS15716_shutterstock_491554669-scr-336x224.jpg 336w, https:\/\/www.snowtrex.cz\/magazin\/files\/2024\/06\/RS15716_shutterstock_491554669-scr-276x184.jpg 276w, https:\/\/www.snowtrex.cz\/magazin\/files\/2024\/06\/RS15716_shutterstock_491554669-scr-234x156.jpg 234w, https:\/\/www.snowtrex.cz\/magazin\/files\/2024\/06\/RS15716_shutterstock_491554669-scr-192x128.jpg 192w, https:\/\/www.snowtrex.cz\/magazin\/files\/2024\/06\/RS15716_shutterstock_491554669-scr-120x80.jpg 120w, https:\/\/www.snowtrex.cz\/magazin\/files\/2024\/06\/RS15716_shutterstock_491554669-scr-774x516.jpg 774w, https:\/\/www.snowtrex.cz\/magazin\/files\/2024\/06\/RS15716_shutterstock_491554669-scr-2x1.jpg 2w, https:\/\/www.snowtrex.cz\/magazin\/files\/2024\/06\/RS15716_shutterstock_491554669-scr.jpg 1440w\" sizes=\"(min-width: 1009px) 729px, (min-width: 819px) 594px, (min-width: 569px) 729px, (min-width: 449px) 468px, 348px\" \/><\/a><div class=\"tt-image-copyright\" data-image-id=\"52923\">\u00a9 plprod\/shutterstock.de<\/div>\n            <\/div>\n            <div class=\"tt-post-caption\">Slunce na hor\u00e1ch sv\u00edt\u00ed velmi intenzivn\u011b, zejm\u00e9na v letn\u00edch m\u011bs\u00edc\u00edch. Proto zde plat\u00ed heslo: v\u017edy se nat\u00edrejte opalovac\u00edm kr\u00e9mem!<\/div>\n         <\/div > \n<p>Slunce na hor\u00e1ch sv\u00edt\u00ed velmi intenzivn\u011b, zejm\u00e9na v letn\u00edch m\u011bs\u00edc\u00edch. Proto zde plat\u00ed heslo: v\u017edy se nat\u00edrejte opalovac\u00edm kr\u00e9mem!<\/p>\n<p>Tak\u00e9 d\u016frazn\u011b doporu\u010dujeme: p\u00edt hodn\u011b tekutin! Ve vysok\u00fdch nadmo\u0159sk\u00fdch v\u00fd\u0161k\u00e1ch a p\u0159i fyzick\u00e9 n\u00e1maze pot\u0159ebuje t\u011blo v\u00edce tekutin. Doporu\u010dujeme p\u0159edev\u0161\u00edm \u010daje nebo d\u017eusy ve spreji. Alkohol nem\u00e1 na hor\u00e1ch m\u00edsto &#8211; je vyhrazen pro apr\u00e9s-ski v \u00fadol\u00ed.<\/p>\n<p><strong>Pokud hled\u00e1te vhodn\u00e9 nab\u00eddky pro ly\u017ea\u0159skou dovolenou v <a href=\"https:\/\/www.snowtrex.cz\/svet-zajezdu\/lyzovani-na-ledovci.html\" target=\"_blank\" rel=\"noopener\">ledovcov\u00fdch ly\u017ea\u0159sk\u00fdch st\u0159edisc\u00edch<\/a> s jistotou sn\u011bhu, kter\u00e1 jsou v provozu i v l\u00e9t\u011b, pak je pro v\u00e1s SnowTrex t\u00edm prav\u00fdm m\u00edstem.<\/strong><\/p>\n<h2 id=\"nej\u010dast\u011bj\u0161\u00ed-dotazy-o-ly\u017eov\u00e1n\u00ed-v-l\u00e9t\u011b\">Nej\u010dast\u011bj\u0161\u00ed dotazy o ly\u017eov\u00e1n\u00ed v l\u00e9t\u011b<\/h2>\n<h3>Kolik ly\u017ea\u0159sk\u00fdch st\u0159edisek v Rakousku je otev\u0159eno cel\u00e9 l\u00e9to?<\/h3>\n<p>V posledn\u00edch letech mnoho ly\u017ea\u0159sk\u00fdch st\u0159edisek v Rakousku uzav\u0159elo sv\u016fj letn\u00ed provoz v z\u00e1jmu ochrany p\u0159\u00edrody, tak\u017ee v alpsk\u00e9 republice je nyn\u00ed pouze jedno celoro\u010dn\u00ed ly\u017ea\u0159sk\u00e9 st\u0159edisko. V Hintertuxu si mohou ly\u017ea\u0159i a snowboardist\u00e9 i v letn\u00edch m\u011bs\u00edc\u00edch u\u017e\u00edvat a\u017e 20 kilometr\u016f sjezdovek na ledovci vysok\u00e9m p\u0159es 3 200 m. V zim\u011b je zde k dispozici tak\u00e9 n\u011bkolik dal\u0161\u00edch sjezdovek.<\/p>\n<h3>Ve kter\u00fdch francouzsk\u00fdch ly\u017ea\u0159sk\u00fdch st\u0159edisc\u00edch jsou sjezdovky v provozu i v l\u00e9t\u011b?<\/h3>\n<p>Pokud si chcete ve francouzsk\u00fdch Alp\u00e1ch zaly\u017eovat i v l\u00e9t\u011b, m\u016f\u017eete tak u\u010dinit ve dvou ly\u017ea\u0159sk\u00fdch st\u0159edisc\u00edch. V Les 2 Alpes se na ledovci v nadmo\u0159sk\u00e9 v\u00fd\u0161ce a\u017e 3 566 metr\u016f ly\u017euje na osmi sjezdovk\u00e1ch a\u017e do konce \u010dervna. Naproti tomu v Tignes jsou sjezdovky na ledovci Grande Motte (3 456 m) v provozu t\u00e9m\u011b\u0159 o m\u011bs\u00edc d\u00e9le, a\u017e do konce \u010dervence.<\/p>\n<h3>Kter\u00e1 ly\u017ea\u0159sk\u00e1 st\u0159ediska ve \u0160v\u00fdcarsku jsou v provozu i v l\u00e9t\u011b?<\/h3>\n<p>Ve \u0160v\u00fdcarsku jsou dva celoro\u010dn\u00ed ly\u017ea\u0159sk\u00e9 are\u00e1ly, kter\u00e9 jsou zaj\u00edmav\u00e9 p\u0159edev\u0161\u00edm pro profesion\u00e1ln\u00ed ly\u017ea\u0159e za \u00fa\u010delem tr\u00e9ninku. Nad Zermattem, v ly\u017ea\u0159sk\u00e9m r\u00e1ji Matterhorn, je po cel\u00e9 l\u00e9to &#8211; v z\u00e1vislosti na sn\u011bhov\u00fdch podm\u00ednk\u00e1ch &#8211; k dispozici tak\u00e9 t\u00e9m\u011b\u0159 20 kilometr\u016f sjezdovek v nadmo\u0159sk\u00e9 v\u00fd\u0161ce a\u017e 3 899 m pro rekrea\u010dn\u00ed ly\u017ea\u0159e. Tot\u00e9\u017e plat\u00ed pro proslulou ledovcovou ly\u017ea\u0159skou oblast Saas-Fee v bezprost\u0159edn\u00edm sousedstv\u00ed. Tak\u00e9 v \u00fadol\u00ed na v\u00fdchod\u011b kantonu Valais se mohou profesion\u00e1lov\u00e9 i amat\u00e9\u0159i od kv\u011btna do z\u00e1\u0159\u00ed vy\u0159\u00e1dit na 20 kilometrech sjezdovek, z nich\u017e n\u011bkter\u00e9 maj\u00ed nadmo\u0159skou v\u00fd\u0161ku p\u0159es 3 500 m.<\/p>\n","protected":false},"excerpt":{"rendered":"<p>V mnoha ly\u017ea\u0159sk\u00fdch st\u0159edisc\u00edch kon\u010d\u00ed ly\u017ea\u0159sk\u00e1 sez\u00f3na koncem dubna nebo nejpozd\u011bji v polovin\u011b kv\u011btna. Pro opravdov\u00e9 milovn\u00edky sjezdovek to v\u0161ak neznamen\u00e1, \u017ee od \u010dervna do z\u00e1\u0159\u00ed ji\u017e nemohou ly\u017eovat nebo jezdit na snowboardu. A pro v\u0161echny milovn\u00edky zimn\u00edch sport\u016f, kte\u0159\u00ed necht\u011bj\u00ed p\u0159es letn\u00ed m\u011bs\u00edce pov\u011bsit ly\u017ee na h\u0159eb\u00edk, sestavil SnowTrex seznam ly\u017ea\u0159sk\u00fdch st\u0159edisek po cel\u00e9m sv\u011bt\u011b, kter\u00e1 sv\u00e9 vleky nezav\u00edraj\u00ed v\u016fbec nebo jen na kr\u00e1tkou dobu. Ly\u017eov\u00e1n\u00ed v l\u00e9t\u011b je tedy mo\u017en\u00e9 i zde!<\/p>\n","protected":false},"author":178,"featured_media":52919,"comment_status":"closed","ping_status":"closed","sticky":false,"template":"","format":"standard","meta":{"footnotes":""},"categories":[5],"tags":[370,25,441,379,382,30,361,257,473,255,350,180,363,369,353,176,449,355,366,42,383],"class_list":["post-13735","post","type-post","status-publish","format-standard","has-post-thumbnail","hentry","category-lyzarska-strediska","tag-francie","tag-hintertux","tag-isere","tag-italie","tag-jizni-tyrolsko","tag-les_2_alpes","tag-matterhorn","tag-oisans","tag-ortles","tag-prad_am_stilfserjoch","tag-rakousko","tag-saas-fee","tag-saastal","tag-savojsko","tag-svycarsko","tag-tignes","tag-tignes-val-disere","tag-tyrolsko","tag-wallis","tag-zermatt","tag-zillertal"],"yoast_head":"<!-- This site is optimized with the Yoast SEO Premium plugin v27.3 (Yoast SEO v27.3) - https:\/\/yoast.com\/product\/yoast-seo-premium-wordpress\/ -->\n<title>Ly\u017eov\u00e1n\u00ed v l\u00e9t\u011b - 9 nejlep\u0161\u00edch letn\u00edch ly\u017ea\u0159sk\u00fdch st\u0159edisek a tipy<\/title>\n<meta name=\"description\" content=\"Ly\u017eov\u00e1n\u00ed v l\u00e9t\u011b - v\u00fdjime\u010dn\u00fd z\u00e1\u017eitek! SnowTrex ukazuje, kter\u00e1 ly\u017ea\u0159sk\u00e1 st\u0159ediska jsou v provozu i v l\u00e9t\u011b, a d\u00e1v\u00e1 tipy na letn\u00ed ly\u017ea\u0159skou z\u00e1bavu!\" \/>\n<meta name=\"robots\" content=\"index, follow, max-snippet:-1, max-image-preview:large, max-video-preview:-1\" \/>\n<link rel=\"canonical\" href=\"https:\/\/www.snowtrex.cz\/magazin\/lyzarska-strediska\/lyzovani-v-lete\/\" \/>\n<meta property=\"og:locale\" content=\"cs_CZ\" \/>\n<meta property=\"og:type\" content=\"article\" \/>\n<meta property=\"og:title\" content=\"Ly\u017eov\u00e1n\u00ed v l\u00e9t\u011b - Kter\u00e9 letn\u00ed ly\u017ea\u0159sk\u00e9 are\u00e1ly jsou v provozu?\" \/>\n<meta property=\"og:description\" content=\"V mnoha ly\u017ea\u0159sk\u00fdch st\u0159edisc\u00edch kon\u010d\u00ed ly\u017ea\u0159sk\u00e1 sez\u00f3na koncem dubna nebo nejpozd\u011bji v polovin\u011b kv\u011btna. Pro opravdov\u00e9 milovn\u00edky sjezdovek to v\u0161ak neznamen\u00e1, \u017ee od \u010dervna do z\u00e1\u0159\u00ed ji\u017e nemohou ly\u017eovat nebo jezdit na snowboardu. A pro v\u0161echny milovn\u00edky zimn\u00edch sport\u016f, kte\u0159\u00ed necht\u011bj\u00ed p\u0159es letn\u00ed m\u011bs\u00edce pov\u011bsit ly\u017ee na h\u0159eb\u00edk, sestavil SnowTrex seznam ly\u017ea\u0159sk\u00fdch st\u0159edisek po cel\u00e9m sv\u011bt\u011b, kter\u00e1 sv\u00e9 vleky nezav\u00edraj\u00ed v\u016fbec nebo jen na kr\u00e1tkou dobu. Ly\u017eov\u00e1n\u00ed v l\u00e9t\u011b je tedy mo\u017en\u00e9 i zde!\" \/>\n<meta property=\"og:url\" content=\"https:\/\/www.snowtrex.cz\/magazin\/lyzarska-strediska\/lyzovani-v-lete\/\" \/>\n<meta property=\"og:site_name\" content=\"SnowTrex Ski-Magaz\u00edn\" \/>\n<meta property=\"article:publisher\" content=\"https:\/\/www.facebook.com\/snowtrex\" \/>\n<meta property=\"article:author\" content=\"https:\/\/www.facebook.com\/snowtrex\/\" \/>\n<meta property=\"article:published_time\" content=\"2026-04-20T23:00:00+00:00\" \/>\n<meta property=\"article:modified_time\" content=\"2026-04-21T10:01:27+00:00\" \/>\n<meta property=\"og:image\" content=\"https:\/\/www.snowtrex.cz\/magazin\/files\/2024\/06\/RS16344_shutterstock_565639657-hsc.jpg\" \/>\n\t<meta property=\"og:image:width\" content=\"1920\" \/>\n\t<meta property=\"og:image:height\" content=\"1280\" \/>\n\t<meta property=\"og:image:type\" content=\"image\/jpeg\" \/>\n<meta name=\"author\" content=\"SnowTrex\" \/>\n<meta name=\"twitter:card\" content=\"summary_large_image\" \/>\n<meta name=\"twitter:label1\" content=\"Napsal(a)\" \/>\n\t<meta name=\"twitter:data1\" content=\"SnowTrex\" \/>\n\t<meta name=\"twitter:label2\" content=\"Odhadovan\u00e1 doba \u010dten\u00ed\" \/>\n\t<meta name=\"twitter:data2\" content=\"12 minut\" \/>\n<script type=\"application\/ld+json\" class=\"yoast-schema-graph\">{\"@context\":\"https:\\\/\\\/schema.org\",\"@graph\":[{\"@type\":\"Article\",\"@id\":\"http:\\\/\\\/wp-magazin.snowtrex.cz\\\/lyzarska-strediska\\\/lyzovani-v-lete\\\/#article\",\"isPartOf\":{\"@id\":\"http:\\\/\\\/wp-magazin.snowtrex.cz\\\/lyzarska-strediska\\\/lyzovani-v-lete\\\/\"},\"author\":{\"name\":\"SnowTrex\",\"@id\":\"http:\\\/\\\/wp-magazin.snowtrex.cz\\\/#\\\/schema\\\/person\\\/ad1887a4d155ef6b5b8b4fc8990d92dd\"},\"headline\":\"Ly\u017eov\u00e1n\u00ed v l\u00e9t\u011b &#8211; Kter\u00e9 letn\u00ed ly\u017ea\u0159sk\u00e9 are\u00e1ly jsou v provozu?\",\"datePublished\":\"2026-04-20T23:00:00+00:00\",\"dateModified\":\"2026-04-21T10:01:27+00:00\",\"mainEntityOfPage\":{\"@id\":\"http:\\\/\\\/wp-magazin.snowtrex.cz\\\/lyzarska-strediska\\\/lyzovani-v-lete\\\/\"},\"wordCount\":2676,\"publisher\":{\"@id\":\"http:\\\/\\\/wp-magazin.snowtrex.cz\\\/#organization\"},\"image\":{\"@id\":\"http:\\\/\\\/wp-magazin.snowtrex.cz\\\/lyzarska-strediska\\\/lyzovani-v-lete\\\/#primaryimage\"},\"thumbnailUrl\":\"http:\\\/\\\/wp-magazin.snowtrex.cz\\\/files\\\/2024\\\/06\\\/RS16344_shutterstock_565639657-hsc.jpg\",\"keywords\":[\"Francie\",\"Hintertux\",\"Is\u00e8re\",\"It\u00e1lie\",\"Ji\u017en\u00ed Tyrolsko\",\"Les 2 Alpes\",\"Matterhorn\",\"Oisans\",\"Ortles\",\"Prad am Stilfserjoch\",\"Rakousko\",\"Saas-Fee\",\"Saastal\",\"Savojsko\",\"\u0160v\u00fdcarsko\",\"Tignes\",\"Tignes \u2013 Val d\u2019Is\u00e8re\",\"Tyrolsko\",\"Wallis\",\"Zermatt\",\"Zillertal\"],\"articleSection\":[\"Z ly\u017ea\u0159sk\u00fdch st\u0159edisek\"],\"inLanguage\":\"cs\"},{\"@type\":\"WebPage\",\"@id\":\"http:\\\/\\\/wp-magazin.snowtrex.cz\\\/lyzarska-strediska\\\/lyzovani-v-lete\\\/\",\"url\":\"http:\\\/\\\/wp-magazin.snowtrex.cz\\\/lyzarska-strediska\\\/lyzovani-v-lete\\\/\",\"name\":\"Ly\u017eov\u00e1n\u00ed v l\u00e9t\u011b - 9 nejlep\u0161\u00edch letn\u00edch ly\u017ea\u0159sk\u00fdch st\u0159edisek a tipy\",\"primaryImageOfPage\":{\"@id\":\"http:\\\/\\\/wp-magazin.snowtrex.cz\\\/lyzarska-strediska\\\/lyzovani-v-lete\\\/#primaryimage\"},\"image\":{\"@id\":\"http:\\\/\\\/wp-magazin.snowtrex.cz\\\/lyzarska-strediska\\\/lyzovani-v-lete\\\/#primaryimage\"},\"thumbnailUrl\":\"http:\\\/\\\/wp-magazin.snowtrex.cz\\\/files\\\/2024\\\/06\\\/RS16344_shutterstock_565639657-hsc.jpg\",\"datePublished\":\"2026-04-20T23:00:00+00:00\",\"dateModified\":\"2026-04-21T10:01:27+00:00\",\"description\":\"Ly\u017eov\u00e1n\u00ed v l\u00e9t\u011b - v\u00fdjime\u010dn\u00fd z\u00e1\u017eitek! SnowTrex ukazuje, kter\u00e1 ly\u017ea\u0159sk\u00e1 st\u0159ediska jsou v provozu i v l\u00e9t\u011b, a d\u00e1v\u00e1 tipy na letn\u00ed ly\u017ea\u0159skou z\u00e1bavu!\",\"inLanguage\":\"cs\"},{\"@type\":\"ImageObject\",\"inLanguage\":\"cs\",\"@id\":\"http:\\\/\\\/wp-magazin.snowtrex.cz\\\/lyzarska-strediska\\\/lyzovani-v-lete\\\/#primaryimage\",\"url\":\"http:\\\/\\\/wp-magazin.snowtrex.cz\\\/files\\\/2024\\\/06\\\/RS16344_shutterstock_565639657-hsc.jpg\",\"contentUrl\":\"http:\\\/\\\/wp-magazin.snowtrex.cz\\\/files\\\/2024\\\/06\\\/RS16344_shutterstock_565639657-hsc.jpg\",\"width\":1920,\"height\":1280,\"caption\":\"Quelle: Shutterstock (Standard Lizenz); Frei (Web, Print, SocialMedia) RED+ \u00a9\"},{\"@type\":\"WebSite\",\"@id\":\"http:\\\/\\\/wp-magazin.snowtrex.cz\\\/#website\",\"url\":\"http:\\\/\\\/wp-magazin.snowtrex.cz\\\/\",\"name\":\"SnowTrex Ski-Magaz\u00edn\",\"description\":\"V\u0161e o ly\u017eov\u00e1n\u00ed, snowboardingu a zimn\u00ed dovolen\u00e9!\",\"publisher\":{\"@id\":\"http:\\\/\\\/wp-magazin.snowtrex.cz\\\/#organization\"},\"inLanguage\":\"cs\"},{\"@type\":\"Organization\",\"@id\":\"http:\\\/\\\/wp-magazin.snowtrex.cz\\\/#organization\",\"name\":\"TravelTrex GmbH\",\"url\":\"http:\\\/\\\/wp-magazin.snowtrex.cz\\\/\",\"logo\":{\"@type\":\"ImageObject\",\"inLanguage\":\"cs\",\"@id\":\"http:\\\/\\\/wp-magazin.snowtrex.cz\\\/#\\\/schema\\\/logo\\\/image\\\/\",\"url\":\"http:\\\/\\\/wp-magazin.snowtrex.cz\\\/files\\\/2025\\\/09\\\/TravelTrex-Logo_RGB_transp.png\",\"contentUrl\":\"http:\\\/\\\/wp-magazin.snowtrex.cz\\\/files\\\/2025\\\/09\\\/TravelTrex-Logo_RGB_transp.png\",\"width\":1080,\"height\":282,\"caption\":\"TravelTrex GmbH\"},\"image\":{\"@id\":\"http:\\\/\\\/wp-magazin.snowtrex.cz\\\/#\\\/schema\\\/logo\\\/image\\\/\"},\"sameAs\":[\"https:\\\/\\\/www.facebook.com\\\/snowtrex\",\"https:\\\/\\\/www.instagram.com\\\/snowtrex_ski\"],\"description\":\"Od roku 1999 je SnowTrex p\u0159edn\u00edm n\u011bmeck\u00fdm cestovn\u00edm kancel\u00e1\u0159\u00edm pro ly\u017ea\u0159sk\u00e9 dovolen\u00e9. Spole\u010dnost nab\u00edz\u00ed sv\u00e9 slu\u017eby ve 13 jazyc\u00edch a ka\u017edoro\u010dn\u011b doprav\u00ed v\u00edce ne\u017e 100 000 host\u016f do obl\u00edben\u00fdch destinac\u00ed, jako je Rakousko, Francie, It\u00e1lie, \u0160v\u00fdcarsko a N\u011bmecko.\",\"email\":\"info-cz@snowtrex.com\",\"telephone\":\"234 495 495\",\"legalName\":\"TravelTrex GmbH\",\"foundingDate\":\"1999-07-01\",\"vatID\":\"DE 813 076 768\",\"numberOfEmployees\":{\"@type\":\"QuantitativeValue\",\"minValue\":\"51\",\"maxValue\":\"200\"}},{\"@type\":\"Person\",\"@id\":\"http:\\\/\\\/wp-magazin.snowtrex.cz\\\/#\\\/schema\\\/person\\\/ad1887a4d155ef6b5b8b4fc8990d92dd\",\"name\":\"SnowTrex\",\"description\":\"Redakce \u010dasopisu SnowTrex sdru\u017euje zku\u0161en\u00e9 zimn\u00ed sportovce a cestovn\u00ed experty, kte\u0159\u00ed svou v\u00e1\u0161e\u0148 prom\u00edtaj\u00ed do fundovan\u00fdch \u010dl\u00e1nk\u016f o ly\u017ea\u0159sk\u00fdch st\u0159edisc\u00edch, vybaven\u00ed a cestovn\u00edch tipech. Od roku 1999 je SnowTrex p\u0159edn\u00edm n\u011bmeck\u00fdm cestovn\u00edm kancel\u00e1\u0159em pro ly\u017ea\u0159sk\u00e9 dovolen\u00e9. Spole\u010dnost nab\u00edz\u00ed sv\u00e9 slu\u017eby ve 13 jazyc\u00edch a ka\u017edoro\u010dn\u011b doprav\u00ed p\u0159es 100 000 host\u016f do obl\u00edben\u00fdch destinac\u00ed, jako je Rakousko, Francie, It\u00e1lie, \u0160v\u00fdcarsko a N\u011bmecko.\",\"sameAs\":[\"https:\\\/\\\/www.snowtrex.cz\\\/\",\"https:\\\/\\\/www.facebook.com\\\/snowtrex\\\/\",\"https:\\\/\\\/www.instagram.com\\\/snowtrex_ski\\\/\",\"https:\\\/\\\/www.youtube.com\\\/c\\\/SnowTrex\"]}]}<\/script>\n<!-- \/ Yoast SEO Premium plugin. -->","yoast_head_json":{"title":"Ly\u017eov\u00e1n\u00ed v l\u00e9t\u011b - 9 nejlep\u0161\u00edch letn\u00edch ly\u017ea\u0159sk\u00fdch st\u0159edisek a tipy","description":"Ly\u017eov\u00e1n\u00ed v l\u00e9t\u011b - v\u00fdjime\u010dn\u00fd z\u00e1\u017eitek! SnowTrex ukazuje, kter\u00e1 ly\u017ea\u0159sk\u00e1 st\u0159ediska jsou v provozu i v l\u00e9t\u011b, a d\u00e1v\u00e1 tipy na letn\u00ed ly\u017ea\u0159skou z\u00e1bavu!","robots":{"index":"index","follow":"follow","max-snippet":"max-snippet:-1","max-image-preview":"max-image-preview:large","max-video-preview":"max-video-preview:-1"},"canonical":"https:\/\/www.snowtrex.cz\/magazin\/lyzarska-strediska\/lyzovani-v-lete\/","og_locale":"cs_CZ","og_type":"article","og_title":"Ly\u017eov\u00e1n\u00ed v l\u00e9t\u011b - Kter\u00e9 letn\u00ed ly\u017ea\u0159sk\u00e9 are\u00e1ly jsou v provozu?","og_description":"V mnoha ly\u017ea\u0159sk\u00fdch st\u0159edisc\u00edch kon\u010d\u00ed ly\u017ea\u0159sk\u00e1 sez\u00f3na koncem dubna nebo nejpozd\u011bji v polovin\u011b kv\u011btna. Pro opravdov\u00e9 milovn\u00edky sjezdovek to v\u0161ak neznamen\u00e1, \u017ee od \u010dervna do z\u00e1\u0159\u00ed ji\u017e nemohou ly\u017eovat nebo jezdit na snowboardu. A pro v\u0161echny milovn\u00edky zimn\u00edch sport\u016f, kte\u0159\u00ed necht\u011bj\u00ed p\u0159es letn\u00ed m\u011bs\u00edce pov\u011bsit ly\u017ee na h\u0159eb\u00edk, sestavil SnowTrex seznam ly\u017ea\u0159sk\u00fdch st\u0159edisek po cel\u00e9m sv\u011bt\u011b, kter\u00e1 sv\u00e9 vleky nezav\u00edraj\u00ed v\u016fbec nebo jen na kr\u00e1tkou dobu. Ly\u017eov\u00e1n\u00ed v l\u00e9t\u011b je tedy mo\u017en\u00e9 i zde!","og_url":"https:\/\/www.snowtrex.cz\/magazin\/lyzarska-strediska\/lyzovani-v-lete\/","og_site_name":"SnowTrex Ski-Magaz\u00edn","article_publisher":"https:\/\/www.facebook.com\/snowtrex","article_author":"https:\/\/www.facebook.com\/snowtrex\/","article_published_time":"2026-04-20T23:00:00+00:00","article_modified_time":"2026-04-21T10:01:27+00:00","og_image":[{"width":1920,"height":1280,"url":"https:\/\/www.snowtrex.cz\/magazin\/files\/2024\/06\/RS16344_shutterstock_565639657-hsc.jpg","type":"image\/jpeg"}],"author":"SnowTrex","twitter_card":"summary_large_image","twitter_misc":{"Napsal(a)":"SnowTrex","Odhadovan\u00e1 doba \u010dten\u00ed":"12 minut"},"schema":{"@context":"https:\/\/schema.org","@graph":[{"@type":"Article","@id":"https:\/\/www.snowtrex.cz\/magazin\/lyzarska-strediska\/lyzovani-v-lete\/#article","isPartOf":{"@id":"https:\/\/www.snowtrex.cz\/magazin\/lyzarska-strediska\/lyzovani-v-lete\/"},"author":{"name":"SnowTrex","@id":"https:\/\/www.snowtrex.cz\/magazin\/#\/schema\/person\/ad1887a4d155ef6b5b8b4fc8990d92dd"},"headline":"Ly\u017eov\u00e1n\u00ed v l\u00e9t\u011b &#8211; Kter\u00e9 letn\u00ed ly\u017ea\u0159sk\u00e9 are\u00e1ly jsou v provozu?","datePublished":"2026-04-20T23:00:00+00:00","dateModified":"2026-04-21T10:01:27+00:00","mainEntityOfPage":{"@id":"https:\/\/www.snowtrex.cz\/magazin\/lyzarska-strediska\/lyzovani-v-lete\/"},"wordCount":2676,"publisher":{"@id":"https:\/\/www.snowtrex.cz\/magazin\/#organization"},"image":{"@id":"https:\/\/www.snowtrex.cz\/magazin\/lyzarska-strediska\/lyzovani-v-lete\/#primaryimage"},"thumbnailUrl":"https:\/\/www.snowtrex.cz\/magazin\/files\/2024\/06\/RS16344_shutterstock_565639657-hsc.jpg","keywords":["Francie","Hintertux","Is\u00e8re","It\u00e1lie","Ji\u017en\u00ed Tyrolsko","Les 2 Alpes","Matterhorn","Oisans","Ortles","Prad am Stilfserjoch","Rakousko","Saas-Fee","Saastal","Savojsko","\u0160v\u00fdcarsko","Tignes","Tignes \u2013 Val d\u2019Is\u00e8re","Tyrolsko","Wallis","Zermatt","Zillertal"],"articleSection":["Z ly\u017ea\u0159sk\u00fdch st\u0159edisek"],"inLanguage":"cs"},{"@type":"WebPage","@id":"https:\/\/www.snowtrex.cz\/magazin\/lyzarska-strediska\/lyzovani-v-lete\/","url":"https:\/\/www.snowtrex.cz\/magazin\/lyzarska-strediska\/lyzovani-v-lete\/","name":"Ly\u017eov\u00e1n\u00ed v l\u00e9t\u011b - 9 nejlep\u0161\u00edch letn\u00edch ly\u017ea\u0159sk\u00fdch st\u0159edisek a tipy","primaryImageOfPage":{"@id":"https:\/\/www.snowtrex.cz\/magazin\/lyzarska-strediska\/lyzovani-v-lete\/#primaryimage"},"image":{"@id":"https:\/\/www.snowtrex.cz\/magazin\/lyzarska-strediska\/lyzovani-v-lete\/#primaryimage"},"thumbnailUrl":"https:\/\/www.snowtrex.cz\/magazin\/files\/2024\/06\/RS16344_shutterstock_565639657-hsc.jpg","datePublished":"2026-04-20T23:00:00+00:00","dateModified":"2026-04-21T10:01:27+00:00","description":"Ly\u017eov\u00e1n\u00ed v l\u00e9t\u011b - v\u00fdjime\u010dn\u00fd z\u00e1\u017eitek! SnowTrex ukazuje, kter\u00e1 ly\u017ea\u0159sk\u00e1 st\u0159ediska jsou v provozu i v l\u00e9t\u011b, a d\u00e1v\u00e1 tipy na letn\u00ed ly\u017ea\u0159skou z\u00e1bavu!","inLanguage":"cs"},{"@type":"ImageObject","inLanguage":"cs","@id":"https:\/\/www.snowtrex.cz\/magazin\/lyzarska-strediska\/lyzovani-v-lete\/#primaryimage","url":"https:\/\/www.snowtrex.cz\/magazin\/files\/2024\/06\/RS16344_shutterstock_565639657-hsc.jpg","contentUrl":"https:\/\/www.snowtrex.cz\/magazin\/files\/2024\/06\/RS16344_shutterstock_565639657-hsc.jpg","width":1920,"height":1280,"caption":"Quelle: Shutterstock (Standard Lizenz); Frei (Web, Print, SocialMedia) RED+ \u00a9"},{"@type":"WebSite","@id":"https:\/\/www.snowtrex.cz\/magazin\/#website","url":"https:\/\/www.snowtrex.cz\/magazin\/","name":"SnowTrex Ski-Magaz\u00edn","description":"V\u0161e o ly\u017eov\u00e1n\u00ed, snowboardingu a zimn\u00ed dovolen\u00e9!","publisher":{"@id":"https:\/\/www.snowtrex.cz\/magazin\/#organization"},"inLanguage":"cs"},{"@type":"Organization","@id":"https:\/\/www.snowtrex.cz\/magazin\/#organization","name":"TravelTrex GmbH","url":"https:\/\/www.snowtrex.cz\/magazin\/","logo":{"@type":"ImageObject","inLanguage":"cs","@id":"https:\/\/www.snowtrex.cz\/magazin\/#\/schema\/logo\/image\/","url":"https:\/\/www.snowtrex.cz\/magazin\/files\/2025\/09\/TravelTrex-Logo_RGB_transp.png","contentUrl":"https:\/\/www.snowtrex.cz\/magazin\/files\/2025\/09\/TravelTrex-Logo_RGB_transp.png","width":1080,"height":282,"caption":"TravelTrex GmbH"},"image":{"@id":"https:\/\/www.snowtrex.cz\/magazin\/#\/schema\/logo\/image\/"},"sameAs":["https:\/\/www.facebook.com\/snowtrex","https:\/\/www.instagram.com\/snowtrex_ski"],"description":"Od roku 1999 je SnowTrex p\u0159edn\u00edm n\u011bmeck\u00fdm cestovn\u00edm kancel\u00e1\u0159\u00edm pro ly\u017ea\u0159sk\u00e9 dovolen\u00e9. Spole\u010dnost nab\u00edz\u00ed sv\u00e9 slu\u017eby ve 13 jazyc\u00edch a ka\u017edoro\u010dn\u011b doprav\u00ed v\u00edce ne\u017e 100 000 host\u016f do obl\u00edben\u00fdch destinac\u00ed, jako je Rakousko, Francie, It\u00e1lie, \u0160v\u00fdcarsko a N\u011bmecko.","email":"info-cz@snowtrex.com","telephone":"234 495 495","legalName":"TravelTrex GmbH","foundingDate":"1999-07-01","vatID":"DE 813 076 768","numberOfEmployees":{"@type":"QuantitativeValue","minValue":"51","maxValue":"200"}},{"@type":"Person","@id":"https:\/\/www.snowtrex.cz\/magazin\/#\/schema\/person\/ad1887a4d155ef6b5b8b4fc8990d92dd","name":"SnowTrex","description":"Redakce \u010dasopisu SnowTrex sdru\u017euje zku\u0161en\u00e9 zimn\u00ed sportovce a cestovn\u00ed experty, kte\u0159\u00ed svou v\u00e1\u0161e\u0148 prom\u00edtaj\u00ed do fundovan\u00fdch \u010dl\u00e1nk\u016f o ly\u017ea\u0159sk\u00fdch st\u0159edisc\u00edch, vybaven\u00ed a cestovn\u00edch tipech. Od roku 1999 je SnowTrex p\u0159edn\u00edm n\u011bmeck\u00fdm cestovn\u00edm kancel\u00e1\u0159em pro ly\u017ea\u0159sk\u00e9 dovolen\u00e9. Spole\u010dnost nab\u00edz\u00ed sv\u00e9 slu\u017eby ve 13 jazyc\u00edch a ka\u017edoro\u010dn\u011b doprav\u00ed p\u0159es 100 000 host\u016f do obl\u00edben\u00fdch destinac\u00ed, jako je Rakousko, Francie, It\u00e1lie, \u0160v\u00fdcarsko a N\u011bmecko.","sameAs":["https:\/\/www.snowtrex.cz\/","https:\/\/www.facebook.com\/snowtrex\/","https:\/\/www.instagram.com\/snowtrex_ski\/","https:\/\/www.youtube.com\/c\/SnowTrex"]}]}},"wp-worthy-pixel":{"ignored":false,"public":null,"server":null,"url":null},"wp-worthy-type":"normal","_links":{"self":[{"href":"https:\/\/www.snowtrex.cz\/magazin\/wp-json\/wp\/v2\/posts\/13735","targetHints":{"allow":["GET"]}}],"collection":[{"href":"https:\/\/www.snowtrex.cz\/magazin\/wp-json\/wp\/v2\/posts"}],"about":[{"href":"https:\/\/www.snowtrex.cz\/magazin\/wp-json\/wp\/v2\/types\/post"}],"author":[{"embeddable":true,"href":"https:\/\/www.snowtrex.cz\/magazin\/wp-json\/wp\/v2\/users\/178"}],"replies":[{"embeddable":true,"href":"https:\/\/www.snowtrex.cz\/magazin\/wp-json\/wp\/v2\/comments?post=13735"}],"version-history":[{"count":6,"href":"https:\/\/www.snowtrex.cz\/magazin\/wp-json\/wp\/v2\/posts\/13735\/revisions"}],"predecessor-version":[{"id":52928,"href":"https:\/\/www.snowtrex.cz\/magazin\/wp-json\/wp\/v2\/posts\/13735\/revisions\/52928"}],"wp:featuredmedia":[{"embeddable":true,"href":"https:\/\/www.snowtrex.cz\/magazin\/wp-json\/wp\/v2\/media\/52919"}],"wp:attachment":[{"href":"https:\/\/www.snowtrex.cz\/magazin\/wp-json\/wp\/v2\/media?parent=13735"}],"wp:term":[{"taxonomy":"category","embeddable":true,"href":"https:\/\/www.snowtrex.cz\/magazin\/wp-json\/wp\/v2\/categories?post=13735"},{"taxonomy":"post_tag","embeddable":true,"href":"https:\/\/www.snowtrex.cz\/magazin\/wp-json\/wp\/v2\/tags?post=13735"}],"curies":[{"name":"wp","href":"https:\/\/api.w.org\/{rel}","templated":true}]}}