{"id":12634,"date":"2026-02-10T01:00:00","date_gmt":"2026-02-10T00:00:00","guid":{"rendered":"http:\/\/blog.snowtrex.com\/de\/?p=12634"},"modified":"2026-02-10T12:00:31","modified_gmt":"2026-02-10T11:00:31","slug":"lyzovani-na-jare","status":"publish","type":"post","link":"https:\/\/www.snowtrex.cz\/magazin\/lyzarska-strediska\/lyzovani-na-jare\/","title":{"rendered":"Ly\u017eov\u00e1n\u00ed na ja\u0159e &#8211; Kter\u00e1 ly\u017ea\u0159sk\u00e1 st\u0159ediska jsou mimo sez\u00f3nu v provozu?"},"content":{"rendered":"<p><strong>Spousta sn\u011bhu, dostatek slunce, dobr\u00e1 viditelnost, ne p\u0159\u00edli\u0161 velk\u00e1 zima: ly\u017eov\u00e1n\u00ed na ja\u0159e je skute\u010dn\u00fdm po\u017eitkem. Aby v\u0161ak milovn\u00edci zimn\u00edch sport\u016f mohli tyto podm\u00ednky co nejl\u00e9pe vyu\u017e\u00edt, m\u011bli by se zejm\u00e9na v b\u0159eznu, dubnu a kv\u011btnu \u0159\u00eddit n\u011bkolika radami. <a href=\"https:\/\/www.snowtrex.cz\/\" target=\"_blank\" rel=\"noopener\">SnowTrex<\/a> v\u00e1m uk\u00e1\u017ee, kter\u00e1 ly\u017ea\u0159sk\u00e1 st\u0159ediska se mohou na ja\u0159e je\u0161t\u011b pochlubit zaru\u010den\u00fdm sn\u011bhem, jak se ly\u017ea\u0159i a snowboardist\u00e9 mohou nejl\u00e9pe vyhnout t\u011b\u017ek\u00e9 odpoledn\u00ed b\u0159e\u010dce a co je d\u016fle\u017eit\u00e9, pokud jde o kondici na sjezdovce.<\/strong><\/p>\n<div class=\"tt-post-image-wrapper tt-post-image-wrapper-full\">\n            <div class=\"tt-image-copyright-container\">\n                <a href=\"https:\/\/www.snowtrex.cz\/magazin\/files\/2024\/02\/RS12703_SNOW3924-hsc.jpg\" target=\"_blank\" rel=\"noopener\"><img loading=\"lazy\" decoding=\"async\" data-wrapped=\"true\" class=\"wp-image-53133 size-Artikelbild_gro\u00df\" title=\"P\u0159i ly\u017eov\u00e1n\u00ed na ja\u0159e nebo o Velikonoc\u00edch se milovn\u00edci zimn\u00edch sport\u016f obvykle mohou vyh\u0159\u00edvat na slun\u00ed\u010dku\" src=\"https:\/\/www.snowtrex.cz\/magazin\/files\/2024\/02\/RS12703_SNOW3924-hsc-729x486.jpg\" alt=\"P\u0159i ly\u017eov\u00e1n\u00ed na ja\u0159e nebo o Velikonoc\u00edch se milovn\u00edci zimn\u00edch sport\u016f obvykle mohou vyh\u0159\u00edvat na slun\u00ed\u010dku\" width=\"729\" height=\"486\" srcset=\"https:\/\/www.snowtrex.cz\/magazin\/files\/2024\/02\/RS12703_SNOW3924-hsc-729x486.jpg 729w, https:\/\/www.snowtrex.cz\/magazin\/files\/2024\/02\/RS12703_SNOW3924-hsc-290x193.jpg 290w, https:\/\/www.snowtrex.cz\/magazin\/files\/2024\/02\/RS12703_SNOW3924-hsc-728x485.jpg 728w, https:\/\/www.snowtrex.cz\/magazin\/files\/2024\/02\/RS12703_SNOW3924-hsc-768x512.jpg 768w, https:\/\/www.snowtrex.cz\/magazin\/files\/2024\/02\/RS12703_SNOW3924-hsc-1536x1024.jpg 1536w, https:\/\/www.snowtrex.cz\/magazin\/files\/2024\/02\/RS12703_SNOW3924-hsc-468x312.jpg 468w, https:\/\/www.snowtrex.cz\/magazin\/files\/2024\/02\/RS12703_SNOW3924-hsc-300x200.jpg 300w, https:\/\/www.snowtrex.cz\/magazin\/files\/2024\/02\/RS12703_SNOW3924-hsc-999x666.jpg 999w, https:\/\/www.snowtrex.cz\/magazin\/files\/2024\/02\/RS12703_SNOW3924-hsc-645x430.jpg 645w, https:\/\/www.snowtrex.cz\/magazin\/files\/2024\/02\/RS12703_SNOW3924-hsc-552x368.jpg 552w, https:\/\/www.snowtrex.cz\/magazin\/files\/2024\/02\/RS12703_SNOW3924-hsc-405x270.jpg 405w, https:\/\/www.snowtrex.cz\/magazin\/files\/2024\/02\/RS12703_SNOW3924-hsc-336x224.jpg 336w, https:\/\/www.snowtrex.cz\/magazin\/files\/2024\/02\/RS12703_SNOW3924-hsc-276x184.jpg 276w, https:\/\/www.snowtrex.cz\/magazin\/files\/2024\/02\/RS12703_SNOW3924-hsc-234x156.jpg 234w, https:\/\/www.snowtrex.cz\/magazin\/files\/2024\/02\/RS12703_SNOW3924-hsc-192x128.jpg 192w, https:\/\/www.snowtrex.cz\/magazin\/files\/2024\/02\/RS12703_SNOW3924-hsc-120x80.jpg 120w, https:\/\/www.snowtrex.cz\/magazin\/files\/2024\/02\/RS12703_SNOW3924-hsc-774x516.jpg 774w, https:\/\/www.snowtrex.cz\/magazin\/files\/2024\/02\/RS12703_SNOW3924-hsc-2x1.jpg 2w, https:\/\/www.snowtrex.cz\/magazin\/files\/2024\/02\/RS12703_SNOW3924-hsc.jpg 1920w\" sizes=\"(min-width: 1009px) 729px, (min-width: 819px) 594px, (min-width: 569px) 729px, (min-width: 449px) 468px, 348px\" \/><\/a><div class=\"tt-image-copyright\" data-image-id=\"53133\">\u00a9 TravelTrex | Martin Miser\u00e9<\/div>\n            <\/div>\n            <div class=\"tt-post-caption\">P\u0159i ly\u017eov\u00e1n\u00ed na ja\u0159e nebo o Velikonoc\u00edch se milovn\u00edci zimn\u00edch sport\u016f obvykle mohou vyh\u0159\u00edvat na slun\u00ed\u010dku<\/div>\n         <\/div > \n<p><div class=\"tt-table-of-content\">\n                <span class=\"tt-icon-circle-up tt-table-of-content-button\"><\/span><\/p>\n<div class=\"tt-table-of-content-caption\">\n                    Obsah\n                <\/div>\n<div class=\"tt-table-of-content-body\">\n                    <a href=\"#ly\u017ea\u0159sk\u00e1-st\u0159ediska-pro-ly\u017eov\u00e1n\u00ed-na-ja\u0159e---p\u0159ehled\"><span class=\"layer-0\">Ly\u017ea\u0159sk\u00e1 st\u0159ediska pro ly\u017eov\u00e1n\u00ed na ja\u0159e &#8211; p\u0159ehled<\/span><\/a><a href=\"#ly\u017ea\u0159sk\u00e9-st\u0159edisko-zermatt-(\u0160v\u00fdcarsko)\"><span class=\"layer-0\">Ly\u017ea\u0159sk\u00e9 st\u0159edisko Zermatt (\u0160v\u00fdcarsko)<\/span><\/a><a href=\"#ly\u017ea\u0159sk\u00e9-st\u0159edisko-saas-fee-(\u0160v\u00fdcarsko)\"><span class=\"layer-0\">Ly\u017ea\u0159sk\u00e9 st\u0159edisko Saas-Fee (\u0160v\u00fdcarsko)<\/span><\/a><a href=\"#ly\u017ea\u0159sk\u00e1-oblast-les-2-alpes-(francie)\"><span class=\"layer-0\">Ly\u017ea\u0159sk\u00e1 oblast Les 2 Alpes (Francie)<\/span><\/a><a href=\"#ly\u017ea\u0159sk\u00e9-st\u0159edisko-tignes-val-d'is\u00e8re-(francie)\"><span class=\"layer-0\">Ly\u017ea\u0159sk\u00e9 st\u0159edisko Tignes-Val d&#8217;Is\u00e8re (Francie)<\/span><\/a><a href=\"#ly\u017ea\u0159sk\u00fd-are\u00e1l-pitztal-glacier-&amp;-rifflsee-(rakousko)\"><span class=\"layer-0\">Ly\u017ea\u0159sk\u00fd are\u00e1l Pitztal Glacier &amp; Rifflsee (Rakousko)<\/span><\/a><a href=\"#ly\u017ea\u0159sk\u00e9-st\u0159edisko-s\u00f6lden-(rakousko)\"><span class=\"layer-0\">Ly\u017ea\u0159sk\u00e9 st\u0159edisko S\u00f6lden (Rakousko)<\/span><\/a><a href=\"#ly\u017ea\u0159sk\u00e9-st\u0159edisko-alpe-d'huez-grand-domaine-(francie)\"><span class=\"layer-0\">Ly\u017ea\u0159sk\u00e9 st\u0159edisko Alpe d&#8217;Huez Grand Domaine (Francie)<\/span><\/a><a href=\"#ly\u017ea\u0159sk\u00e1-oblast-zillertal-(rakousko)\"><span class=\"layer-0\">Ly\u017ea\u0159sk\u00e1 oblast Zillertal (Rakousko)<\/span><\/a><a href=\"#ly\u017ea\u0159sk\u00e1-oblast-val-thorens-orelle-(francie)\"><span class=\"layer-0\">Ly\u017ea\u0159sk\u00e1 oblast Val Thorens-Orelle (Francie)<\/span><\/a><a href=\"#ly\u017ea\u0159sk\u00fd-are\u00e1l-stubaisk\u00fd-ledovec-(rakousko)\"><span class=\"layer-0\">Ly\u017ea\u0159sk\u00fd are\u00e1l Stubaisk\u00fd ledovec (Rakousko)<\/span><\/a><a href=\"#ly\u017ea\u0159sk\u00fd-are\u00e1l-schnalstal-glacier-(it\u00e1lie)\"><span class=\"layer-0\">Ly\u017ea\u0159sk\u00fd are\u00e1l Schnalstal Glacier (It\u00e1lie)<\/span><\/a><a href=\"#ly\u017ea\u0159sk\u00e1-oblast-zell-am-see-kaprun-(rakousko)\"><span class=\"layer-0\">Ly\u017ea\u0159sk\u00e1 oblast Zell am See-Kaprun (Rakousko)<\/span><\/a><a href=\"#ly\u017ea\u0159sk\u00e1-oblast-engelberg-titlis-(\u0160v\u00fdcarsko)\"><span class=\"layer-0\">Ly\u017ea\u0159sk\u00e1 oblast Engelberg-Titlis (\u0160v\u00fdcarsko)<\/span><\/a><a href=\"#ly\u017ea\u0159sk\u00e9-st\u0159edisko-silvretta-arena-ischgl-(rakousko)\"><span class=\"layer-0\">Ly\u017ea\u0159sk\u00e9 st\u0159edisko Silvretta Arena, Ischgl (Rakousko)<\/span><\/a><a href=\"#ly\u017ea\u0159sk\u00e9-st\u0159edisko-arosa-lenzerheide-(\u0160v\u00fdcarsko)\"><span class=\"layer-0\">Ly\u017ea\u0159sk\u00e9 st\u0159edisko Arosa-Lenzerheide (\u0160v\u00fdcarsko)<\/span><\/a><a href=\"#ly\u017ea\u0159sk\u00e9-st\u0159edisko-na-arlbergu-(rakousko)\"><span class=\"layer-0\">Ly\u017ea\u0159sk\u00e9 st\u0159edisko na Arlbergu (Rakousko)<\/span><\/a><a href=\"#ly\u017ea\u0159sk\u00fd-are\u00e1l-la-f\u00f4ret-blanche-vars-risoul-(francie)\"><span class=\"layer-0\">Ly\u017ea\u0159sk\u00fd are\u00e1l La F\u00f4ret Blanche, Vars-Risoul (Francie)<\/span><\/a><a href=\"#ly\u017ea\u0159sk\u00e9-st\u0159edisko-ankogel-mallnitz-(rakousko)\"><span class=\"layer-0\">Ly\u017ea\u0159sk\u00e9 st\u0159edisko Ankogel, Mallnitz (Rakousko)<\/span><\/a><a href=\"#ly\u017ea\u0159sk\u00e1-oblast-portes-du-soleil-(francie)\"><span class=\"layer-0\">Ly\u017ea\u0159sk\u00e1 oblast Portes du Soleil (Francie)<\/span><\/a><a href=\"#ly\u017ea\u0159sk\u00e9-st\u0159edisko-obertauern-(rakousko)\"><span class=\"layer-0\">Ly\u017ea\u0159sk\u00e9 st\u0159edisko Obertauern (Rakousko)<\/span><\/a><a href=\"#tipy-pro-ly\u017eov\u00e1n\u00ed-na-ja\u0159e\"><span class=\"layer-0\">Tipy pro ly\u017eov\u00e1n\u00ed na ja\u0159e<\/span><\/a><a href=\"#\u010cast\u00e9-dotazy-k-ly\u017eov\u00e1n\u00ed-na-ja\u0159e-a-o-velikonoc\u00edch\"><span class=\"layer-0\">\u010cast\u00e9 dotazy k ly\u017eov\u00e1n\u00ed na ja\u0159e a o Velikonoc\u00edch<\/span><\/a>\n                 <\/div>\n<\/p><\/div>\n<hr>\n<h2 id=\"ly\u017ea\u0159sk\u00e1-st\u0159ediska-pro-ly\u017eov\u00e1n\u00ed-na-ja\u0159e---p\u0159ehled\">Ly\u017ea\u0159sk\u00e1 st\u0159ediska pro ly\u017eov\u00e1n\u00ed na ja\u0159e &#8211; p\u0159ehled<\/h2>\n\n<table id=\"tablepress-47\" class=\"tablepress tablepress-id-47\">\n<thead>\n<tr class=\"row-1\">\n\t<th class=\"column-1\"><strong>Ly\u017ea\u0159sk\u00e9 st\u0159edisko<\/strong><br \/>\n<\/th><th class=\"column-2\"><strong>Zem\u011b<\/strong><br \/>\n<\/th><th class=\"column-3\"><strong>Nejvy\u0161\u0161\u00ed bod<\/strong><br \/>\n<\/th><th class=\"column-4\"><strong>Kilometry sjezdovek<\/strong><\/th>\n<\/tr>\n<\/thead>\n<tbody class=\"row-striping row-hover\">\n<tr class=\"row-2\">\n\t<td class=\"column-1\"><a href=\"https:\/\/www.snowtrex.cz\/svycarsko\/zermatt\/lyzarske-stredisko.html\" target=\"_blank\" rel=\"noopener noreferrer\">Zermatt<\/a><\/td><td class=\"column-2\">\u0160v\u00fdcarsko<\/td><td class=\"column-3\">3.899 m<\/td><td class=\"column-4\">322<\/td>\n<\/tr>\n<tr class=\"row-3\">\n\t<td class=\"column-1\"><a href=\"https:\/\/www.snowtrex.cz\/svycarsko\/saas-fee\/lyzarske-stredisko.html\" target=\"_blank\" rel=\"noopener noreferrer\">Saas-Fee<\/a><\/td><td class=\"column-2\">\u0160v\u00fdcarsko<\/td><td class=\"column-3\">3.573 m<\/td><td class=\"column-4\">100<\/td>\n<\/tr>\n<tr class=\"row-4\">\n\t<td class=\"column-1\"><a href=\"https:\/\/www.snowtrex.cz\/francie\/les_2_alpes\/lyzarske-stredisko.html\" target=\"_blank\" rel=\"noopener noreferrer\">Les 2 Alpes<\/a><\/td><td class=\"column-2\">Francie<\/td><td class=\"column-3\">3.523 m<br \/>\r\n<\/td><td class=\"column-4\">200<\/td>\n<\/tr>\n<tr class=\"row-5\">\n\t<td class=\"column-1\"><a href=\"https:\/\/www.snowtrex.cz\/francie\/val_disere\/lyzarske-stredisko.html\" target=\"_blank\" rel=\"noopener noreferrer\">Tignes-Val d'Is\u00e8re<\/a><\/td><td class=\"column-2\">Francie<\/td><td class=\"column-3\">3.456 m<\/td><td class=\"column-4\">300<\/td>\n<\/tr>\n<tr class=\"row-6\">\n\t<td class=\"column-1\"><a href=\"https:\/\/www.snowtrex.cz\/rakousko\/st._leonhard\/lyzarske-stredisko.html\" target=\"_blank\" rel=\"noopener noreferrer\">Pitztaler Gletscher &amp; Rifflsee<\/a><\/td><td class=\"column-2\">Rakousko<\/td><td class=\"column-3\">3.440 m<\/td><td class=\"column-4\">40<\/td>\n<\/tr>\n<tr class=\"row-7\">\n\t<td class=\"column-1\"><a href=\"https:\/\/www.snowtrex.cz\/rakousko\/solden\/lyzarske-stredisko.html\" target=\"_blank\" rel=\"noopener noreferrer\">S\u00f6lden<\/a><\/td><td class=\"column-2\">Rakousko<\/td><td class=\"column-3\">3.340 m<\/td><td class=\"column-4\">143<\/td>\n<\/tr>\n<tr class=\"row-8\">\n\t<td class=\"column-1\"><a href=\"https:\/\/www.snowtrex.cz\/francie\/alpe_dhuez\/lyzarske-stredisko.html\" target=\"_blank\" rel=\"noopener noreferrer\">Alpe d'Huez Grand Domaine Ski<\/a><\/td><td class=\"column-2\">Francie<\/td><td class=\"column-3\">3.330 m<\/td><td class=\"column-4\">250<\/td>\n<\/tr>\n<tr class=\"row-9\">\n\t<td class=\"column-1\"><a href=\"https:\/\/www.snowtrex.cz\/rakousko\/zillertal\/lyzarsky-region.html\" target=\"_blank\" rel=\"noopener noreferrer\">Skiregion Zillertal<\/a><\/td><td class=\"column-2\">Rakousko<\/td><td class=\"column-3\">3.250 m<\/td><td class=\"column-4\">465<\/td>\n<\/tr>\n<tr class=\"row-10\">\n\t<td class=\"column-1\"><a href=\"https:\/\/www.snowtrex.cz\/francie\/val_thorens\/lyzarske-stredisko.html\" target=\"_blank\" rel=\"noopener noreferrer\">Val Thorens-Orelle<\/a><\/td><td class=\"column-2\">Francie<\/td><td class=\"column-3\">3.230 m<\/td><td class=\"column-4\">150<\/td>\n<\/tr>\n<tr class=\"row-11\">\n\t<td class=\"column-1\"><a href=\"https:\/\/www.snowtrex.cz\/rakousko\/neustift\/lyzarske-stredisko.html\" target=\"_blank\" rel=\"noopener noreferrer\">Stubaier Gletscher<\/a><\/td><td class=\"column-2\">Rakousko<\/td><td class=\"column-3\">3.212 m<\/td><td class=\"column-4\">65<\/td>\n<\/tr>\n<tr class=\"row-12\">\n\t<td class=\"column-1\"><a href=\"https:\/\/www.snowtrex.cz\/italie\/kurzras\/lyzarske-stredisko.html\" target=\"_blank\" rel=\"noopener noreferrer\">Schnalstaler Gletscher<\/a><\/td><td class=\"column-2\">It\u00e1lie<\/td><td class=\"column-3\">3.212 m<\/td><td class=\"column-4\">42<\/td>\n<\/tr>\n<tr class=\"row-13\">\n\t<td class=\"column-1\"><a href=\"https:\/\/www.snowtrex.cz\/rakousko\/zell_am_see\/lyzarske-stredisko.html\" target=\"_blank\" rel=\"noopener noreferrer\">Zell am See-Kaprum<\/a><\/td><td class=\"column-2\">Rakousko<\/td><td class=\"column-3\">3.029 m<\/td><td class=\"column-4\">138<\/td>\n<\/tr>\n<tr class=\"row-14\">\n\t<td class=\"column-1\"><a href=\"https:\/\/www.snowtrex.cz\/svycarsko\/engelberg\/lyzarske-stredisko.html\" target=\"_blank\" rel=\"noopener noreferrer\">Engelberg-Titlis<\/a><\/td><td class=\"column-2\">\u0160v\u00fdcarsko<\/td><td class=\"column-3\">3.020 m<\/td><td class=\"column-4\">80<\/td>\n<\/tr>\n<tr class=\"row-15\">\n\t<td class=\"column-1\"><a href=\"https:\/\/www.snowtrex.cz\/rakousko\/ischgl\/lyzarske-stredisko.html\" target=\"_blank\" rel=\"noopener noreferrer\">Silvretta Arena, Ischgl<\/a><\/td><td class=\"column-2\">Rakousko<\/td><td class=\"column-3\">2.872 m<\/td><td class=\"column-4\">239<\/td>\n<\/tr>\n<tr class=\"row-16\">\n\t<td class=\"column-1\"><a href=\"https:\/\/www.snowtrex.cz\/svycarsko\/lenzerheide\/lyzarske-stredisko.html\" target=\"_blank\" rel=\"noopener noreferrer\">Arosa-Lenzerheide<\/a><\/td><td class=\"column-2\">\u0160v\u00fdcarsko<\/td><td class=\"column-3\">2.865 m<\/td><td class=\"column-4\">225<\/td>\n<\/tr>\n<tr class=\"row-17\">\n\t<td class=\"column-1\"><a href=\"https:\/\/www.snowtrex.cz\/rakousko\/st._anton\/lyzarske-stredisko.html\" target=\"_blank\" rel=\"noopener noreferrer\">Arlberg<\/a><\/td><td class=\"column-2\">Rakousko<\/td><td class=\"column-3\">2.811 m<\/td><td class=\"column-4\">302<\/td>\n<\/tr>\n<tr class=\"row-18\">\n\t<td class=\"column-1\"><a href=\"https:\/\/www.snowtrex.cz\/francie\/vars-risoul\/lyzarske-stredisko.html\" target=\"_blank\" rel=\"noopener noreferrer\">La F\u00f4ret Blanche, Vars-Risoul<\/a><\/td><td class=\"column-2\">Francie<\/td><td class=\"column-3\">2.750 m<\/td><td class=\"column-4\">185<\/td>\n<\/tr>\n<tr class=\"row-19\">\n\t<td class=\"column-1\"><a href=\"https:\/\/www.snowtrex.cz\/rakousko\/mallnitz\/lyzarske-stredisko.html\" target=\"_blank\" rel=\"noopener noreferrer\">Ankogel, Mallnitz<\/a><\/td><td class=\"column-2\">Rakousko<\/td><td class=\"column-3\">2.636 m<\/td><td class=\"column-4\">13<\/td>\n<\/tr>\n<tr class=\"row-20\">\n\t<td class=\"column-1\"><a href=\"https:\/\/www.snowtrex.cz\/francie\/portes_du_soleil\/lyzarska_oblast.html\" target=\"_blank\" rel=\"noopener noreferrer\">Skiregion Portes du Soleil<\/a><\/td><td class=\"column-2\">Francie<\/td><td class=\"column-3\">2.254 m<\/td><td class=\"column-4\">580<\/td>\n<\/tr>\n<tr class=\"row-21\">\n\t<td class=\"column-1\"><a href=\"https:\/\/www.snowtrex.cz\/rakousko\/obertauern\/lyzarske-stredisko.html\" target=\"_blank\" rel=\"noopener noreferrer\">Obertauern<\/a><\/td><td class=\"column-2\">Rakousko<\/td><td class=\"column-3\">2.313 m<\/td><td class=\"column-4\">100<\/td>\n<\/tr>\n<\/tbody>\n<\/table>\n<!-- #tablepress-47 from cache -->\n<h2 id=\"ly\u017ea\u0159sk\u00e9-st\u0159edisko-zermatt-(\u0160v\u00fdcarsko)\">Ly\u017ea\u0159sk\u00e9 st\u0159edisko Zermatt (\u0160v\u00fdcarsko)<\/h2>\n<p><strong>Nadmo\u0159sk\u00e1 v\u00fd\u0161ka:<\/strong> 1 562 &#8211; 3 899 m n. m<\/p>\n<p><strong>Kilometry sjezdovek:<\/strong> 322<\/p>\n<p><strong>Konec sez\u00f3ny:<\/strong> Za\u010d\u00e1tek kv\u011btna<\/p>\n<p>Vesnice Zermatt bez aut le\u017e\u00ed na \u00fapat\u00ed mohutn\u00e9ho Matterhornu. P\u0159idru\u017een\u00fd <a href=\"https:\/\/www.snowtrex.cz\/svycarsko\/zermatt\/lyzarske-stredisko.html\" target=\"_blank\" rel=\"noopener noreferrer\">ly\u017ea\u0159sk\u00fd are\u00e1l Zermatt<\/a> je nejv\u00fd\u0161e polo\u017een\u00fdm v Alp\u00e1ch a nejv\u011bt\u0161\u00ed celoro\u010dn\u00ed ly\u017ea\u0159skou oblast\u00ed. V okol\u00ed Zermattu je seskupena t\u00e9m\u011b\u0159 t\u0159etina v\u0161ech \u010dty\u0159tis\u00edcov\u00fdch vrchol\u016f v Alp\u00e1ch.<\/p>\n<div class=\"tt-post-image-wrapper tt-post-image-wrapper-full\">\n            <div class=\"tt-image-copyright-container\">\n                <a href=\"https:\/\/www.snowtrex.cz\/magazin\/files\/2024\/02\/RS15061_samuel-zeller-14249-scr.jpg\" target=\"_blank\" rel=\"noopener\"><img loading=\"lazy\" decoding=\"async\" data-wrapped=\"true\" class=\"wp-image-53134 size-Artikelbild_gro\u00df\" title=\"V ly\u017ea\u0159sk\u00e9 oblasti Zermatt se nach\u00e1z\u00ed pravd\u011bpodobn\u011b nejzn\u00e1m\u011bj\u0161\u00ed hora sv\u011bta: Matterhorn\" src=\"https:\/\/www.snowtrex.cz\/magazin\/files\/2024\/02\/RS15061_samuel-zeller-14249-scr-729x486.jpg\" alt=\"V ly\u017ea\u0159sk\u00e9 oblasti Zermatt se nach\u00e1z\u00ed pravd\u011bpodobn\u011b nejzn\u00e1m\u011bj\u0161\u00ed hora sv\u011bta: Matterhorn\" width=\"729\" height=\"486\" srcset=\"https:\/\/www.snowtrex.cz\/magazin\/files\/2024\/02\/RS15061_samuel-zeller-14249-scr-729x486.jpg 729w, https:\/\/www.snowtrex.cz\/magazin\/files\/2024\/02\/RS15061_samuel-zeller-14249-scr-290x193.jpg 290w, https:\/\/www.snowtrex.cz\/magazin\/files\/2024\/02\/RS15061_samuel-zeller-14249-scr-728x485.jpg 728w, https:\/\/www.snowtrex.cz\/magazin\/files\/2024\/02\/RS15061_samuel-zeller-14249-scr-768x512.jpg 768w, https:\/\/www.snowtrex.cz\/magazin\/files\/2024\/02\/RS15061_samuel-zeller-14249-scr-468x312.jpg 468w, https:\/\/www.snowtrex.cz\/magazin\/files\/2024\/02\/RS15061_samuel-zeller-14249-scr-300x200.jpg 300w, https:\/\/www.snowtrex.cz\/magazin\/files\/2024\/02\/RS15061_samuel-zeller-14249-scr-999x666.jpg 999w, https:\/\/www.snowtrex.cz\/magazin\/files\/2024\/02\/RS15061_samuel-zeller-14249-scr-645x430.jpg 645w, https:\/\/www.snowtrex.cz\/magazin\/files\/2024\/02\/RS15061_samuel-zeller-14249-scr-552x368.jpg 552w, https:\/\/www.snowtrex.cz\/magazin\/files\/2024\/02\/RS15061_samuel-zeller-14249-scr-405x270.jpg 405w, https:\/\/www.snowtrex.cz\/magazin\/files\/2024\/02\/RS15061_samuel-zeller-14249-scr-336x224.jpg 336w, https:\/\/www.snowtrex.cz\/magazin\/files\/2024\/02\/RS15061_samuel-zeller-14249-scr-276x184.jpg 276w, https:\/\/www.snowtrex.cz\/magazin\/files\/2024\/02\/RS15061_samuel-zeller-14249-scr-234x156.jpg 234w, https:\/\/www.snowtrex.cz\/magazin\/files\/2024\/02\/RS15061_samuel-zeller-14249-scr-192x128.jpg 192w, https:\/\/www.snowtrex.cz\/magazin\/files\/2024\/02\/RS15061_samuel-zeller-14249-scr-120x80.jpg 120w, https:\/\/www.snowtrex.cz\/magazin\/files\/2024\/02\/RS15061_samuel-zeller-14249-scr-774x516.jpg 774w, https:\/\/www.snowtrex.cz\/magazin\/files\/2024\/02\/RS15061_samuel-zeller-14249-scr-2x1.jpg 2w, https:\/\/www.snowtrex.cz\/magazin\/files\/2024\/02\/RS15061_samuel-zeller-14249-scr.jpg 1440w\" sizes=\"(min-width: 1009px) 729px, (min-width: 819px) 594px, (min-width: 569px) 729px, (min-width: 449px) 468px, 348px\" \/><\/a><div class=\"tt-image-copyright\" data-image-id=\"53134\">\u00a9 Samuel Zeller | Unsplash<\/div>\n            <\/div>\n            <div class=\"tt-post-caption\">V ly\u017ea\u0159sk\u00e9 oblasti Zermatt se nach\u00e1z\u00ed pravd\u011bpodobn\u011b nejzn\u00e1m\u011bj\u0161\u00ed hora sv\u011bta: Matterhorn<\/div>\n         <\/div > \n<h2 id=\"ly\u017ea\u0159sk\u00e9-st\u0159edisko-saas-fee-(\u0160v\u00fdcarsko)\">Ly\u017ea\u0159sk\u00e9 st\u0159edisko Saas-Fee (\u0160v\u00fdcarsko)<\/h2>\n<p><strong>Nadmo\u0159sk\u00e1 v\u00fd\u0161ka:<\/strong> 1 800 &#8211; 3 573 m n. m<\/p>\n<p><strong>Kilometry sjezdovek<\/strong>: 100<\/p>\n<p><strong>Konec sez\u00f3ny:<\/strong> Konec sezony: konec dubna<\/p>\n<div class=\"lyte-wrapper\" title=\"Saas-Fee\/Saastal Imagefilm\" style=\"width:853px;max-width:100%;margin:5px auto;\"><div class=\"lyMe\" id=\"WYL_OtL44222bfU\" itemprop=\"video\" itemscope itemtype=\"https:\/\/schema.org\/VideoObject\"><div><meta itemprop=\"thumbnailUrl\" content=\"https:\/\/i.ytimg.com\/vi\/OtL44222bfU\/hqdefault.jpg\" \/><meta itemprop=\"embedURL\" content=\"https:\/\/www.youtube.com\/embed\/OtL44222bfU\" \/><meta itemprop=\"duration\" content=\"PT2M24S\" \/><meta itemprop=\"uploadDate\" content=\"2022-03-15T14:32:48Z\" \/><\/div><div id=\"lyte_OtL44222bfU\" data-src=\"https:\/\/i.ytimg.com\/vi\/OtL44222bfU\/hqdefault.jpg\" class=\"pL\"><div class=\"tC\"><div class=\"tT\" itemprop=\"name\">Saas-Fee\/Saastal Imagefilm<\/div><\/div><div class=\"play\"><\/div><div class=\"ctrl\"><div class=\"Lctrl\"><\/div><div class=\"Rctrl\"><\/div><\/div><\/div><noscript><a href=\"http:\/\/youtu.be\/OtL44222bfU\" rel=\"nofollow\"><img loading=\"lazy\" decoding=\"async\" src=\"http:\/\/i.ytimg.com\/vi\/OtL44222bfU\/0.jpg\" alt=\"Saas-Fee\/Saastal Imagefilm\" width=\"853\" height=\"460\" \/><br \/>Watch this video on YouTube<\/a><\/noscript><meta itemprop=\"description\" content=\"For every passion, for every demand, for every challenge.\"><\/div><\/div><div class=\"lL\" style=\"max-width:100%;width:853px;margin:5px auto;\"><br\/><span class=\"lyte_disclaimer\">Upozor\u0148ujeme tak\u00e9, \u017ee pou\u017e\u00edv\u00e1n\u00edm na\u0161ich slu\u017eeb a integrac\u00ed slu\u017eeb YouTube API plat\u00ed <a href=\"https:\/\/www.youtube.com\/t\/terms\">Smluvn\u00ed podm\u00ednky YouTube<\/a> a <a href=\"https:\/\/developers.google.com\/youtube\/terms\/api-services-terms-of-service-emea-de\">Smluvn\u00ed podm\u00ednky YouTube API<\/a> a va\u0161e pou\u017e\u00edv\u00e1n\u00ed na\u0161ich webov\u00fdch str\u00e1nek se pova\u017euje za souhlas s t\u011bmito podm\u00ednkami.<\/span><\/div><\/p>\n<p>\u00dadol\u00ed Saas je domovem t\u0159\u00ed idylick\u00fdch st\u0159edisek zimn\u00edch sport\u016f a je zn\u00e1m\u00e9 sv\u00fdmi obrovsk\u00fdmi sn\u011bhov\u00fdmi sr\u00e1\u017ekami, zejm\u00e9na na ja\u0159e. Nejzn\u00e1m\u011bj\u0161\u00edm je jist\u011b Saas-Fee bez aut, jeho\u017e <a href=\"https:\/\/www.snowtrex.cz\/svycarsko\/saas-fee\/lyzarske-stredisko.html\" target=\"_blank\" rel=\"noopener noreferrer\">ledovcov\u00e1 ly\u017ea\u0159sk\u00e1 oblast Saas-Fee<\/a> je z\u00e1rove\u0148 nejv\u011bt\u0161\u00ed v \u00fadol\u00ed. Milovn\u00edci zimn\u00edch sport\u016f se do ly\u017ea\u0159sk\u00e9 oblasti dostanou pomoc\u00ed &#8222;Metro Alpin&#8220;, nejv\u00fd\u0161e polo\u017een\u00e9 podzemn\u00ed lanov\u00e9 dr\u00e1hy na sv\u011bt\u011b. D\u00edky vysok\u00e9 z\u00e1ruce sn\u011bhu je ly\u017eov\u00e1n\u00ed v ly\u017ea\u0159sk\u00e9 oblasti Saas-Fee o Velikonoc\u00edch obvykle mo\u017en\u00e9 za perfektn\u00edch podm\u00ednek.<\/p>\n<p>V\u00fdlet na ly\u017ee do Saas-Fee rozhodn\u011b doporu\u010dujeme, a to zejm\u00e9na milovn\u00edk\u016fm freestylu. Pestr\u00e1 freestylov\u00e1 nab\u00eddka ly\u017ea\u0159sk\u00e9ho st\u0159ediska je proto velmi obl\u00edben\u00e1 i v mezin\u00e1rodn\u00edm m\u011b\u0159\u00edtku. Koneckonc\u016f milovn\u00edci adrenalinu se zde mohou i na ja\u0159e t\u011b\u0161it na gigantick\u00fd v\u00fdb\u011br p\u0159ek\u00e1\u017eek a kicker\u016f. Od za\u010d\u00e1te\u010dn\u00edk\u016f a\u017e po profesion\u00e1ly &#8211; v Saas-Fee si ka\u017ed\u00fd najde to sv\u00e9. Proline m\u00e1 dokonce kickery se stoly dlouh\u00fdmi a\u017e 25 metr\u016f. D\u016fsledek: jen m\u00e1lokdo si troufne na tyto skoky. P\u0159esto je sledov\u00e1n\u00ed skok\u016f profesion\u00e1l\u016f par\u00e1dn\u00edm z\u00e1\u017eitkem, na kter\u00fd n\u00e1v\u0161t\u011bvn\u00edci ly\u017ea\u0159sk\u00e9ho st\u0159ediska jen tak nezapomenou.<\/p>\n<div class=\"tt-post-image-wrapper tt-post-image-wrapper-full\">\n            <div class=\"tt-image-copyright-container\">\n                <a href=\"https:\/\/www.snowtrex.cz\/magazin\/files\/2024\/02\/RS4672_shutterstock_241986331-scr.jpg\" target=\"_blank\" rel=\"noopener\"><img loading=\"lazy\" decoding=\"async\" data-wrapped=\"true\" class=\"wp-image-53135 size-Artikelbild_gro\u00df\" title=\"Milovn\u00edci zimn\u00edch sport\u016f se mohou t\u011b\u0161it na celkem 100 kilometr\u016f sjezdovek v ledovcov\u00e9 ly\u017ea\u0159sk\u00e9 oblasti Saas-Fee\" src=\"https:\/\/www.snowtrex.cz\/magazin\/files\/2024\/02\/RS4672_shutterstock_241986331-scr-729x486.jpg\" alt=\"Milovn\u00edci zimn\u00edch sport\u016f se mohou t\u011b\u0161it na celkem 100 kilometr\u016f sjezdovek v ledovcov\u00e9 ly\u017ea\u0159sk\u00e9 oblasti Saas-Fee\" width=\"729\" height=\"486\" srcset=\"https:\/\/www.snowtrex.cz\/magazin\/files\/2024\/02\/RS4672_shutterstock_241986331-scr-729x486.jpg 729w, https:\/\/www.snowtrex.cz\/magazin\/files\/2024\/02\/RS4672_shutterstock_241986331-scr-290x193.jpg 290w, https:\/\/www.snowtrex.cz\/magazin\/files\/2024\/02\/RS4672_shutterstock_241986331-scr-728x485.jpg 728w, https:\/\/www.snowtrex.cz\/magazin\/files\/2024\/02\/RS4672_shutterstock_241986331-scr-768x512.jpg 768w, https:\/\/www.snowtrex.cz\/magazin\/files\/2024\/02\/RS4672_shutterstock_241986331-scr-468x312.jpg 468w, https:\/\/www.snowtrex.cz\/magazin\/files\/2024\/02\/RS4672_shutterstock_241986331-scr-300x200.jpg 300w, https:\/\/www.snowtrex.cz\/magazin\/files\/2024\/02\/RS4672_shutterstock_241986331-scr-999x666.jpg 999w, https:\/\/www.snowtrex.cz\/magazin\/files\/2024\/02\/RS4672_shutterstock_241986331-scr-645x430.jpg 645w, https:\/\/www.snowtrex.cz\/magazin\/files\/2024\/02\/RS4672_shutterstock_241986331-scr-552x368.jpg 552w, https:\/\/www.snowtrex.cz\/magazin\/files\/2024\/02\/RS4672_shutterstock_241986331-scr-405x270.jpg 405w, https:\/\/www.snowtrex.cz\/magazin\/files\/2024\/02\/RS4672_shutterstock_241986331-scr-336x224.jpg 336w, https:\/\/www.snowtrex.cz\/magazin\/files\/2024\/02\/RS4672_shutterstock_241986331-scr-276x184.jpg 276w, https:\/\/www.snowtrex.cz\/magazin\/files\/2024\/02\/RS4672_shutterstock_241986331-scr-234x156.jpg 234w, https:\/\/www.snowtrex.cz\/magazin\/files\/2024\/02\/RS4672_shutterstock_241986331-scr-192x128.jpg 192w, https:\/\/www.snowtrex.cz\/magazin\/files\/2024\/02\/RS4672_shutterstock_241986331-scr-120x80.jpg 120w, https:\/\/www.snowtrex.cz\/magazin\/files\/2024\/02\/RS4672_shutterstock_241986331-scr-774x516.jpg 774w, https:\/\/www.snowtrex.cz\/magazin\/files\/2024\/02\/RS4672_shutterstock_241986331-scr-2x1.jpg 2w, https:\/\/www.snowtrex.cz\/magazin\/files\/2024\/02\/RS4672_shutterstock_241986331-scr.jpg 1440w\" sizes=\"(min-width: 1009px) 729px, (min-width: 819px) 594px, (min-width: 569px) 729px, (min-width: 449px) 468px, 348px\" \/><\/a><div class=\"tt-image-copyright\" data-image-id=\"53135\">\u00a9 Cedric Weber\/shutterstock.de<\/div>\n            <\/div>\n            <div class=\"tt-post-caption\">Milovn\u00edci zimn\u00edch sport\u016f se mohou t\u011b\u0161it na celkem 100 kilometr\u016f sjezdovek v ledovcov\u00e9 ly\u017ea\u0159sk\u00e9 oblasti Saas-Fee<\/div>\n         <\/div > \n<h2 id=\"ly\u017ea\u0159sk\u00e1-oblast-les-2-alpes-(francie)\">Ly\u017ea\u0159sk\u00e1 oblast Les 2 Alpes (Francie)<\/h2>\n<p><strong>Nadmo\u0159sk\u00e1 v\u00fd\u0161ka:<\/strong> 1 280 &#8211; 3 523 m n. m<\/p>\n<p><strong>Kilometry sjezdovek:<\/strong> 200<\/p>\n<p><strong>Konec sez\u00f3ny:<\/strong> Konec sezony: konec dubna<\/p>\n<p>V <a href=\"https:\/\/www.snowtrex.cz\/francie\/les_2_alpes\/lyzarske-stredisko.html\" target=\"_blank\" rel=\"noopener noreferrer\">ly\u017ea\u0159sk\u00e9 oblasti Les 2 Alpes<\/a> se mohou ly\u017ea\u0159i proh\u00e1n\u011bt po sjezdovk\u00e1ch i v l\u00e9t\u011b. V\u017edy\u0165 sjezdovky se nach\u00e1zej\u00ed a\u017e v nadmo\u0159sk\u00e9 v\u00fd\u0161ce 3 560 metr\u016f. Dobr\u00e9 podm\u00ednky jsou proto zaru\u010deny a\u017e do konce sez\u00f3ny. &#8222;Freestyle Land&#8220; &#8211; obrovsk\u00fd a obl\u00edben\u00fd snowpark s halfpipe &#8211; se nach\u00e1z\u00ed v nadmo\u0159sk\u00e9 v\u00fd\u0161ce 2 600 metr\u016f.<\/p>\n<div class=\"tt-post-image-wrapper tt-post-image-wrapper-full\">\n            <div class=\"tt-image-copyright-container\">\n                <a href=\"https:\/\/www.snowtrex.cz\/magazin\/files\/2024\/02\/RS14227_DALP_Panorama-mit-Mont-Blanc_SnowTrex-6-scr.jpg\" target=\"_blank\" rel=\"noopener\"><img loading=\"lazy\" decoding=\"async\" data-wrapped=\"true\" class=\"wp-image-53136 size-Artikelbild_gro\u00df\" title=\"Ly\u017ea\u0159sk\u00e9 v\u00fdlety do Les 2 Alpes se mohou konat je\u0161t\u011b na ja\u0159e v krajin\u011b b\u00edl\u00fdch sn\u016f\" src=\"https:\/\/www.snowtrex.cz\/magazin\/files\/2024\/02\/RS14227_DALP_Panorama-mit-Mont-Blanc_SnowTrex-6-scr-729x486.jpg\" alt=\"Ly\u017ea\u0159sk\u00e9 v\u00fdlety do Les 2 Alpes se mohou konat je\u0161t\u011b na ja\u0159e v krajin\u011b b\u00edl\u00fdch sn\u016f\" width=\"729\" height=\"486\" srcset=\"https:\/\/www.snowtrex.cz\/magazin\/files\/2024\/02\/RS14227_DALP_Panorama-mit-Mont-Blanc_SnowTrex-6-scr-729x486.jpg 729w, https:\/\/www.snowtrex.cz\/magazin\/files\/2024\/02\/RS14227_DALP_Panorama-mit-Mont-Blanc_SnowTrex-6-scr-468x312.jpg 468w, https:\/\/www.snowtrex.cz\/magazin\/files\/2024\/02\/RS14227_DALP_Panorama-mit-Mont-Blanc_SnowTrex-6-scr-300x200.jpg 300w, https:\/\/www.snowtrex.cz\/magazin\/files\/2024\/02\/RS14227_DALP_Panorama-mit-Mont-Blanc_SnowTrex-6-scr-999x666.jpg 999w, https:\/\/www.snowtrex.cz\/magazin\/files\/2024\/02\/RS14227_DALP_Panorama-mit-Mont-Blanc_SnowTrex-6-scr-645x430.jpg 645w, https:\/\/www.snowtrex.cz\/magazin\/files\/2024\/02\/RS14227_DALP_Panorama-mit-Mont-Blanc_SnowTrex-6-scr-552x368.jpg 552w, https:\/\/www.snowtrex.cz\/magazin\/files\/2024\/02\/RS14227_DALP_Panorama-mit-Mont-Blanc_SnowTrex-6-scr-405x270.jpg 405w, https:\/\/www.snowtrex.cz\/magazin\/files\/2024\/02\/RS14227_DALP_Panorama-mit-Mont-Blanc_SnowTrex-6-scr-336x224.jpg 336w, https:\/\/www.snowtrex.cz\/magazin\/files\/2024\/02\/RS14227_DALP_Panorama-mit-Mont-Blanc_SnowTrex-6-scr-276x184.jpg 276w, https:\/\/www.snowtrex.cz\/magazin\/files\/2024\/02\/RS14227_DALP_Panorama-mit-Mont-Blanc_SnowTrex-6-scr-234x156.jpg 234w, https:\/\/www.snowtrex.cz\/magazin\/files\/2024\/02\/RS14227_DALP_Panorama-mit-Mont-Blanc_SnowTrex-6-scr-192x128.jpg 192w, https:\/\/www.snowtrex.cz\/magazin\/files\/2024\/02\/RS14227_DALP_Panorama-mit-Mont-Blanc_SnowTrex-6-scr-120x80.jpg 120w, https:\/\/www.snowtrex.cz\/magazin\/files\/2024\/02\/RS14227_DALP_Panorama-mit-Mont-Blanc_SnowTrex-6-scr-774x516.jpg 774w, https:\/\/www.snowtrex.cz\/magazin\/files\/2024\/02\/RS14227_DALP_Panorama-mit-Mont-Blanc_SnowTrex-6-scr-2x1.jpg 2w\" sizes=\"(min-width: 1009px) 729px, (min-width: 819px) 594px, (min-width: 569px) 729px, (min-width: 449px) 468px, 348px\" \/><\/a><div class=\"tt-image-copyright\" data-image-id=\"53136\">\u00a9 TravelTrex<\/div>\n            <\/div>\n            <div class=\"tt-post-caption\">Ly\u017ea\u0159sk\u00e9 v\u00fdlety do Les 2 Alpes se mohou konat je\u0161t\u011b na ja\u0159e v krajin\u011b b\u00edl\u00fdch sn\u016f<\/div>\n         <\/div > \n<h2 id=\"ly\u017ea\u0159sk\u00e9-st\u0159edisko-tignes-val-d'is\u00e8re-(francie)\">Ly\u017ea\u0159sk\u00e9 st\u0159edisko Tignes-Val d&#8217;Is\u00e8re (Francie)<\/h2>\n<p><strong>Nadmo\u0159sk\u00e1 v\u00fd\u0161ka:<\/strong> 1 550 &#8211; 3 456 m n. m<\/p>\n<p><strong>Kilometry sjezdovek<\/strong>: 300<\/p>\n<p><strong>Konec sez\u00f3ny:<\/strong> Za\u010d\u00e1tek kv\u011btna<\/p>\n<p>K francouzsk\u00e9mu <a href=\"https:\/\/www.snowtrex.cz\/francie\/val_disere\/lyzarske-stredisko.html\" target=\"_blank\" rel=\"noopener noreferrer\">ly\u017ea\u0159sk\u00e9mu st\u0159edisku Tignes-Val d&#8217;Is\u00e8re<\/a> pat\u0159\u00ed tak\u00e9 ledovcov\u00e9 sjezdovky na &#8222;La Grand Motte&#8220;, kter\u00e9 jsou v provozu i v l\u00e9t\u011b. Zimn\u00ed sez\u00f3na v Tignes trv\u00e1 obvykle do za\u010d\u00e1tku kv\u011btna. Obec nab\u00edz\u00ed tak\u00e9 \u0161irokou \u0161k\u00e1lu sportovn\u00edch aktivit mimo sjezdovky.<\/p>\n<div class=\"tt-post-image-wrapper tt-post-image-wrapper-full\">\n            <div class=\"tt-image-copyright-container\">\n                <a href=\"https:\/\/www.snowtrex.cz\/magazin\/files\/2024\/02\/RS4112_shutterstock_128527994-scr.jpg\" target=\"_blank\" rel=\"noopener\"><img loading=\"lazy\" decoding=\"async\" data-wrapped=\"true\" class=\"wp-image-53137 size-Artikelbild_gro\u00df\" title=\"Ly\u017ea\u0159sk\u00e1 oblast Tignes Val d'Is\u00e8re se m\u016f\u017ee pochlubit ne m\u00e9n\u011b ne\u017e 300 kilometry sjezdovek\" src=\"https:\/\/www.snowtrex.cz\/magazin\/files\/2024\/02\/RS4112_shutterstock_128527994-scr-729x486.jpg\" alt=\"Ly\u017ea\u0159sk\u00e1 oblast Tignes Val d'Is\u00e8re se m\u016f\u017ee pochlubit ne m\u00e9n\u011b ne\u017e 300 kilometry sjezdovek\" width=\"729\" height=\"486\" srcset=\"https:\/\/www.snowtrex.cz\/magazin\/files\/2024\/02\/RS4112_shutterstock_128527994-scr-729x486.jpg 729w, https:\/\/www.snowtrex.cz\/magazin\/files\/2024\/02\/RS4112_shutterstock_128527994-scr-468x312.jpg 468w, https:\/\/www.snowtrex.cz\/magazin\/files\/2024\/02\/RS4112_shutterstock_128527994-scr-300x200.jpg 300w, https:\/\/www.snowtrex.cz\/magazin\/files\/2024\/02\/RS4112_shutterstock_128527994-scr-999x666.jpg 999w, https:\/\/www.snowtrex.cz\/magazin\/files\/2024\/02\/RS4112_shutterstock_128527994-scr-645x430.jpg 645w, https:\/\/www.snowtrex.cz\/magazin\/files\/2024\/02\/RS4112_shutterstock_128527994-scr-552x368.jpg 552w, https:\/\/www.snowtrex.cz\/magazin\/files\/2024\/02\/RS4112_shutterstock_128527994-scr-405x270.jpg 405w, https:\/\/www.snowtrex.cz\/magazin\/files\/2024\/02\/RS4112_shutterstock_128527994-scr-336x224.jpg 336w, https:\/\/www.snowtrex.cz\/magazin\/files\/2024\/02\/RS4112_shutterstock_128527994-scr-276x184.jpg 276w, https:\/\/www.snowtrex.cz\/magazin\/files\/2024\/02\/RS4112_shutterstock_128527994-scr-234x156.jpg 234w, https:\/\/www.snowtrex.cz\/magazin\/files\/2024\/02\/RS4112_shutterstock_128527994-scr-192x128.jpg 192w, https:\/\/www.snowtrex.cz\/magazin\/files\/2024\/02\/RS4112_shutterstock_128527994-scr-120x80.jpg 120w, https:\/\/www.snowtrex.cz\/magazin\/files\/2024\/02\/RS4112_shutterstock_128527994-scr-774x516.jpg 774w, https:\/\/www.snowtrex.cz\/magazin\/files\/2024\/02\/RS4112_shutterstock_128527994-scr-1x1.jpg 1w\" sizes=\"(min-width: 1009px) 729px, (min-width: 819px) 594px, (min-width: 569px) 729px, (min-width: 449px) 468px, 348px\" \/><\/a><div class=\"tt-image-copyright\" data-image-id=\"53137\">\u00a9 niall dunne\/shutterstock.de<\/div>\n            <\/div>\n            <div class=\"tt-post-caption\">Ly\u017ea\u0159sk\u00e1 oblast Tignes Val d&#8217;Is\u00e8re se m\u016f\u017ee pochlubit ne m\u00e9n\u011b ne\u017e 300 kilometry sjezdovek<\/div>\n         <\/div > \n<h2 id=\"ly\u017ea\u0159sk\u00fd-are\u00e1l-pitztal-glacier-&amp;-rifflsee-(rakousko)\">Ly\u017ea\u0159sk\u00fd are\u00e1l Pitztal Glacier &amp; Rifflsee (Rakousko)<\/h2>\n<p><strong>Nadmo\u0159sk\u00e1<\/strong> v\u00fd\u0161ka: 1 640 &#8211; 3 440 m n. m<\/p>\n<p><strong>Kilometry sjezdovek<\/strong>: 40<\/p>\n<p><strong>Konec sez\u00f3ny:<\/strong> Konec sezony: polovina kv\u011btna<\/p>\n<p><a href=\"https:\/\/www.snowtrex.cz\/rakousko\/st._leonhard\/lyzarske-stredisko.html\" target=\"_blank\" rel=\"noopener noreferrer\">Pitztalsk\u00fd ledovec<\/a> je nejvy\u0161\u0161\u00edm tyrolsk\u00fdm ledovcem. Na nejvy\u0161\u0161\u00ed bod ly\u017ea\u0159sk\u00e9 oblasti vyveze milovn\u00edky zimn\u00edch sport\u016f nejv\u00fd\u0161e polo\u017een\u00e1 lanovka v Rakousku Wildspitzbahn. Dv\u011b zasn\u011b\u017eovan\u00e9 oblasti Pitztal Gletscher &amp; Rifflsee jsou pova\u017eov\u00e1ny za jedny z nejjist\u011bj\u0161\u00edch ly\u017ea\u0159sk\u00fdch oblast\u00ed v Rakousku. Vesnice <a href=\"https:\/\/www.snowtrex.cz\/rakousko\/st._leonhard\/lyzovani.html\" target=\"_blank\" rel=\"noopener noreferrer\">St. Leonhard<\/a>, kter\u00e1 se nach\u00e1z\u00ed hned vedle ly\u017ea\u0159sk\u00e9ho are\u00e1lu, nab\u00edz\u00ed spoustu mo\u017enost\u00ed apr\u00e8s-ski mimo sjezdovky i \u00fatuln\u00e9 hostince.<\/p>\n<div class=\"tt-post-image-wrapper tt-post-image-wrapper-full\">\n            <div class=\"tt-image-copyright-container\">\n                <a href=\"https:\/\/www.snowtrex.cz\/magazin\/files\/2024\/02\/RS13849_20161022_090733-scr.jpg\" target=\"_blank\" rel=\"noopener\"><img loading=\"lazy\" decoding=\"async\" data-wrapped=\"true\" class=\"wp-image-53138 size-Artikelbild_gro\u00df\" title=\"Horsk\u00e1 stanice s kav\u00e1rnou 3.440 na ledovci Pitztal\" src=\"https:\/\/www.snowtrex.cz\/magazin\/files\/2024\/02\/RS13849_20161022_090733-scr-729x486.jpg\" alt=\"Horsk\u00e1 stanice s kav\u00e1rnou 3.440 na ledovci Pitztal\" width=\"729\" height=\"486\" srcset=\"https:\/\/www.snowtrex.cz\/magazin\/files\/2024\/02\/RS13849_20161022_090733-scr-729x486.jpg 729w, https:\/\/www.snowtrex.cz\/magazin\/files\/2024\/02\/RS13849_20161022_090733-scr-468x312.jpg 468w, https:\/\/www.snowtrex.cz\/magazin\/files\/2024\/02\/RS13849_20161022_090733-scr-300x200.jpg 300w, https:\/\/www.snowtrex.cz\/magazin\/files\/2024\/02\/RS13849_20161022_090733-scr-999x666.jpg 999w, https:\/\/www.snowtrex.cz\/magazin\/files\/2024\/02\/RS13849_20161022_090733-scr-645x430.jpg 645w, https:\/\/www.snowtrex.cz\/magazin\/files\/2024\/02\/RS13849_20161022_090733-scr-552x368.jpg 552w, https:\/\/www.snowtrex.cz\/magazin\/files\/2024\/02\/RS13849_20161022_090733-scr-405x270.jpg 405w, https:\/\/www.snowtrex.cz\/magazin\/files\/2024\/02\/RS13849_20161022_090733-scr-336x224.jpg 336w, https:\/\/www.snowtrex.cz\/magazin\/files\/2024\/02\/RS13849_20161022_090733-scr-276x184.jpg 276w, https:\/\/www.snowtrex.cz\/magazin\/files\/2024\/02\/RS13849_20161022_090733-scr-234x156.jpg 234w, https:\/\/www.snowtrex.cz\/magazin\/files\/2024\/02\/RS13849_20161022_090733-scr-192x128.jpg 192w, https:\/\/www.snowtrex.cz\/magazin\/files\/2024\/02\/RS13849_20161022_090733-scr-120x80.jpg 120w, https:\/\/www.snowtrex.cz\/magazin\/files\/2024\/02\/RS13849_20161022_090733-scr-774x516.jpg 774w, https:\/\/www.snowtrex.cz\/magazin\/files\/2024\/02\/RS13849_20161022_090733-scr-2x1.jpg 2w\" sizes=\"(min-width: 1009px) 729px, (min-width: 819px) 594px, (min-width: 569px) 729px, (min-width: 449px) 468px, 348px\" \/><\/a><div class=\"tt-image-copyright\" data-image-id=\"53138\">\u00a9 TravelTrex<\/div>\n            <\/div>\n            <div class=\"tt-post-caption\">Horsk\u00e1 stanice s kav\u00e1rnou 3.440 na ledovci Pitztal<\/div>\n         <\/div > \n<h2 id=\"ly\u017ea\u0159sk\u00e9-st\u0159edisko-s\u00f6lden-(rakousko)\">Ly\u017ea\u0159sk\u00e9 st\u0159edisko S\u00f6lden (Rakousko)<\/h2>\n<p><strong>Nadmo\u0159sk\u00e1<\/strong> v\u00fd\u0161ka: 1 350 &#8211; 3 340 m n. m<\/p>\n<p><strong>Kilometry sjezdovek<\/strong>: 143<\/p>\n<p><strong>Konec sez\u00f3ny:<\/strong> Za\u010d\u00e1tek kv\u011btna<\/p>\n<p><a href=\"https:\/\/www.snowtrex.cz\/rakousko\/solden\/lyzovani.html\" target=\"_blank\" rel=\"noopener noreferrer\">S\u00f6lden<\/a> v \u00d6tztalu je zn\u00e1m\u00fd nejen sv\u00fdmi apr\u00e9s-ski m\u00edsty, ale tak\u00e9 sjezdovkami Sv\u011btov\u00e9ho poh\u00e1ru. <a href=\"https:\/\/www.snowtrex.cz\/rakousko\/solden\/lyzarske-stredisko.html\" target=\"_blank\" rel=\"noopener noreferrer\">ly\u017ea\u0159sk\u00e1 oblast S\u00f6lden<\/a> m\u00e1 celkem 143 kilometr\u016f sjezdovek. Hned vedle se nach\u00e1z\u00ed <a href=\"https:\/\/www.snowtrex.cz\/rakousko\/obergurgl_hochgurgl\/lyzarske-stredisko.html\" target=\"_blank\" rel=\"noopener noreferrer\">ly\u017ea\u0159sk\u00e9 are\u00e1ly Obergurgl a Hochgurgl<\/a>. Zde je k dispozici dal\u0161\u00edch 107 kilometr\u016f sjezdovek v nadmo\u0159sk\u00e9 v\u00fd\u0161ce od 1 793 do 3 082 metr\u016f.<\/p>\n<div class=\"tt-post-image-wrapper tt-post-image-wrapper-full\">\n            <div class=\"tt-image-copyright-container\">\n                <a href=\"https:\/\/www.snowtrex.cz\/magazin\/files\/2024\/02\/RS15689_shutterstock_352479470-scr.jpg\" target=\"_blank\" rel=\"noopener\"><img loading=\"lazy\" decoding=\"async\" data-wrapped=\"true\" class=\"wp-image-53139 size-Artikelbild_gro\u00df\" title=\"In S\u00f6lden k\u00f6nnen Skitouristen auch noch im Fr\u00fchling ein traumhaftes Panorama genie\u00dfen.\" src=\"https:\/\/www.snowtrex.cz\/magazin\/files\/2024\/02\/RS15689_shutterstock_352479470-scr-729x486.jpg\" alt=\"In S\u00f6lden k\u00f6nnen Skitouristen auch noch im Fr\u00fchling ein traumhaftes Panorama genie\u00dfen.\" width=\"729\" height=\"486\" srcset=\"https:\/\/www.snowtrex.cz\/magazin\/files\/2024\/02\/RS15689_shutterstock_352479470-scr-729x486.jpg 729w, https:\/\/www.snowtrex.cz\/magazin\/files\/2024\/02\/RS15689_shutterstock_352479470-scr-290x193.jpg 290w, https:\/\/www.snowtrex.cz\/magazin\/files\/2024\/02\/RS15689_shutterstock_352479470-scr-728x485.jpg 728w, https:\/\/www.snowtrex.cz\/magazin\/files\/2024\/02\/RS15689_shutterstock_352479470-scr-768x512.jpg 768w, https:\/\/www.snowtrex.cz\/magazin\/files\/2024\/02\/RS15689_shutterstock_352479470-scr-468x312.jpg 468w, https:\/\/www.snowtrex.cz\/magazin\/files\/2024\/02\/RS15689_shutterstock_352479470-scr-300x200.jpg 300w, https:\/\/www.snowtrex.cz\/magazin\/files\/2024\/02\/RS15689_shutterstock_352479470-scr-999x666.jpg 999w, https:\/\/www.snowtrex.cz\/magazin\/files\/2024\/02\/RS15689_shutterstock_352479470-scr-645x430.jpg 645w, https:\/\/www.snowtrex.cz\/magazin\/files\/2024\/02\/RS15689_shutterstock_352479470-scr-552x368.jpg 552w, https:\/\/www.snowtrex.cz\/magazin\/files\/2024\/02\/RS15689_shutterstock_352479470-scr-405x270.jpg 405w, https:\/\/www.snowtrex.cz\/magazin\/files\/2024\/02\/RS15689_shutterstock_352479470-scr-336x224.jpg 336w, https:\/\/www.snowtrex.cz\/magazin\/files\/2024\/02\/RS15689_shutterstock_352479470-scr-276x184.jpg 276w, https:\/\/www.snowtrex.cz\/magazin\/files\/2024\/02\/RS15689_shutterstock_352479470-scr-234x156.jpg 234w, https:\/\/www.snowtrex.cz\/magazin\/files\/2024\/02\/RS15689_shutterstock_352479470-scr-192x128.jpg 192w, https:\/\/www.snowtrex.cz\/magazin\/files\/2024\/02\/RS15689_shutterstock_352479470-scr-120x80.jpg 120w, https:\/\/www.snowtrex.cz\/magazin\/files\/2024\/02\/RS15689_shutterstock_352479470-scr-774x516.jpg 774w, https:\/\/www.snowtrex.cz\/magazin\/files\/2024\/02\/RS15689_shutterstock_352479470-scr-2x1.jpg 2w, https:\/\/www.snowtrex.cz\/magazin\/files\/2024\/02\/RS15689_shutterstock_352479470-scr.jpg 1440w\" sizes=\"(min-width: 1009px) 729px, (min-width: 819px) 594px, (min-width: 569px) 729px, (min-width: 449px) 468px, 348px\" \/><\/a><div class=\"tt-image-copyright\" data-image-id=\"53139\">\u00a9 Kochneva Tetyana\/shutterstock.de<\/div>\n            <\/div>\n            <div class=\"tt-post-caption\">V S\u00f6ldenu si ly\u017ea\u0159\u0161t\u00ed turist\u00e9 mohou u\u017e\u00edt fantastick\u00e9 panorama i na ja\u0159e<\/div>\n         <\/div > \n<h2 id=\"ly\u017ea\u0159sk\u00e9-st\u0159edisko-alpe-d'huez-grand-domaine-(francie)\">Ly\u017ea\u0159sk\u00e9 st\u0159edisko Alpe d&#8217;Huez Grand Domaine (Francie)<\/h2>\n<p><strong>Nadmo\u0159sk\u00e1 v\u00fd\u0161ka:<\/strong> 1 125 &#8211; 3 330 m n. m<\/p>\n<p><strong>Kilometry sjezdovek<\/strong>: 250<\/p>\n<p><strong>Konec sez\u00f3ny:<\/strong> Konec sezony: konec dubna<\/p>\n<figure class=\"wp-block-embed-youtube wp-block-embed is-type-video is-provider-youtube wp-embed-aspect-16-9 wp-has-aspect-ratio\"><div class=\"lyte-wrapper\" title=\"Alpe d&amp;#039;Huez teaser hiver 2023\" style=\"width:853px;max-width:100%;margin:5px auto;\"><div class=\"lyMe\" id=\"WYL_868oW2n4Vus\" itemprop=\"video\" itemscope itemtype=\"https:\/\/schema.org\/VideoObject\"><div><meta itemprop=\"thumbnailUrl\" content=\"https:\/\/i.ytimg.com\/vi\/868oW2n4Vus\/hqdefault.jpg\" \/><meta itemprop=\"embedURL\" content=\"https:\/\/www.youtube.com\/embed\/868oW2n4Vus\" \/><meta itemprop=\"duration\" content=\"PT1M6S\" \/><meta itemprop=\"uploadDate\" content=\"2022-08-23T11:48:55Z\" \/><\/div><div id=\"lyte_868oW2n4Vus\" data-src=\"https:\/\/i.ytimg.com\/vi\/868oW2n4Vus\/hqdefault.jpg\" class=\"pL\"><div class=\"tC\"><div class=\"tT\" itemprop=\"name\">Alpe d&#039;Huez teaser hiver 2023<\/div><\/div><div class=\"play\"><\/div><div class=\"ctrl\"><div class=\"Lctrl\"><\/div><div class=\"Rctrl\"><\/div><\/div><\/div><noscript><a href=\"http:\/\/youtu.be\/868oW2n4Vus\" rel=\"nofollow\"><img loading=\"lazy\" decoding=\"async\" src=\"http:\/\/i.ytimg.com\/vi\/868oW2n4Vus\/0.jpg\" alt=\"Alpe d&amp;#039;Huez teaser hiver 2023\" width=\"853\" height=\"460\" \/><br \/>Watch this video on YouTube<\/a><\/noscript><meta itemprop=\"description\" content=\"\ud83c\uddeb\ud83c\uddf7 Ouverture des remont\u00e9es du samedi 3 d\u00e9cembre 2022 au dimanche 16 avril 2023. \ud83c\uddec\ud83c\udde7 Ski lifts open from Saturday December 3, 2022 to Sunday April 16, 2023. \ud83c\uddf3\ud83c\uddf1 Skiliften geopend van zaterdag 3 december 2022 tot zondag 16 april 2023. Une montagne d&#039;\u00e9motions ! https:\/\/www.alpedhuez.com #alpedhuez\"><\/div><\/div><div class=\"lL\" style=\"max-width:100%;width:853px;margin:5px auto;\"><br\/><span class=\"lyte_disclaimer\">Upozor\u0148ujeme tak\u00e9, \u017ee pou\u017e\u00edv\u00e1n\u00edm na\u0161ich slu\u017eeb a integrac\u00ed slu\u017eeb YouTube API plat\u00ed <a href=\"https:\/\/www.youtube.com\/t\/terms\">Smluvn\u00ed podm\u00ednky YouTube<\/a> a <a href=\"https:\/\/developers.google.com\/youtube\/terms\/api-services-terms-of-service-emea-de\">Smluvn\u00ed podm\u00ednky YouTube API<\/a> a va\u0161e pou\u017e\u00edv\u00e1n\u00ed na\u0161ich webov\u00fdch str\u00e1nek se pova\u017euje za souhlas s t\u011bmito podm\u00ednkami.<\/span><\/div><figcaption><\/figcaption><\/figure>\n<p>v nejslavn\u011bj\u0161\u00edm c\u00edli etapy Tour de France je k dispozici 250 kilometr\u016f sjezdovek. <a href=\"https:\/\/www.snowtrex.cz\/francie\/alpe_dhuez\/lyzarske-stredisko.html\" target=\"_blank\" rel=\"noopener noreferrer\">Ly\u017ea\u0159sk\u00e1 oblast Alpe d&#8217;Huez Grand Domaine<\/a> se nach\u00e1z\u00ed v nadmo\u0159sk\u00e9 v\u00fd\u0161ce a\u017e 3 330 metr\u016f a je sou\u010d\u00e1st\u00ed ly\u017ea\u0159sk\u00e9ho regionu Grand Domaine. \u010cern\u00e1 sjezdovka &#8222;La Sarenne&#8220; je se sv\u00fdmi 16 kilometry jednou z nejdel\u0161\u00edch sjezdovek v Evrop\u011b.<\/p>\n<h2 id=\"ly\u017ea\u0159sk\u00e1-oblast-zillertal-(rakousko)\">Ly\u017ea\u0159sk\u00e1 oblast Zillertal (Rakousko)<\/h2>\n<p><strong>Nadmo\u0159sk\u00e1 v\u00fd\u0161ka:<\/strong> 630 &#8211; 3 250 m<\/p>\n<p><strong>Kilometry sjezdovek<\/strong>: 465<\/p>\n<p><strong>Konec sez\u00f3ny:<\/strong> Konec dubna\/za\u010d\u00e1tek kv\u011btna<\/p>\n<figure class=\"wp-block-embed-youtube wp-block-embed is-type-video is-provider-youtube wp-embed-aspect-16-9 wp-has-aspect-ratio\"><div class=\"lyte-wrapper\" title=\"\ud83c\uddec\ud83c\udde7 Zillertal. Best of Winter\" style=\"width:853px;max-width:100%;margin:5px auto;\"><div class=\"lyMe\" id=\"WYL_n_vQQm5nJvk\" itemprop=\"video\" itemscope itemtype=\"https:\/\/schema.org\/VideoObject\"><div><meta itemprop=\"thumbnailUrl\" content=\"https:\/\/i.ytimg.com\/vi\/n_vQQm5nJvk\/hqdefault.jpg\" \/><meta itemprop=\"embedURL\" content=\"https:\/\/www.youtube.com\/embed\/n_vQQm5nJvk\" \/><meta itemprop=\"duration\" content=\"PT1M1S\" \/><meta itemprop=\"uploadDate\" content=\"2022-01-28T10:57:23Z\" \/><\/div><div id=\"lyte_n_vQQm5nJvk\" data-src=\"https:\/\/i.ytimg.com\/vi\/n_vQQm5nJvk\/hqdefault.jpg\" class=\"pL\"><div class=\"tC\"><div class=\"tT\" itemprop=\"name\">\ud83c\uddec\ud83c\udde7 Zillertal. Best of Winter<\/div><\/div><div class=\"play\"><\/div><div class=\"ctrl\"><div class=\"Lctrl\"><\/div><div class=\"Rctrl\"><\/div><\/div><\/div><noscript><a href=\"http:\/\/youtu.be\/n_vQQm5nJvk\" rel=\"nofollow\"><img loading=\"lazy\" decoding=\"async\" src=\"http:\/\/i.ytimg.com\/vi\/n_vQQm5nJvk\/0.jpg\" alt=\"\ud83c\uddec\ud83c\udde7 Zillertal. Best of Winter\" width=\"853\" height=\"460\" \/><br \/>Watch this video on YouTube<\/a><\/noscript><meta itemprop=\"description\" content=\"On a total of 548 kilometres of piste the ski valley offers pure snow pleasure. Whether on the magnificent family trails or the long, sporty downhill runs - in the Zillertal all winter sports enthusiasts will always find ideal conditions and perfectly perfectly groomed slopes. www.zillertal.at\/winter\/en\"><\/div><\/div><div class=\"lL\" style=\"max-width:100%;width:853px;margin:5px auto;\"><br\/><span class=\"lyte_disclaimer\">Upozor\u0148ujeme tak\u00e9, \u017ee pou\u017e\u00edv\u00e1n\u00edm na\u0161ich slu\u017eeb a integrac\u00ed slu\u017eeb YouTube API plat\u00ed <a href=\"https:\/\/www.youtube.com\/t\/terms\">Smluvn\u00ed podm\u00ednky YouTube<\/a> a <a href=\"https:\/\/developers.google.com\/youtube\/terms\/api-services-terms-of-service-emea-de\">Smluvn\u00ed podm\u00ednky YouTube API<\/a> a va\u0161e pou\u017e\u00edv\u00e1n\u00ed na\u0161ich webov\u00fdch str\u00e1nek se pova\u017euje za souhlas s t\u011bmito podm\u00ednkami.<\/span><\/div><figcaption><\/figcaption><\/figure>\n<p>Vesnice v <a href=\"https:\/\/www.snowtrex.cz\/rakousko\/zillertal\/lyzovani.html\" target=\"_blank\" rel=\"noopener noreferrer\">Zillertalu<\/a> &#8211; od Zell am Ziller p\u0159es Mayrhofen a Hippach a\u017e po F\u00fcgen &#8211; rozhodn\u011b stoj\u00ed za n\u00e1v\u0161t\u011bvu i na konci dubna. <a href=\"https:\/\/www.snowtrex.cz\/rakousko\/hintertux\/lyzarske-stredisko.html\" target=\"_blank\" rel=\"noopener noreferrer\">Ledovec Hintertux<\/a> je jedinou celoro\u010dn\u00ed ly\u017ea\u0159skou oblast\u00ed v Rakousku a nab\u00edz\u00ed p\u0159ibli\u017en\u011b 52 kilometr\u016f sjezdovek v nadmo\u0159sk\u00e9 v\u00fd\u0161ce od 1 500 do 3 250 metr\u016f.<\/p>\n<h2 id=\"ly\u017ea\u0159sk\u00e1-oblast-val-thorens-orelle-(francie)\">Ly\u017ea\u0159sk\u00e1 oblast Val Thorens-Orelle (Francie)<\/h2>\n<p><strong>Nadmo\u0159sk\u00e1 v\u00fd\u0161ka:<\/strong> 900 &#8211; 3230 m<\/p>\n<p><strong>Kilometry sjezdovek<\/strong>: 150<\/p>\n<p><strong>Konec sez\u00f3ny:<\/strong> Za\u010d\u00e1tek kv\u011btna<\/p>\n<p><a title=\"Skiurlaub in Val Thorens\" href=\"https:\/\/www.snowtrex.cz\/francie\/val_thorens\/lyzarske-stredisko.html\" target=\"_blank\" rel=\"noopener noreferrer\">Ly\u017ea\u0159sk\u00e9 st\u0159edisko Val Thorens-Orelle<\/a> se py\u0161n\u00ed n\u011bkolika superlativy. <a href=\"https:\/\/www.snowtrex.cz\/francie\/val_thorens\/lyzovani.html\" target=\"_blank\" rel=\"noopener noreferrer\">Val Thorens<\/a> je nejen nejv\u00fd\u0161e polo\u017een\u00fdm ly\u017ea\u0159sk\u00fdm st\u0159ediskem v Evrop\u011b, ale nach\u00e1z\u00ed se tak\u00e9 v nejv\u011bt\u0161\u00ed propojen\u00e9 ly\u017ea\u0159sk\u00e9 oblasti na sv\u011bt\u011b 3 Vall\u00e9es (600 kilometr\u016f sjezdovek). Na n\u011bkter\u00fdch m\u00edstech sta\u010d\u00ed rekreant\u016fm ke vstupu na sjezdovky ly\u017ea\u0159sk\u00e9 oblasti Val Thorens-Orelle jen p\u00e1r krok\u016f.<\/p>\n<div class=\"tt-post-image-wrapper tt-post-image-wrapper-full\">\n            <div class=\"tt-image-copyright-container\">\n                <a href=\"https:\/\/www.snowtrex.cz\/magazin\/files\/2021\/09\/RS4467_shutterstock_177023075-scr.jpg\" target=\"_blank\" rel=\"noopener\"><img loading=\"lazy\" decoding=\"async\" data-wrapped=\"true\" class=\"wp-image-52659 size-Artikelbild_gro\u00df\" title=\"Val Thorens nab\u00edz\u00ed milovn\u00edk\u016fm zimn\u00edch sport\u016f \u00fachvatn\u00e9 panorama\" src=\"https:\/\/www.snowtrex.cz\/magazin\/files\/2021\/09\/RS4467_shutterstock_177023075-scr-729x486.jpg\" alt=\"Val Thorens nab\u00edz\u00ed milovn\u00edk\u016fm zimn\u00edch sport\u016f \u00fachvatn\u00e9 panorama\" width=\"729\" height=\"486\" srcset=\"https:\/\/www.snowtrex.cz\/magazin\/files\/2021\/09\/RS4467_shutterstock_177023075-scr-729x486.jpg 729w, https:\/\/www.snowtrex.cz\/magazin\/files\/2021\/09\/RS4467_shutterstock_177023075-scr-468x312.jpg 468w, https:\/\/www.snowtrex.cz\/magazin\/files\/2021\/09\/RS4467_shutterstock_177023075-scr-300x200.jpg 300w, https:\/\/www.snowtrex.cz\/magazin\/files\/2021\/09\/RS4467_shutterstock_177023075-scr-999x666.jpg 999w, https:\/\/www.snowtrex.cz\/magazin\/files\/2021\/09\/RS4467_shutterstock_177023075-scr-645x430.jpg 645w, https:\/\/www.snowtrex.cz\/magazin\/files\/2021\/09\/RS4467_shutterstock_177023075-scr-552x368.jpg 552w, https:\/\/www.snowtrex.cz\/magazin\/files\/2021\/09\/RS4467_shutterstock_177023075-scr-405x270.jpg 405w, https:\/\/www.snowtrex.cz\/magazin\/files\/2021\/09\/RS4467_shutterstock_177023075-scr-336x224.jpg 336w, https:\/\/www.snowtrex.cz\/magazin\/files\/2021\/09\/RS4467_shutterstock_177023075-scr-276x184.jpg 276w, https:\/\/www.snowtrex.cz\/magazin\/files\/2021\/09\/RS4467_shutterstock_177023075-scr-234x156.jpg 234w, https:\/\/www.snowtrex.cz\/magazin\/files\/2021\/09\/RS4467_shutterstock_177023075-scr-192x128.jpg 192w, https:\/\/www.snowtrex.cz\/magazin\/files\/2021\/09\/RS4467_shutterstock_177023075-scr-120x80.jpg 120w, https:\/\/www.snowtrex.cz\/magazin\/files\/2021\/09\/RS4467_shutterstock_177023075-scr-774x516.jpg 774w, https:\/\/www.snowtrex.cz\/magazin\/files\/2021\/09\/RS4467_shutterstock_177023075-scr-2x1.jpg 2w\" sizes=\"(min-width: 1009px) 729px, (min-width: 819px) 594px, (min-width: 569px) 729px, (min-width: 449px) 468px, 348px\" \/><\/a><div class=\"tt-image-copyright\" data-image-id=\"52659\">\u00a9 guruXOX\/shutterstock.de<\/div>\n            <\/div>\n            <div class=\"tt-post-caption\">Val Thorens nab\u00edz\u00ed milovn\u00edk\u016fm zimn\u00edch sport\u016f \u00fachvatn\u00e9 panorama<\/div>\n         <\/div > \n<h2 id=\"ly\u017ea\u0159sk\u00fd-are\u00e1l-stubaisk\u00fd-ledovec-(rakousko)\">Ly\u017ea\u0159sk\u00fd are\u00e1l Stubaisk\u00fd ledovec (Rakousko)<\/h2>\n<p><strong>Nadmo\u0159sk\u00e1 v\u00fd\u0161ka:<\/strong> 1 697 &#8211; 3 212 m n. m<\/p>\n<p><strong>Kilometry sjezdovek<\/strong>: 65<\/p>\n<p><strong>Konec sez\u00f3ny:<\/strong> Konec sezony: polovina kv\u011btna<\/p>\n<p>Ob\u011b obce Neustift a Fulpmes se nach\u00e1zej\u00ed na \u00fapat\u00ed Stubaisk\u00e9ho ledovce a ly\u017ea\u0159sk\u00e9 oblasti Schlick 2000. D\u00edky skipasu Stubai Super Ski Pass maj\u00ed milovn\u00edci zimn\u00edch sport\u016f k dispozici 147 kilometr\u016f sjezdovek. <a href=\"https:\/\/www.snowtrex.cz\/rakousko\/neustift\/lyzarske-stredisko.html\" target=\"_blank\" rel=\"noopener noreferrer\">Ly\u017ea\u0159sk\u00fd are\u00e1l na Stubaisk\u00e9m ledovci<\/a> je se sv\u00fdmi 64 kilometry sjezdovek (v\u010detn\u011b 22 km ly\u017ea\u0159sk\u00fdch tras) nejv\u011bt\u0161\u00edm ledovcov\u00fdm ly\u017ea\u0159sk\u00fdm are\u00e1lem v Rakousku.<\/p>\n<div class=\"tt-post-image-wrapper tt-post-image-wrapper-full\">\n            <div class=\"tt-image-copyright-container\">\n                <a href=\"https:\/\/www.snowtrex.cz\/magazin\/files\/2024\/02\/RS15660_shutterstock_183613472-scr.jpg\" target=\"_blank\" rel=\"noopener\"><img loading=\"lazy\" decoding=\"async\" data-wrapped=\"true\" class=\"wp-image-53142 size-Artikelbild_gro\u00df\" title=\"Ly\u017ea\u0159sk\u00fd are\u00e1l na Stubaisk\u00e9m ledovci je velmi obl\u00edben\u00fd mezi freestylisty a jeho z\u00e1bavn\u00ed park &quot;Stubaisk\u00e1 zoo&quot; nenech\u00e1v\u00e1 nic n\u00e1hod\u011b\" src=\"https:\/\/www.snowtrex.cz\/magazin\/files\/2024\/02\/RS15660_shutterstock_183613472-scr-729x486.jpg\" alt=\"Ly\u017ea\u0159sk\u00fd are\u00e1l na Stubaisk\u00e9m ledovci je velmi obl\u00edben\u00fd mezi freestylisty a jeho z\u00e1bavn\u00ed park &quot;Stubaisk\u00e1 zoo&quot; nenech\u00e1v\u00e1 nic n\u00e1hod\u011b\" width=\"729\" height=\"486\" srcset=\"https:\/\/www.snowtrex.cz\/magazin\/files\/2024\/02\/RS15660_shutterstock_183613472-scr-729x486.jpg 729w, https:\/\/www.snowtrex.cz\/magazin\/files\/2024\/02\/RS15660_shutterstock_183613472-scr-468x312.jpg 468w, https:\/\/www.snowtrex.cz\/magazin\/files\/2024\/02\/RS15660_shutterstock_183613472-scr-300x200.jpg 300w, https:\/\/www.snowtrex.cz\/magazin\/files\/2024\/02\/RS15660_shutterstock_183613472-scr-645x430.jpg 645w, https:\/\/www.snowtrex.cz\/magazin\/files\/2024\/02\/RS15660_shutterstock_183613472-scr-552x368.jpg 552w, https:\/\/www.snowtrex.cz\/magazin\/files\/2024\/02\/RS15660_shutterstock_183613472-scr-405x270.jpg 405w, https:\/\/www.snowtrex.cz\/magazin\/files\/2024\/02\/RS15660_shutterstock_183613472-scr-336x224.jpg 336w, https:\/\/www.snowtrex.cz\/magazin\/files\/2024\/02\/RS15660_shutterstock_183613472-scr-276x184.jpg 276w, https:\/\/www.snowtrex.cz\/magazin\/files\/2024\/02\/RS15660_shutterstock_183613472-scr-234x156.jpg 234w, https:\/\/www.snowtrex.cz\/magazin\/files\/2024\/02\/RS15660_shutterstock_183613472-scr-192x128.jpg 192w, https:\/\/www.snowtrex.cz\/magazin\/files\/2024\/02\/RS15660_shutterstock_183613472-scr-120x80.jpg 120w, https:\/\/www.snowtrex.cz\/magazin\/files\/2024\/02\/RS15660_shutterstock_183613472-scr-774x516.jpg 774w, https:\/\/www.snowtrex.cz\/magazin\/files\/2024\/02\/RS15660_shutterstock_183613472-scr-2x1.jpg 2w\" sizes=\"(min-width: 1009px) 729px, (min-width: 819px) 594px, (min-width: 569px) 729px, (min-width: 449px) 468px, 348px\" \/><\/a><div class=\"tt-image-copyright\" data-image-id=\"53142\">\u00a9 Denis Babenko\/shutterstock.de<\/div>\n            <\/div>\n            <div class=\"tt-post-caption\">Ly\u017ea\u0159sk\u00fd are\u00e1l na Stubaisk\u00e9m ledovci je velmi obl\u00edben\u00fd mezi freestylisty a jeho z\u00e1bavn\u00ed park &#8222;Stubaisk\u00e1 zoo&#8220; nenech\u00e1v\u00e1 nic n\u00e1hod\u011b<\/div>\n         <\/div > \n<h2 id=\"ly\u017ea\u0159sk\u00fd-are\u00e1l-schnalstal-glacier-(it\u00e1lie)\">Ly\u017ea\u0159sk\u00fd are\u00e1l Schnalstal Glacier (It\u00e1lie)<\/h2>\n<p><strong>Nadmo\u0159sk\u00e1 v\u00fd\u0161ka:<\/strong> 2 011 &#8211; 3 212 m n. m<\/p>\n<p><strong>Kilometry sjezdovek:<\/strong> 42<\/p>\n<p><strong>Konec sez\u00f3ny:<\/strong> Konec sezony: polovina dubna<\/p>\n<figure class=\"wp-block-embed-youtube wp-block-embed is-type-video is-provider-youtube wp-embed-aspect-16-9 wp-has-aspect-ratio\"><div class=\"lyte-wrapper\" title=\"Schnalstaler Gletscherbahnen\" style=\"width:853px;max-width:100%;margin:5px auto;\"><div class=\"lyMe\" id=\"WYL_SFpcjv_4ijY\" itemprop=\"video\" itemscope itemtype=\"https:\/\/schema.org\/VideoObject\"><div><meta itemprop=\"thumbnailUrl\" content=\"https:\/\/i.ytimg.com\/vi\/SFpcjv_4ijY\/hqdefault.jpg\" \/><meta itemprop=\"embedURL\" content=\"https:\/\/www.youtube.com\/embed\/SFpcjv_4ijY\" \/><meta itemprop=\"duration\" content=\"PT1M46S\" \/><meta itemprop=\"uploadDate\" content=\"2019-03-25T10:12:13Z\" \/><\/div><div id=\"lyte_SFpcjv_4ijY\" data-src=\"https:\/\/i.ytimg.com\/vi\/SFpcjv_4ijY\/hqdefault.jpg\" class=\"pL\"><div class=\"tC\"><div class=\"tT\" itemprop=\"name\">Schnalstaler Gletscherbahnen<\/div><\/div><div class=\"play\"><\/div><div class=\"ctrl\"><div class=\"Lctrl\"><\/div><div class=\"Rctrl\"><\/div><\/div><\/div><noscript><a href=\"http:\/\/youtu.be\/SFpcjv_4ijY\" rel=\"nofollow\"><img loading=\"lazy\" decoding=\"async\" src=\"http:\/\/i.ytimg.com\/vi\/SFpcjv_4ijY\/0.jpg\" alt=\"Schnalstaler Gletscherbahnen\" width=\"853\" height=\"460\" \/><br \/>Watch this video on YouTube<\/a><\/noscript><meta itemprop=\"description\" content=\"Schnalstaler Gletscher - Ghiacciaio Val Senales - Glacier\"><\/div><\/div><div class=\"lL\" style=\"max-width:100%;width:853px;margin:5px auto;\"><br\/><span class=\"lyte_disclaimer\">Upozor\u0148ujeme tak\u00e9, \u017ee pou\u017e\u00edv\u00e1n\u00edm na\u0161ich slu\u017eeb a integrac\u00ed slu\u017eeb YouTube API plat\u00ed <a href=\"https:\/\/www.youtube.com\/t\/terms\">Smluvn\u00ed podm\u00ednky YouTube<\/a> a <a href=\"https:\/\/developers.google.com\/youtube\/terms\/api-services-terms-of-service-emea-de\">Smluvn\u00ed podm\u00ednky YouTube API<\/a> a va\u0161e pou\u017e\u00edv\u00e1n\u00ed na\u0161ich webov\u00fdch str\u00e1nek se pova\u017euje za souhlas s t\u011bmito podm\u00ednkami.<\/span><\/div><figcaption><\/figcaption><\/figure>\n<p>Z idylick\u00e9 sportovn\u00ed vesni\u010dky Kurzras se vyd\u00e1te do <a href=\"https:\/\/www.snowtrex.cz\/italie\/kurzras\/lyzarske-stredisko.html\" target=\"_blank\" rel=\"noopener noreferrer\">ly\u017ea\u0159sk\u00e9ho are\u00e1lu na ledovci Val Senales\/Schnalstal<\/a>. P\u0159\u00edznivci zimn\u00edch sport\u016f jsou zde vzd\u00e1leni od jihotyrolsk\u00fdch popula\u010dn\u00edch center, a p\u0159esto maj\u00ed kr\u00e1tk\u00e9 \u010dekac\u00ed doby. Kilometry sjezdovek jsou rovnom\u011brn\u011b rozd\u011bleny mezi modr\u00e9, \u010derven\u00e9 a \u010dern\u00e9 trat\u011b.<\/p>\n<h2 id=\"ly\u017ea\u0159sk\u00e1-oblast-zell-am-see-kaprun-(rakousko)\">Ly\u017ea\u0159sk\u00e1 oblast Zell am See-Kaprun (Rakousko)<\/h2>\n<p><strong>Nadmo\u0159sk\u00e1 v\u00fd\u0161ka:<\/strong> 768 &#8211; 3 029 m<\/p>\n<p><strong>Kilometry sjezdovek:<\/strong> 138<\/p>\n<p><strong>Konec sez\u00f3ny:<\/strong> Konec sezony: konec kv\u011btna<\/p>\n<p>Ly\u017ea\u0159sk\u00e1 oblast Zell am See-Kaprun se skl\u00e1d\u00e1 celkem ze t\u0159\u00ed samostatn\u00fdch ly\u017ea\u0159sk\u00fdch are\u00e1l\u016f, kter\u00e9 se rozkl\u00e1daj\u00ed kolem m\u011bst <a href=\"https:\/\/www.snowtrex.cz\/rakousko\/zell_am_see\/lyzovani.html\" target=\"_blank\" rel=\"noopener noreferrer\">Zell am See<\/a> a <a href=\"https:\/\/www.snowtrex.cz\/rakousko\/kaprun\/lyzovani.html\" target=\"_blank\" rel=\"noopener noreferrer\">Kaprun<\/a> v Salcbursku. Ly\u017ea\u0159sk\u00e9 are\u00e1ly na <a href=\"https:\/\/www.snowtrex.cz\/rakousko\/zell_am_see\/lyzarske-stredisko.html\" target=\"_blank\" rel=\"noopener noreferrer\">Schmittenh\u00f6he<\/a> a Maiskogel jsou obl\u00edben\u00e9 zejm\u00e9na u rodin s d\u011btmi, i kdy\u017e zde m\u016f\u017ee sez\u00f3na skon\u010dit o n\u011bco d\u0159\u00edve v z\u00e1vislosti na sn\u011bhov\u00fdch podm\u00ednk\u00e1ch. To v\u0161ak nen\u00ed \u017e\u00e1dn\u00fd probl\u00e9m, proto\u017ee na <a href=\"https:\/\/www.snowtrex.cz\/rakousko\/kaprun\/lyzarske-stredisko.html\" target=\"_blank\" rel=\"noopener noreferrer\">Kitzsteinhornu<\/a> je st\u00e1le k dispozici <a href=\"https:\/\/www.snowtrex.cz\/rakousko\/kaprun\/lyzarske-stredisko.html\" target=\"_blank\" rel=\"noopener noreferrer\">ledovcov\u00fd ly\u017ea\u0159sk\u00fd are\u00e1l<\/a>. Sjezdovky v ledovcov\u00e9 oblasti nab\u00edzej\u00ed zaru\u010den\u00fd sn\u00edh i v letn\u00edch m\u011bs\u00edc\u00edch. V ly\u017ea\u0159sk\u00e9m are\u00e1lu se nach\u00e1z\u00ed tak\u00e9 nejv\u011bt\u0161\u00ed rakousk\u00e1 superpipe.<\/p>\n<div class=\"tt-post-image-wrapper tt-post-image-wrapper-full\">\n            <div class=\"tt-image-copyright-container\">\n                <a href=\"https:\/\/www.snowtrex.cz\/magazin\/files\/2024\/02\/RS3933_shutterstock_105763745-scr.jpg\" target=\"_blank\" rel=\"noopener\"><img loading=\"lazy\" decoding=\"async\" data-wrapped=\"true\" class=\"wp-image-53143 size-Artikelbild_gro\u00df\" title=\"Z lanovky v Zell am See maj\u00ed milovn\u00edci zimn\u00edch sport\u016f fantastick\u00fd v\u00fdhled na Zellsk\u00e9 jezero\" src=\"https:\/\/www.snowtrex.cz\/magazin\/files\/2024\/02\/RS3933_shutterstock_105763745-scr-729x486.jpg\" alt=\"Z lanovky v Zell am See maj\u00ed milovn\u00edci zimn\u00edch sport\u016f fantastick\u00fd v\u00fdhled na Zellsk\u00e9 jezero\" width=\"729\" height=\"486\" srcset=\"https:\/\/www.snowtrex.cz\/magazin\/files\/2024\/02\/RS3933_shutterstock_105763745-scr-729x486.jpg 729w, https:\/\/www.snowtrex.cz\/magazin\/files\/2024\/02\/RS3933_shutterstock_105763745-scr-290x194.jpg 290w, https:\/\/www.snowtrex.cz\/magazin\/files\/2024\/02\/RS3933_shutterstock_105763745-scr-468x312.jpg 468w, https:\/\/www.snowtrex.cz\/magazin\/files\/2024\/02\/RS3933_shutterstock_105763745-scr-727x486.jpg 727w, https:\/\/www.snowtrex.cz\/magazin\/files\/2024\/02\/RS3933_shutterstock_105763745-scr-300x200.jpg 300w, https:\/\/www.snowtrex.cz\/magazin\/files\/2024\/02\/RS3933_shutterstock_105763745-scr-999x666.jpg 999w, https:\/\/www.snowtrex.cz\/magazin\/files\/2024\/02\/RS3933_shutterstock_105763745-scr-645x430.jpg 645w, https:\/\/www.snowtrex.cz\/magazin\/files\/2024\/02\/RS3933_shutterstock_105763745-scr-552x368.jpg 552w, https:\/\/www.snowtrex.cz\/magazin\/files\/2024\/02\/RS3933_shutterstock_105763745-scr-405x270.jpg 405w, https:\/\/www.snowtrex.cz\/magazin\/files\/2024\/02\/RS3933_shutterstock_105763745-scr-336x224.jpg 336w, https:\/\/www.snowtrex.cz\/magazin\/files\/2024\/02\/RS3933_shutterstock_105763745-scr-276x184.jpg 276w, https:\/\/www.snowtrex.cz\/magazin\/files\/2024\/02\/RS3933_shutterstock_105763745-scr-234x156.jpg 234w, https:\/\/www.snowtrex.cz\/magazin\/files\/2024\/02\/RS3933_shutterstock_105763745-scr-192x128.jpg 192w, https:\/\/www.snowtrex.cz\/magazin\/files\/2024\/02\/RS3933_shutterstock_105763745-scr-120x80.jpg 120w, https:\/\/www.snowtrex.cz\/magazin\/files\/2024\/02\/RS3933_shutterstock_105763745-scr-774x516.jpg 774w, https:\/\/www.snowtrex.cz\/magazin\/files\/2024\/02\/RS3933_shutterstock_105763745-scr-1x1.jpg 1w\" sizes=\"(min-width: 1009px) 729px, (min-width: 819px) 594px, (min-width: 569px) 729px, (min-width: 449px) 468px, 348px\" \/><\/a><div class=\"tt-image-copyright\" data-image-id=\"53143\">\u00a9 nikolpetr\/shutterstock.de<\/div>\n            <\/div>\n            <div class=\"tt-post-caption\">Z lanovky v Zell am See maj\u00ed milovn\u00edci zimn\u00edch sport\u016f fantastick\u00fd v\u00fdhled na Zellsk\u00e9 jezero<\/div>\n         <\/div > \n<h2 id=\"ly\u017ea\u0159sk\u00e1-oblast-engelberg-titlis-(\u0160v\u00fdcarsko)\">Ly\u017ea\u0159sk\u00e1 oblast Engelberg-Titlis (\u0160v\u00fdcarsko)<\/h2>\n<p><strong>Nadmo\u0159sk\u00e1 v\u00fd\u0161ka:<\/strong> 1 003 &#8211; 3 020 m n. m<\/p>\n<p><strong>Kilometry sjezdovek<\/strong>: 80<\/p>\n<p><strong>Konec sez\u00f3ny:<\/strong> Konec sezony: polovina kv\u011btna<\/p>\n<p>Rekrea\u010dn\u00ed st\u0159edisko Engelberg se nach\u00e1z\u00ed v srdci st\u0159edn\u00edho \u0160v\u00fdcarska. P\u0159idru\u017een\u00fd <a href=\"https:\/\/www.snowtrex.cz\/svycarsko\/engelberg\/lyzarske-stredisko.html\" target=\"_blank\" rel=\"noopener noreferrer\">ledovcov\u00fd are\u00e1l Engelberg-Titlis<\/a> nab\u00edz\u00ed ide\u00e1ln\u00ed podm\u00ednky a\u017e do jara. Ly\u017ea\u0159sk\u00e1 oblast se m\u016f\u017ee pochlubit prvn\u00ed oto\u010dnou lanovkou na sv\u011bt\u011b: kabina lanovky &#8222;Titlis Rotair&#8220; se b\u011bhem j\u00edzdy jednou horizont\u00e1ln\u011b oto\u010d\u00ed o 360 stup\u0148\u016f.<\/p>\n<div class=\"tt-post-image-wrapper tt-post-image-wrapper-full\">\n            <div class=\"tt-image-copyright-container\">\n                <a href=\"https:\/\/www.snowtrex.cz\/magazin\/files\/2024\/02\/RS4869_shutterstock_286737917-scr.jpg\" target=\"_blank\" rel=\"noopener\"><img loading=\"lazy\" decoding=\"async\" data-wrapped=\"true\" class=\"wp-image-53144 size-Artikelbild_gro\u00df\" title=\"Skaln\u00ed stezka v ly\u017ea\u0159sk\u00e9 oblasti Engelberg-Titlis nen\u00ed pro slab\u00e9 povahy a je p\u0159\u00edstupn\u00e1 i na ja\u0159e\" src=\"https:\/\/www.snowtrex.cz\/magazin\/files\/2024\/02\/RS4869_shutterstock_286737917-scr-729x486.jpg\" alt=\"Skaln\u00ed stezka v ly\u017ea\u0159sk\u00e9 oblasti Engelberg-Titlis nen\u00ed pro slab\u00e9 povahy a je p\u0159\u00edstupn\u00e1 i na ja\u0159e\" width=\"729\" height=\"486\" srcset=\"https:\/\/www.snowtrex.cz\/magazin\/files\/2024\/02\/RS4869_shutterstock_286737917-scr-729x486.jpg 729w, https:\/\/www.snowtrex.cz\/magazin\/files\/2024\/02\/RS4869_shutterstock_286737917-scr-468x312.jpg 468w, https:\/\/www.snowtrex.cz\/magazin\/files\/2024\/02\/RS4869_shutterstock_286737917-scr-300x200.jpg 300w, https:\/\/www.snowtrex.cz\/magazin\/files\/2024\/02\/RS4869_shutterstock_286737917-scr-999x666.jpg 999w, https:\/\/www.snowtrex.cz\/magazin\/files\/2024\/02\/RS4869_shutterstock_286737917-scr-645x430.jpg 645w, https:\/\/www.snowtrex.cz\/magazin\/files\/2024\/02\/RS4869_shutterstock_286737917-scr-552x368.jpg 552w, https:\/\/www.snowtrex.cz\/magazin\/files\/2024\/02\/RS4869_shutterstock_286737917-scr-405x270.jpg 405w, https:\/\/www.snowtrex.cz\/magazin\/files\/2024\/02\/RS4869_shutterstock_286737917-scr-336x224.jpg 336w, https:\/\/www.snowtrex.cz\/magazin\/files\/2024\/02\/RS4869_shutterstock_286737917-scr-276x184.jpg 276w, https:\/\/www.snowtrex.cz\/magazin\/files\/2024\/02\/RS4869_shutterstock_286737917-scr-234x156.jpg 234w, https:\/\/www.snowtrex.cz\/magazin\/files\/2024\/02\/RS4869_shutterstock_286737917-scr-192x128.jpg 192w, https:\/\/www.snowtrex.cz\/magazin\/files\/2024\/02\/RS4869_shutterstock_286737917-scr-120x80.jpg 120w, https:\/\/www.snowtrex.cz\/magazin\/files\/2024\/02\/RS4869_shutterstock_286737917-scr-774x516.jpg 774w, https:\/\/www.snowtrex.cz\/magazin\/files\/2024\/02\/RS4869_shutterstock_286737917-scr-2x1.jpg 2w\" sizes=\"(min-width: 1009px) 729px, (min-width: 819px) 594px, (min-width: 569px) 729px, (min-width: 449px) 468px, 348px\" \/><\/a><div class=\"tt-image-copyright\" data-image-id=\"53144\">\u00a9 polarbearstudio\/shutterstock.de<\/div>\n            <\/div>\n            <div class=\"tt-post-caption\">Skaln\u00ed stezka v ly\u017ea\u0159sk\u00e9 oblasti Engelberg-Titlis nen\u00ed pro slab\u00e9 povahy a je p\u0159\u00edstupn\u00e1 i na ja\u0159e<\/div>\n         <\/div > \n<h2 id=\"ly\u017ea\u0159sk\u00e9-st\u0159edisko-silvretta-arena-ischgl-(rakousko)\">Ly\u017ea\u0159sk\u00e9 st\u0159edisko Silvretta Arena, Ischgl (Rakousko)<\/h2>\n<p><strong>Nadmo\u0159sk\u00e1 v\u00fd\u0161ka:<\/strong> 1 360 &#8211; 2 872 m<\/p>\n<p><strong>Kilometry sjezdovek<\/strong>: 239<\/p>\n<p><strong>Konec sez\u00f3ny:<\/strong> Za\u010d\u00e1tek kv\u011btna<\/p>\n<figure class=\"wp-block-embed-youtube wp-block-embed is-type-video is-provider-youtube wp-embed-aspect-16-9 wp-has-aspect-ratio\"><div class=\"lyte-wrapper\" title=\"Winter - Ischgl - 2020\/21\" style=\"width:853px;max-width:100%;margin:5px auto;\"><div class=\"lyMe\" id=\"WYL_MfBC7G_zbgc\" itemprop=\"video\" itemscope itemtype=\"https:\/\/schema.org\/VideoObject\"><div><meta itemprop=\"thumbnailUrl\" content=\"https:\/\/i.ytimg.com\/vi\/MfBC7G_zbgc\/hqdefault.jpg\" \/><meta itemprop=\"embedURL\" content=\"https:\/\/www.youtube.com\/embed\/MfBC7G_zbgc\" \/><meta itemprop=\"duration\" content=\"PT57S\" \/><meta itemprop=\"uploadDate\" content=\"2020-10-14T11:26:31Z\" \/><\/div><div id=\"lyte_MfBC7G_zbgc\" data-src=\"https:\/\/i.ytimg.com\/vi\/MfBC7G_zbgc\/hqdefault.jpg\" class=\"pL\"><div class=\"tC\"><div class=\"tT\" itemprop=\"name\">Winter - Ischgl - 2020\/21<\/div><\/div><div class=\"play\"><\/div><div class=\"ctrl\"><div class=\"Lctrl\"><\/div><div class=\"Rctrl\"><\/div><\/div><\/div><noscript><a href=\"http:\/\/youtu.be\/MfBC7G_zbgc\" rel=\"nofollow\"><img loading=\"lazy\" decoding=\"async\" src=\"http:\/\/i.ytimg.com\/vi\/MfBC7G_zbgc\/0.jpg\" alt=\"Winter - Ischgl - 2020\/21\" width=\"853\" height=\"460\" \/><br \/>Watch this video on YouTube<\/a><\/noscript><meta itemprop=\"description\" content=\"#loveischgl #ischgl #winteriscoming Das erwartet euch diese Wintersaison 2020\/21 in Ischgl! Neben unseren Atemberaubenden Pisten gibt es noch so einiges zu erleben\"><\/div><\/div><div class=\"lL\" style=\"max-width:100%;width:853px;margin:5px auto;\"><br\/><span class=\"lyte_disclaimer\">Upozor\u0148ujeme tak\u00e9, \u017ee pou\u017e\u00edv\u00e1n\u00edm na\u0161ich slu\u017eeb a integrac\u00ed slu\u017eeb YouTube API plat\u00ed <a href=\"https:\/\/www.youtube.com\/t\/terms\">Smluvn\u00ed podm\u00ednky YouTube<\/a> a <a href=\"https:\/\/developers.google.com\/youtube\/terms\/api-services-terms-of-service-emea-de\">Smluvn\u00ed podm\u00ednky YouTube API<\/a> a va\u0161e pou\u017e\u00edv\u00e1n\u00ed na\u0161ich webov\u00fdch str\u00e1nek se pova\u017euje za souhlas s t\u011bmito podm\u00ednkami.<\/span><\/div><figcaption><\/figcaption><\/figure>\n<p>U\u017e jen d\u00edky dv\u011bma koncert\u016fm &#8222;Top of the Mountain&#8220; na konci sezony je <a href=\"https:\/\/www.snowtrex.cz\/rakousko\/ischgl\/lyzarske-stredisko.html\" target=\"_blank\" rel=\"noopener noreferrer\">Silvretta Arena<\/a> v Ischglu v dubnu a kv\u011btnu hork\u00fdm m\u00edstem pro fanou\u0161ky zimn\u00edch sport\u016f. Na t\u011bchto popul\u00e1rn\u00edch hudebn\u00edch akc\u00edch ji\u017e vystoupila \u0159ada mezin\u00e1rodn\u00edch hv\u011bzd, jako jsou Sir Elton John, Robbie Williams nebo James Blunt. Silvretta Arena spojuje rakousk\u00fd Ischgl s (bezceln\u00edm) \u0161v\u00fdcarsk\u00fdm Samnaunem.<\/p>\n<h2 id=\"ly\u017ea\u0159sk\u00e9-st\u0159edisko-arosa-lenzerheide-(\u0160v\u00fdcarsko)\">Ly\u017ea\u0159sk\u00e9 st\u0159edisko Arosa-Lenzerheide (\u0160v\u00fdcarsko)<\/h2>\n<p><strong>Nadmo\u0159sk\u00e1 v\u00fd\u0161ka:<\/strong> 1 229 &#8211; 2 865 m n. m<\/p>\n<p><strong>Kilometry sjezdovek<\/strong>: 225<\/p>\n<p><strong>Konec sez\u00f3ny:<\/strong> Konec sezony: polovina dubna<\/p>\n<p>Milovn\u00edci zimn\u00edch sport\u016f si mohou i na ja\u0159e u\u017e\u00edvat fantasticky upraven\u00e9 sjezdovky v nejv\u011bt\u0161\u00ed propojen\u00e9 ly\u017ea\u0159sk\u00e9 oblasti v kantonu Graub\u00fcnden. V\u017edy\u0165 mimosez\u00f3na v ly\u017ea\u0159sk\u00e9 oblasti <a href=\"https:\/\/www.snowtrex.cz\/svycarsko\/lenzerheide\/lyzarske-stredisko.html\" target=\"_blank\" rel=\"noopener\">Arosa-Lenzerheide<\/a> kon\u010d\u00ed a\u017e v polovin\u011b dubna. Do t\u00e9 doby v\u00e1s mnoho z 225 kilometr\u016f sjezdovek st\u00e1le zve k pohodov\u00e9mu carvingu a slun\u011bn\u00ed. A ly\u017ea\u0159i a snowboardist\u00e9 se p\u0159i cest\u011b do st\u0159ediska zcela obejdou bez auta, proto\u017ee do Arosy se dostanete p\u0159\u00edmo vlakem.<\/p>\n<div class=\"tt-post-image-wrapper tt-post-image-wrapper-full\">\n            <div class=\"tt-image-copyright-container\">\n                <a href=\"https:\/\/www.snowtrex.cz\/magazin\/files\/2024\/02\/RS26817_Black-Diamond-Slope-Piste-12-42-scr.jpg\" target=\"_blank\" rel=\"noopener\"><img loading=\"lazy\" decoding=\"async\" data-wrapped=\"true\" class=\"wp-image-53145 size-Artikelbild_gro\u00df\" title=\"Milovn\u00edci zimn\u00edch sport\u016f mohou a\u017e do poloviny dubna ly\u017eovat na 225 kilometrech sjezdovek v ly\u017ea\u0159sk\u00e9 oblasti Arosa-Lenzerheide\" src=\"https:\/\/www.snowtrex.cz\/magazin\/files\/2024\/02\/RS26817_Black-Diamond-Slope-Piste-12-42-scr-729x486.jpg\" alt=\"Milovn\u00edci zimn\u00edch sport\u016f mohou a\u017e do poloviny dubna ly\u017eovat na 225 kilometrech sjezdovek v ly\u017ea\u0159sk\u00e9 oblasti Arosa-Lenzerheide\" width=\"729\" height=\"486\" srcset=\"https:\/\/www.snowtrex.cz\/magazin\/files\/2024\/02\/RS26817_Black-Diamond-Slope-Piste-12-42-scr-729x486.jpg 729w, https:\/\/www.snowtrex.cz\/magazin\/files\/2024\/02\/RS26817_Black-Diamond-Slope-Piste-12-42-scr-290x193.jpg 290w, https:\/\/www.snowtrex.cz\/magazin\/files\/2024\/02\/RS26817_Black-Diamond-Slope-Piste-12-42-scr-728x485.jpg 728w, https:\/\/www.snowtrex.cz\/magazin\/files\/2024\/02\/RS26817_Black-Diamond-Slope-Piste-12-42-scr-768x512.jpg 768w, https:\/\/www.snowtrex.cz\/magazin\/files\/2024\/02\/RS26817_Black-Diamond-Slope-Piste-12-42-scr-468x312.jpg 468w, https:\/\/www.snowtrex.cz\/magazin\/files\/2024\/02\/RS26817_Black-Diamond-Slope-Piste-12-42-scr-300x200.jpg 300w, https:\/\/www.snowtrex.cz\/magazin\/files\/2024\/02\/RS26817_Black-Diamond-Slope-Piste-12-42-scr-999x666.jpg 999w, https:\/\/www.snowtrex.cz\/magazin\/files\/2024\/02\/RS26817_Black-Diamond-Slope-Piste-12-42-scr-645x430.jpg 645w, https:\/\/www.snowtrex.cz\/magazin\/files\/2024\/02\/RS26817_Black-Diamond-Slope-Piste-12-42-scr-552x368.jpg 552w, https:\/\/www.snowtrex.cz\/magazin\/files\/2024\/02\/RS26817_Black-Diamond-Slope-Piste-12-42-scr-405x270.jpg 405w, https:\/\/www.snowtrex.cz\/magazin\/files\/2024\/02\/RS26817_Black-Diamond-Slope-Piste-12-42-scr-336x224.jpg 336w, https:\/\/www.snowtrex.cz\/magazin\/files\/2024\/02\/RS26817_Black-Diamond-Slope-Piste-12-42-scr-276x184.jpg 276w, https:\/\/www.snowtrex.cz\/magazin\/files\/2024\/02\/RS26817_Black-Diamond-Slope-Piste-12-42-scr-234x156.jpg 234w, https:\/\/www.snowtrex.cz\/magazin\/files\/2024\/02\/RS26817_Black-Diamond-Slope-Piste-12-42-scr-192x128.jpg 192w, https:\/\/www.snowtrex.cz\/magazin\/files\/2024\/02\/RS26817_Black-Diamond-Slope-Piste-12-42-scr-120x80.jpg 120w, https:\/\/www.snowtrex.cz\/magazin\/files\/2024\/02\/RS26817_Black-Diamond-Slope-Piste-12-42-scr-774x516.jpg 774w, https:\/\/www.snowtrex.cz\/magazin\/files\/2024\/02\/RS26817_Black-Diamond-Slope-Piste-12-42-scr-2x1.jpg 2w, https:\/\/www.snowtrex.cz\/magazin\/files\/2024\/02\/RS26817_Black-Diamond-Slope-Piste-12-42-scr.jpg 1440w\" sizes=\"(min-width: 1009px) 729px, (min-width: 819px) 594px, (min-width: 569px) 729px, (min-width: 449px) 468px, 348px\" \/><\/a><div class=\"tt-image-copyright\" data-image-id=\"53145\">\u00a9 Arosa Bergbahnen AG<\/div>\n            <\/div>\n            <div class=\"tt-post-caption\">Milovn\u00edci zimn\u00edch sport\u016f mohou a\u017e do poloviny dubna ly\u017eovat na 225 kilometrech sjezdovek v ly\u017ea\u0159sk\u00e9 oblasti Arosa-Lenzerheide<\/div>\n         <\/div > \n<h2 id=\"ly\u017ea\u0159sk\u00e9-st\u0159edisko-na-arlbergu-(rakousko)\">Ly\u017ea\u0159sk\u00e9 st\u0159edisko na Arlbergu (Rakousko)<\/h2>\n<p><strong>Nadmo\u0159sk\u00e1<\/strong> v\u00fd\u0161ka: 1 300 &#8211; 2 811 m n. m<\/p>\n<p><strong>Kilometry sjezdovek:<\/strong> 302<\/p>\n<p><strong>Konec sez\u00f3ny:<\/strong> Konec dubna<\/p>\n<p><a href=\"https:\/\/www.snowtrex.cz\/rakousko\/st._anton\/lyzarske-stredisko.html\" target=\"_blank\" rel=\"noopener noreferrer\">Ly\u017ea\u0159sk\u00fd are\u00e1l na Arlbergu<\/a> nedaleko <a href=\"https:\/\/www.snowtrex.cz\/rakousko\/st._anton\/lyzovani.html\" target=\"_blank\" rel=\"noopener noreferrer\">Svat\u00e9ho Antona<\/a> se stal absolutn\u00edm hitem, a to i d\u00edky sv\u00e9mu spojen\u00ed s Warth-Schr\u00f6cken. A to nen\u00ed v\u0161echno: Svat\u00fd Anton je tak\u00e9 zn\u00e1m\u00fd jako jeden z absolutn\u00edch apr\u00e9s-ski hotspot\u016f v Alp\u00e1ch. Strengen a Flirsch jsou tich\u00fdmi protiklady &#8211; a p\u0159itom jsou od sebe vzd\u00e1leny jen n\u011bkolik kilometr\u016f.<\/p>\n<div class=\"tt-post-image-wrapper tt-post-image-wrapper-full\">\n            <div class=\"tt-image-copyright-container\">\n                <a href=\"https:\/\/www.snowtrex.cz\/magazin\/files\/2024\/02\/RS15771_shutterstock_655588387-scr.jpg\" target=\"_blank\" rel=\"noopener\"><img loading=\"lazy\" decoding=\"async\" data-wrapped=\"true\" class=\"wp-image-53146 size-Artikelbild_gro\u00df\" title=\"V ly\u017ea\u0159sk\u00fdch are\u00e1lech na Arlbergu maj\u00ed ly\u017ea\u0159i a snowboardist\u00e9 a\u017e do pozdn\u00edho jara k dispozici stovky kilometr\u016f sjezdovek\" src=\"https:\/\/www.snowtrex.cz\/magazin\/files\/2024\/02\/RS15771_shutterstock_655588387-scr-729x486.jpg\" alt=\"V ly\u017ea\u0159sk\u00fdch are\u00e1lech na Arlbergu maj\u00ed ly\u017ea\u0159i a snowboardist\u00e9 a\u017e do pozdn\u00edho jara k dispozici stovky kilometr\u016f sjezdovek\" width=\"729\" height=\"486\" srcset=\"https:\/\/www.snowtrex.cz\/magazin\/files\/2024\/02\/RS15771_shutterstock_655588387-scr-729x486.jpg 729w, https:\/\/www.snowtrex.cz\/magazin\/files\/2024\/02\/RS15771_shutterstock_655588387-scr-290x193.jpg 290w, https:\/\/www.snowtrex.cz\/magazin\/files\/2024\/02\/RS15771_shutterstock_655588387-scr-728x485.jpg 728w, https:\/\/www.snowtrex.cz\/magazin\/files\/2024\/02\/RS15771_shutterstock_655588387-scr-768x512.jpg 768w, https:\/\/www.snowtrex.cz\/magazin\/files\/2024\/02\/RS15771_shutterstock_655588387-scr-468x312.jpg 468w, https:\/\/www.snowtrex.cz\/magazin\/files\/2024\/02\/RS15771_shutterstock_655588387-scr-300x200.jpg 300w, https:\/\/www.snowtrex.cz\/magazin\/files\/2024\/02\/RS15771_shutterstock_655588387-scr-999x666.jpg 999w, https:\/\/www.snowtrex.cz\/magazin\/files\/2024\/02\/RS15771_shutterstock_655588387-scr-645x430.jpg 645w, https:\/\/www.snowtrex.cz\/magazin\/files\/2024\/02\/RS15771_shutterstock_655588387-scr-552x368.jpg 552w, https:\/\/www.snowtrex.cz\/magazin\/files\/2024\/02\/RS15771_shutterstock_655588387-scr-405x270.jpg 405w, https:\/\/www.snowtrex.cz\/magazin\/files\/2024\/02\/RS15771_shutterstock_655588387-scr-336x224.jpg 336w, https:\/\/www.snowtrex.cz\/magazin\/files\/2024\/02\/RS15771_shutterstock_655588387-scr-276x184.jpg 276w, https:\/\/www.snowtrex.cz\/magazin\/files\/2024\/02\/RS15771_shutterstock_655588387-scr-234x156.jpg 234w, https:\/\/www.snowtrex.cz\/magazin\/files\/2024\/02\/RS15771_shutterstock_655588387-scr-192x128.jpg 192w, https:\/\/www.snowtrex.cz\/magazin\/files\/2024\/02\/RS15771_shutterstock_655588387-scr-120x80.jpg 120w, https:\/\/www.snowtrex.cz\/magazin\/files\/2024\/02\/RS15771_shutterstock_655588387-scr-774x516.jpg 774w, https:\/\/www.snowtrex.cz\/magazin\/files\/2024\/02\/RS15771_shutterstock_655588387-scr-2x1.jpg 2w, https:\/\/www.snowtrex.cz\/magazin\/files\/2024\/02\/RS15771_shutterstock_655588387-scr.jpg 1440w\" sizes=\"(min-width: 1009px) 729px, (min-width: 819px) 594px, (min-width: 569px) 729px, (min-width: 449px) 468px, 348px\" \/><\/a><div class=\"tt-image-copyright\" data-image-id=\"53146\">\u00a9 mRGB\/shutterstock.de<\/div>\n            <\/div>\n            <div class=\"tt-post-caption\">V ly\u017ea\u0159sk\u00fdch are\u00e1lech na Arlbergu maj\u00ed ly\u017ea\u0159i a snowboardist\u00e9 a\u017e do pozdn\u00edho jara k dispozici stovky kilometr\u016f sjezdovek<\/div>\n         <\/div > \n<h2 id=\"ly\u017ea\u0159sk\u00fd-are\u00e1l-la-f\u00f4ret-blanche-vars-risoul-(francie)\">Ly\u017ea\u0159sk\u00fd are\u00e1l La F\u00f4ret Blanche, Vars-Risoul (Francie)<\/h2>\n<p><strong>Nadmo\u0159sk\u00e1 v\u00fd\u0161ka:<\/strong> 1 650 &#8211; 2 750 m n. m<\/p>\n<p><strong>Kilometry sjezdovek<\/strong>: 185<\/p>\n<p><strong>Konec sez\u00f3ny:<\/strong> Konec sezony: polovina dubna<\/p>\n<figure class=\"wp-block-embed-youtube wp-block-embed is-type-video is-provider-youtube wp-embed-aspect-16-9 wp-has-aspect-ratio\"><div class=\"lyte-wrapper\" title=\"Vars - Best Of - Winter 2020\" style=\"width:853px;max-width:100%;margin:5px auto;\"><div class=\"lyMe\" id=\"WYL_K86a95fOceE\" itemprop=\"video\" itemscope itemtype=\"https:\/\/schema.org\/VideoObject\"><div><meta itemprop=\"thumbnailUrl\" content=\"https:\/\/i.ytimg.com\/vi\/K86a95fOceE\/hqdefault.jpg\" \/><meta itemprop=\"embedURL\" content=\"https:\/\/www.youtube.com\/embed\/K86a95fOceE\" \/><meta itemprop=\"duration\" content=\"PT2M23S\" \/><meta itemprop=\"uploadDate\" content=\"2020-03-23T07:39:22Z\" \/><\/div><div id=\"lyte_K86a95fOceE\" data-src=\"https:\/\/i.ytimg.com\/vi\/K86a95fOceE\/hqdefault.jpg\" class=\"pL\"><div class=\"tC\"><div class=\"tT\" itemprop=\"name\">Vars - Best Of - Winter 2020<\/div><\/div><div class=\"play\"><\/div><div class=\"ctrl\"><div class=\"Lctrl\"><\/div><div class=\"Rctrl\"><\/div><\/div><\/div><noscript><a href=\"http:\/\/youtu.be\/K86a95fOceE\" rel=\"nofollow\"><img loading=\"lazy\" decoding=\"async\" src=\"http:\/\/i.ytimg.com\/vi\/K86a95fOceE\/0.jpg\" alt=\"Vars - Best Of - Winter 2020\" width=\"853\" height=\"460\" \/><br \/>Watch this video on YouTube<\/a><\/noscript><meta itemprop=\"description\" content=\"Par ces quelques images de la saison qui vient de s&#039;achever, nous sous souhaitons beaucoup de courage pour les jours \u00e0 venir. Prenez soin de vous et #RestezChezVous.\"><\/div><\/div><div class=\"lL\" style=\"max-width:100%;width:853px;margin:5px auto;\"><br\/><span class=\"lyte_disclaimer\">Upozor\u0148ujeme tak\u00e9, \u017ee pou\u017e\u00edv\u00e1n\u00edm na\u0161ich slu\u017eeb a integrac\u00ed slu\u017eeb YouTube API plat\u00ed <a href=\"https:\/\/www.youtube.com\/t\/terms\">Smluvn\u00ed podm\u00ednky YouTube<\/a> a <a href=\"https:\/\/developers.google.com\/youtube\/terms\/api-services-terms-of-service-emea-de\">Smluvn\u00ed podm\u00ednky YouTube API<\/a> a va\u0161e pou\u017e\u00edv\u00e1n\u00ed na\u0161ich webov\u00fdch str\u00e1nek se pova\u017euje za souhlas s t\u011bmito podm\u00ednkami.<\/span><\/div><figcaption><\/figcaption><\/figure>\n<p><a href=\"https:\/\/www.snowtrex.cz\/francie\/vars-risoul\/lyzarske-stredisko.html\" target=\"_blank\" rel=\"noopener noreferrer\">Ly\u017ea\u0159sk\u00e9 st\u0159edisko La F\u00f4ret Blanche<\/a> je d\u00edky sv\u00e9 obrovsk\u00e9 nab\u00eddce freestylu opravdov\u00fdm r\u00e1jem pro milovn\u00edky parku. Nach\u00e1z\u00ed se zde celkem osm snowpark\u016f, v\u010detn\u011b speci\u00e1ln\u00edch park\u016f pro d\u011bti a jednoho s indi\u00e1nsk\u00fdm vzhledem. U\u017e n\u00e1zev &#8222;For\u00eat Blanche&#8220; prozrazuje, \u017ee milovn\u00edci zimn\u00edch sport\u016f jsou zde obklopeni kr\u00e1sn\u00fdmi zasn\u011b\u017een\u00fdmi lesy.<\/p>\n<h2 id=\"ly\u017ea\u0159sk\u00e9-st\u0159edisko-ankogel-mallnitz-(rakousko)\">Ly\u017ea\u0159sk\u00e9 st\u0159edisko Ankogel, Mallnitz (Rakousko)<\/h2>\n<p><strong>Nadmo\u0159sk\u00e1 v\u00fd\u0161ka:<\/strong> 1 266 &#8211; 2 636 m<\/p>\n<p><strong>Kilometry sjezdovek<\/strong>: 13<\/p>\n<p><strong>Konec sez\u00f3ny:<\/strong> Konec b\u0159ezna<\/p>\n<figure class=\"wp-block-embed-youtube wp-block-embed is-type-video is-provider-youtube wp-embed-aspect-16-9 wp-has-aspect-ratio\"><div class=\"lyte-wrapper\" title=\"Ankogel Bergbahnen | K&auml;rnten\" style=\"width:853px;max-width:100%;margin:5px auto;\"><div class=\"lyMe\" id=\"WYL_9Lr0Pj2aJ4k\" itemprop=\"video\" itemscope itemtype=\"https:\/\/schema.org\/VideoObject\"><div><meta itemprop=\"thumbnailUrl\" content=\"https:\/\/i.ytimg.com\/vi\/9Lr0Pj2aJ4k\/hqdefault.jpg\" \/><meta itemprop=\"embedURL\" content=\"https:\/\/www.youtube.com\/embed\/9Lr0Pj2aJ4k\" \/><meta itemprop=\"duration\" content=\"PT1M49S\" \/><meta itemprop=\"uploadDate\" content=\"2018-04-09T12:09:26Z\" \/><\/div><div id=\"lyte_9Lr0Pj2aJ4k\" data-src=\"https:\/\/i.ytimg.com\/vi\/9Lr0Pj2aJ4k\/hqdefault.jpg\" class=\"pL\"><div class=\"tC\"><div class=\"tT\" itemprop=\"name\">Ankogel Bergbahnen | K\u00e4rnten<\/div><\/div><div class=\"play\"><\/div><div class=\"ctrl\"><div class=\"Lctrl\"><\/div><div class=\"Rctrl\"><\/div><\/div><\/div><noscript><a href=\"http:\/\/youtu.be\/9Lr0Pj2aJ4k\" rel=\"nofollow\"><img loading=\"lazy\" decoding=\"async\" src=\"http:\/\/i.ytimg.com\/vi\/9Lr0Pj2aJ4k\/0.jpg\" alt=\"Ankogel Bergbahnen | K&auml;rnten\" width=\"853\" height=\"460\" \/><br \/>Watch this video on YouTube<\/a><\/noscript><meta itemprop=\"description\" content=\"Geh\u00f6rt zwar nicht zu den gr\u00f6\u00dften Skigebieten \u00d6sterreichs, aber fesselt jeden dank seiner Atmosph\u00e4re mit einem Hauch Tradition und wundersch\u00f6nen Alpenausblicken. Ankogel befindet sich in der Nationalparkregion Hohe Tauern, am Ende der Gemeinde Mallnitz und ist nur ung. 30 km vom Skigebiet M\u00f6lltaler Gletscher entfernt.\"><\/div><\/div><div class=\"lL\" style=\"max-width:100%;width:853px;margin:5px auto;\"><br\/><span class=\"lyte_disclaimer\">Upozor\u0148ujeme tak\u00e9, \u017ee pou\u017e\u00edv\u00e1n\u00edm na\u0161ich slu\u017eeb a integrac\u00ed slu\u017eeb YouTube API plat\u00ed <a href=\"https:\/\/www.youtube.com\/t\/terms\">Smluvn\u00ed podm\u00ednky YouTube<\/a> a <a href=\"https:\/\/developers.google.com\/youtube\/terms\/api-services-terms-of-service-emea-de\">Smluvn\u00ed podm\u00ednky YouTube API<\/a> a va\u0161e pou\u017e\u00edv\u00e1n\u00ed na\u0161ich webov\u00fdch str\u00e1nek se pova\u017euje za souhlas s t\u011bmito podm\u00ednkami.<\/span><\/div><figcaption><\/figcaption><\/figure>\n<p>Mallnitz je tak\u00e9 zn\u00e1m\u00fd jako &#8222;Perla N\u00e1rodn\u00edho parku Vysok\u00e9 Taury&#8220;. Tato kr\u00e1sn\u00e1 obec le\u017e\u00ed na \u00fapat\u00ed <a href=\"https:\/\/www.snowtrex.cz\/rakousko\/mallnitz\/lyzarske-stredisko.html\" target=\"_blank\" rel=\"noopener noreferrer\">ly\u017ea\u0159sk\u00e9 oblasti Ankogel<\/a>, a proto je vzd\u00e1lena jen asi 15 kilometr\u016f od <a href=\"https:\/\/www.snowtrex.cz\/rakousko\/flattach\/lyzarske-stredisko.html\" target=\"_blank\" rel=\"noopener noreferrer\">ly\u017ea\u0159sk\u00e9ho are\u00e1lu M\u00f6lltalsk\u00fd ledovec<\/a>. Tam na milovn\u00edky zimn\u00edch sport\u016f \u010dek\u00e1 v\u00edce ne\u017e 17 kilometr\u016f sjezdovek v nadmo\u0159sk\u00e9 v\u00fd\u0161ce 2 108 a\u017e 3 122 m.<\/p>\n<h2 id=\"ly\u017ea\u0159sk\u00e1-oblast-portes-du-soleil-(francie)\">Ly\u017ea\u0159sk\u00e1 oblast Portes du Soleil (Francie)<\/h2>\n<p><strong>Nadmo\u0159sk\u00e1 v\u00fd\u0161ka:<\/strong> 985 &#8211; 2 254 m n. m<\/p>\n<p><strong>Kilometry sjezdovek<\/strong>: 580<\/p>\n<p><strong>Konec sez\u00f3ny:<\/strong> Konec sezony: polovina dubna<\/p>\n<p>Dvan\u00e1ct francouzsk\u00fdch a \u0161v\u00fdcarsk\u00fdch ly\u017ea\u0159sk\u00fdch st\u0159edisek spojilo sv\u00e9 s\u00edly v <a href=\"https:\/\/www.snowtrex.cz\/francie\/portes_du_soleil\/lyzarska_oblast.html\" target=\"_blank\" rel=\"noopener noreferrer\">ly\u017ea\u0159sk\u00e9 oblasti Portes du Soleil<\/a>. Jen <a href=\"https:\/\/www.snowtrex.cz\/francie\/avoriaz\/lyzarske-stredisko.html\" target=\"_blank\" rel=\"noopener noreferrer\">Avoriaz<\/a> se m\u016f\u017ee pochlubit 72 kilometry sjezdovek (960-254 m) a jednou z nejstrm\u011bj\u0161\u00edch sjezdovek na sv\u011bt\u011b. Ch\u00e2tel m\u00e1 83 kilometr\u016f sjezdovek (1 000 &#8211; 2 200 m).<\/p>\n<div class=\"tt-post-image-wrapper tt-post-image-wrapper-full\">\n            <div class=\"tt-image-copyright-container\">\n                <a href=\"https:\/\/www.snowtrex.cz\/magazin\/files\/2024\/01\/RS4776_shutterstock_254389753-scr.jpg\" target=\"_blank\" rel=\"noopener\"><img loading=\"lazy\" decoding=\"async\" data-wrapped=\"true\" class=\"wp-image-52279 size-Artikelbild_gro\u00df\" title=\"Panorama hor ze seda\u010dkov\u00e9 lanovky nad mraky v Portes du Soleil\" src=\"https:\/\/www.snowtrex.cz\/magazin\/files\/2024\/01\/RS4776_shutterstock_254389753-scr-729x486.jpg\" alt=\"Panorama hor ze seda\u010dkov\u00e9 lanovky nad mraky v Portes du Soleil\" width=\"729\" height=\"486\" srcset=\"https:\/\/www.snowtrex.cz\/magazin\/files\/2024\/01\/RS4776_shutterstock_254389753-scr-729x486.jpg 729w, https:\/\/www.snowtrex.cz\/magazin\/files\/2024\/01\/RS4776_shutterstock_254389753-scr-290x193.jpg 290w, https:\/\/www.snowtrex.cz\/magazin\/files\/2024\/01\/RS4776_shutterstock_254389753-scr-728x485.jpg 728w, https:\/\/www.snowtrex.cz\/magazin\/files\/2024\/01\/RS4776_shutterstock_254389753-scr-768x512.jpg 768w, https:\/\/www.snowtrex.cz\/magazin\/files\/2024\/01\/RS4776_shutterstock_254389753-scr-468x312.jpg 468w, https:\/\/www.snowtrex.cz\/magazin\/files\/2024\/01\/RS4776_shutterstock_254389753-scr-300x200.jpg 300w, https:\/\/www.snowtrex.cz\/magazin\/files\/2024\/01\/RS4776_shutterstock_254389753-scr-999x666.jpg 999w, https:\/\/www.snowtrex.cz\/magazin\/files\/2024\/01\/RS4776_shutterstock_254389753-scr-645x430.jpg 645w, https:\/\/www.snowtrex.cz\/magazin\/files\/2024\/01\/RS4776_shutterstock_254389753-scr-552x368.jpg 552w, https:\/\/www.snowtrex.cz\/magazin\/files\/2024\/01\/RS4776_shutterstock_254389753-scr-405x270.jpg 405w, https:\/\/www.snowtrex.cz\/magazin\/files\/2024\/01\/RS4776_shutterstock_254389753-scr-336x224.jpg 336w, https:\/\/www.snowtrex.cz\/magazin\/files\/2024\/01\/RS4776_shutterstock_254389753-scr-276x184.jpg 276w, https:\/\/www.snowtrex.cz\/magazin\/files\/2024\/01\/RS4776_shutterstock_254389753-scr-234x156.jpg 234w, https:\/\/www.snowtrex.cz\/magazin\/files\/2024\/01\/RS4776_shutterstock_254389753-scr-192x128.jpg 192w, https:\/\/www.snowtrex.cz\/magazin\/files\/2024\/01\/RS4776_shutterstock_254389753-scr-120x80.jpg 120w, https:\/\/www.snowtrex.cz\/magazin\/files\/2024\/01\/RS4776_shutterstock_254389753-scr-774x516.jpg 774w, https:\/\/www.snowtrex.cz\/magazin\/files\/2024\/01\/RS4776_shutterstock_254389753-scr-2x1.jpg 2w, https:\/\/www.snowtrex.cz\/magazin\/files\/2024\/01\/RS4776_shutterstock_254389753-scr.jpg 1440w\" sizes=\"(min-width: 1009px) 729px, (min-width: 819px) 594px, (min-width: 569px) 729px, (min-width: 449px) 468px, 348px\" \/><\/a><div class=\"tt-image-copyright\" data-image-id=\"52279\">\u00a9 antb\/shutterstock.de<\/div>\n            <\/div>\n            <div class=\"tt-post-caption\">Panorama hor ze seda\u010dkov\u00e9 lanovky nad mraky v Portes du Soleil<\/div>\n         <\/div > \n<h2 id=\"ly\u017ea\u0159sk\u00e9-st\u0159edisko-obertauern-(rakousko)\">Ly\u017ea\u0159sk\u00e9 st\u0159edisko Obertauern (Rakousko)<\/h2>\n<p style=\"text-align: left\"><strong>Nadmo\u0159sk\u00e1 v\u00fd\u0161ka:<\/strong> 1 630 &#8211; 2 313 m n. m<\/p>\n<p style=\"text-align: left\"><strong>Kilometry sjezdovek<\/strong>: 100<\/p>\n<p style=\"text-align: left\"><strong>Konec sez\u00f3ny:<\/strong> Za\u010d\u00e1tek kv\u011btna<\/p>\n<p><a href=\"https:\/\/www.snowtrex.cz\/rakousko\/obertauern\/lyzarske-stredisko.html\" target=\"_blank\" rel=\"noopener noreferrer\">Ly\u017ea\u0159sk\u00fd are\u00e1l Obertauern<\/a> se nach\u00e1z\u00ed 90 kilometr\u016f ji\u017en\u011b od Salcburku a t\u00e9m\u011b\u0159 z ka\u017ed\u00e9ho m\u00edsta v obci je dostupn\u00fd za n\u011bkolik minut. Sjezdovka &#8222;Gamsleiten 2&#8220; je legend\u00e1rn\u00ed a pat\u0159\u00ed k nejstrm\u011bj\u0161\u00edm sjezdovk\u00e1m v Alp\u00e1ch. B\u011bhem velikono\u010dn\u00edch sv\u00e1tk\u016f l\u00e1k\u00e1 ly\u017ea\u0159sk\u00e9 st\u0159edisko n\u00e1v\u0161t\u011bvn\u00edky tak\u00e9 na r\u016fzn\u00e9 akce.<\/p>\n<div class=\"tt-post-image-wrapper tt-post-image-wrapper-full\">\n            <div class=\"tt-image-copyright-container\">\n                <a href=\"https:\/\/www.snowtrex.cz\/magazin\/files\/2024\/02\/RS16345_shutterstock_566126389-scr.jpg\" target=\"_blank\" rel=\"noopener\"><img loading=\"lazy\" decoding=\"async\" data-wrapped=\"true\" class=\"wp-image-53147 size-Artikelbild_gro\u00df\" title=\"V zasn\u011b\u017een\u00e9m Obertauernu je mo\u017en\u00e9 ly\u017eovat a\u017e do Velikonoc\" src=\"https:\/\/www.snowtrex.cz\/magazin\/files\/2024\/02\/RS16345_shutterstock_566126389-scr-729x486.jpg\" alt=\"V zasn\u011b\u017een\u00e9m Obertauernu je mo\u017en\u00e9 ly\u017eovat a\u017e do Velikonoc\" width=\"729\" height=\"486\" srcset=\"https:\/\/www.snowtrex.cz\/magazin\/files\/2024\/02\/RS16345_shutterstock_566126389-scr-729x486.jpg 729w, https:\/\/www.snowtrex.cz\/magazin\/files\/2024\/02\/RS16345_shutterstock_566126389-scr-290x193.jpg 290w, https:\/\/www.snowtrex.cz\/magazin\/files\/2024\/02\/RS16345_shutterstock_566126389-scr-728x485.jpg 728w, https:\/\/www.snowtrex.cz\/magazin\/files\/2024\/02\/RS16345_shutterstock_566126389-scr-768x512.jpg 768w, https:\/\/www.snowtrex.cz\/magazin\/files\/2024\/02\/RS16345_shutterstock_566126389-scr-468x312.jpg 468w, https:\/\/www.snowtrex.cz\/magazin\/files\/2024\/02\/RS16345_shutterstock_566126389-scr-300x200.jpg 300w, https:\/\/www.snowtrex.cz\/magazin\/files\/2024\/02\/RS16345_shutterstock_566126389-scr-999x666.jpg 999w, https:\/\/www.snowtrex.cz\/magazin\/files\/2024\/02\/RS16345_shutterstock_566126389-scr-645x430.jpg 645w, https:\/\/www.snowtrex.cz\/magazin\/files\/2024\/02\/RS16345_shutterstock_566126389-scr-552x368.jpg 552w, https:\/\/www.snowtrex.cz\/magazin\/files\/2024\/02\/RS16345_shutterstock_566126389-scr-405x270.jpg 405w, https:\/\/www.snowtrex.cz\/magazin\/files\/2024\/02\/RS16345_shutterstock_566126389-scr-336x224.jpg 336w, https:\/\/www.snowtrex.cz\/magazin\/files\/2024\/02\/RS16345_shutterstock_566126389-scr-276x184.jpg 276w, https:\/\/www.snowtrex.cz\/magazin\/files\/2024\/02\/RS16345_shutterstock_566126389-scr-234x156.jpg 234w, https:\/\/www.snowtrex.cz\/magazin\/files\/2024\/02\/RS16345_shutterstock_566126389-scr-192x128.jpg 192w, https:\/\/www.snowtrex.cz\/magazin\/files\/2024\/02\/RS16345_shutterstock_566126389-scr-120x80.jpg 120w, https:\/\/www.snowtrex.cz\/magazin\/files\/2024\/02\/RS16345_shutterstock_566126389-scr-774x516.jpg 774w, https:\/\/www.snowtrex.cz\/magazin\/files\/2024\/02\/RS16345_shutterstock_566126389-scr-2x1.jpg 2w, https:\/\/www.snowtrex.cz\/magazin\/files\/2024\/02\/RS16345_shutterstock_566126389-scr.jpg 1440w\" sizes=\"(min-width: 1009px) 729px, (min-width: 819px) 594px, (min-width: 569px) 729px, (min-width: 449px) 468px, 348px\" \/><\/a><div class=\"tt-image-copyright\" data-image-id=\"53147\">\u00a9 Pawel Kazmierczak\/shutterstock.de<\/div>\n            <\/div>\n            <div class=\"tt-post-caption\">V zasn\u011b\u017een\u00e9m Obertauernu je mo\u017en\u00e9 ly\u017eovat a\u017e do Velikonoc<\/div>\n         <\/div > \n<h2 id=\"tipy-pro-ly\u017eov\u00e1n\u00ed-na-ja\u0159e\">Tipy pro ly\u017eov\u00e1n\u00ed na ja\u0159e<\/h2>\n<h3>Zkontrolujte podm\u00ednky na sjezdovk\u00e1ch<\/h3>\n<p>Na ja\u0159e jsou sn\u011bhov\u00e9 podm\u00ednky \u010dasto velmi prom\u011bnliv\u00e9. Slune\u010dn\u00e9 svahy jsou r\u00e1no je\u0161t\u011b pevn\u011b zmrzl\u00e9, zat\u00edmco odpoledne za\u010d\u00edn\u00e1 sn\u00edh t\u00e1t. V d\u016fsledku toho je sn\u011bhov\u00e1 pokr\u00fdvka siln\u011b prom\u00e1\u010den\u00e1. V noci naopak n\u00edzk\u00e9 teploty umo\u017e\u0148uj\u00ed, aby sn\u00edh op\u011bt zhoustl. Tento cyklus vytv\u00e1\u0159\u00ed kompaktn\u00ed, hladkou sjezdovku a st\u00e1le pevn\u011bj\u0161\u00ed sn\u011bhovou pokr\u00fdvku, kter\u00e1 se nejpozd\u011bji od poledne st\u00e1v\u00e1 st\u00e1le n\u00e1ro\u010dn\u011bj\u0161\u00ed. Rozb\u0159edl\u00fd sn\u00edh rozmrzl\u00fd sluncem a stla\u010den\u00fd mnoha zimn\u00edmi sportovci tak\u00e9 zt\u011b\u017euje sjezdy mnoha vyznava\u010d\u016fm zimn\u00edch sport\u016f.<\/p>\n<h3>Kondi\u010dn\u00ed tr\u00e9nink<\/h3>\n<p>Fyzick\u00e1 kondice m\u016f\u017ee b\u00fdt v kr\u00e1sn\u00fdch jarn\u00edch dnech kl\u00ed\u010dov\u00e1. To proto, \u017ee m\u011bn\u00edc\u00ed se podm\u00ednky na sjezdovk\u00e1ch \u010dasto kladou na milovn\u00edky zimn\u00edch sport\u016f extr\u00e9mn\u00ed n\u00e1roky. Na tvrd\u00e9m a hladk\u00e9m sn\u011bhu je pot\u0159eba hodn\u011b s\u00edly k proveden\u00ed spr\u00e1vn\u00fdch zat\u00e1\u010dek. Naopak na m\u011bkk\u00e9m sn\u011bhu je zat\u00e1\u010den\u00ed st\u00e1le obt\u00ed\u017en\u011bj\u0161\u00ed. Pro p\u0159\u00edpravu na tuto z\u00e1t\u011b\u017e se doporu\u010duje <a href=\"https:\/\/www.snowtrex.cz\/magazin\/top-10\/lyzarska-gymnastika\/\" target=\"_blank\" rel=\"noopener noreferrer\">ly\u017ea\u0159sk\u00e1 gymnastika<\/a> a <a href=\"https:\/\/www.snowtrex.cz\/magazin\/dovolena-a-zimni-sporty\/odborne-fitness-tipy-dslv\/\" target=\"_blank\" rel=\"noopener noreferrer\">silov\u00fd a vytrvalostn\u00ed tr\u00e9nink<\/a>. P\u0159edejdete tak brzk\u00fdm p\u0159\u00edznak\u016fm \u00fanavy na sjezdovce. Pokud tedy za\u010d\u00edn\u00e1te ka\u017ed\u00fd den na hor\u00e1ch dob\u0159e odpo\u010dat\u00ed a zah\u0159\u00e1t\u00ed, p\u0159edch\u00e1z\u00edte tak\u00e9 zran\u011bn\u00edm.<\/p>\n<div class=\"tt-post-image-wrapper tt-post-image-wrapper-full\">\n            <div class=\"tt-image-copyright-container\">\n                <a href=\"https:\/\/www.snowtrex.cz\/magazin\/files\/2024\/06\/RS15698_shutterstock_398462344-hsc.jpg\" target=\"_blank\" rel=\"noopener\"><img loading=\"lazy\" decoding=\"async\" data-wrapped=\"true\" class=\"wp-image-34716 size-Artikelbild_gro\u00df\" title=\"Je d\u016fle\u017eit\u00e9, aby se ly\u017ea\u0159i a snowboardist\u00e9 p\u0159ed prvn\u00edm sjezdem zah\u0159\u00e1li\" src=\"https:\/\/www.snowtrex.cz\/magazin\/files\/2024\/06\/RS15698_shutterstock_398462344-hsc-729x486.jpg\" alt=\"Je d\u016fle\u017eit\u00e9, aby se ly\u017ea\u0159i a snowboardist\u00e9 p\u0159ed prvn\u00edm sjezdem zah\u0159\u00e1li\" width=\"729\" height=\"486\" srcset=\"https:\/\/www.snowtrex.cz\/magazin\/files\/2024\/06\/RS15698_shutterstock_398462344-hsc-729x486.jpg 729w, https:\/\/www.snowtrex.cz\/magazin\/files\/2024\/06\/RS15698_shutterstock_398462344-hsc-290x193.jpg 290w, https:\/\/www.snowtrex.cz\/magazin\/files\/2024\/06\/RS15698_shutterstock_398462344-hsc-728x485.jpg 728w, https:\/\/www.snowtrex.cz\/magazin\/files\/2024\/06\/RS15698_shutterstock_398462344-hsc-768x512.jpg 768w, https:\/\/www.snowtrex.cz\/magazin\/files\/2024\/06\/RS15698_shutterstock_398462344-hsc-1536x1024.jpg 1536w, https:\/\/www.snowtrex.cz\/magazin\/files\/2024\/06\/RS15698_shutterstock_398462344-hsc-468x312.jpg 468w, https:\/\/www.snowtrex.cz\/magazin\/files\/2024\/06\/RS15698_shutterstock_398462344-hsc-300x200.jpg 300w, https:\/\/www.snowtrex.cz\/magazin\/files\/2024\/06\/RS15698_shutterstock_398462344-hsc-999x666.jpg 999w, https:\/\/www.snowtrex.cz\/magazin\/files\/2024\/06\/RS15698_shutterstock_398462344-hsc-645x430.jpg 645w, https:\/\/www.snowtrex.cz\/magazin\/files\/2024\/06\/RS15698_shutterstock_398462344-hsc-552x368.jpg 552w, https:\/\/www.snowtrex.cz\/magazin\/files\/2024\/06\/RS15698_shutterstock_398462344-hsc-405x270.jpg 405w, https:\/\/www.snowtrex.cz\/magazin\/files\/2024\/06\/RS15698_shutterstock_398462344-hsc-336x224.jpg 336w, https:\/\/www.snowtrex.cz\/magazin\/files\/2024\/06\/RS15698_shutterstock_398462344-hsc-276x184.jpg 276w, https:\/\/www.snowtrex.cz\/magazin\/files\/2024\/06\/RS15698_shutterstock_398462344-hsc-234x156.jpg 234w, https:\/\/www.snowtrex.cz\/magazin\/files\/2024\/06\/RS15698_shutterstock_398462344-hsc-192x128.jpg 192w, https:\/\/www.snowtrex.cz\/magazin\/files\/2024\/06\/RS15698_shutterstock_398462344-hsc-120x80.jpg 120w, https:\/\/www.snowtrex.cz\/magazin\/files\/2024\/06\/RS15698_shutterstock_398462344-hsc-774x516.jpg 774w, https:\/\/www.snowtrex.cz\/magazin\/files\/2024\/06\/RS15698_shutterstock_398462344-hsc-2x1.jpg 2w, https:\/\/www.snowtrex.cz\/magazin\/files\/2024\/06\/RS15698_shutterstock_398462344-hsc.jpg 1920w\" sizes=\"(min-width: 1009px) 729px, (min-width: 819px) 594px, (min-width: 569px) 729px, (min-width: 449px) 468px, 348px\" \/><\/a><div class=\"tt-image-copyright\" data-image-id=\"34716\">\u00a9 gevision\/shutterstock.de<\/div>\n            <\/div>\n            <div class=\"tt-post-caption\">Je d\u016fle\u017eit\u00e9, aby se ly\u017ea\u0159i a snowboardist\u00e9 p\u0159ed prvn\u00edm sjezdem zah\u0159\u00e1li<\/div>\n         <\/div > \n<h3>P\u0159ebru\u0161ov\u00e1n\u00ed a brou\u0161en\u00ed hran<\/h3>\n<p>P\u0159i jarn\u00edm ly\u017eov\u00e1n\u00ed je tak\u00e9 velmi d\u016fle\u017eit\u00fd stav ly\u017e\u00ed a snowboardu. Ostr\u00e9 hrany jsou nutnost\u00ed pro rann\u00ed ledov\u00e9 podm\u00ednky, zat\u00edmco spr\u00e1vn\u011b navoskovan\u00fd povrch zvy\u0161uje schopnost zat\u00e1\u010det na mokr\u00e9m sn\u011bhu v odpoledn\u00edch hodin\u00e1ch. Na\u0161e doporu\u010den\u00ed SnowTrex: ka\u017edodenn\u00ed o\u0161et\u0159en\u00ed hran brusn\u00fdm kamenem nebo gumou a ka\u017edodenn\u00ed <a href=\"https:\/\/www.snowtrex.cz\/magazin\/vybaveni\/pece-o-lyze\/\" target=\"_blank\" rel=\"noopener noreferrer\">p\u0159evoskov\u00e1n\u00ed tekut\u00fdm voskem<\/a>.<\/p>\n<h3>Za\u010dn\u011bte ly\u017ea\u0159sk\u00fd den brzy<\/h3>\n<p>Odpoledn\u00ed rozb\u0159edl\u00e9 sjezdovky nejsou pro ka\u017ed\u00e9ho \u0161\u00e1lkem \u010daje. Milovn\u00edk\u016fm zimn\u00edch sport\u016f, kte\u0159\u00ed se jim cht\u011bj\u00ed vyhnout, doporu\u010dujeme za\u010d\u00edt sv\u016fj ly\u017ea\u0159sk\u00fd den brzy. Tak mohou maxim\u00e1ln\u011b vyu\u017e\u00edt perfektn\u011b p\u0159ipraven\u00e9 sjezdovky a tvrd\u00e9 sn\u011bhov\u00e9 podm\u00ednky. P\u0159ehled o otev\u0159en\u00fdch sjezdovk\u00e1ch a vlec\u00edch poskytuj\u00ed mapy sjezdovek a panoramatick\u00e9 mapy v \u00fadoln\u00edch stanic\u00edch, stejn\u011b jako pohled na webov\u00e9 str\u00e1nky ly\u017ea\u0159sk\u00e9ho st\u0159ediska.<\/p>\n<h3>Nezapome\u0148te na ochranu p\u0159ed sluncem a hydrataci<\/h3>\n<p>Dal\u0161\u00edm bodem, kter\u00fd by milovn\u00edci zimn\u00edch sport\u016f nem\u011bli na ja\u0159e, a tedy i o Velikonoc\u00edch, opom\u00edjet, je ochrana p\u0159ed sluncem. V\u017edy\u0165 intenzita slune\u010dn\u00edch paprsk\u016f v nadmo\u0159sk\u00e9 v\u00fd\u0161ce 2 500 metr\u016f je o 33 procent vy\u0161\u0161\u00ed ne\u017e ve v\u00fd\u0161ce 300 metr\u016f. Vod\u011bodoln\u00fd opalovac\u00ed kr\u00e9m s co nejvy\u0161\u0161\u00edm ochrann\u00fdm faktorem je proto nezbytnou sou\u010d\u00e1st\u00ed va\u0161eho zavazadla. Pokud se hodn\u011b pot\u00edte, m\u011bli byste se pravideln\u011b hydratovat. Balz\u00e1m na rty s rostlinn\u00fdmi vosky nebo oleji tak\u00e9 chr\u00e1n\u00ed rty p\u0159ed vysou\u0161en\u00edm a tvorbou puch\u00fd\u0159\u016f. Nezbytnost\u00ed jsou tak\u00e9 ochrann\u00e9 slune\u010dn\u00ed br\u00fdle a ly\u017ea\u0159sk\u00e1 helma.<\/p>\n<div class=\"tt-post-image-wrapper tt-post-image-wrapper-full\">\n            <div class=\"tt-image-copyright-container\">\n                <a href=\"https:\/\/www.snowtrex.cz\/magazin\/files\/2024\/06\/RS15716_shutterstock_491554669-scr.jpg\" target=\"_blank\" rel=\"noopener\"><img loading=\"lazy\" decoding=\"async\" data-wrapped=\"true\" class=\"wp-image-52923 size-Artikelbild_gro\u00df\" title=\"Na hor\u00e1ch je slunce obzvl\u00e1\u0161\u0165 intenzivn\u00ed. Proto zejm\u00e9na na ja\u0159e: v\u017edy se nat\u00edrejte opalovac\u00edm kr\u00e9mem!\" src=\"https:\/\/www.snowtrex.cz\/magazin\/files\/2024\/06\/RS15716_shutterstock_491554669-scr-729x486.jpg\" alt=\"Na hor\u00e1ch je slunce obzvl\u00e1\u0161\u0165 intenzivn\u00ed. Proto zejm\u00e9na na ja\u0159e: v\u017edy se nat\u00edrejte opalovac\u00edm kr\u00e9mem!\" width=\"729\" height=\"486\" srcset=\"https:\/\/www.snowtrex.cz\/magazin\/files\/2024\/06\/RS15716_shutterstock_491554669-scr-729x486.jpg 729w, https:\/\/www.snowtrex.cz\/magazin\/files\/2024\/06\/RS15716_shutterstock_491554669-scr-290x193.jpg 290w, https:\/\/www.snowtrex.cz\/magazin\/files\/2024\/06\/RS15716_shutterstock_491554669-scr-728x485.jpg 728w, https:\/\/www.snowtrex.cz\/magazin\/files\/2024\/06\/RS15716_shutterstock_491554669-scr-768x512.jpg 768w, https:\/\/www.snowtrex.cz\/magazin\/files\/2024\/06\/RS15716_shutterstock_491554669-scr-468x312.jpg 468w, https:\/\/www.snowtrex.cz\/magazin\/files\/2024\/06\/RS15716_shutterstock_491554669-scr-300x200.jpg 300w, https:\/\/www.snowtrex.cz\/magazin\/files\/2024\/06\/RS15716_shutterstock_491554669-scr-999x666.jpg 999w, https:\/\/www.snowtrex.cz\/magazin\/files\/2024\/06\/RS15716_shutterstock_491554669-scr-645x430.jpg 645w, https:\/\/www.snowtrex.cz\/magazin\/files\/2024\/06\/RS15716_shutterstock_491554669-scr-552x368.jpg 552w, https:\/\/www.snowtrex.cz\/magazin\/files\/2024\/06\/RS15716_shutterstock_491554669-scr-405x270.jpg 405w, https:\/\/www.snowtrex.cz\/magazin\/files\/2024\/06\/RS15716_shutterstock_491554669-scr-336x224.jpg 336w, https:\/\/www.snowtrex.cz\/magazin\/files\/2024\/06\/RS15716_shutterstock_491554669-scr-276x184.jpg 276w, https:\/\/www.snowtrex.cz\/magazin\/files\/2024\/06\/RS15716_shutterstock_491554669-scr-234x156.jpg 234w, https:\/\/www.snowtrex.cz\/magazin\/files\/2024\/06\/RS15716_shutterstock_491554669-scr-192x128.jpg 192w, https:\/\/www.snowtrex.cz\/magazin\/files\/2024\/06\/RS15716_shutterstock_491554669-scr-120x80.jpg 120w, https:\/\/www.snowtrex.cz\/magazin\/files\/2024\/06\/RS15716_shutterstock_491554669-scr-774x516.jpg 774w, https:\/\/www.snowtrex.cz\/magazin\/files\/2024\/06\/RS15716_shutterstock_491554669-scr-2x1.jpg 2w, https:\/\/www.snowtrex.cz\/magazin\/files\/2024\/06\/RS15716_shutterstock_491554669-scr.jpg 1440w\" sizes=\"(min-width: 1009px) 729px, (min-width: 819px) 594px, (min-width: 569px) 729px, (min-width: 449px) 468px, 348px\" \/><\/a><div class=\"tt-image-copyright\" data-image-id=\"52923\">\u00a9 plprod\/shutterstock.de<\/div>\n            <\/div>\n            <div class=\"tt-post-caption\">Na hor\u00e1ch je slunce obzvl\u00e1\u0161\u0165 intenzivn\u00ed. Proto zejm\u00e9na na ja\u0159e: v\u017edy se nat\u00edrejte opalovac\u00edm kr\u00e9mem!<\/div>\n         <\/div > \n<p>Tak\u00e9 d\u016frazn\u011b doporu\u010dujeme: hodn\u011b pijte! Ve vysok\u00fdch nadmo\u0159sk\u00fdch v\u00fd\u0161k\u00e1ch a b\u011bhem cvi\u010den\u00ed pot\u0159ebuje t\u011blo v\u00edce tekutin. Doporu\u010dujeme p\u0159edev\u0161\u00edm \u010daje nebo d\u017eusy ve spreji. Alkohol nem\u00e1 na hor\u00e1ch m\u00edsto &#8211; m\u011bl by se konzumovat pouze b\u011bhem apr\u00e9s-ski v \u00fadol\u00ed.<\/p>\n<p><strong>Pokud hled\u00e1te vhodn\u00e9 nab\u00eddky pro ly\u017ea\u0159sk\u00fd z\u00e1jezd o <a href=\"https:\/\/www.snowtrex.cz\/svet-zajezdu\/velikonoce.html\" target=\"_blank\" rel=\"noopener noreferrer\">Velikonoc\u00edch<\/a>, pak je SnowTrex t\u00edm prav\u00fdm m\u00edstem pro v\u00e1s.<\/strong><\/p>\n<h2 id=\"\u010cast\u00e9-dotazy-k-ly\u017eov\u00e1n\u00ed-na-ja\u0159e-a-o-velikonoc\u00edch\">\u010cast\u00e9 dotazy k ly\u017eov\u00e1n\u00ed na ja\u0159e a o Velikonoc\u00edch<\/h2>\n<h3>Kter\u00e1 ly\u017ea\u0159sk\u00e1 st\u0159ediska v Rakousku jsou v provozu i o Velikonoc\u00edch?<\/h3>\n<p>O velikono\u010dn\u00edch sv\u00e1tc\u00edch jsou v Rakousku otev\u0159ena p\u0159edev\u0161\u00edm ly\u017ea\u0159sk\u00e1 st\u0159ediska s ledovcem nebo s vysokou nadmo\u0159skou v\u00fd\u0161kou. Pat\u0159\u00ed mezi n\u011b ledovcov\u00e9 ly\u017ea\u0159sk\u00e9 are\u00e1ly v Pitztalu, S\u00f6ldenu, Zillertalu, Kitzsteinhornu, M\u00f6lltalu a na Stubaisk\u00e9m ledovci. Tak\u00e9 ly\u017ea\u0159sk\u00e1 st\u0159ediska na Arlbergu a v Ischglu t\u011b\u017e\u00ed z dobr\u00e9 nadmo\u0159sk\u00e9 v\u00fd\u0161ky, kter\u00e1 je d\u016fle\u017eit\u00e1 zejm\u00e9na pro spolehlivost sn\u011bhu na ja\u0159e. Ly\u017ea\u0159sk\u00e1 sez\u00f3na zde obvykle kon\u010d\u00ed a\u017e od poloviny dubna do za\u010d\u00e1tku kv\u011btna.<\/p>\n<h3>Mohou milovn\u00edci zimn\u00edch sport\u016f ly\u017eovat i na ja\u0159e a o Velikonoc\u00edch?<\/h3>\n<p>N\u011bkter\u00e1 ly\u017ea\u0159sk\u00e1 st\u0159ediska v Alp\u00e1ch mohou vzhledem ke sv\u00e9 velikosti a nadmo\u0159sk\u00e9 v\u00fd\u0161ce a s t\u00edm souvisej\u00edc\u00ed z\u00e1ruce sn\u011bhu zaru\u010dit provoz vlek\u016f a \u00fapravu sjezdovek a\u017e do b\u0159ezna a dubna. N\u011bkter\u00e1 ly\u017ea\u0159sk\u00e1 st\u0159ediska v Rakousku, \u0160v\u00fdcarsku, It\u00e1lii a Francii dokonce ukon\u010duj\u00ed ly\u017ea\u0159skou sez\u00f3nu v kv\u011btnu. V\u011bt\u0161inou se jedn\u00e1 o ledovcov\u00e9 ly\u017ea\u0159sk\u00e9 oblasti.<\/p>\n<h3>Kter\u00e1 ly\u017ea\u0159sk\u00e1 st\u0159ediska ve Francii jsou v provozu i o Velikonoc\u00edch?<\/h3>\n<p>Milovn\u00edci zimn\u00edch sport\u016f, kte\u0159\u00ed si cht\u011bj\u00ed zaly\u017eovat i o Velikonoc\u00edch, maj\u00ed ve Francii dobr\u00e9 podm\u00ednky, zejm\u00e9na v ly\u017ea\u0159sk\u00fdch st\u0159edisc\u00edch ve vy\u0161\u0161\u00edch poloh\u00e1ch. Pat\u0159\u00ed mezi n\u011b Les 2 Alpes, Tignes-Val d&#8217;Is\u00e8re, Alpe d&#8217;Huez a Val Thorens, kde nejvy\u0161\u0161\u00ed bod ly\u017ea\u0159sk\u00e9 oblasti p\u0159esahuje 3 000 metr\u016f. Do poloviny dubna jsou v provozu tak\u00e9 ly\u017ea\u0159sk\u00e1 st\u0159ediska La F\u00f4ret Blanche (2 750 m) a Portes du Soleil (2 254 m).<\/p>\n<h3>Je mo\u017en\u00e9 ly\u017eovat, kdy\u017e venku mrzne?<\/h3>\n<p>Na ja\u0159e, kdy jsou venkovn\u00ed teploty i ve vysok\u00fdch hor\u00e1ch nad nulou a na svaz\u00edch sv\u00edt\u00ed slunce, se zde st\u00e1le ly\u017euje. Milovn\u00edci zimn\u00edch sport\u016f se v\u0161ak mus\u00ed p\u0159izp\u016fsobit pov\u011btrnostn\u00edm podm\u00ednk\u00e1m na sjezdovk\u00e1ch. D\u00edky teplotn\u00edm v\u00fdkyv\u016fm jsou sjezdovky s postupuj\u00edc\u00edm dnem m\u011bk\u010d\u00ed. Proto\u017ee sn\u00edh je mok\u0159ej\u0161\u00ed, t\u011b\u017e\u0161\u00ed a lepiv\u011bj\u0161\u00ed, tedy &#8222;mrzut\u00fd&#8220;, pot\u0159ebujete k prov\u00e1d\u011bn\u00ed oblouk\u016f v\u00edce s\u00edly.<\/p>\n<h3>Kter\u00e1 ly\u017ea\u0159sk\u00e1 st\u0159ediska ve \u0160v\u00fdcarsku jsou v provozu i o Velikonoc\u00edch?<\/h3>\n<p>Ve \u0160v\u00fdcarsku si mohou ly\u017ea\u0159i a snowboardist\u00e9 u\u017e\u00edt fantastick\u00e9 sjezdy i na ja\u0159e a o Velikonoc\u00edch. Ly\u017ea\u0159sk\u00e1 sez\u00f3na v ly\u017ea\u0159sk\u00fdch st\u0159edisc\u00edch Zermatt, Engelberg a Saas-Fee kon\u010d\u00ed nejd\u0159\u00edve v polovin\u011b dubna. Do t\u00e9 doby mohou v\u0161echna t\u0159i ly\u017ea\u0159sk\u00e1 st\u0159ediska zaz\u00e1\u0159it sjezdovkami, kter\u00e9 za\u010d\u00ednaj\u00ed v nadmo\u0159sk\u00e9 v\u00fd\u0161ce nejm\u00e9n\u011b 3 000 metr\u016f a n\u011bkdy i v\u00fd\u0161e.<\/p>\n","protected":false},"excerpt":{"rendered":"<p>Spousta sn\u011bhu, hodn\u011b slunce, dobr\u00e1 viditelnost, ne p\u0159\u00edli\u0161 velk\u00e1 zima: ly\u017eov\u00e1n\u00ed na ja\u0159e nebo o Velikonoc\u00edch je skute\u010dn\u00fdm po\u017eitkem. Aby v\u0161ak milovn\u00edci zimn\u00edch sport\u016f mohli tyto podm\u00ednky co nejl\u00e9pe vyu\u017e\u00edt, m\u011bli by se zejm\u00e9na v b\u0159eznu a dubnu \u0159\u00eddit n\u011bkolika radami. SnowTrex v\u00e1m uk\u00e1\u017ee, jak se nejl\u00e9pe vyhnout odpoledn\u00ed t\u011b\u017ek\u00e9 sn\u011bhov\u00e9 b\u0159e\u010dce, co je d\u016fle\u017eit\u00e9, pokud jde o kondici na sjezdovk\u00e1ch, a kter\u00e1 ly\u017ea\u0159sk\u00e1 st\u0159ediska mohou o Velikonoc\u00edch je\u0161t\u011b z\u00e1\u0159it zaru\u010den\u00fdm sn\u011bhem.<\/p>\n","protected":false},"author":178,"featured_media":53133,"comment_status":"closed","ping_status":"closed","sticky":false,"template":"","format":"standard","meta":{"footnotes":""},"categories":[5],"tags":[17,18,112,114,19,494,46,370,191,253,349,25,377,26,441,379,97,382,380,27,472,177,522,55,523,29,30,443,254,361,31,178,99,71,101,257,172,433,434,524,446,478,350,180,363,364,369,352,509,35,36,437,102,495,64,505,353,176,449,38,355,130,39,258,511,451,440,366,103,40,41,68,42],"class_list":["post-12634","post","type-post","status-publish","format-standard","has-post-thumbnail","hentry","category-lyzarska-strediska","tag-alpe_dhuez","tag-arosa","tag-avoriaz","tag-chatel","tag-engelberg","tag-engelberger-tal","tag-flirsch","tag-francie","tag-fugen","tag-fulpmes","tag-graubunden","tag-hintertux","tag-hippach_schwendau_ramsau","tag-ischgl","tag-isere","tag-italie","tag-jerzens","tag-jizni-tyrolsko","tag-kaltenbach_ried_stumm","tag-kaprun","tag-korutany","tag-kurzras","tag-la-foret-blanche","tag-langenfeld","tag-ledovec_molltal","tag-lenzerheide","tag-les_2_alpes","tag-les_3_vallees_tri_udoli","tag-mallnitz","tag-matterhorn","tag-mayrhofen","tag-naturno","tag-neustift","tag-obertauern","tag-obervellach","tag-oisans","tag-orelle","tag-otztal","tag-paznauntal","tag-pitztal","tag-portes_du_soleil","tag-radstadtske-taury","tag-rakousko","tag-saas-fee","tag-saastal","tag-salcbursko","tag-savojsko","tag-schanfigger-tal","tag-schnalstal_val_senales","tag-solden","tag-st-_anton","tag-st-_anton_am_arlberg","tag-st-_leonhard","tag-stredni-svycarsko","tag-strengen_am_arlberg","tag-stubaital","tag-svycarsko","tag-tignes","tag-tignes-val-disere","tag-tux","tag-tyrolsko","tag-val_disere","tag-val_thorens","tag-vars","tag-vernago_vernagt","tag-vysoke-alpy","tag-vysoke-savojsko","tag-wallis","tag-wenns","tag-zell_am_see","tag-zell_am_see-kaprun","tag-zell_am_ziller","tag-zermatt"],"yoast_head":"<!-- This site is optimized with the Yoast SEO Premium plugin v27.3 (Yoast SEO v27.3) - https:\/\/yoast.com\/product\/yoast-seo-premium-wordpress\/ -->\n<title>Ly\u017eov\u00e1n\u00ed na ja\u0159e - 19 nejlep\u0161\u00edch ly\u017ea\u0159sk\u00fdch st\u0159edisek a tipy pro mimosez\u00f3nn\u00ed obdob\u00ed<\/title>\n<meta name=\"description\" content=\"Spole\u010dnost SnowTrex p\u0159ipravila pro milovn\u00edky zimn\u00edch sport\u016f, kte\u0159\u00ed si cht\u011bj\u00ed zaly\u017eovat i na ja\u0159e, tipy na ly\u017ea\u0159sk\u00e1 st\u0159ediska, kde je dostatek sn\u011bhu.\" \/>\n<meta name=\"robots\" content=\"index, follow, max-snippet:-1, max-image-preview:large, max-video-preview:-1\" \/>\n<link rel=\"canonical\" href=\"https:\/\/www.snowtrex.cz\/magazin\/lyzarska-strediska\/lyzovani-na-jare\/\" \/>\n<meta property=\"og:locale\" content=\"cs_CZ\" \/>\n<meta property=\"og:type\" content=\"article\" \/>\n<meta property=\"og:title\" content=\"Ly\u017eov\u00e1n\u00ed na ja\u0159e - Kter\u00e1 ly\u017ea\u0159sk\u00e1 st\u0159ediska jsou mimo sez\u00f3nu v provozu?\" \/>\n<meta property=\"og:description\" content=\"Spousta sn\u011bhu, hodn\u011b slunce, dobr\u00e1 viditelnost, ne p\u0159\u00edli\u0161 velk\u00e1 zima: ly\u017eov\u00e1n\u00ed na ja\u0159e nebo o Velikonoc\u00edch je skute\u010dn\u00fdm po\u017eitkem. Aby v\u0161ak milovn\u00edci zimn\u00edch sport\u016f mohli tyto podm\u00ednky co nejl\u00e9pe vyu\u017e\u00edt, m\u011bli by se zejm\u00e9na v b\u0159eznu a dubnu \u0159\u00eddit n\u011bkolika radami. SnowTrex v\u00e1m uk\u00e1\u017ee, jak se nejl\u00e9pe vyhnout odpoledn\u00ed t\u011b\u017ek\u00e9 sn\u011bhov\u00e9 b\u0159e\u010dce, co je d\u016fle\u017eit\u00e9, pokud jde o kondici na sjezdovk\u00e1ch, a kter\u00e1 ly\u017ea\u0159sk\u00e1 st\u0159ediska mohou o Velikonoc\u00edch je\u0161t\u011b z\u00e1\u0159it zaru\u010den\u00fdm sn\u011bhem.\" \/>\n<meta property=\"og:url\" content=\"https:\/\/www.snowtrex.cz\/magazin\/lyzarska-strediska\/lyzovani-na-jare\/\" \/>\n<meta property=\"og:site_name\" content=\"SnowTrex Ski-Magaz\u00edn\" \/>\n<meta property=\"article:publisher\" content=\"https:\/\/www.facebook.com\/snowtrex\" \/>\n<meta property=\"article:author\" content=\"https:\/\/www.facebook.com\/snowtrex\/\" \/>\n<meta property=\"article:published_time\" content=\"2026-02-10T00:00:00+00:00\" \/>\n<meta property=\"article:modified_time\" content=\"2026-02-10T11:00:31+00:00\" \/>\n<meta name=\"author\" content=\"SnowTrex\" \/>\n<meta name=\"twitter:card\" content=\"summary_large_image\" \/>\n<meta name=\"twitter:image\" content=\"https:\/\/www.snowtrex.cz\/magazin\/files\/2024\/02\/RS12703_SNOW3924-hsc.jpg\" \/>\n<meta name=\"twitter:label1\" content=\"Napsal(a)\" \/>\n\t<meta name=\"twitter:data1\" content=\"SnowTrex\" \/>\n\t<meta name=\"twitter:label2\" content=\"Odhadovan\u00e1 doba \u010dten\u00ed\" \/>\n\t<meta name=\"twitter:data2\" content=\"19 minut\" \/>\n<script type=\"application\/ld+json\" class=\"yoast-schema-graph\">{\"@context\":\"https:\\\/\\\/schema.org\",\"@graph\":[{\"@type\":\"Article\",\"@id\":\"http:\\\/\\\/wp-magazin.snowtrex.cz\\\/lyzarska-strediska\\\/lyzovani-na-jare\\\/#article\",\"isPartOf\":{\"@id\":\"http:\\\/\\\/wp-magazin.snowtrex.cz\\\/lyzarska-strediska\\\/lyzovani-na-jare\\\/\"},\"author\":{\"name\":\"SnowTrex\",\"@id\":\"http:\\\/\\\/wp-magazin.snowtrex.cz\\\/#\\\/schema\\\/person\\\/ad1887a4d155ef6b5b8b4fc8990d92dd\"},\"headline\":\"Ly\u017eov\u00e1n\u00ed na ja\u0159e &#8211; Kter\u00e1 ly\u017ea\u0159sk\u00e1 st\u0159ediska jsou mimo sez\u00f3nu v provozu?\",\"datePublished\":\"2026-02-10T00:00:00+00:00\",\"dateModified\":\"2026-02-10T11:00:31+00:00\",\"mainEntityOfPage\":{\"@id\":\"http:\\\/\\\/wp-magazin.snowtrex.cz\\\/lyzarska-strediska\\\/lyzovani-na-jare\\\/\"},\"wordCount\":3861,\"publisher\":{\"@id\":\"http:\\\/\\\/wp-magazin.snowtrex.cz\\\/#organization\"},\"image\":{\"@id\":\"http:\\\/\\\/wp-magazin.snowtrex.cz\\\/lyzarska-strediska\\\/lyzovani-na-jare\\\/#primaryimage\"},\"thumbnailUrl\":\"http:\\\/\\\/wp-magazin.snowtrex.cz\\\/files\\\/2024\\\/02\\\/RS12703_SNOW3924-hsc.jpg\",\"keywords\":[\"Alpe d'Huez\",\"Arosa\",\"Avoriaz\",\"Chatel\",\"Engelberg\",\"Engelberger Tal\",\"Flirsch\",\"Francie\",\"F\u00fcgen\",\"Fulpmes\",\"Graub\u00fcnden\",\"Hintertux\",\"Hippach - Schwendau - Ramsau\",\"Ischgl\",\"Is\u00e8re\",\"It\u00e1lie\",\"Jerzens\",\"Ji\u017en\u00ed Tyrolsko\",\"Kaltenbach - Ried - Stumm\",\"Kaprun\",\"Korutany\",\"Kurzras\",\"La For\u00eat Blanche\",\"L\u00e4ngenfeld\",\"Ledovec M\u00f6lltal\",\"Lenzerheide\",\"Les 2 Alpes\",\"Les 3 Vall\u00e9es (T\u0159i \u00fadol\u00ed)\",\"Mallnitz\",\"Matterhorn\",\"Mayrhofen\",\"Naturno\",\"Neustift\",\"Obertauern\",\"Obervellach\",\"Oisans\",\"Orelle\",\"\u00d6tztal\",\"Paznauntal\",\"Pitztal\",\"Portes du Soleil\",\"Radstadtsk\u00e9 Taury\",\"Rakousko\",\"Saas-Fee\",\"Saastal\",\"Salcbursko\",\"Savojsko\",\"Schanfigger Tal\",\"Schnalstal (Val Senales)\",\"S\u00f6lden\",\"St. Anton\",\"St. Anton am Arlberg\",\"St. Leonhard\",\"St\u0159edn\u00ed \u0160v\u00fdcarsko\",\"Strengen am Arlberg\",\"Stubaital\",\"\u0160v\u00fdcarsko\",\"Tignes\",\"Tignes \u2013 Val d\u2019Is\u00e8re\",\"Tux\",\"Tyrolsko\",\"Val d'Is\u00e8re\",\"Val Thorens\",\"Vars\",\"Vernago (Vernagt)\",\"Vysok\u00e9 Alpy\",\"Vysok\u00e9 Savojsko\",\"Wallis\",\"Wenns\",\"Zell am See\",\"Zell am See-Kaprun\",\"Zell am Ziller\",\"Zermatt\"],\"articleSection\":[\"Z ly\u017ea\u0159sk\u00fdch st\u0159edisek\"],\"inLanguage\":\"cs\"},{\"@type\":\"WebPage\",\"@id\":\"http:\\\/\\\/wp-magazin.snowtrex.cz\\\/lyzarska-strediska\\\/lyzovani-na-jare\\\/\",\"url\":\"http:\\\/\\\/wp-magazin.snowtrex.cz\\\/lyzarska-strediska\\\/lyzovani-na-jare\\\/\",\"name\":\"Ly\u017eov\u00e1n\u00ed na ja\u0159e - 19 nejlep\u0161\u00edch ly\u017ea\u0159sk\u00fdch st\u0159edisek a tipy pro mimosez\u00f3nn\u00ed obdob\u00ed\",\"primaryImageOfPage\":{\"@id\":\"http:\\\/\\\/wp-magazin.snowtrex.cz\\\/lyzarska-strediska\\\/lyzovani-na-jare\\\/#primaryimage\"},\"image\":{\"@id\":\"http:\\\/\\\/wp-magazin.snowtrex.cz\\\/lyzarska-strediska\\\/lyzovani-na-jare\\\/#primaryimage\"},\"thumbnailUrl\":\"http:\\\/\\\/wp-magazin.snowtrex.cz\\\/files\\\/2024\\\/02\\\/RS12703_SNOW3924-hsc.jpg\",\"datePublished\":\"2026-02-10T00:00:00+00:00\",\"dateModified\":\"2026-02-10T11:00:31+00:00\",\"description\":\"Spole\u010dnost SnowTrex p\u0159ipravila pro milovn\u00edky zimn\u00edch sport\u016f, kte\u0159\u00ed si cht\u011bj\u00ed zaly\u017eovat i na ja\u0159e, tipy na ly\u017ea\u0159sk\u00e1 st\u0159ediska, kde je dostatek sn\u011bhu.\",\"inLanguage\":\"cs\"},{\"@type\":\"ImageObject\",\"inLanguage\":\"cs\",\"@id\":\"http:\\\/\\\/wp-magazin.snowtrex.cz\\\/lyzarska-strediska\\\/lyzovani-na-jare\\\/#primaryimage\",\"url\":\"http:\\\/\\\/wp-magazin.snowtrex.cz\\\/files\\\/2024\\\/02\\\/RS12703_SNOW3924-hsc.jpg\",\"contentUrl\":\"http:\\\/\\\/wp-magazin.snowtrex.cz\\\/files\\\/2024\\\/02\\\/RS12703_SNOW3924-hsc.jpg\",\"width\":1920,\"height\":1280,\"caption\":\"Quelle: TravelTrex; Frei (Web, Print, SocialMedia, RED) \u00a9 Copyright nicht erforderlich, aber erw\u00fcnscht Weitergabe an Dritte m\u00f6glich!\"},{\"@type\":\"WebSite\",\"@id\":\"http:\\\/\\\/wp-magazin.snowtrex.cz\\\/#website\",\"url\":\"http:\\\/\\\/wp-magazin.snowtrex.cz\\\/\",\"name\":\"SnowTrex Ski-Magaz\u00edn\",\"description\":\"V\u0161e o ly\u017eov\u00e1n\u00ed, snowboardingu a zimn\u00ed dovolen\u00e9!\",\"publisher\":{\"@id\":\"http:\\\/\\\/wp-magazin.snowtrex.cz\\\/#organization\"},\"inLanguage\":\"cs\"},{\"@type\":\"Organization\",\"@id\":\"http:\\\/\\\/wp-magazin.snowtrex.cz\\\/#organization\",\"name\":\"TravelTrex GmbH\",\"url\":\"http:\\\/\\\/wp-magazin.snowtrex.cz\\\/\",\"logo\":{\"@type\":\"ImageObject\",\"inLanguage\":\"cs\",\"@id\":\"http:\\\/\\\/wp-magazin.snowtrex.cz\\\/#\\\/schema\\\/logo\\\/image\\\/\",\"url\":\"http:\\\/\\\/wp-magazin.snowtrex.cz\\\/files\\\/2025\\\/09\\\/TravelTrex-Logo_RGB_transp.png\",\"contentUrl\":\"http:\\\/\\\/wp-magazin.snowtrex.cz\\\/files\\\/2025\\\/09\\\/TravelTrex-Logo_RGB_transp.png\",\"width\":1080,\"height\":282,\"caption\":\"TravelTrex GmbH\"},\"image\":{\"@id\":\"http:\\\/\\\/wp-magazin.snowtrex.cz\\\/#\\\/schema\\\/logo\\\/image\\\/\"},\"sameAs\":[\"https:\\\/\\\/www.facebook.com\\\/snowtrex\",\"https:\\\/\\\/www.instagram.com\\\/snowtrex_ski\"],\"description\":\"Od roku 1999 je SnowTrex p\u0159edn\u00edm n\u011bmeck\u00fdm cestovn\u00edm kancel\u00e1\u0159\u00edm pro ly\u017ea\u0159sk\u00e9 dovolen\u00e9. Spole\u010dnost nab\u00edz\u00ed sv\u00e9 slu\u017eby ve 13 jazyc\u00edch a ka\u017edoro\u010dn\u011b doprav\u00ed v\u00edce ne\u017e 100 000 host\u016f do obl\u00edben\u00fdch destinac\u00ed, jako je Rakousko, Francie, It\u00e1lie, \u0160v\u00fdcarsko a N\u011bmecko.\",\"email\":\"info-cz@snowtrex.com\",\"telephone\":\"234 495 495\",\"legalName\":\"TravelTrex GmbH\",\"foundingDate\":\"1999-07-01\",\"vatID\":\"DE 813 076 768\",\"numberOfEmployees\":{\"@type\":\"QuantitativeValue\",\"minValue\":\"51\",\"maxValue\":\"200\"}},{\"@type\":\"Person\",\"@id\":\"http:\\\/\\\/wp-magazin.snowtrex.cz\\\/#\\\/schema\\\/person\\\/ad1887a4d155ef6b5b8b4fc8990d92dd\",\"name\":\"SnowTrex\",\"description\":\"Redakce \u010dasopisu SnowTrex sdru\u017euje zku\u0161en\u00e9 zimn\u00ed sportovce a cestovn\u00ed experty, kte\u0159\u00ed svou v\u00e1\u0161e\u0148 prom\u00edtaj\u00ed do fundovan\u00fdch \u010dl\u00e1nk\u016f o ly\u017ea\u0159sk\u00fdch st\u0159edisc\u00edch, vybaven\u00ed a cestovn\u00edch tipech. Od roku 1999 je SnowTrex p\u0159edn\u00edm n\u011bmeck\u00fdm cestovn\u00edm kancel\u00e1\u0159em pro ly\u017ea\u0159sk\u00e9 dovolen\u00e9. Spole\u010dnost nab\u00edz\u00ed sv\u00e9 slu\u017eby ve 13 jazyc\u00edch a ka\u017edoro\u010dn\u011b doprav\u00ed p\u0159es 100 000 host\u016f do obl\u00edben\u00fdch destinac\u00ed, jako je Rakousko, Francie, It\u00e1lie, \u0160v\u00fdcarsko a N\u011bmecko.\",\"sameAs\":[\"https:\\\/\\\/www.snowtrex.cz\\\/\",\"https:\\\/\\\/www.facebook.com\\\/snowtrex\\\/\",\"https:\\\/\\\/www.instagram.com\\\/snowtrex_ski\\\/\",\"https:\\\/\\\/www.youtube.com\\\/c\\\/SnowTrex\"]}]}<\/script>\n<!-- \/ Yoast SEO Premium plugin. -->","yoast_head_json":{"title":"Ly\u017eov\u00e1n\u00ed na ja\u0159e - 19 nejlep\u0161\u00edch ly\u017ea\u0159sk\u00fdch st\u0159edisek a tipy pro mimosez\u00f3nn\u00ed obdob\u00ed","description":"Spole\u010dnost SnowTrex p\u0159ipravila pro milovn\u00edky zimn\u00edch sport\u016f, kte\u0159\u00ed si cht\u011bj\u00ed zaly\u017eovat i na ja\u0159e, tipy na ly\u017ea\u0159sk\u00e1 st\u0159ediska, kde je dostatek sn\u011bhu.","robots":{"index":"index","follow":"follow","max-snippet":"max-snippet:-1","max-image-preview":"max-image-preview:large","max-video-preview":"max-video-preview:-1"},"canonical":"https:\/\/www.snowtrex.cz\/magazin\/lyzarska-strediska\/lyzovani-na-jare\/","og_locale":"cs_CZ","og_type":"article","og_title":"Ly\u017eov\u00e1n\u00ed na ja\u0159e - Kter\u00e1 ly\u017ea\u0159sk\u00e1 st\u0159ediska jsou mimo sez\u00f3nu v provozu?","og_description":"Spousta sn\u011bhu, hodn\u011b slunce, dobr\u00e1 viditelnost, ne p\u0159\u00edli\u0161 velk\u00e1 zima: ly\u017eov\u00e1n\u00ed na ja\u0159e nebo o Velikonoc\u00edch je skute\u010dn\u00fdm po\u017eitkem. Aby v\u0161ak milovn\u00edci zimn\u00edch sport\u016f mohli tyto podm\u00ednky co nejl\u00e9pe vyu\u017e\u00edt, m\u011bli by se zejm\u00e9na v b\u0159eznu a dubnu \u0159\u00eddit n\u011bkolika radami. SnowTrex v\u00e1m uk\u00e1\u017ee, jak se nejl\u00e9pe vyhnout odpoledn\u00ed t\u011b\u017ek\u00e9 sn\u011bhov\u00e9 b\u0159e\u010dce, co je d\u016fle\u017eit\u00e9, pokud jde o kondici na sjezdovk\u00e1ch, a kter\u00e1 ly\u017ea\u0159sk\u00e1 st\u0159ediska mohou o Velikonoc\u00edch je\u0161t\u011b z\u00e1\u0159it zaru\u010den\u00fdm sn\u011bhem.","og_url":"https:\/\/www.snowtrex.cz\/magazin\/lyzarska-strediska\/lyzovani-na-jare\/","og_site_name":"SnowTrex Ski-Magaz\u00edn","article_publisher":"https:\/\/www.facebook.com\/snowtrex","article_author":"https:\/\/www.facebook.com\/snowtrex\/","article_published_time":"2026-02-10T00:00:00+00:00","article_modified_time":"2026-02-10T11:00:31+00:00","author":"SnowTrex","twitter_card":"summary_large_image","twitter_image":"https:\/\/www.snowtrex.cz\/magazin\/files\/2024\/02\/RS12703_SNOW3924-hsc.jpg","twitter_misc":{"Napsal(a)":"SnowTrex","Odhadovan\u00e1 doba \u010dten\u00ed":"19 minut"},"schema":{"@context":"https:\/\/schema.org","@graph":[{"@type":"Article","@id":"https:\/\/www.snowtrex.cz\/magazin\/lyzarska-strediska\/lyzovani-na-jare\/#article","isPartOf":{"@id":"https:\/\/www.snowtrex.cz\/magazin\/lyzarska-strediska\/lyzovani-na-jare\/"},"author":{"name":"SnowTrex","@id":"https:\/\/www.snowtrex.cz\/magazin\/#\/schema\/person\/ad1887a4d155ef6b5b8b4fc8990d92dd"},"headline":"Ly\u017eov\u00e1n\u00ed na ja\u0159e &#8211; Kter\u00e1 ly\u017ea\u0159sk\u00e1 st\u0159ediska jsou mimo sez\u00f3nu v provozu?","datePublished":"2026-02-10T00:00:00+00:00","dateModified":"2026-02-10T11:00:31+00:00","mainEntityOfPage":{"@id":"https:\/\/www.snowtrex.cz\/magazin\/lyzarska-strediska\/lyzovani-na-jare\/"},"wordCount":3861,"publisher":{"@id":"https:\/\/www.snowtrex.cz\/magazin\/#organization"},"image":{"@id":"https:\/\/www.snowtrex.cz\/magazin\/lyzarska-strediska\/lyzovani-na-jare\/#primaryimage"},"thumbnailUrl":"https:\/\/www.snowtrex.cz\/magazin\/files\/2024\/02\/RS12703_SNOW3924-hsc.jpg","keywords":["Alpe d'Huez","Arosa","Avoriaz","Chatel","Engelberg","Engelberger Tal","Flirsch","Francie","F\u00fcgen","Fulpmes","Graub\u00fcnden","Hintertux","Hippach - Schwendau - Ramsau","Ischgl","Is\u00e8re","It\u00e1lie","Jerzens","Ji\u017en\u00ed Tyrolsko","Kaltenbach - Ried - Stumm","Kaprun","Korutany","Kurzras","La For\u00eat Blanche","L\u00e4ngenfeld","Ledovec M\u00f6lltal","Lenzerheide","Les 2 Alpes","Les 3 Vall\u00e9es (T\u0159i \u00fadol\u00ed)","Mallnitz","Matterhorn","Mayrhofen","Naturno","Neustift","Obertauern","Obervellach","Oisans","Orelle","\u00d6tztal","Paznauntal","Pitztal","Portes du Soleil","Radstadtsk\u00e9 Taury","Rakousko","Saas-Fee","Saastal","Salcbursko","Savojsko","Schanfigger Tal","Schnalstal (Val Senales)","S\u00f6lden","St. Anton","St. Anton am Arlberg","St. Leonhard","St\u0159edn\u00ed \u0160v\u00fdcarsko","Strengen am Arlberg","Stubaital","\u0160v\u00fdcarsko","Tignes","Tignes \u2013 Val d\u2019Is\u00e8re","Tux","Tyrolsko","Val d'Is\u00e8re","Val Thorens","Vars","Vernago (Vernagt)","Vysok\u00e9 Alpy","Vysok\u00e9 Savojsko","Wallis","Wenns","Zell am See","Zell am See-Kaprun","Zell am Ziller","Zermatt"],"articleSection":["Z ly\u017ea\u0159sk\u00fdch st\u0159edisek"],"inLanguage":"cs"},{"@type":"WebPage","@id":"https:\/\/www.snowtrex.cz\/magazin\/lyzarska-strediska\/lyzovani-na-jare\/","url":"https:\/\/www.snowtrex.cz\/magazin\/lyzarska-strediska\/lyzovani-na-jare\/","name":"Ly\u017eov\u00e1n\u00ed na ja\u0159e - 19 nejlep\u0161\u00edch ly\u017ea\u0159sk\u00fdch st\u0159edisek a tipy pro mimosez\u00f3nn\u00ed obdob\u00ed","primaryImageOfPage":{"@id":"https:\/\/www.snowtrex.cz\/magazin\/lyzarska-strediska\/lyzovani-na-jare\/#primaryimage"},"image":{"@id":"https:\/\/www.snowtrex.cz\/magazin\/lyzarska-strediska\/lyzovani-na-jare\/#primaryimage"},"thumbnailUrl":"https:\/\/www.snowtrex.cz\/magazin\/files\/2024\/02\/RS12703_SNOW3924-hsc.jpg","datePublished":"2026-02-10T00:00:00+00:00","dateModified":"2026-02-10T11:00:31+00:00","description":"Spole\u010dnost SnowTrex p\u0159ipravila pro milovn\u00edky zimn\u00edch sport\u016f, kte\u0159\u00ed si cht\u011bj\u00ed zaly\u017eovat i na ja\u0159e, tipy na ly\u017ea\u0159sk\u00e1 st\u0159ediska, kde je dostatek sn\u011bhu.","inLanguage":"cs"},{"@type":"ImageObject","inLanguage":"cs","@id":"https:\/\/www.snowtrex.cz\/magazin\/lyzarska-strediska\/lyzovani-na-jare\/#primaryimage","url":"https:\/\/www.snowtrex.cz\/magazin\/files\/2024\/02\/RS12703_SNOW3924-hsc.jpg","contentUrl":"https:\/\/www.snowtrex.cz\/magazin\/files\/2024\/02\/RS12703_SNOW3924-hsc.jpg","width":1920,"height":1280,"caption":"Quelle: TravelTrex; Frei (Web, Print, SocialMedia, RED) \u00a9 Copyright nicht erforderlich, aber erw\u00fcnscht Weitergabe an Dritte m\u00f6glich!"},{"@type":"WebSite","@id":"https:\/\/www.snowtrex.cz\/magazin\/#website","url":"https:\/\/www.snowtrex.cz\/magazin\/","name":"SnowTrex Ski-Magaz\u00edn","description":"V\u0161e o ly\u017eov\u00e1n\u00ed, snowboardingu a zimn\u00ed dovolen\u00e9!","publisher":{"@id":"https:\/\/www.snowtrex.cz\/magazin\/#organization"},"inLanguage":"cs"},{"@type":"Organization","@id":"https:\/\/www.snowtrex.cz\/magazin\/#organization","name":"TravelTrex GmbH","url":"https:\/\/www.snowtrex.cz\/magazin\/","logo":{"@type":"ImageObject","inLanguage":"cs","@id":"https:\/\/www.snowtrex.cz\/magazin\/#\/schema\/logo\/image\/","url":"https:\/\/www.snowtrex.cz\/magazin\/files\/2025\/09\/TravelTrex-Logo_RGB_transp.png","contentUrl":"https:\/\/www.snowtrex.cz\/magazin\/files\/2025\/09\/TravelTrex-Logo_RGB_transp.png","width":1080,"height":282,"caption":"TravelTrex GmbH"},"image":{"@id":"https:\/\/www.snowtrex.cz\/magazin\/#\/schema\/logo\/image\/"},"sameAs":["https:\/\/www.facebook.com\/snowtrex","https:\/\/www.instagram.com\/snowtrex_ski"],"description":"Od roku 1999 je SnowTrex p\u0159edn\u00edm n\u011bmeck\u00fdm cestovn\u00edm kancel\u00e1\u0159\u00edm pro ly\u017ea\u0159sk\u00e9 dovolen\u00e9. Spole\u010dnost nab\u00edz\u00ed sv\u00e9 slu\u017eby ve 13 jazyc\u00edch a ka\u017edoro\u010dn\u011b doprav\u00ed v\u00edce ne\u017e 100 000 host\u016f do obl\u00edben\u00fdch destinac\u00ed, jako je Rakousko, Francie, It\u00e1lie, \u0160v\u00fdcarsko a N\u011bmecko.","email":"info-cz@snowtrex.com","telephone":"234 495 495","legalName":"TravelTrex GmbH","foundingDate":"1999-07-01","vatID":"DE 813 076 768","numberOfEmployees":{"@type":"QuantitativeValue","minValue":"51","maxValue":"200"}},{"@type":"Person","@id":"https:\/\/www.snowtrex.cz\/magazin\/#\/schema\/person\/ad1887a4d155ef6b5b8b4fc8990d92dd","name":"SnowTrex","description":"Redakce \u010dasopisu SnowTrex sdru\u017euje zku\u0161en\u00e9 zimn\u00ed sportovce a cestovn\u00ed experty, kte\u0159\u00ed svou v\u00e1\u0161e\u0148 prom\u00edtaj\u00ed do fundovan\u00fdch \u010dl\u00e1nk\u016f o ly\u017ea\u0159sk\u00fdch st\u0159edisc\u00edch, vybaven\u00ed a cestovn\u00edch tipech. Od roku 1999 je SnowTrex p\u0159edn\u00edm n\u011bmeck\u00fdm cestovn\u00edm kancel\u00e1\u0159em pro ly\u017ea\u0159sk\u00e9 dovolen\u00e9. Spole\u010dnost nab\u00edz\u00ed sv\u00e9 slu\u017eby ve 13 jazyc\u00edch a ka\u017edoro\u010dn\u011b doprav\u00ed p\u0159es 100 000 host\u016f do obl\u00edben\u00fdch destinac\u00ed, jako je Rakousko, Francie, It\u00e1lie, \u0160v\u00fdcarsko a N\u011bmecko.","sameAs":["https:\/\/www.snowtrex.cz\/","https:\/\/www.facebook.com\/snowtrex\/","https:\/\/www.instagram.com\/snowtrex_ski\/","https:\/\/www.youtube.com\/c\/SnowTrex"]}]}},"wp-worthy-pixel":{"ignored":false,"public":null,"server":null,"url":null},"wp-worthy-type":"normal","_links":{"self":[{"href":"https:\/\/www.snowtrex.cz\/magazin\/wp-json\/wp\/v2\/posts\/12634","targetHints":{"allow":["GET"]}}],"collection":[{"href":"https:\/\/www.snowtrex.cz\/magazin\/wp-json\/wp\/v2\/posts"}],"about":[{"href":"https:\/\/www.snowtrex.cz\/magazin\/wp-json\/wp\/v2\/types\/post"}],"author":[{"embeddable":true,"href":"https:\/\/www.snowtrex.cz\/magazin\/wp-json\/wp\/v2\/users\/178"}],"replies":[{"embeddable":true,"href":"https:\/\/www.snowtrex.cz\/magazin\/wp-json\/wp\/v2\/comments?post=12634"}],"version-history":[{"count":6,"href":"https:\/\/www.snowtrex.cz\/magazin\/wp-json\/wp\/v2\/posts\/12634\/revisions"}],"predecessor-version":[{"id":53151,"href":"https:\/\/www.snowtrex.cz\/magazin\/wp-json\/wp\/v2\/posts\/12634\/revisions\/53151"}],"wp:featuredmedia":[{"embeddable":true,"href":"https:\/\/www.snowtrex.cz\/magazin\/wp-json\/wp\/v2\/media\/53133"}],"wp:attachment":[{"href":"https:\/\/www.snowtrex.cz\/magazin\/wp-json\/wp\/v2\/media?parent=12634"}],"wp:term":[{"taxonomy":"category","embeddable":true,"href":"https:\/\/www.snowtrex.cz\/magazin\/wp-json\/wp\/v2\/categories?post=12634"},{"taxonomy":"post_tag","embeddable":true,"href":"https:\/\/www.snowtrex.cz\/magazin\/wp-json\/wp\/v2\/tags?post=12634"}],"curies":[{"name":"wp","href":"https:\/\/api.w.org\/{rel}","templated":true}]}}