{"id":11201,"date":"2025-07-15T01:00:00","date_gmt":"2025-07-14T23:00:00","guid":{"rendered":"http:\/\/blog.snowtrex.com\/de\/?p=11201"},"modified":"2026-04-13T12:05:18","modified_gmt":"2026-04-13T10:05:18","slug":"lyzarska-strediska","status":"publish","type":"post","link":"https:\/\/www.snowtrex.cz\/magazin\/apres-ski\/lyzarska-strediska\/","title":{"rendered":"Nejlep\u0161\u00ed m\u00edsta pro apr\u00e8s-ski v Alp\u00e1ch"},"content":{"rendered":"<p><strong>\u017d\u00e1dn\u00fd ly\u017ea\u0159sk\u00fd v\u00fdlet v Alp\u00e1ch se dnes neobejde bez po\u0159\u00e1dn\u00e9 apr\u00e9s-ski party. <a href=\"https:\/\/www.snowtrex.cz\/\" target=\"_blank\" rel=\"noopener noreferrer\">SnowTrex<\/a> v\u00ed, kter\u00e1 ly\u017ea\u0159sk\u00e1 st\u0159ediska jsou obzvl\u00e1\u0161t\u011b vhodn\u00e1 pro p\u00e1rty. Zde se pod\u00edv\u00e1me na bly\u0161tiv\u00fd sv\u011bt apr\u00e8s-ski a p\u0159edstav\u00edme 15 nejlep\u0161\u00edch destinac\u00ed v Rakousku, Francii, It\u00e1lii a \u0160v\u00fdcarsku, kde se d\u00e1 nejl\u00e9pe skloubit z\u00e1bava se sjezdovkou.<\/strong><\/p>\n<div class=\"tt-post-image-wrapper tt-post-image-wrapper-full\">\n            <div class=\"tt-image-copyright-container\">\n                <a href=\"https:\/\/www.snowtrex.cz\/magazin\/files\/2023\/12\/RS15082_SNOW2234-hsc.jpg\" target=\"_blank\" rel=\"noopener\"><img loading=\"lazy\" decoding=\"async\" data-wrapped=\"true\" class=\"wp-image-52329 size-Artikelbild_gro\u00df\" title=\"P\u00e1rty atmosf\u00e9ra je na apr\u00e8s-ski zaru\u010dena\" src=\"https:\/\/www.snowtrex.cz\/magazin\/files\/2023\/12\/RS15082_SNOW2234-hsc-729x486.jpg\" alt=\"P\u00e1rty atmosf\u00e9ra je na apr\u00e8s-ski zaru\u010dena\" width=\"729\" height=\"486\" srcset=\"https:\/\/www.snowtrex.cz\/magazin\/files\/2023\/12\/RS15082_SNOW2234-hsc-729x486.jpg 729w, https:\/\/www.snowtrex.cz\/magazin\/files\/2023\/12\/RS15082_SNOW2234-hsc-290x193.jpg 290w, https:\/\/www.snowtrex.cz\/magazin\/files\/2023\/12\/RS15082_SNOW2234-hsc-728x486.jpg 728w, https:\/\/www.snowtrex.cz\/magazin\/files\/2023\/12\/RS15082_SNOW2234-hsc-768x512.jpg 768w, https:\/\/www.snowtrex.cz\/magazin\/files\/2023\/12\/RS15082_SNOW2234-hsc-1536x1025.jpg 1536w, https:\/\/www.snowtrex.cz\/magazin\/files\/2023\/12\/RS15082_SNOW2234-hsc-468x312.jpg 468w, https:\/\/www.snowtrex.cz\/magazin\/files\/2023\/12\/RS15082_SNOW2234-hsc-300x200.jpg 300w, https:\/\/www.snowtrex.cz\/magazin\/files\/2023\/12\/RS15082_SNOW2234-hsc-999x666.jpg 999w, https:\/\/www.snowtrex.cz\/magazin\/files\/2023\/12\/RS15082_SNOW2234-hsc-645x430.jpg 645w, https:\/\/www.snowtrex.cz\/magazin\/files\/2023\/12\/RS15082_SNOW2234-hsc-552x368.jpg 552w, https:\/\/www.snowtrex.cz\/magazin\/files\/2023\/12\/RS15082_SNOW2234-hsc-405x270.jpg 405w, https:\/\/www.snowtrex.cz\/magazin\/files\/2023\/12\/RS15082_SNOW2234-hsc-336x224.jpg 336w, https:\/\/www.snowtrex.cz\/magazin\/files\/2023\/12\/RS15082_SNOW2234-hsc-276x184.jpg 276w, https:\/\/www.snowtrex.cz\/magazin\/files\/2023\/12\/RS15082_SNOW2234-hsc-234x156.jpg 234w, https:\/\/www.snowtrex.cz\/magazin\/files\/2023\/12\/RS15082_SNOW2234-hsc-192x128.jpg 192w, https:\/\/www.snowtrex.cz\/magazin\/files\/2023\/12\/RS15082_SNOW2234-hsc-120x80.jpg 120w, https:\/\/www.snowtrex.cz\/magazin\/files\/2023\/12\/RS15082_SNOW2234-hsc-774x516.jpg 774w, https:\/\/www.snowtrex.cz\/magazin\/files\/2023\/12\/RS15082_SNOW2234-hsc-1x1.jpg 1w, https:\/\/www.snowtrex.cz\/magazin\/files\/2023\/12\/RS15082_SNOW2234-hsc.jpg 1920w\" sizes=\"(min-width: 1009px) 729px, (min-width: 819px) 594px, (min-width: 569px) 729px, (min-width: 449px) 468px, 348px\" \/><\/a><div class=\"tt-image-copyright\" data-image-id=\"52329\">\u00a9 TravelTrex | Martin Miser\u00e9<\/div>\n            <\/div>\n            <div class=\"tt-post-caption\">P\u00e1rty atmosf\u00e9ra je na apr\u00e8s-ski zaru\u010dena.<\/div>\n         <\/div > \n<p><div class=\"tt-table-of-content\">\n                <span class=\"tt-icon-circle-up tt-table-of-content-button\"><\/span><\/p>\n<div class=\"tt-table-of-content-caption\">\n                    Obsah\n                <\/div>\n<div class=\"tt-table-of-content-body\">\n                    <a href=\"#ischgl-(rakousko)\"><span class=\"layer-0\">Ischgl (Rakousko)<\/span><\/a><a href=\"#s\u00f6lden-(rakousko)\"><span class=\"layer-0\">S\u00f6lden (Rakousko)<\/span><\/a><a href=\"#saalbach-hinterglemm-(rakousko)\"><span class=\"layer-0\">Saalbach-Hinterglemm (Rakousko)<\/span><\/a><a href=\"#kitzb\u00fchel-(rakousko)\"><span class=\"layer-0\">Kitzb\u00fchel (Rakousko)<\/span><\/a><a href=\"#svat\u00fd-anton-(rakousko)\"><span class=\"layer-0\">Svat\u00fd Anton (Rakousko)<\/span><\/a><a href=\"#zell-am-see-(rakousko)\"><span class=\"layer-0\">Zell am See (Rakousko)<\/span><\/a><a href=\"#gerlos-(rakousko)\"><span class=\"layer-0\">Gerlos (Rakousko)<\/span><\/a><a href=\"#schladming-(rakousko)\"><span class=\"layer-0\">Schladming (Rakousko)<\/span><\/a><a href=\"#val-thorens-(francie)\"><span class=\"layer-0\">Val Thorens (Francie)<\/span><\/a><a href=\"#les-2-alpes-(francie)\"><span class=\"layer-0\">Les 2 Alpes (Francie)<\/span><\/a><a href=\"#alpe-d'huez-(francie)\"><span class=\"layer-0\">Alpe d&#8217;Huez (Francie)<\/span><\/a><a href=\"#val-gardena-(it\u00e1lie)\"><span class=\"layer-0\">Val Gardena (It\u00e1lie)<\/span><\/a><a href=\"#reischach-(it\u00e1lie)\"><span class=\"layer-0\">Reischach (It\u00e1lie)<\/span><\/a><a href=\"#zermatt-(\u0160v\u00fdcarsko)\"><span class=\"layer-0\">Zermatt (\u0160v\u00fdcarsko)<\/span><\/a><a href=\"#arosa-(\u0160v\u00fdcarsko)\"><span class=\"layer-0\">Arosa (\u0160v\u00fdcarsko)<\/span><\/a><a href=\"#\u017deb\u0159\u00ed\u010dek-top-50:-zasv\u011bcen\u00e9-tipy-na-apr\u00e8s-ski-mezi-ly\u017ea\u0159sk\u00fdmi-st\u0159edisky\"><span class=\"layer-0\">\u017deb\u0159\u00ed\u010dek Top 50: zasv\u011bcen\u00e9 tipy na apr\u00e8s-ski mezi ly\u017ea\u0159sk\u00fdmi st\u0159edisky<\/span><\/a><a href=\"#nej\u010dast\u011bj\u0161\u00ed-dotazy-k-m\u00edst\u016fm-apr\u00e8s-ski\"><span class=\"layer-0\">Nej\u010dast\u011bj\u0161\u00ed dotazy k m\u00edst\u016fm apr\u00e8s-ski<\/span><\/a>\n                 <\/div>\n<\/p><\/div>\n<hr>\n<h2 id=\"ischgl-(rakousko)\">Ischgl (Rakousko)<\/h2>\n<p><a href=\"https:\/\/www.snowtrex.cz\/rakousko\/ischgl\/lyzovani.html\" target=\"_blank\" rel=\"noopener noreferrer\">Ischgl<\/a> je mekkou apr\u00e8s-ski, m\u00edstem, kter\u00e9 nikdy nesp\u00ed. Hlavn\u00edm bodem je bezpochyby &#8222;Mad Club&#8220;, d\u0159\u00edve &#8222;Pacha&#8220;, kter\u00fd p\u0159en\u00e1\u0161\u00ed p\u00e1rty atmosf\u00e9ru Ibizy do Alp. Krom\u011b hv\u011bzd, jako jsou Robbie Williams a Paris Hilton, zde hraj\u00ed DJov\u00e9 sv\u011btov\u00e9 \u00farovn\u011b a zaji\u0161\u0165uj\u00ed bezkonkuren\u010dn\u00ed apr\u00e8s-ski noci. &#8222;Trofana Alm&#8220; je legend\u00e1rn\u00ed pro svou bujarou atmosf\u00e9ru a \u017eivou hudbu a je nezbytnost\u00ed pro ka\u017ed\u00e9ho n\u00e1v\u0161t\u011bvn\u00edka p\u0159\u00edmo v centru vesnice. A pokud b\u011bhem sv\u00e9 ly\u017ea\u0159sk\u00e9 dovolen\u00e9 hled\u00e1te klasick\u00fd apr\u00e8s-ski z\u00e1\u017eitek s \u010dist\u011b popovou hudbou, je &#8222;Kuhstall Bar&#8220; t\u00edm prav\u00fdm m\u00edstem. I po dlouh\u00e9m dni ly\u017eov\u00e1n\u00ed si zde m\u016f\u017eete zatan\u010dit a\u017e do brzk\u00fdch rann\u00edch hodin.<\/p>\n<div class=\"tt-post-image-wrapper tt-post-image-wrapper-full\">\n            <div class=\"tt-image-copyright-container\">\n                <a href=\"https:\/\/www.snowtrex.cz\/magazin\/files\/2023\/12\/RS27133_shutterstock_2211655157-scr-2-e1729157722482.jpg\" target=\"_blank\" rel=\"noopener\"><img loading=\"lazy\" decoding=\"async\" data-wrapped=\"true\" class=\"wp-image-52330 size-Artikelbild_gro\u00df\" title=\"Kuhstall v Ischglu je jedn\u00edm z nejlep\u0161\u00edch a nejlegend\u00e1rn\u011bj\u0161\u00edch apr\u00e8s-ski m\u00edst\" src=\"https:\/\/www.snowtrex.cz\/magazin\/files\/2023\/12\/RS27133_shutterstock_2211655157-scr-2-e1729157722482-729x486.jpg\" alt=\"Kuhstall v Ischglu je jedn\u00edm z nejlep\u0161\u00edch a nejlegend\u00e1rn\u011bj\u0161\u00edch apr\u00e8s-ski m\u00edst\" width=\"729\" height=\"486\" srcset=\"https:\/\/www.snowtrex.cz\/magazin\/files\/2023\/12\/RS27133_shutterstock_2211655157-scr-2-e1729157722482-729x486.jpg 729w, https:\/\/www.snowtrex.cz\/magazin\/files\/2023\/12\/RS27133_shutterstock_2211655157-scr-2-e1729157722482-468x312.jpg 468w, https:\/\/www.snowtrex.cz\/magazin\/files\/2023\/12\/RS27133_shutterstock_2211655157-scr-2-e1729157722482-300x200.jpg 300w, https:\/\/www.snowtrex.cz\/magazin\/files\/2023\/12\/RS27133_shutterstock_2211655157-scr-2-e1729157722482-999x666.jpg 999w, https:\/\/www.snowtrex.cz\/magazin\/files\/2023\/12\/RS27133_shutterstock_2211655157-scr-2-e1729157722482-645x430.jpg 645w, https:\/\/www.snowtrex.cz\/magazin\/files\/2023\/12\/RS27133_shutterstock_2211655157-scr-2-e1729157722482-552x368.jpg 552w, https:\/\/www.snowtrex.cz\/magazin\/files\/2023\/12\/RS27133_shutterstock_2211655157-scr-2-e1729157722482-405x270.jpg 405w, https:\/\/www.snowtrex.cz\/magazin\/files\/2023\/12\/RS27133_shutterstock_2211655157-scr-2-e1729157722482-336x224.jpg 336w, https:\/\/www.snowtrex.cz\/magazin\/files\/2023\/12\/RS27133_shutterstock_2211655157-scr-2-e1729157722482-276x184.jpg 276w, https:\/\/www.snowtrex.cz\/magazin\/files\/2023\/12\/RS27133_shutterstock_2211655157-scr-2-e1729157722482-234x156.jpg 234w, https:\/\/www.snowtrex.cz\/magazin\/files\/2023\/12\/RS27133_shutterstock_2211655157-scr-2-e1729157722482-192x128.jpg 192w, https:\/\/www.snowtrex.cz\/magazin\/files\/2023\/12\/RS27133_shutterstock_2211655157-scr-2-e1729157722482-120x80.jpg 120w, https:\/\/www.snowtrex.cz\/magazin\/files\/2023\/12\/RS27133_shutterstock_2211655157-scr-2-e1729157722482-774x516.jpg 774w, https:\/\/www.snowtrex.cz\/magazin\/files\/2023\/12\/RS27133_shutterstock_2211655157-scr-2-e1729157722482-1x1.jpg 1w\" sizes=\"(min-width: 1009px) 729px, (min-width: 819px) 594px, (min-width: 569px) 729px, (min-width: 449px) 468px, 348px\" \/><\/a><div class=\"tt-image-copyright\" data-image-id=\"52330\">\u00a9 Taljat David\/shutterstock.de<\/div>\n            <\/div>\n            <div class=\"tt-post-caption\">Kuhstall v Ischglu je jedn\u00edm z nejlep\u0161\u00edch a nejlegend\u00e1rn\u011bj\u0161\u00edch apr\u00e8s-ski m\u00edst.<\/div>\n         <\/div > \n<h2 id=\"s\u00f6lden-(rakousko)\">S\u00f6lden (Rakousko)<\/h2>\n<p><a href=\"https:\/\/www.snowtrex.cz\/rakousko\/solden\/lyzovani.html\" target=\"_blank\" rel=\"noopener noreferrer\">S\u00f6lden<\/a> je zkratka pro apr\u00e8s-ski. Kultovn\u00ed klub &#8222;Fire &amp; Ice&#8220; je magnetem pro n\u00e1v\u0161t\u011bvn\u00edky ve\u010d\u00edrk\u016f v\u0161ech v\u011bkov\u00fdch kategori\u00ed, kde se hraje v\u0161e od housu po pop. Dal\u0161\u00ed \u0161pi\u010dkovou party adresou je &#8222;Philipp&#8220;, kter\u00fd zaujme stylov\u00fdm prost\u0159ed\u00edm a v\u00fdb\u011brem vynikaj\u00edc\u00edch koktejl\u016f. Nelze zapomenout ani na &#8222;Katapult&#8220;, nejv\u011bt\u0161\u00ed klub v S\u00f6ldenu, kde pravideln\u011b hraj\u00ed zn\u00e1m\u00ed DJs. A pokud d\u00e1v\u00e1te p\u0159ednost \u00fatuln\u00e9mu zakon\u010den\u00ed dne, m\u016f\u017eete se zastavit v &#8222;Eugen&#8217;s Obstlerh\u00fctte&#8220; na Rotkoglu a vychutnat si pravou tyrolskou pohostinnost. Jinak ly\u017ea\u0159sk\u00fd are\u00e1l na konci \u00fadol\u00ed \u00d6tztal v bl\u00edzkosti ledovce nab\u00edz\u00ed tak\u00e9 v\u00fdznamn\u00e9 akce, jako je nap\u0159\u00edklad Electric Mountain Festival:<\/p>\n<figure class=\"wp-block-embed-youtube wp-block-embed is-type-video is-provider-youtube wp-embed-aspect-16-9 wp-has-aspect-ratio\"><div class=\"lyte-wrapper\" title=\"ELECTRIC MOUNTAIN FESTIVAL 2023 Official After-Movie\" style=\"width:853px;max-width:100%;margin:5px auto;\"><div class=\"lyMe\" id=\"WYL_U1E_UARwgM8\" itemprop=\"video\" itemscope itemtype=\"https:\/\/schema.org\/VideoObject\"><div><meta itemprop=\"thumbnailUrl\" content=\"https:\/\/i.ytimg.com\/vi\/U1E_UARwgM8\/hqdefault.jpg\" \/><meta itemprop=\"embedURL\" content=\"https:\/\/www.youtube.com\/embed\/U1E_UARwgM8\" \/><meta itemprop=\"duration\" content=\"PT4M26S\" \/><meta itemprop=\"uploadDate\" content=\"2023-05-05T12:55:34Z\" \/><\/div><div id=\"lyte_U1E_UARwgM8\" data-src=\"https:\/\/i.ytimg.com\/vi\/U1E_UARwgM8\/hqdefault.jpg\" class=\"pL\"><div class=\"tC\"><div class=\"tT\" itemprop=\"name\">ELECTRIC MOUNTAIN FESTIVAL 2023 Official After-Movie<\/div><\/div><div class=\"play\"><\/div><div class=\"ctrl\"><div class=\"Lctrl\"><\/div><div class=\"Rctrl\"><\/div><\/div><\/div><noscript><a href=\"http:\/\/youtu.be\/U1E_UARwgM8\" rel=\"nofollow\"><img loading=\"lazy\" decoding=\"async\" src=\"http:\/\/i.ytimg.com\/vi\/U1E_UARwgM8\/0.jpg\" alt=\"ELECTRIC MOUNTAIN FESTIVAL 2023 Official After-Movie\" width=\"853\" height=\"460\" \/><br \/>Watch this video on YouTube<\/a><\/noscript><meta itemprop=\"description\" content=\"Mountains full of beats: the unrivaled ELECTRIC MOUNTAIN FESTIVAL 2023 provided the ultimate remix of skiing fun, dance music and culinary delights for entire five days. All this in a breathtaking setting at the heart of the S\u00f6lden ski area. Side events presented the warm-up before some 18,000 dance aficionados transformed the whole Giggijoch area into a huge, snow-covered dance floor on the two main festival days. What was your favorite moment of the festival? Let us know in the comments and mark 08 \u2013 12 April 2024 in red on your calendar, because this is when the 10th anniversary edition of the ELECTRIC MOUNTAIN FESTIVAL will take place. S\u00f6lden Webseite: https:\/\/www.soelden.com S\u00f6lden Instagram: https:\/\/soelden.com\/instagram S\u00f6lden Tik Tok Account: https:\/\/www.tiktok.com\/@soelden.official S\u00f6lden Facebook Account: https:\/\/soelden.com\/facebook \u00a9\u00d6tztal Tourismus\"><\/div><\/div><div class=\"lL\" style=\"max-width:100%;width:853px;margin:5px auto;\"><br\/><span class=\"lyte_disclaimer\">Upozor\u0148ujeme tak\u00e9, \u017ee pou\u017e\u00edv\u00e1n\u00edm na\u0161ich slu\u017eeb a integrac\u00ed slu\u017eeb YouTube API plat\u00ed <a href=\"https:\/\/www.youtube.com\/t\/terms\">Smluvn\u00ed podm\u00ednky YouTube<\/a> a <a href=\"https:\/\/developers.google.com\/youtube\/terms\/api-services-terms-of-service-emea-de\">Smluvn\u00ed podm\u00ednky YouTube API<\/a> a va\u0161e pou\u017e\u00edv\u00e1n\u00ed na\u0161ich webov\u00fdch str\u00e1nek se pova\u017euje za souhlas s t\u011bmito podm\u00ednkami.<\/span><\/div><figcaption><\/figcaption><\/figure>\n<h2 id=\"saalbach-hinterglemm-(rakousko)\">Saalbach-Hinterglemm (Rakousko)<\/h2>\n<p><a href=\"https:\/\/www.snowtrex.cz\/rakousko\/saalbach\/lyzovani.html\" target=\"_blank\" rel=\"noopener noreferrer\">Saalbach-Hinterglemm<\/a> je skute\u010dn\u00fdm r\u00e1jem pro milovn\u00edky apr\u00e8s-ski. Ly\u017ea\u0159i a snowboardist\u00e9 zde najdou bary a kluby, kter\u00e9 po dlouh\u00e9m dni na sjezdovce uspokoj\u00ed ka\u017ed\u00e9ho. Jedn\u00edm z vrchol\u016f je &#8222;Bauer&#8217;s Schi-Alm&#8220; p\u0159\u00edmo v centru Saalbachu, kter\u00fd je zn\u00e1m\u00fd sv\u00fdmi velk\u00fdmi slune\u010dn\u00edky a bujar\u00fdm prost\u0159ed\u00edm, je\u017e je podn\u011bcov\u00e1no \u017eivou hudbou a DJ sety. Pokud chcete str\u00e1vit pon\u011bkud klidn\u011bj\u0161\u00ed, ale p\u0159esto z\u00e1bavn\u00fd ve\u010der v &#8222;domov\u011b L\u00e4ssig&#8220;, vydejte se do &#8222;Hinterhag Alm&#8220;. Zde si host\u00e9 mohou vychutnat tradi\u010dn\u011bj\u0161\u00ed apr\u00e8s-ski z\u00e1\u017eitek s \u017eiv\u00fdmi kapelami v \u00fatuln\u00e9 atmosf\u00e9\u0159e. Sv\u011btozn\u00e1m\u00e9 ly\u017ea\u0159sk\u00e9 st\u0159edisko tak\u00e9 ji\u017e 30 let dokazuje, \u017ee v Saalbachu-Hinterglemmu lze po\u0159\u00e1dat akce a velk\u00e9 ve\u010d\u00edrky, nap\u0159\u00edklad v r\u00e1mci akce &#8222;Rave on Snow&#8220;:<\/p>\n<figure class=\"wp-block-embed-youtube wp-block-embed is-type-video is-provider-youtube wp-embed-aspect-16-9 wp-has-aspect-ratio\"><div class=\"lyte-wrapper\" title=\"30 Jahre Rave on Snow Saalbach\" style=\"width:853px;max-width:100%;margin:5px auto;\"><div class=\"lyMe\" id=\"WYL_oVeMFZTKBL8\" itemprop=\"video\" itemscope itemtype=\"https:\/\/schema.org\/VideoObject\"><div><meta itemprop=\"thumbnailUrl\" content=\"https:\/\/i.ytimg.com\/vi\/oVeMFZTKBL8\/hqdefault.jpg\" \/><meta itemprop=\"embedURL\" content=\"https:\/\/www.youtube.com\/embed\/oVeMFZTKBL8\" \/><meta itemprop=\"duration\" content=\"PT31S\" \/><meta itemprop=\"uploadDate\" content=\"2023-11-10T11:08:57Z\" \/><\/div><div id=\"lyte_oVeMFZTKBL8\" data-src=\"https:\/\/i.ytimg.com\/vi\/oVeMFZTKBL8\/hqdefault.jpg\" class=\"pL\"><div class=\"tC\"><div class=\"tT\" itemprop=\"name\">30 Jahre Rave on Snow Saalbach<\/div><\/div><div class=\"play\"><\/div><div class=\"ctrl\"><div class=\"Lctrl\"><\/div><div class=\"Rctrl\"><\/div><\/div><\/div><noscript><a href=\"http:\/\/youtu.be\/oVeMFZTKBL8\" rel=\"nofollow\"><img loading=\"lazy\" decoding=\"async\" src=\"http:\/\/i.ytimg.com\/vi\/oVeMFZTKBL8\/0.jpg\" alt=\"30 Jahre Rave on Snow Saalbach\" width=\"853\" height=\"460\" \/><br \/>Watch this video on YouTube<\/a><\/noscript><meta itemprop=\"description\" content=\"Wir feiern von 14. bis 17. Dezember 2023 das 30. Jubil\u00e4um des Kult Events Rave on Snow! Seid dabei! https:\/\/www.raveonsnow.com\"><\/div><\/div><div class=\"lL\" style=\"max-width:100%;width:853px;margin:5px auto;\"><br\/><span class=\"lyte_disclaimer\">Upozor\u0148ujeme tak\u00e9, \u017ee pou\u017e\u00edv\u00e1n\u00edm na\u0161ich slu\u017eeb a integrac\u00ed slu\u017eeb YouTube API plat\u00ed <a href=\"https:\/\/www.youtube.com\/t\/terms\">Smluvn\u00ed podm\u00ednky YouTube<\/a> a <a href=\"https:\/\/developers.google.com\/youtube\/terms\/api-services-terms-of-service-emea-de\">Smluvn\u00ed podm\u00ednky YouTube API<\/a> a va\u0161e pou\u017e\u00edv\u00e1n\u00ed na\u0161ich webov\u00fdch str\u00e1nek se pova\u017euje za souhlas s t\u011bmito podm\u00ednkami.<\/span><\/div><figcaption><\/figcaption><\/figure>\n<h2 id=\"kitzb\u00fchel-(rakousko)\">Kitzb\u00fchel (Rakousko)<\/h2>\n<p><a href=\"https:\/\/www.snowtrex.cz\/rakousko\/kitzbuhel\/lyzovani.html\" target=\"_blank\" rel=\"noopener noreferrer\">Kitzb\u00fchel<\/a>, zn\u00e1m\u00fd legend\u00e1rn\u00edm z\u00e1vodem Hahnenkamm a s n\u00edm spojenou hustotou celebrit, je samoz\u0159ejm\u011b tak\u00e9 m\u00edstem pro apr\u00e8s-ski. M\u00edsta, kde se lid\u00e9 bav\u00ed a pop\u00edjej\u00ed, jsou tomu odpov\u00eddaj\u00edc\u00edm zp\u016fsobem extravagantn\u00ed. Obzvl\u00e1\u0161\u0165 okouzluj\u00edc\u00ed je hotelov\u00fd bar &#8222;Auf der Tenne&#8220; v legend\u00e1rn\u00edm hotelu &#8222;Stanglwirt&#8220;, kde si koktejl nebo dva vychutn\u00e1v\u00e1 vysok\u00e1 spole\u010dnost. O n\u011bco hlu\u010dn\u011bj\u0161\u00ed, ale tak\u00e9 velmi exkluzivn\u00ed je &#8222;Club Take Five&#8220; v bl\u00edzkosti kasina. Ve stylov\u00e9m prost\u0159ed\u00ed zde \u010dasto hraj\u00ed prvot\u0159\u00eddn\u00ed DJov\u00e9. Tradi\u010dn\u00ed apr\u00e8s-ski v Kitzb\u00fchelu najdou ly\u017ea\u0159i v mnoha dal\u0161\u00edch klubech a barech s de\u0161tn\u00edky, v\u010detn\u011b &#8222;Mocking Schneebar&#8220;, kde se na konci legend\u00e1rn\u00edho Streifu snoub\u00ed tradi\u010dn\u00ed tyrolsk\u00e1 pohostinnost s modern\u00ed atmosf\u00e9rou ve\u010d\u00edrku.<\/p>\n<div class=\"tt-post-image-wrapper tt-post-image-wrapper-full\">\n            <div class=\"tt-image-copyright-container\">\n                <a href=\"https:\/\/www.snowtrex.cz\/magazin\/files\/2024\/06\/RS26492_shutterstock_1724838502-scr.jpg\" target=\"_blank\" rel=\"noopener\"><img loading=\"lazy\" decoding=\"async\" data-wrapped=\"true\" class=\"wp-image-52295 size-Artikelbild_gro\u00df\" title=\"Z\u00e1vod Hahnenkamm na legend\u00e1rn\u00edm Streifu ka\u017edoro\u010dn\u011b p\u0159il\u00e1k\u00e1 do Kitzb\u00fchelu des\u00edtky tis\u00edc div\u00e1k\u016f a \u0159adu zn\u00e1m\u00fdch osobnost\u00ed. V\u00edt\u011bzov\u00e9 i oni sami jsou pak oslavov\u00e1ni na apr\u00e9s-ski\" src=\"https:\/\/www.snowtrex.cz\/magazin\/files\/2024\/06\/RS26492_shutterstock_1724838502-scr-729x486.jpg\" alt=\"Z\u00e1vod Hahnenkamm na legend\u00e1rn\u00edm Streifu ka\u017edoro\u010dn\u011b p\u0159il\u00e1k\u00e1 do Kitzb\u00fchelu des\u00edtky tis\u00edc div\u00e1k\u016f a \u0159adu zn\u00e1m\u00fdch osobnost\u00ed. V\u00edt\u011bzov\u00e9 i oni sami jsou pak oslavov\u00e1ni na apr\u00e9s-ski\" width=\"729\" height=\"486\" srcset=\"https:\/\/www.snowtrex.cz\/magazin\/files\/2024\/06\/RS26492_shutterstock_1724838502-scr-729x486.jpg 729w, https:\/\/www.snowtrex.cz\/magazin\/files\/2024\/06\/RS26492_shutterstock_1724838502-scr-290x193.jpg 290w, https:\/\/www.snowtrex.cz\/magazin\/files\/2024\/06\/RS26492_shutterstock_1724838502-scr-728x485.jpg 728w, https:\/\/www.snowtrex.cz\/magazin\/files\/2024\/06\/RS26492_shutterstock_1724838502-scr-768x512.jpg 768w, https:\/\/www.snowtrex.cz\/magazin\/files\/2024\/06\/RS26492_shutterstock_1724838502-scr-468x312.jpg 468w, https:\/\/www.snowtrex.cz\/magazin\/files\/2024\/06\/RS26492_shutterstock_1724838502-scr-300x200.jpg 300w, https:\/\/www.snowtrex.cz\/magazin\/files\/2024\/06\/RS26492_shutterstock_1724838502-scr-999x666.jpg 999w, https:\/\/www.snowtrex.cz\/magazin\/files\/2024\/06\/RS26492_shutterstock_1724838502-scr-645x430.jpg 645w, https:\/\/www.snowtrex.cz\/magazin\/files\/2024\/06\/RS26492_shutterstock_1724838502-scr-552x368.jpg 552w, https:\/\/www.snowtrex.cz\/magazin\/files\/2024\/06\/RS26492_shutterstock_1724838502-scr-405x270.jpg 405w, https:\/\/www.snowtrex.cz\/magazin\/files\/2024\/06\/RS26492_shutterstock_1724838502-scr-336x224.jpg 336w, https:\/\/www.snowtrex.cz\/magazin\/files\/2024\/06\/RS26492_shutterstock_1724838502-scr-276x184.jpg 276w, https:\/\/www.snowtrex.cz\/magazin\/files\/2024\/06\/RS26492_shutterstock_1724838502-scr-234x156.jpg 234w, https:\/\/www.snowtrex.cz\/magazin\/files\/2024\/06\/RS26492_shutterstock_1724838502-scr-192x128.jpg 192w, https:\/\/www.snowtrex.cz\/magazin\/files\/2024\/06\/RS26492_shutterstock_1724838502-scr-120x80.jpg 120w, https:\/\/www.snowtrex.cz\/magazin\/files\/2024\/06\/RS26492_shutterstock_1724838502-scr-774x516.jpg 774w, https:\/\/www.snowtrex.cz\/magazin\/files\/2024\/06\/RS26492_shutterstock_1724838502-scr-2x1.jpg 2w, https:\/\/www.snowtrex.cz\/magazin\/files\/2024\/06\/RS26492_shutterstock_1724838502-scr.jpg 1440w\" sizes=\"(min-width: 1009px) 729px, (min-width: 819px) 594px, (min-width: 569px) 729px, (min-width: 449px) 468px, 348px\" \/><\/a><div class=\"tt-image-copyright\" data-image-id=\"52295\">\u00a9 m4tus\/Shutterstock<\/div>\n            <\/div>\n            <div class=\"tt-post-caption\">Z\u00e1vod Hahnenkamm na legend\u00e1rn\u00edm Streifu ka\u017edoro\u010dn\u011b p\u0159il\u00e1k\u00e1 do Kitzb\u00fchelu des\u00edtky tis\u00edc div\u00e1k\u016f a \u0159adu zn\u00e1m\u00fdch osobnost\u00ed. V\u00edt\u011bzov\u00e9 i oni sami jsou pak oslavov\u00e1ni na apr\u00e9s-ski.<\/div>\n         <\/div > \n<h2 id=\"svat\u00fd-anton-(rakousko)\">Svat\u00fd Anton (Rakousko)<\/h2>\n<p><a href=\"https:\/\/www.snowtrex.cz\/rakousko\/st._anton\/lyzovani.html\" target=\"_blank\" rel=\"noopener noreferrer\">St. Anton am Arlberg<\/a> je uk\u00e1zkov\u00fdm p\u0159\u00edkladem alpsk\u00e9 apr\u00e8s-ski kultury. &#8222;MooserWirt&#8220; je pova\u017eov\u00e1n za jeden z nejlep\u0161\u00edch apr\u00e8s-ski bar\u016f na sv\u011bt\u011b a je zn\u00e1m\u00fd svou bujarou atmosf\u00e9rou a legend\u00e1rn\u00ed hudbou. Dal\u0161\u00ed instituc\u00ed je &#8222;Krazy Kanguruh&#8220;, kde se mistr sv\u011bta v ly\u017eov\u00e1n\u00ed a olympijsk\u00fd v\u00edt\u011bz Mario Matt a jeho t\u00fdm u\u017e l\u00e9ta staraj\u00ed o tu nejlep\u0161\u00ed atmosf\u00e9ru na ve\u010d\u00edrc\u00edch. Po dlouh\u00fdch dnech ly\u017eov\u00e1n\u00ed je &#8222;Basecamp&#8220; tak\u00e9 m\u00edstem, kde se pa\u0159\u00ed ji\u017e v\u00edce ne\u017e 20 let. P\u0159\u00edmo u \u00fadoln\u00ed stanice ve Svat\u00e9m Antonu se zde mohou milovn\u00edci zimn\u00edch sport\u016f posilnit specialitami, jako jsou dom\u00e1c\u00ed t\u011bstoviny, pol\u00e9vky a \u0161tr\u00fadl, ne\u017e se o atmosf\u00e9ru od 15 hodin postaraj\u00ed mezin\u00e1rodn\u00ed DJs nebo \u017eiv\u00e1 vystoupen\u00ed.<\/p>\n<div class=\"tt-post-image-wrapper tt-post-image-wrapper-full\">\n            <div class=\"tt-image-copyright-container\">\n                <a href=\"https:\/\/www.snowtrex.cz\/magazin\/files\/2023\/12\/RS26727_shutterstock_2146015013-scr-2.jpg\" target=\"_blank\" rel=\"noopener\"><img loading=\"lazy\" decoding=\"async\" data-wrapped=\"true\" class=\"wp-image-52332 size-Artikelbild_gro\u00df\" title=\"Apr\u00e8s-ski v rustik\u00e1ln\u00edch chat\u00e1ch, jako je MooserWirt, je ide\u00e1ln\u00ed zp\u016fsob, jak zavr\u0161it perfektn\u00ed den ly\u017eov\u00e1n\u00ed ve Svat\u00e9m Antonu\" src=\"https:\/\/www.snowtrex.cz\/magazin\/files\/2023\/12\/RS26727_shutterstock_2146015013-scr-2-729x486.jpg\" alt=\"Apr\u00e8s-ski v rustik\u00e1ln\u00edch chat\u00e1ch, jako je MooserWirt, je ide\u00e1ln\u00ed zp\u016fsob, jak zavr\u0161it perfektn\u00ed den ly\u017eov\u00e1n\u00ed ve Svat\u00e9m Antonu\" width=\"729\" height=\"486\" srcset=\"https:\/\/www.snowtrex.cz\/magazin\/files\/2023\/12\/RS26727_shutterstock_2146015013-scr-2-729x486.jpg 729w, https:\/\/www.snowtrex.cz\/magazin\/files\/2023\/12\/RS26727_shutterstock_2146015013-scr-2-290x194.jpg 290w, https:\/\/www.snowtrex.cz\/magazin\/files\/2023\/12\/RS26727_shutterstock_2146015013-scr-2-728x486.jpg 728w, https:\/\/www.snowtrex.cz\/magazin\/files\/2023\/12\/RS26727_shutterstock_2146015013-scr-2-768x513.jpg 768w, https:\/\/www.snowtrex.cz\/magazin\/files\/2023\/12\/RS26727_shutterstock_2146015013-scr-2-468x312.jpg 468w, https:\/\/www.snowtrex.cz\/magazin\/files\/2023\/12\/RS26727_shutterstock_2146015013-scr-2-727x486.jpg 727w, https:\/\/www.snowtrex.cz\/magazin\/files\/2023\/12\/RS26727_shutterstock_2146015013-scr-2-300x200.jpg 300w, https:\/\/www.snowtrex.cz\/magazin\/files\/2023\/12\/RS26727_shutterstock_2146015013-scr-2-999x666.jpg 999w, https:\/\/www.snowtrex.cz\/magazin\/files\/2023\/12\/RS26727_shutterstock_2146015013-scr-2-645x430.jpg 645w, https:\/\/www.snowtrex.cz\/magazin\/files\/2023\/12\/RS26727_shutterstock_2146015013-scr-2-552x368.jpg 552w, https:\/\/www.snowtrex.cz\/magazin\/files\/2023\/12\/RS26727_shutterstock_2146015013-scr-2-405x270.jpg 405w, https:\/\/www.snowtrex.cz\/magazin\/files\/2023\/12\/RS26727_shutterstock_2146015013-scr-2-336x224.jpg 336w, https:\/\/www.snowtrex.cz\/magazin\/files\/2023\/12\/RS26727_shutterstock_2146015013-scr-2-276x184.jpg 276w, https:\/\/www.snowtrex.cz\/magazin\/files\/2023\/12\/RS26727_shutterstock_2146015013-scr-2-234x156.jpg 234w, https:\/\/www.snowtrex.cz\/magazin\/files\/2023\/12\/RS26727_shutterstock_2146015013-scr-2-192x128.jpg 192w, https:\/\/www.snowtrex.cz\/magazin\/files\/2023\/12\/RS26727_shutterstock_2146015013-scr-2-120x80.jpg 120w, https:\/\/www.snowtrex.cz\/magazin\/files\/2023\/12\/RS26727_shutterstock_2146015013-scr-2-774x516.jpg 774w, https:\/\/www.snowtrex.cz\/magazin\/files\/2023\/12\/RS26727_shutterstock_2146015013-scr-2-1x1.jpg 1w, https:\/\/www.snowtrex.cz\/magazin\/files\/2023\/12\/RS26727_shutterstock_2146015013-scr-2.jpg 1440w\" sizes=\"(min-width: 1009px) 729px, (min-width: 819px) 594px, (min-width: 569px) 729px, (min-width: 449px) 468px, 348px\" \/><\/a><div class=\"tt-image-copyright\" data-image-id=\"52332\">\u00a9 Ingus Kruklitis\/Shutterstock<\/div>\n            <\/div>\n            <div class=\"tt-post-caption\">Apr\u00e8s-ski v rustik\u00e1ln\u00edch chat\u00e1ch, jako je MooserWirt, je ide\u00e1ln\u00ed zp\u016fsob, jak zavr\u0161it perfektn\u00ed den ly\u017eov\u00e1n\u00ed ve Svat\u00e9m Antonu.<\/div>\n         <\/div > \n<h2 id=\"zell-am-see-(rakousko)\">Zell am See (Rakousko)<\/h2>\n<p><a href=\"https:\/\/www.snowtrex.cz\/rakousko\/zell_am_see\/lyzovani.html\" target=\"_blank\" rel=\"noopener noreferrer\">Zell am See<\/a> nab\u00edz\u00ed n\u00e1dhernou kombinaci idylick\u00e9 zimn\u00ed krajiny a ru\u0161n\u00e9ho no\u010dn\u00edho \u017eivota. Apr\u00e8s-ski se zde rychle m\u011bn\u00ed v apr\u00e8s-chill. Prvn\u00edm p\u0159\u00edstavem ryz\u00ed party je zde &#8222;SchnapsHans Bar&#8220; p\u0159\u00edmo u horn\u00ed stanice na Schmittenh\u00f6he, kde si ly\u017ea\u0159i mohou p\u0159i z\u00e1bav\u011b vychutn\u00e1vat \u00fachvatn\u00fd v\u00fdhled na jezero a bujar\u00e9 party prost\u0159ed\u00ed. Bar v &#8222;Ginhouse&#8220; v centru Zell am See nab\u00edz\u00ed, jak u\u017e n\u00e1zev napov\u00edd\u00e1, p\u016fsobiv\u00fd v\u00fdb\u011br druh\u016f ginu a je pon\u011bkud klidn\u011bj\u0161\u00ed alternativou k ruchu party v ly\u017ea\u0159sk\u00e9m are\u00e1lu:<\/p>\n<figure class=\"wp-block-embed-youtube wp-block-embed is-type-video is-provider-youtube wp-embed-aspect-16-9 wp-has-aspect-ratio\"><div class=\"lyte-wrapper\" title=\"Apr&egrave;s Chill in Zell am See-Kaprun\" style=\"width:853px;max-width:100%;margin:5px auto;\"><div class=\"lyMe\" id=\"WYL_IrYchxBzIpo\" itemprop=\"video\" itemscope itemtype=\"https:\/\/schema.org\/VideoObject\"><div><meta itemprop=\"thumbnailUrl\" content=\"https:\/\/i.ytimg.com\/vi\/IrYchxBzIpo\/hqdefault.jpg\" \/><meta itemprop=\"embedURL\" content=\"https:\/\/www.youtube.com\/embed\/IrYchxBzIpo\" \/><meta itemprop=\"duration\" content=\"PT42S\" \/><meta itemprop=\"uploadDate\" content=\"2022-01-18T09:51:44Z\" \/><\/div><div id=\"lyte_IrYchxBzIpo\" data-src=\"https:\/\/i.ytimg.com\/vi\/IrYchxBzIpo\/hqdefault.jpg\" class=\"pL\"><div class=\"tC\"><div class=\"tT\" itemprop=\"name\">Apr\u00e8s Chill in Zell am See-Kaprun<\/div><\/div><div class=\"play\"><\/div><div class=\"ctrl\"><div class=\"Lctrl\"><\/div><div class=\"Rctrl\"><\/div><\/div><\/div><noscript><a href=\"http:\/\/youtu.be\/IrYchxBzIpo\" rel=\"nofollow\"><img loading=\"lazy\" decoding=\"async\" src=\"http:\/\/i.ytimg.com\/vi\/IrYchxBzIpo\/0.jpg\" alt=\"Apr&egrave;s Chill in Zell am See-Kaprun\" width=\"853\" height=\"460\" \/><br \/>Watch this video on YouTube<\/a><\/noscript><meta itemprop=\"description\" content=\"THE NEW WAY OF ENJOYING WINTER In the early days of skiing, apr\u00e8s ski was the term used to describe the cosy get-together after skiing. We in Zell am See-Kaprun want to celebrate exactly that again: to pamper our guests in a relaxed high-quality atmosphere so that they can recover from an eventful day and recall it in a convivial atmosphere. This is apr\u00e8s ski as it was intended \u2013 meaning the APR\u00c8S CHILL version! Follow us on Facebook &amp; Instagram: https:\/\/www.instagram.com\/zellamseekaprun https:\/\/www.facebook.com\/zellamseekaprun #zellamseekaprun\"><\/div><\/div><div class=\"lL\" style=\"max-width:100%;width:853px;margin:5px auto;\"><br\/><span class=\"lyte_disclaimer\">Upozor\u0148ujeme tak\u00e9, \u017ee pou\u017e\u00edv\u00e1n\u00edm na\u0161ich slu\u017eeb a integrac\u00ed slu\u017eeb YouTube API plat\u00ed <a href=\"https:\/\/www.youtube.com\/t\/terms\">Smluvn\u00ed podm\u00ednky YouTube<\/a> a <a href=\"https:\/\/developers.google.com\/youtube\/terms\/api-services-terms-of-service-emea-de\">Smluvn\u00ed podm\u00ednky YouTube API<\/a> a va\u0161e pou\u017e\u00edv\u00e1n\u00ed na\u0161ich webov\u00fdch str\u00e1nek se pova\u017euje za souhlas s t\u011bmito podm\u00ednkami.<\/span><\/div><figcaption><\/figcaption><\/figure>\n<p>A v sousedn\u00edm <a href=\"https:\/\/www.snowtrex.cz\/rakousko\/kaprun\/lyzovani.html\" target=\"_blank\" rel=\"noopener\">Kaprunu<\/a> samoz\u0159ejm\u011b nechyb\u00ed ani \u017eiv\u00e1 vystoupen\u00ed, DJov\u00e9 a skv\u011bl\u00e9 rytmy p\u0159i apr\u00e8s-ski, nap\u0159\u00edklad v &#8222;Baumbaru&#8220;, kter\u00fd je zn\u00e1m\u00fd sv\u00fdmi kreativn\u00edmi koktejly i neobvykl\u00fdmi tematick\u00fdmi ve\u010d\u00edrky.<\/p>\n<h2 id=\"gerlos-(rakousko)\">Gerlos (Rakousko)<\/h2>\n<p>Zillertal je mezi milovn\u00edky zimn\u00edch sport\u016f pova\u017eov\u00e1n za jakousi apr\u00e9s-ski mekku, proto\u017ee po dni str\u00e1ven\u00e9m na sjezdovce jsou v tomto &#8222;nejaktivn\u011bj\u0161\u00edm \u00fadol\u00ed sv\u011bta&#8220; v chladn\u00e9m obdob\u00ed t\u00e9m\u011b\u0159 ve v\u0161ech ly\u017ea\u0159sk\u00fdch st\u0159edisc\u00edch na denn\u00edm po\u0159\u00e1dku ve\u010d\u00edrky. Nap\u0159\u00edklad &#8222;Umbrella Bar&#8220; v <a href=\"https:\/\/www.snowtrex.cz\/rakousko\/gerlos\/lyzovani.html\" target=\"_blank\" rel=\"noopener\">Gerlosu<\/a> nab\u00edz\u00ed \u017eivou hudbu i DJ sety a je obl\u00edben\u00fdm m\u00edstem setk\u00e1v\u00e1n\u00ed ly\u017ea\u0159\u016f, zejm\u00e9na na Silvestra. To ale nen\u00ed v\u0161echno, proto\u017ee v Zillertalu se po\u0159\u00e1daj\u00ed i v\u011bt\u0161\u00ed p\u00e1rty, jako nap\u0159\u00edklad rustik\u00e1ln\u00ed &#8222;Lederhosen Wedel Weekend&#8220;, kter\u00fd se kon\u00e1 v\u017edy v dubnu:<\/p>\n<p>Nen\u00ed to v\u0161ak jen Gerlos, ale cel\u00fd Zillertal, kter\u00fd z\u00e1\u0159\u00ed jako jeden z nejv\u011bt\u0161\u00edch apr\u00e9s-ski hotspot\u016f v rakousk\u00fdch Alp\u00e1ch. &#8222;Hohenhaus Tenne&#8220; v <a href=\"https:\/\/www.snowtrex.cz\/rakousko\/hintertux\/lyzovani.html\" target=\"_blank\" rel=\"noopener\">Hintertuxu<\/a> je nejv\u011bt\u0161\u00edm apr\u00e8s-ski barem v \u00fadol\u00ed a je zn\u00e1m\u00fd svou bujarou atmosf\u00e9rou ve\u010d\u00edrk\u016f, kter\u00e9 p\u0159i slune\u010dn\u00e9m po\u010das\u00ed v zim\u011b za\u010d\u00ednaj\u00ed u\u017e v 11 hodin na terase vlastn\u00edho hotelu. Naproti tomu &#8222;Scotland Yard Pub&#8220; v <a href=\"https:\/\/www.snowtrex.cz\/rakousko\/mayrhofen\/lyzovani.html\" target=\"_blank\" rel=\"noopener noreferrer\">Mayrhofenu<\/a> je, jak n\u00e1zev napov\u00edd\u00e1, &#8222;velmi britsk\u00fd&#8220;, a proto o n\u011bco d\u016fstojn\u011bj\u0161\u00ed.<\/p>\n<h2 id=\"schladming-(rakousko)\">Schladming (Rakousko)<\/h2>\n<p><a href=\"https:\/\/www.snowtrex.cz\/rakousko\/schladming\/region_dachstein\/schladming\/lyzovani.html\" target=\"_blank\" rel=\"noopener noreferrer\">Schladming<\/a> je zn\u00e1m\u00fd fantastick\u00fdmi ly\u017ea\u0159sk\u00fdmi podm\u00ednkami, spoustou ve\u010d\u00edrk\u016f a z\u00e1vodem Sv\u011btov\u00e9ho poh\u00e1ru v ly\u017eov\u00e1n\u00ed &#8222;Nightrace&#8220;. A pr\u00e1v\u011b zde, v c\u00edlov\u00e9 oblasti u doln\u00ed stanice pod Planai, se nach\u00e1z\u00ed tak\u00e9 epicentrum apr\u00e9s-ski s &#8222;Hohenhaus Tenne&#8220;. Toto legend\u00e1rn\u00ed m\u00edsto je v\u017edy m\u00edstem z\u00e1bavy na velk\u00e9m tane\u010dn\u00edm parketu, zat\u00edmco &#8222;Hanglbar&#8220; v centru vesnice je obl\u00edben\u00fdm m\u00edstem setk\u00e1v\u00e1n\u00ed u uvoln\u011bn\u00e9ho drinku po dlouh\u00e9m dni ly\u017eov\u00e1n\u00ed. Po setm\u011bn\u00ed to po\u0159\u00e1dn\u011b v\u0159e v &#8222;CultClubu&#8220;, modern\u00edm \u0161pi\u010dkov\u00e9m baru ve Schladmingu, kde hraj\u00ed DJov\u00e9, z reproduktor\u016f dun\u00ed beaty a \u010dasto se po\u0159\u00e1daj\u00ed ve\u010dery se speci\u00e1ln\u00edmi akcemi.<\/p>\n<div class=\"tt-post-image-wrapper tt-post-image-wrapper-full\">\n            <div class=\"tt-image-copyright-container\">\n                <a href=\"https:\/\/www.snowtrex.cz\/magazin\/files\/2023\/08\/RS26675_shutterstock_1885320346-scr.jpg\" target=\"_blank\" rel=\"noopener\"><img loading=\"lazy\" decoding=\"async\" data-wrapped=\"true\" class=\"wp-image-48462 size-Artikelbild_gro\u00df\" title=\"Na konci Planai se nach\u00e1z\u00ed &quot;Hohenhaus Tenne&quot;, epicentrum apr\u00e8s-ski ve Schladmingu\" src=\"https:\/\/www.snowtrex.cz\/magazin\/files\/2023\/08\/RS26675_shutterstock_1885320346-scr-729x486.jpg\" alt=\"Na konci Planai se nach\u00e1z\u00ed &quot;Hohenhaus Tenne&quot;, epicentrum apr\u00e8s-ski ve Schladmingu\" width=\"729\" height=\"486\" srcset=\"https:\/\/www.snowtrex.cz\/magazin\/files\/2023\/08\/RS26675_shutterstock_1885320346-scr-729x486.jpg 729w, https:\/\/www.snowtrex.cz\/magazin\/files\/2023\/08\/RS26675_shutterstock_1885320346-scr-290x193.jpg 290w, https:\/\/www.snowtrex.cz\/magazin\/files\/2023\/08\/RS26675_shutterstock_1885320346-scr-728x485.jpg 728w, https:\/\/www.snowtrex.cz\/magazin\/files\/2023\/08\/RS26675_shutterstock_1885320346-scr-768x512.jpg 768w, https:\/\/www.snowtrex.cz\/magazin\/files\/2023\/08\/RS26675_shutterstock_1885320346-scr-468x312.jpg 468w, https:\/\/www.snowtrex.cz\/magazin\/files\/2023\/08\/RS26675_shutterstock_1885320346-scr-300x200.jpg 300w, https:\/\/www.snowtrex.cz\/magazin\/files\/2023\/08\/RS26675_shutterstock_1885320346-scr-999x666.jpg 999w, https:\/\/www.snowtrex.cz\/magazin\/files\/2023\/08\/RS26675_shutterstock_1885320346-scr-645x430.jpg 645w, https:\/\/www.snowtrex.cz\/magazin\/files\/2023\/08\/RS26675_shutterstock_1885320346-scr-552x368.jpg 552w, https:\/\/www.snowtrex.cz\/magazin\/files\/2023\/08\/RS26675_shutterstock_1885320346-scr-405x270.jpg 405w, https:\/\/www.snowtrex.cz\/magazin\/files\/2023\/08\/RS26675_shutterstock_1885320346-scr-336x224.jpg 336w, https:\/\/www.snowtrex.cz\/magazin\/files\/2023\/08\/RS26675_shutterstock_1885320346-scr-276x184.jpg 276w, https:\/\/www.snowtrex.cz\/magazin\/files\/2023\/08\/RS26675_shutterstock_1885320346-scr-234x156.jpg 234w, https:\/\/www.snowtrex.cz\/magazin\/files\/2023\/08\/RS26675_shutterstock_1885320346-scr-192x128.jpg 192w, https:\/\/www.snowtrex.cz\/magazin\/files\/2023\/08\/RS26675_shutterstock_1885320346-scr-120x80.jpg 120w, https:\/\/www.snowtrex.cz\/magazin\/files\/2023\/08\/RS26675_shutterstock_1885320346-scr-774x516.jpg 774w, https:\/\/www.snowtrex.cz\/magazin\/files\/2023\/08\/RS26675_shutterstock_1885320346-scr-2x1.jpg 2w, https:\/\/www.snowtrex.cz\/magazin\/files\/2023\/08\/RS26675_shutterstock_1885320346-scr.jpg 1440w\" sizes=\"(min-width: 1009px) 729px, (min-width: 819px) 594px, (min-width: 569px) 729px, (min-width: 449px) 468px, 348px\" \/><\/a><div class=\"tt-image-copyright\" data-image-id=\"48462\">\u00a9 Dietmar Rauscher\/Shutterstock<\/div>\n            <\/div>\n            <div class=\"tt-post-caption\">Na konci Planai se nach\u00e1z\u00ed &#8222;Hohenhaus Tenne&#8220;, epicentrum apr\u00e8s-ski ve Schladmingu.<\/div>\n         <\/div > \n<h2 id=\"val-thorens-(francie)\">Val Thorens (Francie)<\/h2>\n<p><a href=\"https:\/\/www.snowtrex.cz\/francie\/val_thorens\/lyzovani.html\" target=\"_blank\" rel=\"noopener noreferrer\">Val Thorens<\/a>, nejv\u00fd\u0161e polo\u017een\u00e9 ly\u017ea\u0159sk\u00e9 st\u0159edisko v Evrop\u011b, nab\u00edz\u00ed nejen kilometry sjezdovek pro fantastick\u00e9 carvingov\u00e9 oblouky, ale je tak\u00e9 zn\u00e1m\u00e9 svou \u017eivou apr\u00e8s-ski sc\u00e9nou v Les 3 Vall\u00e9es, nejv\u011bt\u0161\u00ed ly\u017ea\u0159sk\u00e9 oblasti na sv\u011bt\u011b. A \u017e\u00e1dn\u00e9 jin\u00e9 m\u00edsto nen\u00ed takov\u00fdm zt\u011blesn\u011bn\u00edm party hotspotu jako &#8222;La Folie Douce&#8220;. Francouzsk\u00e9 apr\u00e8s-ski zde o\u017e\u00edv\u00e1 \u017eivou hudbou a beatov\u00fdmi DJ sety na terase, nad kterou se vzn\u00e1\u0161ej\u00ed ly\u017ea\u0159i na lanovce:<\/p>\n<p>Uprost\u0159ed francouzsk\u00fdch hor se nach\u00e1z\u00ed tak\u00e9 jeden z nejv\u011bt\u0161\u00edch klub\u016f v Alp\u00e1ch, &#8222;Malaysia&#8220;, kde se po z\u00e1padu slunce \u010dasto konaj\u00ed velkolep\u00e9 sv\u011bteln\u00e9 show a dechberouc\u00ed vystoupen\u00ed mezin\u00e1rodn\u011b uzn\u00e1van\u00fdch DJs. Pokud jde o apr\u00e8s-ski, skv\u011bl\u00fdm m\u00edstem je tak\u00e9 &#8222;Bar 360&#8220; ve &#8222;Val Tho&#8220;, kde se krom\u011b ka\u017edodenn\u00edho programu party v zim\u011b konaj\u00ed speci\u00e1ln\u00ed akce jako Belgick\u00fd t\u00fdden, JBL Snowparty a 360 Closing Sessions.<\/p>\n<h2 id=\"les-2-alpes-(francie)\">Les 2 Alpes (Francie)<\/h2>\n<p><a href=\"https:\/\/www.snowtrex.cz\/francie\/les_2_alpes\/lyzovani.html\" target=\"_blank\" rel=\"noopener noreferrer\">Les 2 Alpes<\/a> je d\u00edky sv\u00e9mu ledovci r\u00e1jem ly\u017ea\u0159\u016f a z\u00e1rove\u0148 nejlep\u0161\u00edm zimn\u00edm m\u00edstem pro n\u00e1v\u0161t\u011bvn\u00edky ve\u010d\u00edrk\u016f. Klub &#8222;L&#8217;Avalanche&#8220; p\u0159\u00edmo ve vesnici je prvn\u00edm p\u0159\u00edstavem pro zahrani\u010dn\u00ed zimn\u00ed hosty. Je zn\u00e1m\u00fd svou mezin\u00e1rodn\u00ed atmosf\u00e9rou a \u0161pi\u010dkov\u00fdmi DJs. Pod heslem &#8222;Altitude Clubbing&#8220; vytv\u00e1\u0159\u00ed &#8222;Pano Bar&#8220; v nadmo\u0159sk\u00e9 v\u00fd\u0161ce 2 600 metr\u016f tu spr\u00e1vnou atmosf\u00e9ru a nab\u00edz\u00ed tak\u00e9 n\u00e1dhern\u00fd v\u00fdhled na okoln\u00ed hory. Nem\u00e9n\u011b fantastick\u00fd, ale sp\u00ed\u0161e v duchu klasick\u00e9ho apr\u00e8s-ski, je &#8222;Smithy&#8217;s Tavern&#8220; v centru Les 2 Alpes, kde se SnowTrex tak\u00e9 r\u00e1d bav\u00ed.<\/p>\n<div class=\"tt-post-image-wrapper tt-post-image-wrapper-full\">\n            <div class=\"tt-image-copyright-container\">\n                <a href=\"https:\/\/www.snowtrex.cz\/magazin\/files\/2023\/12\/RS4473_shutterstock_177964265-scr-2.jpg\" target=\"_blank\" rel=\"noopener\"><img loading=\"lazy\" decoding=\"async\" data-wrapped=\"true\" class=\"wp-image-52333 size-Artikelbild_gro\u00df\" title=\"Kdy\u017e v zim\u011b v Les 2 Alpes zapadne slunce, apr\u00e8s-ski se rozproud\u00ed\" src=\"https:\/\/www.snowtrex.cz\/magazin\/files\/2023\/12\/RS4473_shutterstock_177964265-scr-2-729x486.jpg\" alt=\"Kdy\u017e v zim\u011b v Les 2 Alpes zapadne slunce, apr\u00e8s-ski se rozproud\u00ed\" width=\"729\" height=\"486\" srcset=\"https:\/\/www.snowtrex.cz\/magazin\/files\/2023\/12\/RS4473_shutterstock_177964265-scr-2-729x486.jpg 729w, https:\/\/www.snowtrex.cz\/magazin\/files\/2023\/12\/RS4473_shutterstock_177964265-scr-2-290x193.jpg 290w, https:\/\/www.snowtrex.cz\/magazin\/files\/2023\/12\/RS4473_shutterstock_177964265-scr-2-728x485.jpg 728w, https:\/\/www.snowtrex.cz\/magazin\/files\/2023\/12\/RS4473_shutterstock_177964265-scr-2-768x512.jpg 768w, https:\/\/www.snowtrex.cz\/magazin\/files\/2023\/12\/RS4473_shutterstock_177964265-scr-2-468x312.jpg 468w, https:\/\/www.snowtrex.cz\/magazin\/files\/2023\/12\/RS4473_shutterstock_177964265-scr-2-300x200.jpg 300w, https:\/\/www.snowtrex.cz\/magazin\/files\/2023\/12\/RS4473_shutterstock_177964265-scr-2-999x666.jpg 999w, https:\/\/www.snowtrex.cz\/magazin\/files\/2023\/12\/RS4473_shutterstock_177964265-scr-2-645x430.jpg 645w, https:\/\/www.snowtrex.cz\/magazin\/files\/2023\/12\/RS4473_shutterstock_177964265-scr-2-552x368.jpg 552w, https:\/\/www.snowtrex.cz\/magazin\/files\/2023\/12\/RS4473_shutterstock_177964265-scr-2-405x270.jpg 405w, https:\/\/www.snowtrex.cz\/magazin\/files\/2023\/12\/RS4473_shutterstock_177964265-scr-2-336x224.jpg 336w, https:\/\/www.snowtrex.cz\/magazin\/files\/2023\/12\/RS4473_shutterstock_177964265-scr-2-276x184.jpg 276w, https:\/\/www.snowtrex.cz\/magazin\/files\/2023\/12\/RS4473_shutterstock_177964265-scr-2-234x156.jpg 234w, https:\/\/www.snowtrex.cz\/magazin\/files\/2023\/12\/RS4473_shutterstock_177964265-scr-2-192x128.jpg 192w, https:\/\/www.snowtrex.cz\/magazin\/files\/2023\/12\/RS4473_shutterstock_177964265-scr-2-120x80.jpg 120w, https:\/\/www.snowtrex.cz\/magazin\/files\/2023\/12\/RS4473_shutterstock_177964265-scr-2-774x516.jpg 774w, https:\/\/www.snowtrex.cz\/magazin\/files\/2023\/12\/RS4473_shutterstock_177964265-scr-2-2x1.jpg 2w, https:\/\/www.snowtrex.cz\/magazin\/files\/2023\/12\/RS4473_shutterstock_177964265-scr-2.jpg 1440w\" sizes=\"(min-width: 1009px) 729px, (min-width: 819px) 594px, (min-width: 569px) 729px, (min-width: 449px) 468px, 348px\" \/><\/a><div class=\"tt-image-copyright\" data-image-id=\"52333\">\u00a9 Dontsov Evgeny\/shutterstock.de<\/div>\n            <\/div>\n            <div class=\"tt-post-caption\">Kdy\u017e v zim\u011b v Les 2 Alpes zapadne slunce, apr\u00e8s-ski se rozproud\u00ed.<\/div>\n         <\/div > \n<h2 id=\"alpe-d'huez-(francie)\">Alpe d&#8217;Huez (Francie)<\/h2>\n<p><a href=\"https:\/\/www.snowtrex.cz\/francie\/alpe_dhuez\/lyzovani.html\" target=\"_blank\" rel=\"noopener noreferrer\">Alpe d&#8217;Huez<\/a>, kter\u00e9mu se d\u00edky jeho poloze \u010dasto \u0159\u00edk\u00e1 &#8222;ostrov slunce&#8220; a kter\u00fd je v l\u00e9t\u011b sv\u011btozn\u00e1m\u00fd d\u00edky velkolep\u00e9mu stoup\u00e1n\u00ed na Tour de France, nab\u00edz\u00ed doslova pestrou apr\u00e9s-ski sc\u00e9nu. Zat\u00edmco &#8222;Igloo Club&#8220; p\u0159itahuje mlad\u0161\u00ed publikum svou elektronickou hudebn\u00ed sc\u00e9nou, &#8222;Freeride Bar&#8220; je \u00fatuln\u011bj\u0161\u00ed se sm\u011bs\u00ed \u017eiv\u00e9 hudby a DJs. A &#8222;Sphere Bar&#8220; je zn\u00e1m\u00fd koktejly, kter\u00e9 zde m\u00edchaj\u00ed barmani. Absolutn\u00ed party a apr\u00e8s-ski vrchol, kter\u00fd Alpe d&#8217;Huez z\u00e1vid\u00ed ly\u017ea\u0159sk\u00e1 st\u0159ediska po cel\u00e9m sv\u011bt\u011b, se v\u0161ak kon\u00e1 v\u017edy na ja\u0159e v r\u00e1mci zimn\u00edho Tomorrowlandu:<\/p>\n<figure class=\"wp-block-embed-youtube wp-block-embed is-type-video is-provider-youtube wp-embed-aspect-16-9 wp-has-aspect-ratio\"><div class=\"lyte-wrapper\" title=\"Tomorrowland Winter 2023\" style=\"width:853px;max-width:100%;margin:5px auto;\"><div class=\"lyMe\" id=\"WYL_qIr1JNntSyw\" itemprop=\"video\" itemscope itemtype=\"https:\/\/schema.org\/VideoObject\"><div><meta itemprop=\"thumbnailUrl\" content=\"https:\/\/i.ytimg.com\/vi\/qIr1JNntSyw\/hqdefault.jpg\" \/><meta itemprop=\"embedURL\" content=\"https:\/\/www.youtube.com\/embed\/qIr1JNntSyw\" \/><meta itemprop=\"duration\" content=\"PT41S\" \/><meta itemprop=\"uploadDate\" content=\"2023-03-25T11:52:50Z\" \/><\/div><div id=\"lyte_qIr1JNntSyw\" data-src=\"https:\/\/i.ytimg.com\/vi\/qIr1JNntSyw\/hqdefault.jpg\" class=\"pL\"><div class=\"tC\"><div class=\"tT\" itemprop=\"name\">Tomorrowland Winter 2023<\/div><\/div><div class=\"play\"><\/div><div class=\"ctrl\"><div class=\"Lctrl\"><\/div><div class=\"Rctrl\"><\/div><\/div><\/div><noscript><a href=\"http:\/\/youtu.be\/qIr1JNntSyw\" rel=\"nofollow\"><img loading=\"lazy\" decoding=\"async\" src=\"http:\/\/i.ytimg.com\/vi\/qIr1JNntSyw\/0.jpg\" alt=\"Tomorrowland Winter 2023\" width=\"853\" height=\"460\" \/><br \/>Watch this video on YouTube<\/a><\/noscript><meta itemprop=\"description\" content=\"Dear People of Tomorrow, you have come from far and wide to unite here at Tomorrowland Winter. Take a moment and fill your hearts with wonder and joy. May our paths cross once more, and our friendship never end. Live Today, Love Tomorrow, Unite Forever. www.tomorrowland.com\"><\/div><\/div><div class=\"lL\" style=\"max-width:100%;width:853px;margin:5px auto;\"><br\/><span class=\"lyte_disclaimer\">Upozor\u0148ujeme tak\u00e9, \u017ee pou\u017e\u00edv\u00e1n\u00edm na\u0161ich slu\u017eeb a integrac\u00ed slu\u017eeb YouTube API plat\u00ed <a href=\"https:\/\/www.youtube.com\/t\/terms\">Smluvn\u00ed podm\u00ednky YouTube<\/a> a <a href=\"https:\/\/developers.google.com\/youtube\/terms\/api-services-terms-of-service-emea-de\">Smluvn\u00ed podm\u00ednky YouTube API<\/a> a va\u0161e pou\u017e\u00edv\u00e1n\u00ed na\u0161ich webov\u00fdch str\u00e1nek se pova\u017euje za souhlas s t\u011bmito podm\u00ednkami.<\/span><\/div><figcaption><\/figcaption><\/figure>\n<h2 id=\"val-gardena-(it\u00e1lie)\">Val Gardena (It\u00e1lie)<\/h2>\n<p><a href=\"https:\/\/www.snowtrex.cz\/italie\/st._ulrich\/lyzovani.html\" target=\"_blank\" rel=\"noopener\">Val Gardena<\/a> se nach\u00e1z\u00ed v srdci Dolomit a nab\u00edz\u00ed jedine\u010dn\u00fd apr\u00e8s-ski z\u00e1\u017eitek s n\u00e1dechem dolce vita. Zejm\u00e9na &#8222;Luiskeller&#8220; v Selv\u011b je m\u00edstn\u00ed instituc\u00ed, pokud jde o ve\u010d\u00edrky a oslavy. Nejlep\u0161\u00ed apr\u00e8s-ski n\u00e1lepku m\u016f\u017ee m\u00edt m\u00edsto, kter\u00e9 p\u0159itahuje m\u00edstn\u00ed ly\u017ea\u0159sk\u00e9 instruktory, kte\u0159\u00ed se ve sv\u00e9 domovin\u011b vyznaj\u00ed. Ve Val Garden\u011b je to &#8222;Bar Saltos&#8220;. Pokud d\u00e1v\u00e1te p\u0159ednost n\u011b\u010demu klidn\u011bj\u0161\u00edmu, zami\u0159te do &#8222;La Bula&#8220;, kde se pod\u00e1v\u00e1 hudba a vynikaj\u00edc\u00ed v\u00fdb\u011br kulin\u00e1\u0159sk\u00fdch specialit z <a href=\"https:\/\/www.snowtrex.cz\/svet-zajezdu\/jizni-tyrolsko.html\" target=\"_blank\" rel=\"noopener\">Ji\u017en\u00edho Tyrolska<\/a>.<\/p>\n<figure class=\"wp-block-embed-youtube wp-block-embed is-type-video is-provider-youtube wp-embed-aspect-16-9 wp-has-aspect-ratio\"><div class=\"lyte-wrapper\" title=\"Rock the Dolomites 2023 - Winter Music Festival in Val Gardena | Gr&ouml;den\" style=\"width:853px;max-width:100%;margin:5px auto;\"><div class=\"lyMe\" id=\"WYL_iQmRebTz0Uw\" itemprop=\"video\" itemscope itemtype=\"https:\/\/schema.org\/VideoObject\"><div><meta itemprop=\"thumbnailUrl\" content=\"https:\/\/i.ytimg.com\/vi\/iQmRebTz0Uw\/hqdefault.jpg\" \/><meta itemprop=\"embedURL\" content=\"https:\/\/www.youtube.com\/embed\/iQmRebTz0Uw\" \/><meta itemprop=\"duration\" content=\"PT50S\" \/><meta itemprop=\"uploadDate\" content=\"2023-04-07T12:05:43Z\" \/><\/div><div id=\"lyte_iQmRebTz0Uw\" data-src=\"https:\/\/i.ytimg.com\/vi\/iQmRebTz0Uw\/hqdefault.jpg\" class=\"pL\"><div class=\"tC\"><div class=\"tT\" itemprop=\"name\">Rock the Dolomites 2023 - Winter Music Festival in Val Gardena | Gr\u00f6den<\/div><\/div><div class=\"play\"><\/div><div class=\"ctrl\"><div class=\"Lctrl\"><\/div><div class=\"Rctrl\"><\/div><\/div><\/div><noscript><a href=\"http:\/\/youtu.be\/iQmRebTz0Uw\" rel=\"nofollow\"><img loading=\"lazy\" decoding=\"async\" src=\"http:\/\/i.ytimg.com\/vi\/iQmRebTz0Uw\/0.jpg\" alt=\"Rock the Dolomites 2023 - Winter Music Festival in Val Gardena | Gr&ouml;den\" width=\"853\" height=\"460\" \/><br \/>Watch this video on YouTube<\/a><\/noscript><meta itemprop=\"description\" content=\"18.03 - 26.03.2023 The musical event in Val Gardena! The festival takes place in March when Dolomites Val Gardena is at its most beautiful: covered by snow in front of the huts and the apr\u00e8s ski venues, ready to take on the sick tunes of the electric guitar as soon as it\u2019s plugged in. The music festival lasts a good week and features a diverse line-up ranging across different subgenres of rock. Ten rock bands from the region will perform in different locations surrounded by nature and deliver great vibes.\"><\/div><\/div><div class=\"lL\" style=\"max-width:100%;width:853px;margin:5px auto;\"><br\/><span class=\"lyte_disclaimer\">Upozor\u0148ujeme tak\u00e9, \u017ee pou\u017e\u00edv\u00e1n\u00edm na\u0161ich slu\u017eeb a integrac\u00ed slu\u017eeb YouTube API plat\u00ed <a href=\"https:\/\/www.youtube.com\/t\/terms\">Smluvn\u00ed podm\u00ednky YouTube<\/a> a <a href=\"https:\/\/developers.google.com\/youtube\/terms\/api-services-terms-of-service-emea-de\">Smluvn\u00ed podm\u00ednky YouTube API<\/a> a va\u0161e pou\u017e\u00edv\u00e1n\u00ed na\u0161ich webov\u00fdch str\u00e1nek se pova\u017euje za souhlas s t\u011bmito podm\u00ednkami.<\/span><\/div><figcaption><\/figcaption><\/figure>\n<h2 id=\"reischach-(it\u00e1lie)\">Reischach (It\u00e1lie)<\/h2>\n<p><a href=\"https:\/\/www.snowtrex.cz\/italie\/reischach\/lyzovani.html\" target=\"_blank\" rel=\"noopener\">Reischach<\/a> se nach\u00e1z\u00ed na Kronplatzu, jednom z nejobl\u00edben\u011bj\u0161\u00edch ly\u017ea\u0159sk\u00fdch st\u0159edisek v Ji\u017en\u00edm Tyrolsku, a je apr\u00e8s-ski centrem regionu. Zt\u011blesn\u011bn\u00edm m\u00edsta pro zimn\u00ed party je zde &#8222;Tenne&#8220; u doln\u00ed stanice. Tato p\u00e1rty instituce l\u00e1k\u00e1 hosty svou rustik\u00e1ln\u00ed tyrolskou atmosf\u00e9rou a &#8222;nejdel\u0161\u00edm barem v Ji\u017en\u00edm Tyrolsku&#8220;. Na hor\u00e1ch je atmosf\u00e9ra obzvl\u00e1\u0161t\u011b \u017eiv\u00e1 v &#8222;Giggeralmu&#8220;, kde na v\u00e1s \u010dek\u00e1 \u00fachvatn\u00fd panoramatick\u00fd v\u00fdhled a klasick\u00e1 party hudba. V noci naopak boduje &#8222;K1&#8220; svou modern\u00ed atmosf\u00e9rou pro v\u0161echny, kte\u0159\u00ed cht\u011bj\u00ed tan\u010dit dlouho do noci.<\/p>\n<h2 id=\"zermatt-(\u0160v\u00fdcarsko)\">Zermatt (\u0160v\u00fdcarsko)<\/h2>\n<p>Komu se p\u0159i pomy\u0161len\u00ed na zimn\u00ed <a href=\"https:\/\/www.snowtrex.cz\/svycarsko\/zermatt\/lyzovani.html\" target=\"_blank\" rel=\"noopener noreferrer\">Zermatt<\/a> vybav\u00ed Matterhorn, perfektn\u011b upraven\u00e9 sjezdovky a apr\u00e9s-ski? Ano, i v jednom z nejm\u00f3dn\u011bj\u0161\u00edch \u0161v\u00fdcarsk\u00fdch ly\u017ea\u0159sk\u00fdch st\u0159edisek jsou v chladn\u00e9m obdob\u00ed ve\u010d\u00edrky na denn\u00edm po\u0159\u00e1dku. Jedn\u00edm z prvn\u00edch m\u00edst, kam se vyd\u00e1te, je &#8222;Hennu Stall&#8220; na sjezdovce v \u00fadol\u00ed Furi-Zermatt. Kultovn\u00edm m\u00edstem je &#8222;Papperla Pub&#8220; p\u0159\u00edmo ve vesnici, kter\u00fd nab\u00edz\u00ed v\u00edno, koktejly a chutn\u00e9 ob\u010derstven\u00ed a tak\u00e9 \u017eivou hudbu. Dal\u0161\u00edm apr\u00e8s-ski hotspotem ve st\u00ednu Matterhornu je bar v hotelu &#8222;Cervo&#8220;, kter\u00fd se m\u016f\u017ee pochlubit tak\u00e9 slune\u010dn\u00ed terasou a DJ sety.<\/p>\n<h2 id=\"arosa-(\u0160v\u00fdcarsko)\">Arosa (\u0160v\u00fdcarsko)<\/h2>\n<p>Malebn\u00e1 horsk\u00e1 krajina vytv\u00e1\u0159\u00ed v <a href=\"https:\/\/www.snowtrex.cz\/svycarsko\/arosa\/lyzovani.html\" target=\"_blank\" rel=\"noopener noreferrer\">Arose<\/a> \u00fatulnou, ale intenzivn\u00ed apr\u00e8s-ski atmosf\u00e9ru. Necel\u00fdch p\u011bt minut ch\u016fze od lanovky Kulm se nach\u00e1z\u00ed restaurace &#8222;Kuhbar&#8220;, kter\u00e1 je jedn\u00edm z vrchol\u016f pro milovn\u00edky apr\u00e8s-ski, zejm\u00e9na d\u00edky autentick\u00e9 alpsk\u00e9 atmosf\u00e9\u0159e a \u017eiv\u00e9 hudb\u011b:<\/p>\n<div class=\"lyte-wrapper\" title=\"Kuhbar Arosa - official - Winter 2023\/24\" style=\"width:853px;max-width:100%;margin:5px auto;\"><div class=\"lyMe\" id=\"WYL_3aH4ZqadlQs\" itemprop=\"video\" itemscope itemtype=\"https:\/\/schema.org\/VideoObject\"><div><meta itemprop=\"thumbnailUrl\" content=\"https:\/\/i.ytimg.com\/vi\/3aH4ZqadlQs\/hqdefault.jpg\" \/><meta itemprop=\"embedURL\" content=\"https:\/\/www.youtube.com\/embed\/3aH4ZqadlQs\" \/><meta itemprop=\"duration\" content=\"PT2M\" \/><meta itemprop=\"uploadDate\" content=\"2024-03-27T09:00:17Z\" \/><\/div><div id=\"lyte_3aH4ZqadlQs\" data-src=\"https:\/\/i.ytimg.com\/vi\/3aH4ZqadlQs\/hqdefault.jpg\" class=\"pL\"><div class=\"tC\"><div class=\"tT\" itemprop=\"name\">Kuhbar Arosa - official - Winter 2023\/24<\/div><\/div><div class=\"play\"><\/div><div class=\"ctrl\"><div class=\"Lctrl\"><\/div><div class=\"Rctrl\"><\/div><\/div><\/div><noscript><a href=\"http:\/\/youtu.be\/3aH4ZqadlQs\" rel=\"nofollow\"><img loading=\"lazy\" decoding=\"async\" src=\"http:\/\/i.ytimg.com\/vi\/3aH4ZqadlQs\/0.jpg\" alt=\"Kuhbar Arosa - official - Winter 2023\/24\" width=\"853\" height=\"460\" \/><br \/>Watch this video on YouTube<\/a><\/noscript><meta itemprop=\"description\" content=\"Willkommen in unserer KuhBar, dem ultimativen Apr\u00e8s-Ski-Erlebnis direkt im Herzen des Schneesportgebiets Arosa Lenzerheide! Die KuhBar in Arosa ist zweifellos der \u201eplace to be\u201c f\u00fcr den besten Apr\u00e8s-Ski in Graub\u00fcnden!\"><\/div><\/div><div class=\"lL\" style=\"max-width:100%;width:853px;margin:5px auto;\"><br\/><span class=\"lyte_disclaimer\">Upozor\u0148ujeme tak\u00e9, \u017ee pou\u017e\u00edv\u00e1n\u00edm na\u0161ich slu\u017eeb a integrac\u00ed slu\u017eeb YouTube API plat\u00ed <a href=\"https:\/\/www.youtube.com\/t\/terms\">Smluvn\u00ed podm\u00ednky YouTube<\/a> a <a href=\"https:\/\/developers.google.com\/youtube\/terms\/api-services-terms-of-service-emea-de\">Smluvn\u00ed podm\u00ednky YouTube API<\/a> a va\u0161e pou\u017e\u00edv\u00e1n\u00ed na\u0161ich webov\u00fdch str\u00e1nek se pova\u017euje za souhlas s t\u011bmito podm\u00ednkami.<\/span><\/div><\/p>\n<p>&#8222;Tschuggen Bar&#8220; v Grand Hotelu je typicky \u0161v\u00fdcarsk\u00fd, proto\u017ee je velmi exkluzivn\u00ed. Po dlouh\u00e9m dni str\u00e1ven\u00e9m na sjezdovk\u00e1ch si zde ly\u017ea\u0159i mohou v zim\u011b dop\u0159\u00e1t koktejl u krbu a poslechnout si \u017eivou hudbu v p\u0159\u00edjemn\u00e9 atmosf\u00e9\u0159e. Bar v hotelu &#8222;Provisorium13&#8220; je tak\u00e9 obl\u00edben\u00fdm m\u00edstem setk\u00e1v\u00e1n\u00ed pro uvoln\u011bn\u00e9 apr\u00e8s-ski se skv\u011blou kombinac\u00ed hudby a um\u011bn\u00ed.<\/p>\n<iframe title=\"15 nejlep\u0161\u00edch apr\u00e8s-ski st\u0159edisek v Alp\u00e1ch\" aria-label=\"Tabelle\" id=\"datawrapper-chart-ZgdqK\" src=\"15 nejlep\u0161\u00edch apr\u00e8s-ski st\u0159edisek v Alp\u00e1ch \" scrolling=\"no\" frameborder=\"0\" style=\"width: 0; min-width: 100% !important; border: none;\" height=\"708\" data-external=\"1\"><\/iframe><script type=\"text\/javascript\">!function(){\"use strict\";window.addEventListener(\"message\",(function(a){if(void 0!==a.data[\"datawrapper-height\"]){var e=document.querySelectorAll(\"iframe\");for(var t in a.data[\"datawrapper-height\"])for(var r=0;r<e.length;r++)if(e[r].contentWindow===a.source){var i=a.data[\"datawrapper-height\"][t]+\"px\";e[r].style.height=i}}}))}();\r\n<\/script>\n<h2 id=\"\u017deb\u0159\u00ed\u010dek-top-50:-zasv\u011bcen\u00e9-tipy-na-apr\u00e8s-ski-mezi-ly\u017ea\u0159sk\u00fdmi-st\u0159edisky\">\u017deb\u0159\u00ed\u010dek Top 50: zasv\u011bcen\u00e9 tipy na apr\u00e8s-ski mezi ly\u017ea\u0159sk\u00fdmi st\u0159edisky<\/h2>\n<p>\u017deb\u0159\u00ed\u010dek SnowTrex Top 50 nejlep\u0161\u00edch ly\u017ea\u0159sk\u00fdch st\u0159edisek v Alp\u00e1ch obsahuje tak\u00e9 n\u011bkolik zasv\u011bcen\u00fdch tip\u016f, pokud jde o apr\u00e8s-ski. S hodnocen\u00edm 4,7 hv\u011bzdi\u010dek z 5 se <a href=\"https:\/\/www.snowtrex.cz\/nemecko\/garmisch-partenkirchen\/lyzarske-stredisko.html\" target=\"_blank\" rel=\"noopener\">Garmisch-Classic<\/a> prezentuje jako klenot mezi n\u011bmeck\u00fdmi ly\u017ea\u0159sk\u00fdmi st\u0159edisky. Nab\u00eddku apr\u00e8s-ski dopl\u0148uje pivo za 4,20 eur za p\u016fl litru. Ve\u010der na sv\u00e9 hosty \u010dek\u00e1 16 chat s dobrou hudbou a osv\u011b\u017euj\u00edc\u00edmi n\u00e1poji. Garmisch-Partenkirchen slibuje pestrou sm\u011bsici ve\u010dern\u00ed z\u00e1bavy, od obl\u00edben\u00e9 Hausbergh\u00fctte a\u017e po \u00fatulnou atmosf\u00e9ru v Miri&#8217;s H\u00fctte.<\/p>\n<p>Ve \u0161v\u00fdcarsk\u00e9m <a href=\"https:\/\/www.snowtrex.cz\/svycarsko\/engelberg\/lyzarske-stredisko.html\" target=\"_blank\" rel=\"noopener\">ly\u017ea\u0159sk\u00e9m st\u0159edisku Engelberg<\/a> se ly\u017ea\u0159i a snowboardist\u00e9 mohou t\u011b\u0161it na bujar\u00e9 apr\u00e8s-ski z\u00e1\u017eitky po dni pln\u00e9m akce na sjezdovce. Cena 8,60 eur za p\u016fl litru piva je zde ve srovn\u00e1n\u00ed s jin\u00fdmi \u0161v\u00fdcarsk\u00fdmi ly\u017ea\u0159sk\u00fdmi st\u0159edisky p\u0159\u00edzniv\u00e1. 13 bar\u016f nab\u00edz\u00ed spoustu mo\u017enost\u00ed, jak p\u0159\u00edjemn\u011b zakon\u010dit den. Klasikou je zn\u00e1m\u00e1 Chalet u doln\u00ed stanice lanovky na Titlis. Chata zaujme dobr\u00fdmi DJ a \u017eivou hudbou, kter\u00e9 poskytuj\u00ed dokonalou hudebn\u00ed kulisu. Dal\u0161\u00ed obl\u00edben\u00e9 chaty jako Gletscherspalte a Yucatan poskytuj\u00ed pestr\u00fd ve\u010dern\u00ed program.<\/p>\n<h3>Sulden a Gaschurn se tak\u00e9 um\u00edstili v prvn\u00ed pades\u00e1tce nejlep\u0161\u00edch m\u00edst pro apr\u00e8s-ski<\/h3>\n<p>Rakousk\u00e1 <a href=\"https:\/\/www.snowtrex.cz\/rakousko\/gaschurn\/lyzarske-stredisko.html\" target=\"_blank\" rel=\"noopener\">Silvretta Montafon<\/a> s velk\u00fdm v\u00fdb\u011brem 22 apr\u00e8s-ski bar\u016f nab\u00edz\u00ed dokonal\u00e9 zakon\u010den\u00ed z\u00e1bavy na sn\u011bhu pro ka\u017ed\u00e9ho. Jedn\u00edm z obl\u00edben\u00fdch je bar Heuboda v <a href=\"https:\/\/www.snowtrex.cz\/rakousko\/gaschurn\/lyzovani.html\" target=\"_blank\" rel=\"noopener\">Gaschurnu<\/a>. Host\u00e9 si pochvaluj\u00ed uvoln\u011bnou atmosf\u00e9ru a vst\u0159\u00edcnost person\u00e1lu. P\u016fl litru piva si zde m\u016f\u017eete d\u00e1t za p\u0159\u00edznivou cenu 5,30 eur.<\/p>\n<div class=\"tt-post-image-wrapper tt-post-image-wrapper-full\">\n            <div class=\"tt-image-copyright-container\">\n                <a href=\"https:\/\/www.snowtrex.cz\/magazin\/files\/2023\/10\/RS26708_shutterstock_1711609060-scr.jpg\" target=\"_blank\" rel=\"noopener\"><img loading=\"lazy\" decoding=\"async\" data-wrapped=\"true\" class=\"wp-image-52234 size-Artikelbild_gro\u00df\" title=\"Milovn\u00edci zimn\u00edch sport\u016f, kte\u0159\u00ed si cht\u011bj\u00ed u\u017e\u00edt apr\u00e9s-ski v Gaschurnu v Montafonu, zde mohou dostat p\u016fl litru piva za pouh\u00fdch 5,30 eur\" src=\"https:\/\/www.snowtrex.cz\/magazin\/files\/2023\/10\/RS26708_shutterstock_1711609060-scr-729x486.jpg\" alt=\"Milovn\u00edci zimn\u00edch sport\u016f, kte\u0159\u00ed si cht\u011bj\u00ed u\u017e\u00edt apr\u00e9s-ski v Gaschurnu v Montafonu, zde mohou dostat p\u016fl litru piva za pouh\u00fdch 5,30 eur\" width=\"729\" height=\"486\" srcset=\"https:\/\/www.snowtrex.cz\/magazin\/files\/2023\/10\/RS26708_shutterstock_1711609060-scr-729x486.jpg 729w, https:\/\/www.snowtrex.cz\/magazin\/files\/2023\/10\/RS26708_shutterstock_1711609060-scr-290x193.jpg 290w, https:\/\/www.snowtrex.cz\/magazin\/files\/2023\/10\/RS26708_shutterstock_1711609060-scr-728x485.jpg 728w, https:\/\/www.snowtrex.cz\/magazin\/files\/2023\/10\/RS26708_shutterstock_1711609060-scr-768x512.jpg 768w, https:\/\/www.snowtrex.cz\/magazin\/files\/2023\/10\/RS26708_shutterstock_1711609060-scr-468x312.jpg 468w, https:\/\/www.snowtrex.cz\/magazin\/files\/2023\/10\/RS26708_shutterstock_1711609060-scr-300x200.jpg 300w, https:\/\/www.snowtrex.cz\/magazin\/files\/2023\/10\/RS26708_shutterstock_1711609060-scr-999x666.jpg 999w, https:\/\/www.snowtrex.cz\/magazin\/files\/2023\/10\/RS26708_shutterstock_1711609060-scr-645x430.jpg 645w, https:\/\/www.snowtrex.cz\/magazin\/files\/2023\/10\/RS26708_shutterstock_1711609060-scr-552x368.jpg 552w, https:\/\/www.snowtrex.cz\/magazin\/files\/2023\/10\/RS26708_shutterstock_1711609060-scr-405x270.jpg 405w, https:\/\/www.snowtrex.cz\/magazin\/files\/2023\/10\/RS26708_shutterstock_1711609060-scr-336x224.jpg 336w, https:\/\/www.snowtrex.cz\/magazin\/files\/2023\/10\/RS26708_shutterstock_1711609060-scr-276x184.jpg 276w, https:\/\/www.snowtrex.cz\/magazin\/files\/2023\/10\/RS26708_shutterstock_1711609060-scr-234x156.jpg 234w, https:\/\/www.snowtrex.cz\/magazin\/files\/2023\/10\/RS26708_shutterstock_1711609060-scr-192x128.jpg 192w, https:\/\/www.snowtrex.cz\/magazin\/files\/2023\/10\/RS26708_shutterstock_1711609060-scr-120x80.jpg 120w, https:\/\/www.snowtrex.cz\/magazin\/files\/2023\/10\/RS26708_shutterstock_1711609060-scr-774x516.jpg 774w, https:\/\/www.snowtrex.cz\/magazin\/files\/2023\/10\/RS26708_shutterstock_1711609060-scr-2x1.jpg 2w, https:\/\/www.snowtrex.cz\/magazin\/files\/2023\/10\/RS26708_shutterstock_1711609060-scr.jpg 1440w\" sizes=\"(min-width: 1009px) 729px, (min-width: 819px) 594px, (min-width: 569px) 729px, (min-width: 449px) 468px, 348px\" \/><\/a><div class=\"tt-image-copyright\" data-image-id=\"52234\">\u00a9 Mario Hagen\/Shutterstock<\/div>\n            <\/div>\n            <div class=\"tt-post-caption\">Milovn\u00edci zimn\u00edch sport\u016f, kte\u0159\u00ed si cht\u011bj\u00ed u\u017e\u00edt apr\u00e9s-ski v Gaschurnu v Montafonu, zde mohou dostat p\u016fl litru piva za pouh\u00fdch 5,30 eur.<\/div>\n         <\/div > \n<p>Tak\u00e9 <a href=\"https:\/\/www.snowtrex.cz\/italie\/sulden_am_ortler_solda\/lyzovani.html\" target=\"_blank\" rel=\"noopener\">Sulden<\/a> poskytuje sv\u00fdm party ly\u017ea\u0159\u016fm p\u016fl litru piva za 5,30 eur. Ly\u017ea\u0159\u0161t\u00ed host\u00e9 hodnot\u00ed tuto nab\u00eddku na p\u00e1rty hrd\u00fdmi 4,7 hv\u011bzdi\u010dkami z p\u011bti. Obl\u00edben\u00fdm m\u00edstem setk\u00e1v\u00e1n\u00ed v italsk\u00e9m ly\u017ea\u0159sk\u00e9m st\u0159edisku je rodinn\u00fd podnik Ski Alm, kter\u00fd nab\u00edz\u00ed v\u00fdborn\u00e9 j\u00eddlo a skv\u011blou party atmosf\u00e9ru. Dal\u0161\u00ed obl\u00edbenou restaurac\u00ed je tradi\u010dn\u00ed Caf\u00e9 Ilse, kterou host\u00e9 pova\u017euj\u00ed za jednu z nejkr\u00e1sn\u011bj\u0161\u00edch chat v Ji\u017en\u00edm Tyrolsku.<\/p>\n<p><strong><span style=\"font-size: revert;color: initial\">Zde najdete dal\u0161\u00ed informace o <\/span>apr\u00e8s-ski m\u00edstech v Alp\u00e1ch.<span style=\"font-size: revert;color: initial\"> A pro milovn\u00edky zimn\u00edch sport\u016f, kte\u0159\u00ed se u\u017e nemohou do\u010dkat, a\u017e se budou moci bavit a tan\u010dit, jsou zde doporu\u010den\u00ed SnowTrex na nejlep\u0161\u00ed <\/span>apr\u00e8s-ski hity<span style=\"font-size: revert;color: initial\">. Bavte se!<\/span><\/strong><\/p>\n<h2 id=\"nej\u010dast\u011bj\u0161\u00ed-dotazy-k-m\u00edst\u016fm-apr\u00e8s-ski\">Nej\u010dast\u011bj\u0161\u00ed dotazy k m\u00edst\u016fm apr\u00e8s-ski<\/h2>\n<h3>Kter\u00e1 st\u0159ediska nab\u00edzej\u00ed nejdivo\u010dej\u0161\u00ed apr\u00e8s-ski party?<\/h3>\n<p>Ischgl v Rakousku je na prvn\u00edm m\u00edst\u011b v \u017eeb\u0159\u00ed\u010dku divok\u00fdch apr\u00e8s-ski party. &#8222;Mad Club&#8220;, d\u0159\u00edve &#8222;Pacha&#8220;, nab\u00edz\u00ed \u017eivou atmosf\u00e9ru ve\u010d\u00edrk\u016f s DJi sv\u011btov\u00e9 \u00farovn\u011b. Podobn\u011b vzru\u0161uj\u00edc\u00ed jsou i ve\u010d\u00edrky ve Svat\u00e9m Antonu, kde se o \u017eivou atmosf\u00e9ru staraj\u00ed &#8222;MooserWirt&#8220; a &#8222;Krazy Kanguruh&#8220;. Ve Francii je Val Thorens zn\u00e1m\u00e9 svou \u017eivou apr\u00e8s-ski sc\u00e9nou s &#8222;La Folie Douce&#8220; a klubem &#8222;Malaysia&#8220;, zat\u00edmco v It\u00e1lii si zaslou\u017e\u00ed zvl\u00e1\u0161tn\u00ed zm\u00ednku \u017eiv\u00e9 apr\u00e8s-ski v Reischachu s &#8222;Tenne&#8220; a diskot\u00e9kou &#8222;K1&#8220;.<\/p>\n<h3>Kde najdete uvoln\u011bn\u011bj\u0161\u00ed apr\u00e8s-ski atmosf\u00e9ru?<\/h3>\n<p>Pro uvoln\u011bn\u011bj\u0161\u00ed atmosf\u00e9ru je ide\u00e1ln\u00ed rakousk\u00fd Zell am See-Kaprun, kde se nach\u00e1z\u00ed &#8222;SchnapsHans Bar&#8220; a &#8222;Ginhouse&#8220;, kter\u00e9 nab\u00edzej\u00ed klidn\u011bj\u0161\u00ed alternativy. Tak\u00e9 v rakousk\u00e9m Zillertalu nab\u00edz\u00ed uvoln\u011bnou atmosf\u00e9ru britsk\u00e9 hospody &#8222;Scotland Yard Pub&#8220; v Mayrhofenu. Ve \u0160v\u00fdcarsku nab\u00edz\u00ed Zermatt \u00fatuln\u00fd apr\u00e8s-ski z\u00e1\u017eitek s &#8222;Papperla Pub&#8220; a barem v hotelu &#8222;Cervo&#8220;, zat\u00edmco Arosa nab\u00edz\u00ed tak\u00e9 klidn\u011bj\u0161\u00ed alternativy s &#8222;Kuhbar&#8220; a exkluzivn\u00edm &#8222;Tschuggen Bar&#8220; v Grand Hotelu.<\/p>\n<h3>Kter\u00e1 m\u00edsta nejl\u00e9pe kombinuj\u00ed ly\u017eov\u00e1n\u00ed s apr\u00e9s-ski?<\/h3>\n<p>Rakousk\u00fd S\u00f6lden je vynikaj\u00edc\u00edm p\u0159\u00edkladem dokonal\u00e9 kombinace ly\u017eov\u00e1n\u00ed a apr\u00e8s-ski. Klub &#8222;Fire &amp; Ice&#8220; zde nab\u00edz\u00ed rozmanitou hudebn\u00ed nab\u00eddku. Ve Francii nab\u00edz\u00ed Les 2 Alpes fantastick\u00fd apr\u00e8s-ski z\u00e1\u017eitek d\u00edky &#8222;Pano Baru&#8220; a &#8222;Smithy&#8217;s Tavern&#8220;. V It\u00e1lii je Val Gardena zn\u00e1m\u00e1 svou \u017eivou apr\u00e8s-ski sc\u00e9nou, zejm\u00e9na v &#8222;Bar Saltos&#8220;.<\/p>\n<h3>Kter\u00e1 apr\u00e8s-ski st\u0159ediska jsou zn\u00e1m\u00e1 tak\u00e9 svou kulin\u00e1\u0159skou nab\u00eddkou?<\/h3>\n<p>Kitzb\u00fchel v Rakousku nab\u00edz\u00ed vynikaj\u00edc\u00ed kulin\u00e1\u0159sk\u00e9 z\u00e1\u017eitky v sofistikovan\u00e9m baru &#8222;Auf der Tenne&#8220; v hotelu &#8222;Stanglwirt&#8220; a exkluzivn\u00edm &#8222;Club Take Five&#8220;. Ve \u0161v\u00fdcarsk\u00e9m Zermattu je pro gurm\u00e1ny vrcholem &#8222;Hennu Stall&#8220; a bar v hotelu &#8222;Cervo&#8220;. Tak\u00e9 italsk\u00e1 Val Gardena je proslul\u00e1 svou kulin\u00e1\u0159skou nab\u00eddkou, zejm\u00e9na hotel &#8222;La Bula&#8220; nab\u00edz\u00ed tradi\u010dn\u00ed jihotyrolsk\u00e9 speciality.<\/p>\n<h3>Kter\u00e1 m\u00edsta jsou obzvl\u00e1\u0161t\u011b vhodn\u00e1 pro skupinovou dovolenou?<\/h3>\n<p>Saalbach-Hinterglemm v Rakousku a St. Anton am Arlberg jsou vynikaj\u00edc\u00edmi destinacemi pro skupinovou dovolenou. Saalbach-Hinterglemm nab\u00edz\u00ed rozmanit\u00e9 apr\u00e8s-ski z\u00e1\u017eitky s &#8222;Bauer&#8217;s Schi-Alm&#8220; a &#8222;Hinterhag Alm&#8220;. Ve \u0160v\u00fdcarsku je pro skupiny ide\u00e1ln\u00ed tak\u00e9 Arosa s &#8222;Kuhbarem&#8220; a &#8222;Provisorium13&#8220;. V It\u00e1lii l\u00e1k\u00e1 Reischach milovn\u00edky apr\u00e8s-ski na &#8222;Tenne&#8220; a &#8222;Giggeralm&#8220;. Ob\u011b m\u00edsta jsou zn\u00e1m\u00e1 svou bujarou atmosf\u00e9rou a \u00fachvatn\u00fdmi panoramatick\u00fdmi v\u00fdhledy.<\/p>\n","protected":false},"excerpt":{"rendered":"<p>V dne\u0161n\u00ed dob\u011b se \u017e\u00e1dn\u00fd ly\u017ea\u0159sk\u00fd v\u00fdlet v Alp\u00e1ch neobejde bez po\u0159\u00e1dn\u00e9 apr\u00e9s-ski party. Spole\u010dnost SnowTrex v\u00ed, kter\u00e1 ly\u017ea\u0159sk\u00e1 st\u0159ediska jsou obzvl\u00e1\u0161t\u011b vhodn\u00e1 pro p\u00e1rty. Zde se pod\u00edv\u00e1me na bly\u0161tiv\u00fd sv\u011bt apr\u00e8s-ski a p\u0159edstav\u00edme 15 nejlep\u0161\u00edch destinac\u00ed v Rakousku, Francii, It\u00e1lii a \u0160v\u00fdcarsku, kde se d\u00e1 nejl\u00e9pe skloubit z\u00e1bava se sjezdovkou.<\/p>\n","protected":false},"author":178,"featured_media":52329,"comment_status":"closed","ping_status":"closed","sticky":false,"template":"","format":"standard","meta":{"footnotes":""},"categories":[4],"tags":[17,18,346,19,494,370,20,21,22,464,349,24,25,26,441,379,382,27,28,432,402,29,30,443,361,31,485,347,257,473,433,434,350,32,33,224,364,369,352,34,435,35,36,437,495,438,474,353,38,355,401,39,365,366,40,41,42,383,334],"class_list":["post-11201","post","type-post","status-publish","format-standard","has-post-thumbnail","hentry","category-apres-ski","tag-alpe_dhuez","tag-arosa","tag-bavorske-alpy","tag-engelberg","tag-engelberger-tal","tag-francie","tag-garmisch-partenkirchen","tag-gaschurn","tag-gerlos","tag-gerlos-konigsleiten","tag-graubunden","tag-hinterglemm","tag-hintertux","tag-ischgl","tag-isere","tag-italie","tag-jizni-tyrolsko","tag-kaprun","tag-kitzbuhel","tag-kitzbuhelske_alpy","tag-kronplatz_plan_de_corones","tag-lenzerheide","tag-les_2_alpes","tag-les_3_vallees_tri_udoli","tag-matterhorn","tag-mayrhofen","tag-montafon","tag-nemecko","tag-oisans","tag-ortles","tag-otztal","tag-paznauntal","tag-rakousko","tag-reischach","tag-saalbach","tag-saalbach-hinterglemm","tag-salcbursko","tag-savojsko","tag-schanfigger-tal","tag-schladming","tag-schladming-dachstein","tag-solden","tag-st-_anton","tag-st-_anton_am_arlberg","tag-stredni-svycarsko","tag-styrsko","tag-sulden_am_ortler_solda","tag-svycarsko","tag-tux","tag-tyrolsko","tag-val_gardena","tag-val_thorens","tag-vorarlbersko","tag-wallis","tag-zell_am_see","tag-zell_am_see-kaprun","tag-zermatt","tag-zillertal","tag-zugspitze"],"yoast_head":"<!-- This site is optimized with the Yoast SEO Premium plugin v27.3 (Yoast SEO v27.3) - https:\/\/yoast.com\/product\/yoast-seo-premium-wordpress\/ -->\n<title>Nejlep\u0161\u00ed m\u00edsta pro apr\u00e8s-ski - 15 nejlep\u0161\u00edch destinac\u00ed v Alp\u00e1ch<\/title>\n<meta name=\"description\" content=\"Zjist\u011bte, kde se konaj\u00ed nejlep\u0161\u00ed apr\u00e8s-ski party. SnowTrex sestavil 15 nejlep\u0161\u00edch m\u00edst pro apr\u00e8s-ski v Alp\u00e1ch.\" \/>\n<meta name=\"robots\" content=\"index, follow, max-snippet:-1, max-image-preview:large, max-video-preview:-1\" \/>\n<link rel=\"canonical\" href=\"https:\/\/www.snowtrex.cz\/magazin\/apres-ski\/lyzarska-strediska\/\" \/>\n<meta property=\"og:locale\" content=\"cs_CZ\" \/>\n<meta property=\"og:type\" content=\"article\" \/>\n<meta property=\"og:title\" content=\"Nejlep\u0161\u00ed m\u00edsta pro apr\u00e8s-ski v Alp\u00e1ch\" \/>\n<meta property=\"og:description\" content=\"V dne\u0161n\u00ed dob\u011b se \u017e\u00e1dn\u00fd ly\u017ea\u0159sk\u00fd v\u00fdlet v Alp\u00e1ch neobejde bez po\u0159\u00e1dn\u00e9 apr\u00e9s-ski party. Spole\u010dnost SnowTrex v\u00ed, kter\u00e1 ly\u017ea\u0159sk\u00e1 st\u0159ediska jsou obzvl\u00e1\u0161t\u011b vhodn\u00e1 pro p\u00e1rty. Zde se pod\u00edv\u00e1me na bly\u0161tiv\u00fd sv\u011bt apr\u00e8s-ski a p\u0159edstav\u00edme 15 nejlep\u0161\u00edch destinac\u00ed v Rakousku, Francii, It\u00e1lii a \u0160v\u00fdcarsku, kde se d\u00e1 nejl\u00e9pe skloubit z\u00e1bava se sjezdovkou.\" \/>\n<meta property=\"og:url\" content=\"https:\/\/www.snowtrex.cz\/magazin\/apres-ski\/lyzarska-strediska\/\" \/>\n<meta property=\"og:site_name\" content=\"SnowTrex Ski-Magaz\u00edn\" \/>\n<meta property=\"article:publisher\" content=\"https:\/\/www.facebook.com\/snowtrex\" \/>\n<meta property=\"article:author\" content=\"https:\/\/www.facebook.com\/snowtrex\/\" \/>\n<meta property=\"article:published_time\" content=\"2025-07-14T23:00:00+00:00\" \/>\n<meta property=\"article:modified_time\" content=\"2026-04-13T10:05:18+00:00\" \/>\n<meta name=\"author\" content=\"SnowTrex\" \/>\n<meta name=\"twitter:card\" content=\"summary_large_image\" \/>\n<meta name=\"twitter:image\" content=\"https:\/\/www.snowtrex.cz\/magazin\/files\/2023\/12\/RS15082_SNOW2234-hsc.jpg\" \/>\n<meta name=\"twitter:label1\" content=\"Napsal(a)\" \/>\n\t<meta name=\"twitter:data1\" content=\"SnowTrex\" \/>\n\t<meta name=\"twitter:label2\" content=\"Odhadovan\u00e1 doba \u010dten\u00ed\" \/>\n\t<meta name=\"twitter:data2\" content=\"15 minut\" \/>\n<script type=\"application\/ld+json\" class=\"yoast-schema-graph\">{\"@context\":\"https:\\\/\\\/schema.org\",\"@graph\":[{\"@type\":\"Article\",\"@id\":\"http:\\\/\\\/wp-magazin.snowtrex.cz\\\/apres-ski\\\/lyzarska-strediska\\\/#article\",\"isPartOf\":{\"@id\":\"http:\\\/\\\/wp-magazin.snowtrex.cz\\\/apres-ski\\\/lyzarska-strediska\\\/\"},\"author\":{\"name\":\"SnowTrex\",\"@id\":\"http:\\\/\\\/wp-magazin.snowtrex.cz\\\/#\\\/schema\\\/person\\\/ad1887a4d155ef6b5b8b4fc8990d92dd\"},\"headline\":\"Nejlep\u0161\u00ed m\u00edsta pro apr\u00e8s-ski v Alp\u00e1ch\",\"datePublished\":\"2025-07-14T23:00:00+00:00\",\"dateModified\":\"2026-04-13T10:05:18+00:00\",\"mainEntityOfPage\":{\"@id\":\"http:\\\/\\\/wp-magazin.snowtrex.cz\\\/apres-ski\\\/lyzarska-strediska\\\/\"},\"wordCount\":3336,\"publisher\":{\"@id\":\"http:\\\/\\\/wp-magazin.snowtrex.cz\\\/#organization\"},\"image\":{\"@id\":\"http:\\\/\\\/wp-magazin.snowtrex.cz\\\/apres-ski\\\/lyzarska-strediska\\\/#primaryimage\"},\"thumbnailUrl\":\"http:\\\/\\\/wp-magazin.snowtrex.cz\\\/files\\\/2023\\\/12\\\/RS15082_SNOW2234-hsc.jpg\",\"keywords\":[\"Alpe d'Huez\",\"Arosa\",\"Bavorsk\u00e9 Alpy\",\"Engelberg\",\"Engelberger Tal\",\"Francie\",\"Garmisch-Partenkirchen\",\"Gaschurn\",\"Gerlos\",\"Gerlos-K\u00f6nigsleiten\",\"Graub\u00fcnden\",\"Hinterglemm\",\"Hintertux\",\"Ischgl\",\"Is\u00e8re\",\"It\u00e1lie\",\"Ji\u017en\u00ed Tyrolsko\",\"Kaprun\",\"Kitzb\u00fchel\",\"Kitzb\u00fchelsk\u00e9 Alpy\",\"Kronplatz \\\/ Plan de Corones\",\"Lenzerheide\",\"Les 2 Alpes\",\"Les 3 Vall\u00e9es (T\u0159i \u00fadol\u00ed)\",\"Matterhorn\",\"Mayrhofen\",\"Montafon\",\"N\u011bmecko\",\"Oisans\",\"Ortles\",\"\u00d6tztal\",\"Paznauntal\",\"Rakousko\",\"Reischach\",\"Saalbach\",\"Saalbach-Hinterglemm\",\"Salcbursko\",\"Savojsko\",\"Schanfigger Tal\",\"Schladming\",\"Schladming Dachstein\",\"S\u00f6lden\",\"St. Anton\",\"St. Anton am Arlberg\",\"St\u0159edn\u00ed \u0160v\u00fdcarsko\",\"\u0160t\u00fdrsko\",\"Sulden am Ortler (Solda)\",\"\u0160v\u00fdcarsko\",\"Tux\",\"Tyrolsko\",\"Val Gardena\",\"Val Thorens\",\"Vorarlbersko\",\"Wallis\",\"Zell am See\",\"Zell am See-Kaprun\",\"Zermatt\",\"Zillertal\",\"Zugspitze\"],\"articleSection\":[\"Apr\u00e8s-ski\"],\"inLanguage\":\"cs\"},{\"@type\":\"WebPage\",\"@id\":\"http:\\\/\\\/wp-magazin.snowtrex.cz\\\/apres-ski\\\/lyzarska-strediska\\\/\",\"url\":\"http:\\\/\\\/wp-magazin.snowtrex.cz\\\/apres-ski\\\/lyzarska-strediska\\\/\",\"name\":\"Nejlep\u0161\u00ed m\u00edsta pro apr\u00e8s-ski - 15 nejlep\u0161\u00edch destinac\u00ed v Alp\u00e1ch\",\"primaryImageOfPage\":{\"@id\":\"http:\\\/\\\/wp-magazin.snowtrex.cz\\\/apres-ski\\\/lyzarska-strediska\\\/#primaryimage\"},\"image\":{\"@id\":\"http:\\\/\\\/wp-magazin.snowtrex.cz\\\/apres-ski\\\/lyzarska-strediska\\\/#primaryimage\"},\"thumbnailUrl\":\"http:\\\/\\\/wp-magazin.snowtrex.cz\\\/files\\\/2023\\\/12\\\/RS15082_SNOW2234-hsc.jpg\",\"datePublished\":\"2025-07-14T23:00:00+00:00\",\"dateModified\":\"2026-04-13T10:05:18+00:00\",\"description\":\"Zjist\u011bte, kde se konaj\u00ed nejlep\u0161\u00ed apr\u00e8s-ski party. SnowTrex sestavil 15 nejlep\u0161\u00edch m\u00edst pro apr\u00e8s-ski v Alp\u00e1ch.\",\"inLanguage\":\"cs\"},{\"@type\":\"ImageObject\",\"inLanguage\":\"cs\",\"@id\":\"http:\\\/\\\/wp-magazin.snowtrex.cz\\\/apres-ski\\\/lyzarska-strediska\\\/#primaryimage\",\"url\":\"http:\\\/\\\/wp-magazin.snowtrex.cz\\\/files\\\/2023\\\/12\\\/RS15082_SNOW2234-hsc.jpg\",\"contentUrl\":\"http:\\\/\\\/wp-magazin.snowtrex.cz\\\/files\\\/2023\\\/12\\\/RS15082_SNOW2234-hsc.jpg\",\"width\":1920,\"height\":1281,\"caption\":\"Quelle: TravelTrex; Frei (Web, Print, SocialMedia, RED) \u00a9 Copyright nicht erforderlich, aber erw\u00fcnscht Weitergabe an Dritte m\u00f6glich!\"},{\"@type\":\"WebSite\",\"@id\":\"http:\\\/\\\/wp-magazin.snowtrex.cz\\\/#website\",\"url\":\"http:\\\/\\\/wp-magazin.snowtrex.cz\\\/\",\"name\":\"SnowTrex Ski-Magaz\u00edn\",\"description\":\"V\u0161e o ly\u017eov\u00e1n\u00ed, snowboardingu a zimn\u00ed dovolen\u00e9!\",\"publisher\":{\"@id\":\"http:\\\/\\\/wp-magazin.snowtrex.cz\\\/#organization\"},\"inLanguage\":\"cs\"},{\"@type\":\"Organization\",\"@id\":\"http:\\\/\\\/wp-magazin.snowtrex.cz\\\/#organization\",\"name\":\"TravelTrex GmbH\",\"url\":\"http:\\\/\\\/wp-magazin.snowtrex.cz\\\/\",\"logo\":{\"@type\":\"ImageObject\",\"inLanguage\":\"cs\",\"@id\":\"http:\\\/\\\/wp-magazin.snowtrex.cz\\\/#\\\/schema\\\/logo\\\/image\\\/\",\"url\":\"http:\\\/\\\/wp-magazin.snowtrex.cz\\\/files\\\/2025\\\/09\\\/TravelTrex-Logo_RGB_transp.png\",\"contentUrl\":\"http:\\\/\\\/wp-magazin.snowtrex.cz\\\/files\\\/2025\\\/09\\\/TravelTrex-Logo_RGB_transp.png\",\"width\":1080,\"height\":282,\"caption\":\"TravelTrex GmbH\"},\"image\":{\"@id\":\"http:\\\/\\\/wp-magazin.snowtrex.cz\\\/#\\\/schema\\\/logo\\\/image\\\/\"},\"sameAs\":[\"https:\\\/\\\/www.facebook.com\\\/snowtrex\",\"https:\\\/\\\/www.instagram.com\\\/snowtrex_ski\"],\"description\":\"Od roku 1999 je SnowTrex p\u0159edn\u00edm n\u011bmeck\u00fdm cestovn\u00edm kancel\u00e1\u0159\u00edm pro ly\u017ea\u0159sk\u00e9 dovolen\u00e9. Spole\u010dnost nab\u00edz\u00ed sv\u00e9 slu\u017eby ve 13 jazyc\u00edch a ka\u017edoro\u010dn\u011b doprav\u00ed v\u00edce ne\u017e 100 000 host\u016f do obl\u00edben\u00fdch destinac\u00ed, jako je Rakousko, Francie, It\u00e1lie, \u0160v\u00fdcarsko a N\u011bmecko.\",\"email\":\"info-cz@snowtrex.com\",\"telephone\":\"234 495 495\",\"legalName\":\"TravelTrex GmbH\",\"foundingDate\":\"1999-07-01\",\"vatID\":\"DE 813 076 768\",\"numberOfEmployees\":{\"@type\":\"QuantitativeValue\",\"minValue\":\"51\",\"maxValue\":\"200\"}},{\"@type\":\"Person\",\"@id\":\"http:\\\/\\\/wp-magazin.snowtrex.cz\\\/#\\\/schema\\\/person\\\/ad1887a4d155ef6b5b8b4fc8990d92dd\",\"name\":\"SnowTrex\",\"description\":\"Redakce \u010dasopisu SnowTrex sdru\u017euje zku\u0161en\u00e9 zimn\u00ed sportovce a cestovn\u00ed experty, kte\u0159\u00ed svou v\u00e1\u0161e\u0148 prom\u00edtaj\u00ed do fundovan\u00fdch \u010dl\u00e1nk\u016f o ly\u017ea\u0159sk\u00fdch st\u0159edisc\u00edch, vybaven\u00ed a cestovn\u00edch tipech. Od roku 1999 je SnowTrex p\u0159edn\u00edm n\u011bmeck\u00fdm cestovn\u00edm kancel\u00e1\u0159em pro ly\u017ea\u0159sk\u00e9 dovolen\u00e9. Spole\u010dnost nab\u00edz\u00ed sv\u00e9 slu\u017eby ve 13 jazyc\u00edch a ka\u017edoro\u010dn\u011b doprav\u00ed p\u0159es 100 000 host\u016f do obl\u00edben\u00fdch destinac\u00ed, jako je Rakousko, Francie, It\u00e1lie, \u0160v\u00fdcarsko a N\u011bmecko.\",\"sameAs\":[\"https:\\\/\\\/www.snowtrex.cz\\\/\",\"https:\\\/\\\/www.facebook.com\\\/snowtrex\\\/\",\"https:\\\/\\\/www.instagram.com\\\/snowtrex_ski\\\/\",\"https:\\\/\\\/www.youtube.com\\\/c\\\/SnowTrex\"]}]}<\/script>\n<!-- \/ Yoast SEO Premium plugin. -->","yoast_head_json":{"title":"Nejlep\u0161\u00ed m\u00edsta pro apr\u00e8s-ski - 15 nejlep\u0161\u00edch destinac\u00ed v Alp\u00e1ch","description":"Zjist\u011bte, kde se konaj\u00ed nejlep\u0161\u00ed apr\u00e8s-ski party. SnowTrex sestavil 15 nejlep\u0161\u00edch m\u00edst pro apr\u00e8s-ski v Alp\u00e1ch.","robots":{"index":"index","follow":"follow","max-snippet":"max-snippet:-1","max-image-preview":"max-image-preview:large","max-video-preview":"max-video-preview:-1"},"canonical":"https:\/\/www.snowtrex.cz\/magazin\/apres-ski\/lyzarska-strediska\/","og_locale":"cs_CZ","og_type":"article","og_title":"Nejlep\u0161\u00ed m\u00edsta pro apr\u00e8s-ski v Alp\u00e1ch","og_description":"V dne\u0161n\u00ed dob\u011b se \u017e\u00e1dn\u00fd ly\u017ea\u0159sk\u00fd v\u00fdlet v Alp\u00e1ch neobejde bez po\u0159\u00e1dn\u00e9 apr\u00e9s-ski party. Spole\u010dnost SnowTrex v\u00ed, kter\u00e1 ly\u017ea\u0159sk\u00e1 st\u0159ediska jsou obzvl\u00e1\u0161t\u011b vhodn\u00e1 pro p\u00e1rty. Zde se pod\u00edv\u00e1me na bly\u0161tiv\u00fd sv\u011bt apr\u00e8s-ski a p\u0159edstav\u00edme 15 nejlep\u0161\u00edch destinac\u00ed v Rakousku, Francii, It\u00e1lii a \u0160v\u00fdcarsku, kde se d\u00e1 nejl\u00e9pe skloubit z\u00e1bava se sjezdovkou.","og_url":"https:\/\/www.snowtrex.cz\/magazin\/apres-ski\/lyzarska-strediska\/","og_site_name":"SnowTrex Ski-Magaz\u00edn","article_publisher":"https:\/\/www.facebook.com\/snowtrex","article_author":"https:\/\/www.facebook.com\/snowtrex\/","article_published_time":"2025-07-14T23:00:00+00:00","article_modified_time":"2026-04-13T10:05:18+00:00","author":"SnowTrex","twitter_card":"summary_large_image","twitter_image":"https:\/\/www.snowtrex.cz\/magazin\/files\/2023\/12\/RS15082_SNOW2234-hsc.jpg","twitter_misc":{"Napsal(a)":"SnowTrex","Odhadovan\u00e1 doba \u010dten\u00ed":"15 minut"},"schema":{"@context":"https:\/\/schema.org","@graph":[{"@type":"Article","@id":"https:\/\/www.snowtrex.cz\/magazin\/apres-ski\/lyzarska-strediska\/#article","isPartOf":{"@id":"https:\/\/www.snowtrex.cz\/magazin\/apres-ski\/lyzarska-strediska\/"},"author":{"name":"SnowTrex","@id":"https:\/\/www.snowtrex.cz\/magazin\/#\/schema\/person\/ad1887a4d155ef6b5b8b4fc8990d92dd"},"headline":"Nejlep\u0161\u00ed m\u00edsta pro apr\u00e8s-ski v Alp\u00e1ch","datePublished":"2025-07-14T23:00:00+00:00","dateModified":"2026-04-13T10:05:18+00:00","mainEntityOfPage":{"@id":"https:\/\/www.snowtrex.cz\/magazin\/apres-ski\/lyzarska-strediska\/"},"wordCount":3336,"publisher":{"@id":"https:\/\/www.snowtrex.cz\/magazin\/#organization"},"image":{"@id":"https:\/\/www.snowtrex.cz\/magazin\/apres-ski\/lyzarska-strediska\/#primaryimage"},"thumbnailUrl":"https:\/\/www.snowtrex.cz\/magazin\/files\/2023\/12\/RS15082_SNOW2234-hsc.jpg","keywords":["Alpe d'Huez","Arosa","Bavorsk\u00e9 Alpy","Engelberg","Engelberger Tal","Francie","Garmisch-Partenkirchen","Gaschurn","Gerlos","Gerlos-K\u00f6nigsleiten","Graub\u00fcnden","Hinterglemm","Hintertux","Ischgl","Is\u00e8re","It\u00e1lie","Ji\u017en\u00ed Tyrolsko","Kaprun","Kitzb\u00fchel","Kitzb\u00fchelsk\u00e9 Alpy","Kronplatz \/ Plan de Corones","Lenzerheide","Les 2 Alpes","Les 3 Vall\u00e9es (T\u0159i \u00fadol\u00ed)","Matterhorn","Mayrhofen","Montafon","N\u011bmecko","Oisans","Ortles","\u00d6tztal","Paznauntal","Rakousko","Reischach","Saalbach","Saalbach-Hinterglemm","Salcbursko","Savojsko","Schanfigger Tal","Schladming","Schladming Dachstein","S\u00f6lden","St. Anton","St. Anton am Arlberg","St\u0159edn\u00ed \u0160v\u00fdcarsko","\u0160t\u00fdrsko","Sulden am Ortler (Solda)","\u0160v\u00fdcarsko","Tux","Tyrolsko","Val Gardena","Val Thorens","Vorarlbersko","Wallis","Zell am See","Zell am See-Kaprun","Zermatt","Zillertal","Zugspitze"],"articleSection":["Apr\u00e8s-ski"],"inLanguage":"cs"},{"@type":"WebPage","@id":"https:\/\/www.snowtrex.cz\/magazin\/apres-ski\/lyzarska-strediska\/","url":"https:\/\/www.snowtrex.cz\/magazin\/apres-ski\/lyzarska-strediska\/","name":"Nejlep\u0161\u00ed m\u00edsta pro apr\u00e8s-ski - 15 nejlep\u0161\u00edch destinac\u00ed v Alp\u00e1ch","primaryImageOfPage":{"@id":"https:\/\/www.snowtrex.cz\/magazin\/apres-ski\/lyzarska-strediska\/#primaryimage"},"image":{"@id":"https:\/\/www.snowtrex.cz\/magazin\/apres-ski\/lyzarska-strediska\/#primaryimage"},"thumbnailUrl":"https:\/\/www.snowtrex.cz\/magazin\/files\/2023\/12\/RS15082_SNOW2234-hsc.jpg","datePublished":"2025-07-14T23:00:00+00:00","dateModified":"2026-04-13T10:05:18+00:00","description":"Zjist\u011bte, kde se konaj\u00ed nejlep\u0161\u00ed apr\u00e8s-ski party. SnowTrex sestavil 15 nejlep\u0161\u00edch m\u00edst pro apr\u00e8s-ski v Alp\u00e1ch.","inLanguage":"cs"},{"@type":"ImageObject","inLanguage":"cs","@id":"https:\/\/www.snowtrex.cz\/magazin\/apres-ski\/lyzarska-strediska\/#primaryimage","url":"https:\/\/www.snowtrex.cz\/magazin\/files\/2023\/12\/RS15082_SNOW2234-hsc.jpg","contentUrl":"https:\/\/www.snowtrex.cz\/magazin\/files\/2023\/12\/RS15082_SNOW2234-hsc.jpg","width":1920,"height":1281,"caption":"Quelle: TravelTrex; Frei (Web, Print, SocialMedia, RED) \u00a9 Copyright nicht erforderlich, aber erw\u00fcnscht Weitergabe an Dritte m\u00f6glich!"},{"@type":"WebSite","@id":"https:\/\/www.snowtrex.cz\/magazin\/#website","url":"https:\/\/www.snowtrex.cz\/magazin\/","name":"SnowTrex Ski-Magaz\u00edn","description":"V\u0161e o ly\u017eov\u00e1n\u00ed, snowboardingu a zimn\u00ed dovolen\u00e9!","publisher":{"@id":"https:\/\/www.snowtrex.cz\/magazin\/#organization"},"inLanguage":"cs"},{"@type":"Organization","@id":"https:\/\/www.snowtrex.cz\/magazin\/#organization","name":"TravelTrex GmbH","url":"https:\/\/www.snowtrex.cz\/magazin\/","logo":{"@type":"ImageObject","inLanguage":"cs","@id":"https:\/\/www.snowtrex.cz\/magazin\/#\/schema\/logo\/image\/","url":"https:\/\/www.snowtrex.cz\/magazin\/files\/2025\/09\/TravelTrex-Logo_RGB_transp.png","contentUrl":"https:\/\/www.snowtrex.cz\/magazin\/files\/2025\/09\/TravelTrex-Logo_RGB_transp.png","width":1080,"height":282,"caption":"TravelTrex GmbH"},"image":{"@id":"https:\/\/www.snowtrex.cz\/magazin\/#\/schema\/logo\/image\/"},"sameAs":["https:\/\/www.facebook.com\/snowtrex","https:\/\/www.instagram.com\/snowtrex_ski"],"description":"Od roku 1999 je SnowTrex p\u0159edn\u00edm n\u011bmeck\u00fdm cestovn\u00edm kancel\u00e1\u0159\u00edm pro ly\u017ea\u0159sk\u00e9 dovolen\u00e9. Spole\u010dnost nab\u00edz\u00ed sv\u00e9 slu\u017eby ve 13 jazyc\u00edch a ka\u017edoro\u010dn\u011b doprav\u00ed v\u00edce ne\u017e 100 000 host\u016f do obl\u00edben\u00fdch destinac\u00ed, jako je Rakousko, Francie, It\u00e1lie, \u0160v\u00fdcarsko a N\u011bmecko.","email":"info-cz@snowtrex.com","telephone":"234 495 495","legalName":"TravelTrex GmbH","foundingDate":"1999-07-01","vatID":"DE 813 076 768","numberOfEmployees":{"@type":"QuantitativeValue","minValue":"51","maxValue":"200"}},{"@type":"Person","@id":"https:\/\/www.snowtrex.cz\/magazin\/#\/schema\/person\/ad1887a4d155ef6b5b8b4fc8990d92dd","name":"SnowTrex","description":"Redakce \u010dasopisu SnowTrex sdru\u017euje zku\u0161en\u00e9 zimn\u00ed sportovce a cestovn\u00ed experty, kte\u0159\u00ed svou v\u00e1\u0161e\u0148 prom\u00edtaj\u00ed do fundovan\u00fdch \u010dl\u00e1nk\u016f o ly\u017ea\u0159sk\u00fdch st\u0159edisc\u00edch, vybaven\u00ed a cestovn\u00edch tipech. Od roku 1999 je SnowTrex p\u0159edn\u00edm n\u011bmeck\u00fdm cestovn\u00edm kancel\u00e1\u0159em pro ly\u017ea\u0159sk\u00e9 dovolen\u00e9. Spole\u010dnost nab\u00edz\u00ed sv\u00e9 slu\u017eby ve 13 jazyc\u00edch a ka\u017edoro\u010dn\u011b doprav\u00ed p\u0159es 100 000 host\u016f do obl\u00edben\u00fdch destinac\u00ed, jako je Rakousko, Francie, It\u00e1lie, \u0160v\u00fdcarsko a N\u011bmecko.","sameAs":["https:\/\/www.snowtrex.cz\/","https:\/\/www.facebook.com\/snowtrex\/","https:\/\/www.instagram.com\/snowtrex_ski\/","https:\/\/www.youtube.com\/c\/SnowTrex"]}]}},"wp-worthy-pixel":{"ignored":false,"public":null,"server":null,"url":null},"wp-worthy-type":"normal","_links":{"self":[{"href":"https:\/\/www.snowtrex.cz\/magazin\/wp-json\/wp\/v2\/posts\/11201","targetHints":{"allow":["GET"]}}],"collection":[{"href":"https:\/\/www.snowtrex.cz\/magazin\/wp-json\/wp\/v2\/posts"}],"about":[{"href":"https:\/\/www.snowtrex.cz\/magazin\/wp-json\/wp\/v2\/types\/post"}],"author":[{"embeddable":true,"href":"https:\/\/www.snowtrex.cz\/magazin\/wp-json\/wp\/v2\/users\/178"}],"replies":[{"embeddable":true,"href":"https:\/\/www.snowtrex.cz\/magazin\/wp-json\/wp\/v2\/comments?post=11201"}],"version-history":[{"count":9,"href":"https:\/\/www.snowtrex.cz\/magazin\/wp-json\/wp\/v2\/posts\/11201\/revisions"}],"predecessor-version":[{"id":63543,"href":"https:\/\/www.snowtrex.cz\/magazin\/wp-json\/wp\/v2\/posts\/11201\/revisions\/63543"}],"wp:featuredmedia":[{"embeddable":true,"href":"https:\/\/www.snowtrex.cz\/magazin\/wp-json\/wp\/v2\/media\/52329"}],"wp:attachment":[{"href":"https:\/\/www.snowtrex.cz\/magazin\/wp-json\/wp\/v2\/media?parent=11201"}],"wp:term":[{"taxonomy":"category","embeddable":true,"href":"https:\/\/www.snowtrex.cz\/magazin\/wp-json\/wp\/v2\/categories?post=11201"},{"taxonomy":"post_tag","embeddable":true,"href":"https:\/\/www.snowtrex.cz\/magazin\/wp-json\/wp\/v2\/tags?post=11201"}],"curies":[{"name":"wp","href":"https:\/\/api.w.org\/{rel}","templated":true}]}}